{"id":48926,"date":"2017-07-03T13:03:17","date_gmt":"2017-07-03T19:03:17","guid":{"rendered":"http:\/\/www.eloriente.net\/home\/?p=48926"},"modified":"2017-07-03T13:03:17","modified_gmt":"2017-07-03T19:03:17","slug":"videocolumna-escuchar-al-parte-2-ursula-woolrich","status":"publish","type":"post","link":"http:\/\/www.eloriente.net\/home\/2017\/07\/03\/videocolumna-escuchar-al-parte-2-ursula-woolrich\/","title":{"rendered":"VIDEOCOLUMNA: \u201cEscuchar al otro\u201d (Parte 2). Por \u00darsula Woolrich"},"content":{"rendered":"<p><script src=\"\/\/pagead2.googlesyndication.com\/pagead\/js\/adsbygoogle.js\" async=\"\"><\/script><!-- BANNER ELORIENTE INCRUSTADO NOTAS --> <ins class=\"adsbygoogle\" style=\"display: inline-block; width: 300px; height: 250px;\" data-ad-client=\"ca-pub-1136171134853753\" data-ad-slot=\"7974633627\"><\/ins><script>\/\/ <![CDATA[\n(adsbygoogle = window.adsbygoogle || []).push({});\n\/\/ ]]><\/script><\/p>\n<p>&nbsp;<\/p>\n<p>eloriente.net<\/p>\n<p>3 de julio de 2017<\/p>\n<p>Esta semana\u00a0<a class=\"profileLink\" href=\"https:\/\/www.facebook.com\/psicologaursula.woolrich?fref=mentions\" data-hovercard=\"\/ajax\/hovercard\/user.php?id=100011737595477&amp;extragetparams=%7B%22fref%22%3A%22mentions%22%7D\" data-hovercard-prefer-more-content-show=\"1\">Ursula Woolrich<\/a>\u00a0nos presenta la segunda parte del cap\u00edtulo \u00abEscuchar al otro\u00bb del libro \u00abEl amor inteligente en la vida de pareja\u00bb de Battista Borsato.<\/p>\n<p>En esta ocasi\u00f3n nos habla de la importancia de aprender a diferenciar entre escuchar y o\u00edr, sobre todo cuando se trata de personas allegadas a nosotros.<\/p>\n<p><iframe loading=\"lazy\" style=\"border: none; overflow: hidden;\" src=\"https:\/\/www.facebook.com\/plugins\/video.php?href=https%3A%2F%2Fwww.facebook.com%2F443535572345554%2Fvideos%2F1605315669500866%2F&amp;show_text=0&amp;width=560\" width=\"560\" height=\"315\" frameborder=\"0\" scrolling=\"no\" allowfullscreen=\"allowfullscreen\"><\/iframe><\/p>\n<p><script src=\"\/\/pagead2.googlesyndication.com\/pagead\/js\/adsbygoogle.js\" async=\"\"><\/script><!-- BANNER PEQUE\u00d1O PARA ENTRENOTAS EL ORIENTE --> <ins class=\"adsbygoogle\" style=\"display: inline-block; width: 468px; height: 60px;\" data-ad-client=\"ca-pub-1136171134853753\" data-ad-slot=\"4953536424\"><\/ins><script>\/\/ <![CDATA[\n(adsbygoogle = window.adsbygoogle || []).push({});\n\/\/ ]]><\/script><\/p>\n<p>\u00darsula Woolrich es Psic\u00f3loga con estudios de maestr\u00eda en educaci\u00f3n superior. Diplomada en programaci\u00f3n neuroling\u00fc\u00edstica, docente y conferencista.<\/p>\n<p><a href=\"http:\/\/www.eloriente.net\/home\/wp-content\/uploads\/2017\/07\/U\u0301RSULA-WOOLRICH-30-DE-JUNIO-2017.jpg\" rel=\"attachment wp-att-48927\"><img loading=\"lazy\" decoding=\"async\" class=\"alignnone wp-image-48927\" src=\"http:\/\/www.eloriente.net\/home\/wp-content\/uploads\/2017\/07\/U\u0301RSULA-WOOLRICH-30-DE-JUNIO-2017-1024x576.jpg\" alt=\"U\u0301RSULA WOOLRICH 30 DE JUNIO 2017\" width=\"601\" height=\"338\" srcset=\"http:\/\/www.eloriente.net\/home\/wp-content\/uploads\/2017\/07\/U\u0301RSULA-WOOLRICH-30-DE-JUNIO-2017-1024x576.jpg 1024w, http:\/\/www.eloriente.net\/home\/wp-content\/uploads\/2017\/07\/U\u0301RSULA-WOOLRICH-30-DE-JUNIO-2017-300x169.jpg 300w, http:\/\/www.eloriente.net\/home\/wp-content\/uploads\/2017\/07\/U\u0301RSULA-WOOLRICH-30-DE-JUNIO-2017-768x432.jpg 768w, http:\/\/www.eloriente.net\/home\/wp-content\/uploads\/2017\/07\/U\u0301RSULA-WOOLRICH-30-DE-JUNIO-2017.jpg 1920w\" sizes=\"(max-width: 601px) 100vw, 601px\" \/><\/a><\/p>\n<p><strong>OTRAS VIDECOLUMNAS<\/strong><\/p>\n<div id=\"post-48903\" class=\"entry loop-default border_bottom_30 post-48903 post type-post status-publish format-standard has-post-thumbnail hentry category-comunicacion category-derechos-humanos category-entradas category-mexico-y-el-mundo category-politica-y-gobierno category-principal category-rodolfo-moreno category-videoblogs tag-el-oriente tag-espia tag-gobierno tag-pegasus tag-rodolfo-moreno tag-videocolumna\">\n<h2 class=\"entry_title\"><a title=\"Enlace Permanente a VIDEOCOLUMNA: \u00a1stalker!; \u201cyo tambi\u00e9n me siento espiado!\u201d. Por Rodolfo Moreno\" href=\"http:\/\/www.eloriente.net\/home\/2017\/06\/30\/videocolumna-stalker-tambien-me-siento-espiado-rodolfo-moreno\/\" rel=\"bookmark\">VIDEOCOLUMNA: \u00a1stalker!; \u201cyo tambi\u00e9n me siento espiado!\u201d. Por Rodolfo Moreno<\/a><\/h2>\n<p><a href=\"http:\/\/www.eloriente.net\/home\/2017\/06\/30\/videocolumna-stalker-tambien-me-siento-espiado-rodolfo-moreno\/\" rel=\"bookmark\"><img decoding=\"async\" class=\"alignleft\" title=\"VIDEOCOLUMNA: \u00a1stalker!; \u201cyo tambi\u00e9n me siento espiado!\u201d. Por Rodolfo Moreno\" src=\"http:\/\/www.eloriente.net\/home\/wp-content\/themes\/city-desk\/timthumb.php?src=http%3A%2F%2Fwww.eloriente.net%2Fhome%2Fwp-content%2Fuploads%2F2017%2F06%2FRODOLFO-MORENO-29-DE-JUNIO-2017-1-e1498864567910.jpg&amp;q=90&amp;w=160&amp;h=106&amp;zc=1\" alt=\"VIDEOCOLUMNA: \u00a1stalker!; \u201cyo tambi\u00e9n me siento espiado!\u201d. Por Rodolfo Moreno\" \/><\/a>\u00a0 eloriente.net 30 de junio de 2017 \u201cEn los \u00faltimos d\u00edas, la sociedad mexicana le ha sacado el cintur\u00f3n una vez m\u00e1s al gobierno federal mexicano y le ha reclamado que haya incurrido en un hecho ilegal y democr\u00e1ticamente reprochable: el espionaje de activistas de derechos humanos y periodistas. El presidente mexicano, Enrique Pe\u00f1a Nieto, [\u2026]<\/p>\n<div class=\"toolbar-social\">\n<div class=\"social-widget\">\n<div id=\"sharing-widget\"><\/div>\n<\/div>\n<\/div>\n<p class=\"postmeta\"><span class=\"meta_date\">junio 30, 2017<\/span><\/p>\n<\/div>\n<div id=\"post-48859\" class=\"entry loop-default border_bottom_30 post-48859 post type-post status-publish format-standard has-post-thumbnail hentry category-comunicacion category-congreso-y-justicia category-entradas category-estados category-karina-baron category-oaxaca-estados category-politica-y-gobierno category-videoblogs tag-antonio-dovali tag-apoyo tag-camara-de-diputados tag-comision-de-agricultura-y-sistemas-de-riego tag-congreso tag-desarrollo-social tag-desastre tag-emergencia tag-gobierno tag-karina-baron tag-opinion tag-pemex tag-petroleo tag-politica tag-programa-especial-concurrente tag-refineria tag-salina-cruz tag-secretaria tag-video tag-videocolumna\">\n<h2 class=\"entry_title\"><a title=\"Enlace Permanente a VIDEOCOLUMNA: Se necesita apoyo para Salina Cruz. Por Karina Bar\u00f3n\" href=\"http:\/\/www.eloriente.net\/home\/2017\/06\/27\/videocolumna-se-necesita-apoyo-salina-cruz-karina-baron\/\" rel=\"bookmark\">VIDEOCOLUMNA: Se necesita apoyo para Salina Cruz. Por Karina Bar\u00f3n<\/a><\/h2>\n<p><a href=\"http:\/\/www.eloriente.net\/home\/2017\/06\/27\/videocolumna-se-necesita-apoyo-salina-cruz-karina-baron\/\" rel=\"bookmark\"><img decoding=\"async\" class=\"alignleft\" title=\"VIDEOCOLUMNA: Se necesita apoyo para Salina Cruz. Por Karina Bar\u00f3n\" src=\"http:\/\/www.eloriente.net\/home\/wp-content\/themes\/city-desk\/timthumb.php?src=http%3A%2F%2Fwww.eloriente.net%2Fhome%2Fwp-content%2Fuploads%2F2017%2F06%2FKARINA-BARO%CC%81N-26-DE-JUNIO-2017.jpg&amp;q=90&amp;w=160&amp;h=106&amp;zc=1\" alt=\"VIDEOCOLUMNA: Se necesita apoyo para Salina Cruz. Por Karina Bar\u00f3n\" \/><\/a>\u00a0 eloriente.net 27 de junio de 2017 \u201cSalina Cruz requiere del apoyo y la atenci\u00f3n del resto de los oaxaque\u00f1os y, porqu\u00e9 no decirlo, de todas y todos los mexicanos. Como su gente es fuerte, pareciera que el incendio y el resto de los tremendos acontecimientos en la Refiner\u00eda Antonio Doval\u00ed del pasado del 16 [\u2026]<\/p>\n<div class=\"toolbar-social\">\n<div class=\"social-widget\">\n<div id=\"sharing-widget\"><\/div>\n<\/div>\n<\/div>\n<p class=\"postmeta\"><span class=\"meta_date\">junio 27, 2017<\/span><\/p>\n<\/div>\n<div id=\"post-48851\" class=\"entry loop-default border_bottom_30 post-48851 post type-post status-publish format-standard has-post-thumbnail hentry category-educacion-y-cultura category-entradas category-historia category-lo-mas-reciente category-salvador-siguenza-orozco category-videoblogs tag-historia tag-polo-sur tag-polos tag-salvador-siguenza tag-salvador-siguenza-orozco\">\n<h2 class=\"entry_title\"><a title=\"Enlace Permanente a VIDEOCOLUMNAS: El lugar m\u00e1s fr\u00edo del mundo. Por Salvador Sig\u00fcenza Orozco\" href=\"http:\/\/www.eloriente.net\/home\/2017\/06\/26\/videocolumnas-lugar-mas-frio-del-mundo-salvador-siguenza-orozco\/\" rel=\"bookmark\">VIDEOCOLUMNAS: El lugar m\u00e1s fr\u00edo del mundo. Por Salvador Sig\u00fcenza Orozco<\/a><\/h2>\n<p><a href=\"http:\/\/www.eloriente.net\/home\/2017\/06\/26\/videocolumnas-lugar-mas-frio-del-mundo-salvador-siguenza-orozco\/\" rel=\"bookmark\"><img decoding=\"async\" class=\"alignleft\" title=\"VIDEOCOLUMNAS: El lugar m\u00e1s fr\u00edo del mundo. Por Salvador Sig\u00fcenza Orozco\" src=\"http:\/\/www.eloriente.net\/home\/wp-content\/themes\/city-desk\/timthumb.php?src=http%3A%2F%2Fwww.eloriente.net%2Fhome%2Fwp-content%2Fuploads%2F2017%2F06%2FSALVADOR-SIGU%CC%88ENZA-24-DE-JUNIO-2017.jpg&amp;q=90&amp;w=160&amp;h=106&amp;zc=1\" alt=\"VIDEOCOLUMNAS: El lugar m\u00e1s fr\u00edo del mundo. Por Salvador Sig\u00fcenza Orozco\" \/><\/a>\u00a0 eloriente.net 26 de junio de 2017 Esta semana el doctor Salvador Sig\u00fcenza nos cuenta la historia de c\u00f3mo el hombre lleg\u00f3 a los polos. Donde por cierto, sucedi\u00f3 un fen\u00f3meno clim\u00e1tico que ocurre aproximadamente cada 100 a\u00f1os. Descubre cu\u00e1l fue y c\u00f3mo afecto a los exploradores en esta interesante videocolumna. Salvador, entre otras cosas, [\u2026]<\/p>\n<div class=\"toolbar-social\">\n<div class=\"social-widget\">\n<div id=\"sharing-widget\"><a class=\"button icon-share\">Compartir<\/a><\/div>\n<\/div>\n<\/div>\n<\/div>\n\n\t\t\t  <div \n\t\t\t  \tclass = \"fb-comments\" \n\t\t\t  \tdata-href = \"http:\/\/www.eloriente.net\/home\/2017\/07\/03\/videocolumna-escuchar-al-parte-2-ursula-woolrich\/\"\n\t\t\t  \tdata-numposts = \"10\"\n\t\t\t\tdata-colorscheme = \"dark\"\n\t\t\t\tdata-order-by = \"social\"\n\t\t\t\tdata-mobile=true>\n\t\t\t  <\/div>\n\t\t  <style>\n\t\t\t.fb_iframe_widget_fluid_desktop iframe {\n\t\t\t    width: 100% !important;\n\t\t\t}\n\t\t  <\/style>\n\t\t  ","protected":false},"excerpt":{"rendered":"<p>&nbsp; eloriente.net 3 de julio de 2017 Esta semana\u00a0Ursula Woolrich\u00a0nos presenta la segunda parte del cap\u00edtulo \u00abEscuchar al otro\u00bb del libro \u00abEl amor inteligente en la vida de pareja\u00bb de Battista Borsato. En esta ocasi\u00f3n nos habla de la importancia de aprender a diferenciar entre escuchar y o\u00edr, sobre todo cuando se trata de personas [&hellip;]<\/p>\n","protected":false},"author":44,"featured_media":48927,"comment_status":"open","ping_status":"open","sticky":false,"template":"","format":"standard","meta":{"_jetpack_memberships_contains_paid_content":false,"footnotes":""},"categories":[2015,18,32,16,10,30,7100,98],"tags":[7483,600,477,7940,7391,1569,7004,6224],"class_list":["post-48926","post","type-post","status-publish","format-standard","has-post-thumbnail","hentry","category-viernesdefelicidad","category-educacion-y-cultura","category-entradas","category-salud-y-estilo-de-vida","category-lo-mas-reciente","category-salud","category-ursula-woolrich","category-videoblogs","tag-battista-borsato","tag-bienestar","tag-el-oriente","tag-escuchar-al-otro","tag-parte-2","tag-psicologia","tag-ursula-woolrich","tag-videocolumna"],"jetpack_featured_media_url":"http:\/\/www.eloriente.net\/home\/wp-content\/uploads\/2017\/07\/U\u0301RSULA-WOOLRICH-30-DE-JUNIO-2017.jpg","jetpack_sharing_enabled":true,"_links":{"self":[{"href":"http:\/\/www.eloriente.net\/home\/wp-json\/wp\/v2\/posts\/48926"}],"collection":[{"href":"http:\/\/www.eloriente.net\/home\/wp-json\/wp\/v2\/posts"}],"about":[{"href":"http:\/\/www.eloriente.net\/home\/wp-json\/wp\/v2\/types\/post"}],"author":[{"embeddable":true,"href":"http:\/\/www.eloriente.net\/home\/wp-json\/wp\/v2\/users\/44"}],"replies":[{"embeddable":true,"href":"http:\/\/www.eloriente.net\/home\/wp-json\/wp\/v2\/comments?post=48926"}],"version-history":[{"count":1,"href":"http:\/\/www.eloriente.net\/home\/wp-json\/wp\/v2\/posts\/48926\/revisions"}],"predecessor-version":[{"id":48928,"href":"http:\/\/www.eloriente.net\/home\/wp-json\/wp\/v2\/posts\/48926\/revisions\/48928"}],"wp:featuredmedia":[{"embeddable":true,"href":"http:\/\/www.eloriente.net\/home\/wp-json\/wp\/v2\/media\/48927"}],"wp:attachment":[{"href":"http:\/\/www.eloriente.net\/home\/wp-json\/wp\/v2\/media?parent=48926"}],"wp:term":[{"taxonomy":"category","embeddable":true,"href":"http:\/\/www.eloriente.net\/home\/wp-json\/wp\/v2\/categories?post=48926"},{"taxonomy":"post_tag","embeddable":true,"href":"http:\/\/www.eloriente.net\/home\/wp-json\/wp\/v2\/tags?post=48926"}],"curies":[{"name":"wp","href":"https:\/\/api.w.org\/{rel}","templated":true}]}}