{"id":48935,"date":"2017-07-04T08:39:11","date_gmt":"2017-07-04T14:39:11","guid":{"rendered":"http:\/\/www.eloriente.net\/home\/?p=48935"},"modified":"2017-07-10T12:43:08","modified_gmt":"2017-07-10T18:43:08","slug":"5-vacantes-diseno-grafico-martesdevacantes","status":"publish","type":"post","link":"http:\/\/www.eloriente.net\/home\/2017\/07\/04\/5-vacantes-diseno-grafico-martesdevacantes\/","title":{"rendered":"5 Vacantes en Dise\u00f1o Gr\u00e1fico #MartesDeVacantes"},"content":{"rendered":"<p><script src=\"\/\/pagead2.googlesyndication.com\/pagead\/js\/adsbygoogle.js\" async=\"\"><\/script><!-- BANNER ELORIENTE INCRUSTADO NOTAS --> <ins class=\"adsbygoogle\" style=\"display: inline-block; width: 300px; height: 250px;\" data-ad-client=\"ca-pub-1136171134853753\" data-ad-slot=\"7974633627\"><\/ins><script>\/\/ <![CDATA[\n(adsbygoogle = window.adsbygoogle || []).push({});\n\/\/ ]]><\/script><\/p>\n<p>&nbsp;<\/p>\n<p>(www.eloriente.net, M\u00e9xico, a 3 de julio de 2017).- Conscientes de la importancia para la ciudadan\u00eda en general de la b\u00fasqueda de nuevas oportunidades de crecimiento profesional, ponemos a tu disposici\u00f3n semanalmente ofertas de empleo disponibles por profesi\u00f3n en cualquier parte de M\u00e9xico y del mundo o, cuando as\u00ed lo amerita, exclusivamente en Oaxaca.<\/p>\n<p>En esta ocasi\u00f3n, ELORIENTE.NET comparte cinco vacantes en dise\u00f1o gr\u00e1fico.<\/p>\n<p>Si deseas aplicar para alguna de las vacantes, deber\u00e1s darle clic al t\u00edtulo de esta y te llevar\u00e1 al sitio que te pondr\u00e1 en contacto con los empleadores. No olvides comentar que la oportunidad la has encontrado con nosotros en el Martes de Vacantes de ELORIENTE.NET. \u00a1\u00c9xito!<\/p>\n<p><a href=\"https:\/\/www.computrabajo.com.mx\/ofertas-de-trabajo\/oferta-de-trabajo-de-disenador-grafico-en-oaxaca-de-juarez-E09DAE2808BE9424\" target=\"_blank\"><strong>1.- DISE\u00d1ADOR GR\u00c1FICO<\/strong><\/a><\/p>\n<p><strong>Escolaridad:<\/strong> Licenciatura en Dise\u00f1o Gr\u00e1fico<\/p>\n<p><strong>G\u00e9nero:<\/strong> Indistinto<\/p>\n<p><strong>Requisitos<\/strong>: Edad de entre 26 y 30 a\u00f1os. Experiencia m\u00ednima de 1 a\u00f1o. Contar con conocimientos de la Suite Adobe. Indispensable saber editar videos.<\/p>\n<p>Funciones: Edici\u00f3n de v\u00eddeos y audio, generaci\u00f3n de contenido para v\u00eddeos, edici\u00f3n de medios impresos y digitales como peri\u00f3dicos, revistas, folletos, presentaciones, material de difusi\u00f3n; trato con intermediarios, asistencia a distintas \u00e1reas con el material de comunicaci\u00f3n, generar ilustraciones para contenidos impresos y digitales, toma de fotograf\u00eda y video, creaci\u00f3n de papeler\u00eda institucional y logotipos.<\/p>\n<p><strong>Salario:<\/strong> A convenir<\/p>\n<p><strong>Horario:<\/strong> Tiempo completo (no especificado)<\/p>\n<p><a href=\"https:\/\/www.indeed.com.mx\/cmp\/ARAGON-PUBLICIDAD\/jobs\/Dise%C3%B1ador-gr%C3%A1fico-a7b5dc05f89ff00b?q=dise%C3%B1ador\" target=\"_blank\"><strong>2.- DISE\u00d1ADOR GR\u00c1FICO<\/strong><\/a><\/p>\n<p><strong>Escolaridad:<\/strong> Licenciatura en Dise\u00f1o Gr\u00e1fico o af\u00edn<\/p>\n<p><strong>G\u00e9nero:<\/strong> Indistinto<\/p>\n<p><strong>Requisitos:<\/strong> Edad de 23 a\u00f1os en adelante. Experiencia m\u00ednima de un a\u00f1o. Conocimientos en paqueter\u00eda Office y programas como Phosothop, Illustrator, Corel Draw.<\/p>\n<p><strong>Funciones:<\/strong> Elaborar etiquetas, lonas, promocionales y art\u00edculos de publicidad. Ventas y atenci\u00f3n al cliente.<\/p>\n<p><strong>Salario:<\/strong> A convenir<\/p>\n<p><strong>Horario:<\/strong> Tiempo completo (no especificado)<\/p>\n<p><a href=\"https:\/\/www.occ.com.mx\/empleo\/oferta\/9994715\/-en-Oaxaca?returnURL=https%3A%2F%2Fwww.occ.com.mx%2Fempleos-en-oaxaca%2Fdise%25C3%25B1o%2520gr%25C3%25A1fico%239994715\" target=\"_blank\"><strong>3.- DISE\u00d1ADOR GR\u00c1FICO<\/strong><\/a><\/p>\n<p><strong>Escolaridad:<\/strong> Licenciatura en Dise\u00f1o Gr\u00e1fico<\/p>\n<p><strong>G\u00e9nero:<\/strong> Indistinto<\/p>\n<p><strong>Requisitos:<\/strong> Habilidades para trabajar en equipo. Productividad, orientaci\u00f3n al cliente, compromiso. Conocimientos b\u00e1sicos de computaci\u00f3n y en manejo de programas como Ilustrador y Photoshop<\/p>\n<p><strong>Funciones<\/strong>: Elaboraci\u00f3n de dise\u00f1os publicitarios, manejo de programas ilustrador y photoshop,impresi\u00f3n de diversos materiales de publicidad<\/p>\n<p><strong>Salario:<\/strong> $5000 mensuales<\/p>\n<p><strong>Horario:<\/strong> Lunes a s\u00e1bado de 9:00 a 19:00 horas<\/p>\n<p><script src=\"\/\/pagead2.googlesyndication.com\/pagead\/js\/adsbygoogle.js\" async=\"\"><\/script><!-- BANNER PEQUE\u00d1O PARA ENTRENOTAS EL ORIENTE --> <ins class=\"adsbygoogle\" style=\"display: inline-block; width: 468px; height: 60px;\" data-ad-client=\"ca-pub-1136171134853753\" data-ad-slot=\"4953536424\"><\/ins><script>\/\/ <![CDATA[\n(adsbygoogle = window.adsbygoogle || []).push({});\n\/\/ ]]><\/script><\/p>\n<p><a href=\"https:\/\/www.empleo.gob.mx\/3078132-oferta-de-empleo-de-disenador-grafico-metamorfosis-publicidad\" target=\"_blank\"><strong>4.- DISE\u00d1ADOR GR\u00c1FICO<\/strong><\/a><\/p>\n<p><strong>Escolaridad:<\/strong> Prepa vocacional o Licenciatura en<\/p>\n<p><strong>G\u00e9nero:<\/strong> Indistinto<\/p>\n<p><strong>Requisitos:<\/strong> Experiencia m\u00ednima de un a\u00f1o. Conocimientos b\u00e1sicos de computaci\u00f3n. Productividad. Creatividad e innovaci\u00f3n.<\/p>\n<p><strong>Funciones:<\/strong> Atenci\u00f3n al cliente, propuestas de dise\u00f1os, realizar cotizaciones, impresiones<\/p>\n<p><strong>Salario:<\/strong> $4000 mensuales<\/p>\n<p><strong>Horario:<\/strong> Lunes a s\u00e1bado de 9:00 a 20:00 horas<\/p>\n<p><a href=\"https:\/\/www.computrabajo.com.mx\/ofertas-de-trabajo\/oferta-de-trabajo-de-asesor-de-presentacion-visual-y-display-ff-oaxaca-en-oaxaca-de-juarez-A834EF86B4CB4E45\" target=\"_blank\"><strong>5.- ASESOR DE PRESENTACI\u00d3N VISUAL Y DISPLAY<\/strong><\/a><\/p>\n<p><strong>Escolaridad:<\/strong> Lic. en Dise\u00f1o Gr\u00e1fico, Arquitectura, Comunicaci\u00f3n o Dise\u00f1o de Moda<\/p>\n<p><strong>G\u00e9nero:<\/strong> Masculino<\/p>\n<p><strong>Requisitos:<\/strong> Edad de entre 22 y 30 a\u00f1os. (Experiencia no necesaria). Con alto sentido de la moda<\/p>\n<p><strong>Funciones:<\/strong> Adecuar espacios para la presentaci\u00f3n visual y displays de la empresa<\/p>\n<p><strong>Salario:<\/strong> $6000 mensuales<\/p>\n<p><strong>Horario:<\/strong> Tiempo completo (no especificado)<\/p>\n<p><a href=\"http:\/\/www.eloriente.net\/home\/wp-content\/uploads\/2014\/05\/martes-de-vacantes.jpg\" rel=\"attachment wp-att-25869\"><img loading=\"lazy\" decoding=\"async\" class=\"alignnone wp-image-25869\" src=\"http:\/\/www.eloriente.net\/home\/wp-content\/uploads\/2014\/05\/martes-de-vacantes.jpg\" alt=\"martes de vacantes\" width=\"600\" height=\"398\" srcset=\"http:\/\/www.eloriente.net\/home\/wp-content\/uploads\/2014\/05\/martes-de-vacantes.jpg 1024w, http:\/\/www.eloriente.net\/home\/wp-content\/uploads\/2014\/05\/martes-de-vacantes-300x199.jpg 300w\" sizes=\"(max-width: 600px) 100vw, 600px\" \/><\/a><\/p>\n<p><strong>OTRAS ENTRADAS<\/strong><\/p>\n<div class=\"featuredpost\">\n<div class=\"flow_hide\">\n<h2 class=\"posttitle bigposttitle\"><a title=\"Enlace Permanente a La estabilidad de la UABJO, en manos de quienes no entienden el conflicto. Por Adri\u00e1n Ortiz Romero\" href=\"http:\/\/www.eloriente.net\/home\/2017\/07\/03\/la-estabilidad-la-uabjo-manos-quienes-no-entienden-conflicto-adrian-ortiz-romero\/\" rel=\"bookmark\">La estabilidad de la UABJO, en manos de quienes no entienden el conflicto. Por Adri\u00e1n Ortiz Romero<\/a><\/h2>\n<\/div>\n<p>(www.eloriente.net, M\u00e9xico, a 3 de julio de 2017, por Adri\u00e1n Ortiz Romero\/Columna Al Margen).-\u00a0El Gobierno de Oaxaca parece no terminar de comprender por qu\u00e9 es necesaria una\u2026<\/p>\n<p class=\"postmeta\"><span class=\"meta_date\">julio 3, 2017<\/span><\/p>\n<div class=\"toolbar-social\"><\/div>\n<\/div>\n<div class=\"featuredpost\">\n<div class=\"flow_hide\">\n<p><a href=\"http:\/\/www.eloriente.net\/home\/2017\/06\/30\/oaxaca-romper-quorum-dar-la-espalda-ciudadania-fraguas\/\" rel=\"bookmark\"><img decoding=\"async\" class=\"alignleft\" title=\"OAXACA: Romper qu\u00f3rum es dar la espalda a ciudadan\u00eda: Fraguas\" src=\"http:\/\/www.eloriente.net\/home\/wp-content\/themes\/city-desk\/timthumb.php?src=http%3A%2F%2Fwww.eloriente.net%2Fhome%2Fwp-content%2Fuploads%2F2017%2F06%2FHERNANDEZ-FRAGUAS-1-e1498870187327.png&amp;q=90&amp;w=70&amp;h=45&amp;zc=1\" alt=\"OAXACA: Romper qu\u00f3rum es dar la espalda a ciudadan\u00eda: Fraguas\" \/><\/a><\/p>\n<h2 class=\"posttitle \"><a title=\"Enlace Permanente a OAXACA: Romper qu\u00f3rum es dar la espalda a ciudadan\u00eda: Fraguas\" href=\"http:\/\/www.eloriente.net\/home\/2017\/06\/30\/oaxaca-romper-quorum-dar-la-espalda-ciudadania-fraguas\/\" rel=\"bookmark\">OAXACA: Romper qu\u00f3rum es dar la espalda a ciudadan\u00eda: Fraguas<\/a><\/h2>\n<\/div>\n<p>(www.eloriente.net, M\u00e9xico, a 30 de junio de 2017, por Carlos Hern\u00e1ndez).- \u201cRomper el qu\u00f3rum para no discutir es dar la espalda a la ciudadan\u00eda\u201d, se\u00f1al\u00f3 esta tarde Jos\u00e9\u2026<\/p>\n<p class=\"postmeta\"><span class=\"meta_date\">junio 30, 2017<\/span><\/p>\n<div class=\"toolbar-social\"><\/div>\n<\/div>\n<div class=\"featuredpost\">\n<div class=\"flow_hide\">\n<p><a href=\"http:\/\/www.eloriente.net\/home\/2017\/06\/30\/oaxaca-la-63-legislatura-cumplio-tiempo-forma-amparo-4262016\/\" rel=\"bookmark\"><img decoding=\"async\" class=\"alignleft\" title=\"OAXACA: 63 Legislatura cumpli\u00f3 en tiempo y forma con amparo 426\/2016: Juzgado\" src=\"http:\/\/www.eloriente.net\/home\/wp-content\/themes\/city-desk\/timthumb.php?src=http%3A%2F%2Fwww.eloriente.net%2Fhome%2Fwp-content%2Fuploads%2F2017%2F06%2FDIPUTACIO%CC%81N-PERMANENTE.jpg&amp;q=90&amp;w=70&amp;h=45&amp;zc=1\" alt=\"OAXACA: 63 Legislatura cumpli\u00f3 en tiempo y forma con amparo 426\/2016: Juzgado\" \/><\/a><\/p>\n<h2 class=\"posttitle \"><a title=\"Enlace Permanente a OAXACA: 63 Legislatura cumpli\u00f3 en tiempo y forma con amparo 426\/2016: Juzgado\" href=\"http:\/\/www.eloriente.net\/home\/2017\/06\/30\/oaxaca-la-63-legislatura-cumplio-tiempo-forma-amparo-4262016\/\" rel=\"bookmark\">OAXACA: 63 Legislatura cumpli\u00f3 en tiempo y forma con amparo 426\/2016: Juzgado<\/a><\/h2>\n<\/div>\n<p>eloriente.net 30 de junio de 2017 La 63 Legislatura cumpli\u00f3 en tiempo y forma con el amparo 426\/2016, as\u00ed lo se\u00f1al\u00f3 el Juzgado S\u00e9ptimo de Distrito en\u2026<\/p>\n<p class=\"postmeta\"><span class=\"meta_date\">junio 30, 2017<\/span><\/p>\n<\/div>\n\n\t\t\t  <div \n\t\t\t  \tclass = \"fb-comments\" \n\t\t\t  \tdata-href = \"http:\/\/www.eloriente.net\/home\/2017\/07\/04\/5-vacantes-diseno-grafico-martesdevacantes\/\"\n\t\t\t  \tdata-numposts = \"10\"\n\t\t\t\tdata-colorscheme = \"dark\"\n\t\t\t\tdata-order-by = \"social\"\n\t\t\t\tdata-mobile=true>\n\t\t\t  <\/div>\n\t\t  <style>\n\t\t\t.fb_iframe_widget_fluid_desktop iframe {\n\t\t\t    width: 100% !important;\n\t\t\t}\n\t\t  <\/style>\n\t\t  ","protected":false},"excerpt":{"rendered":"<p>&nbsp; (www.eloriente.net, M\u00e9xico, a 3 de julio de 2017).- Conscientes de la importancia para la ciudadan\u00eda en general de la b\u00fasqueda de nuevas oportunidades de crecimiento profesional, ponemos a tu disposici\u00f3n semanalmente ofertas de empleo disponibles por profesi\u00f3n en cualquier parte de M\u00e9xico y del mundo o, cuando as\u00ed lo amerita, exclusivamente en Oaxaca. En [&hellip;]<\/p>\n","protected":false},"author":44,"featured_media":25869,"comment_status":"open","ping_status":"open","sticky":false,"template":"","format":"standard","meta":{"_jetpack_memberships_contains_paid_content":false,"footnotes":""},"categories":[942,32,63,464,31,19],"tags":[4080,7979,6168,477,2420,777,211,889],"class_list":["post-48935","post","type-post","status-publish","format-standard","has-post-thumbnail","hentry","category-martesdevacantes","category-entradas","category-estados","category-oaxaca-estados","category-principal","category-turismo-y-negocios","tag-martesdevacantes","tag-disenadores","tag-diseno-grafico","tag-el-oriente","tag-martes-de-vacantes","tag-oportunidades","tag-trabajo","tag-vacantes"],"jetpack_featured_media_url":"http:\/\/www.eloriente.net\/home\/wp-content\/uploads\/2014\/05\/martes-de-vacantes.jpg","jetpack_sharing_enabled":true,"_links":{"self":[{"href":"http:\/\/www.eloriente.net\/home\/wp-json\/wp\/v2\/posts\/48935"}],"collection":[{"href":"http:\/\/www.eloriente.net\/home\/wp-json\/wp\/v2\/posts"}],"about":[{"href":"http:\/\/www.eloriente.net\/home\/wp-json\/wp\/v2\/types\/post"}],"author":[{"embeddable":true,"href":"http:\/\/www.eloriente.net\/home\/wp-json\/wp\/v2\/users\/44"}],"replies":[{"embeddable":true,"href":"http:\/\/www.eloriente.net\/home\/wp-json\/wp\/v2\/comments?post=48935"}],"version-history":[{"count":4,"href":"http:\/\/www.eloriente.net\/home\/wp-json\/wp\/v2\/posts\/48935\/revisions"}],"predecessor-version":[{"id":49013,"href":"http:\/\/www.eloriente.net\/home\/wp-json\/wp\/v2\/posts\/48935\/revisions\/49013"}],"wp:featuredmedia":[{"embeddable":true,"href":"http:\/\/www.eloriente.net\/home\/wp-json\/wp\/v2\/media\/25869"}],"wp:attachment":[{"href":"http:\/\/www.eloriente.net\/home\/wp-json\/wp\/v2\/media?parent=48935"}],"wp:term":[{"taxonomy":"category","embeddable":true,"href":"http:\/\/www.eloriente.net\/home\/wp-json\/wp\/v2\/categories?post=48935"},{"taxonomy":"post_tag","embeddable":true,"href":"http:\/\/www.eloriente.net\/home\/wp-json\/wp\/v2\/tags?post=48935"}],"curies":[{"name":"wp","href":"https:\/\/api.w.org\/{rel}","templated":true}]}}