{"id":48957,"date":"2017-07-04T17:04:37","date_gmt":"2017-07-04T23:04:37","guid":{"rendered":"http:\/\/www.eloriente.net\/home\/?p=48957"},"modified":"2017-07-04T17:04:37","modified_gmt":"2017-07-04T23:04:37","slug":"oaxaca-diputacion-permanente-la-63-legislatura-del-estado-culmino-trabajos-legislativos","status":"publish","type":"post","link":"http:\/\/www.eloriente.net\/home\/2017\/07\/04\/oaxaca-diputacion-permanente-la-63-legislatura-del-estado-culmino-trabajos-legislativos\/","title":{"rendered":"OAXACA: Diputaci\u00f3n Permanente de la 63 Legislatura del Estado culmin\u00f3 sus trabajos legislativos"},"content":{"rendered":"<p><script src=\"\/\/pagead2.googlesyndication.com\/pagead\/js\/adsbygoogle.js\" async=\"\"><\/script><!-- BANNER ELORIENTE INCRUSTADO NOTAS --> <ins class=\"adsbygoogle\" style=\"display: inline-block; width: 300px; height: 250px;\" data-ad-client=\"ca-pub-1136171134853753\" data-ad-slot=\"7974633627\"><\/ins><script>\/\/ <![CDATA[\n(adsbygoogle = window.adsbygoogle || []).push({});\n\/\/ ]]><\/script><\/p>\n<p>&nbsp;<\/p>\n<p>eloriente.net<\/p>\n<p>4 de julio de 2017<\/p>\n<p><span style=\"font-weight: 400;\">Con siete periodos extraordinarios de sesiones convocadas al Pleno Legislativo y tras la aprobaci\u00f3n de las leyes de Instituciones Pol\u00edticas y Procedimientos Electorales del Estado de Oaxaca (LIPPEO) y las del Sistema Estatal de Combate a la Corrupci\u00f3n, la Diputaci\u00f3n Permanente de la 63 Legislatura del Estado culmin\u00f3 sus trabajos legislativos en beneficio de Oaxaca.<\/span><\/p>\n<p>El trabajo emprendido durante este lapso, por las y los 42 legisladores oaxaque\u00f1os -5 de ellos integrantes de la Diputaci\u00f3n Permanente- contempl\u00f3 temas vitales para el estado y reafirm\u00f3 el compromiso del Poder Legislativo en beneficio de Oaxaca, esto pese a que la legislatura se encontraba en periodo de receso, destac\u00f3 Manuel Le\u00f3n S\u00e1nchez, presidente de la Diputaci\u00f3n Permanente.<\/p>\n<p>\u201cCon la aprobaci\u00f3n de leyes en un periodo de receso del Legislativo del Estado, se reafirma el compromiso de las diferentes expresiones pol\u00edticas que convergen en este poder soberano, que por encima de intereses partidarios o personales, est\u00e1 el inter\u00e9s superior de Oaxaca\u201d, subray\u00f3 el legislador.<\/p>\n<p><script src=\"\/\/pagead2.googlesyndication.com\/pagead\/js\/adsbygoogle.js\" async=\"\"><\/script><!-- BANNER PEQUE\u00d1O PARA ENTRENOTAS EL ORIENTE --> <ins class=\"adsbygoogle\" style=\"display: inline-block; width: 468px; height: 60px;\" data-ad-client=\"ca-pub-1136171134853753\" data-ad-slot=\"4953536424\"><\/ins><script>\/\/ <![CDATA[\n(adsbygoogle = window.adsbygoogle || []).push({});\n\/\/ ]]><\/script><\/p>\n<p>Durante el periodo de la Diputaci\u00f3n Permanente del Congreso local, el legislativo tambi\u00e9n recibi\u00f3 de manos del gobernador del Estado, el Plan Estatal de Desarrollo 2016-2022, el cual contempla los ejes rectores que conducir\u00e1n los trabajos de los poderes para el progreso de la entidad.<\/p>\n<p>De igual manera, la firma del aval de la Carta de la Tierra, para garantizar proyectos de desarrollo sustentable en el estado, fue parte de los trabajos realizados por las y los legisladores durante ese tiempo.<\/p>\n<p>En ese mismo sentido, Samuel Gurri\u00f3n Mat\u00edas, presidente de la Mesa Directiva del Congreso local, se\u00f1al\u00f3 que la culminaci\u00f3n del trabajo de la Diputaci\u00f3n Permanente de la 63 Legislatura marca el comienzo del segundo periodo ordinario de sesiones de las y los 42 diputados, cuyo objetivo es otorgar marcos normativos que contribuyan a mejorar la calidad de vida de las y los oaxaque\u00f1os.<\/p>\n<p><a href=\"http:\/\/www.eloriente.net\/home\/wp-content\/uploads\/2017\/07\/PRODUCTIVIDAD-LEGISLATURA-63.jpg\" rel=\"attachment wp-att-48958\"><img loading=\"lazy\" decoding=\"async\" class=\"alignnone wp-image-48958\" src=\"http:\/\/www.eloriente.net\/home\/wp-content\/uploads\/2017\/07\/PRODUCTIVIDAD-LEGISLATURA-63.jpg\" alt=\"PRODUCTIVIDAD LEGISLATURA 63\" width=\"600\" height=\"403\" srcset=\"http:\/\/www.eloriente.net\/home\/wp-content\/uploads\/2017\/07\/PRODUCTIVIDAD-LEGISLATURA-63.jpg 986w, http:\/\/www.eloriente.net\/home\/wp-content\/uploads\/2017\/07\/PRODUCTIVIDAD-LEGISLATURA-63-300x201.jpg 300w, http:\/\/www.eloriente.net\/home\/wp-content\/uploads\/2017\/07\/PRODUCTIVIDAD-LEGISLATURA-63-768x516.jpg 768w\" sizes=\"(max-width: 600px) 100vw, 600px\" \/><\/a><\/p>\n<p><strong>OTRAS ENTRADAS<\/strong><\/p>\n<div class=\"featuredpost\">\n<div class=\"flow_hide\">\n<h2 class=\"posttitle bigposttitle\"><a title=\"Enlace Permanente a 5 Vacantes en Dise\u00f1o Gr\u00e1fico #MartesDeVacantes\" href=\"http:\/\/www.eloriente.net\/home\/2017\/07\/04\/5-vacantes-diseno-grafico-martesdevacantes\/\" rel=\"bookmark\">5 Vacantes en Dise\u00f1o Gr\u00e1fico #MartesDeVacantes<\/a><\/h2>\n<\/div>\n<p>(www.eloriente.net, M\u00e9xico, a 3 de julio de 2017).- Conscientes de la importancia para la ciudadan\u00eda en general de la b\u00fasqueda de nuevas oportunidades de crecimiento profesional, ponemos\u2026<\/p>\n<p class=\"postmeta\"><span class=\"meta_date\">julio 4, 2017<\/span><\/p>\n<div class=\"toolbar-social\"><\/div>\n<\/div>\n<div class=\"featuredpost\">\n<div class=\"flow_hide\">\n<p><a href=\"http:\/\/www.eloriente.net\/home\/2017\/07\/03\/videocolumna-literatura-turismo-juan-antonio-gomez\/\" rel=\"bookmark\"><img decoding=\"async\" class=\"alignleft\" title=\"VIDEOCOLUMNA: Literatura y turismo. Por Juan Antonio G\u00f3mez\" src=\"http:\/\/www.eloriente.net\/home\/wp-content\/themes\/city-desk\/timthumb.php?src=http%3A%2F%2Fwww.eloriente.net%2Fhome%2Fwp-content%2Fuploads%2F2017%2F07%2FJUAN-ANTONIO-GO%CC%81MEZ-2-DE-JULIO-2017.jpg&amp;q=90&amp;w=70&amp;h=45&amp;zc=1\" alt=\"VIDEOCOLUMNA: Literatura y turismo. Por Juan Antonio G\u00f3mez\" \/><\/a><\/p>\n<h2 class=\"posttitle \"><a title=\"Enlace Permanente a VIDEOCOLUMNA: Literatura y turismo. Por Juan Antonio G\u00f3mez\" href=\"http:\/\/www.eloriente.net\/home\/2017\/07\/03\/videocolumna-literatura-turismo-juan-antonio-gomez\/\" rel=\"bookmark\">VIDEOCOLUMNA: Literatura y turismo. Por Juan Antonio G\u00f3mez<\/a><\/h2>\n<\/div>\n<p>eloriente.net 3 de julio de 2017 \u201cEn la Edad Media se destaca por sus c\u00e9lebres viajes el veneciano Marco Polo qu\u00e9 llego\u0301 a convertirse en una figura\u2026<\/p>\n<p class=\"postmeta\"><span class=\"meta_date\">julio 3, 2017<\/span><\/p>\n<div class=\"toolbar-social\"><\/div>\n<\/div>\n<div class=\"featuredpost\">\n<div class=\"flow_hide\">\n<p><a href=\"http:\/\/www.eloriente.net\/home\/2017\/07\/03\/la-estabilidad-la-uabjo-manos-quienes-no-entienden-conflicto-adrian-ortiz-romero\/\" rel=\"bookmark\"><img decoding=\"async\" class=\"alignleft\" title=\"La estabilidad de la UABJO, en manos de quienes no entienden el conflicto. Por Adri\u00e1n Ortiz Romero\" src=\"http:\/\/www.eloriente.net\/home\/wp-content\/themes\/city-desk\/timthumb.php?src=http%3A%2F%2Fwww.eloriente.net%2Fhome%2Fwp-content%2Fuploads%2F2017%2F07%2Fwhatsapp-image-2016-11-16-at-15-04-17.jpeg&amp;q=90&amp;w=70&amp;h=45&amp;zc=1\" alt=\"La estabilidad de la UABJO, en manos de quienes no entienden el conflicto. Por Adri\u00e1n Ortiz Romero\" \/><\/a><\/p>\n<h2 class=\"posttitle \"><a title=\"Enlace Permanente a La estabilidad de la UABJO, en manos de quienes no entienden el conflicto. Por Adri\u00e1n Ortiz Romero\" href=\"http:\/\/www.eloriente.net\/home\/2017\/07\/03\/la-estabilidad-la-uabjo-manos-quienes-no-entienden-conflicto-adrian-ortiz-romero\/\" rel=\"bookmark\">La estabilidad de la UABJO, en manos de quienes no entienden el conflicto. Por Adri\u00e1n Ortiz Romero<\/a><\/h2>\n<\/div>\n<p>(www.eloriente.net, M\u00e9xico, a 3 de julio de 2017, por Adri\u00e1n Ortiz Romero\/Columna Al Margen).-\u00a0El Gobierno de Oaxaca parece no terminar de comprender por qu\u00e9 es necesaria una\u2026<\/p>\n<p class=\"postmeta\"><span class=\"meta_date\">julio 3, 2017<\/span><\/p>\n<\/div>\n\n\t\t\t  <div \n\t\t\t  \tclass = \"fb-comments\" \n\t\t\t  \tdata-href = \"http:\/\/www.eloriente.net\/home\/2017\/07\/04\/oaxaca-diputacion-permanente-la-63-legislatura-del-estado-culmino-trabajos-legislativos\/\"\n\t\t\t  \tdata-numposts = \"10\"\n\t\t\t\tdata-colorscheme = \"dark\"\n\t\t\t\tdata-order-by = \"social\"\n\t\t\t\tdata-mobile=true>\n\t\t\t  <\/div>\n\t\t  <style>\n\t\t\t.fb_iframe_widget_fluid_desktop iframe {\n\t\t\t    width: 100% !important;\n\t\t\t}\n\t\t  <\/style>\n\t\t  ","protected":false},"excerpt":{"rendered":"<p>&nbsp; eloriente.net 4 de julio de 2017 Con siete periodos extraordinarios de sesiones convocadas al Pleno Legislativo y tras la aprobaci\u00f3n de las leyes de Instituciones Pol\u00edticas y Procedimientos Electorales del Estado de Oaxaca (LIPPEO) y las del Sistema Estatal de Combate a la Corrupci\u00f3n, la Diputaci\u00f3n Permanente de la 63 Legislatura del Estado culmin\u00f3 [&hellip;]<\/p>\n","protected":false},"author":44,"featured_media":48958,"comment_status":"open","ping_status":"open","sticky":false,"template":"","format":"standard","meta":{"_jetpack_memberships_contains_paid_content":false,"footnotes":""},"categories":[4300,1588,91,32,63,464,21],"tags":[7986,500,4162,7987,73,211],"class_list":["post-48957","post","type-post","status-publish","format-standard","has-post-thumbnail","hentry","category-comunicacion","category-comunicados-y-boletines","category-congreso-y-justicia","category-entradas","category-estados","category-oaxaca-estados","category-politica-y-gobierno","tag-63-legislatura","tag-legisladores","tag-legislatura","tag-lippeo","tag-oaxaca","tag-trabajo"],"jetpack_featured_media_url":"http:\/\/www.eloriente.net\/home\/wp-content\/uploads\/2017\/07\/PRODUCTIVIDAD-LEGISLATURA-63.jpg","jetpack_sharing_enabled":true,"_links":{"self":[{"href":"http:\/\/www.eloriente.net\/home\/wp-json\/wp\/v2\/posts\/48957"}],"collection":[{"href":"http:\/\/www.eloriente.net\/home\/wp-json\/wp\/v2\/posts"}],"about":[{"href":"http:\/\/www.eloriente.net\/home\/wp-json\/wp\/v2\/types\/post"}],"author":[{"embeddable":true,"href":"http:\/\/www.eloriente.net\/home\/wp-json\/wp\/v2\/users\/44"}],"replies":[{"embeddable":true,"href":"http:\/\/www.eloriente.net\/home\/wp-json\/wp\/v2\/comments?post=48957"}],"version-history":[{"count":1,"href":"http:\/\/www.eloriente.net\/home\/wp-json\/wp\/v2\/posts\/48957\/revisions"}],"predecessor-version":[{"id":48959,"href":"http:\/\/www.eloriente.net\/home\/wp-json\/wp\/v2\/posts\/48957\/revisions\/48959"}],"wp:featuredmedia":[{"embeddable":true,"href":"http:\/\/www.eloriente.net\/home\/wp-json\/wp\/v2\/media\/48958"}],"wp:attachment":[{"href":"http:\/\/www.eloriente.net\/home\/wp-json\/wp\/v2\/media?parent=48957"}],"wp:term":[{"taxonomy":"category","embeddable":true,"href":"http:\/\/www.eloriente.net\/home\/wp-json\/wp\/v2\/categories?post=48957"},{"taxonomy":"post_tag","embeddable":true,"href":"http:\/\/www.eloriente.net\/home\/wp-json\/wp\/v2\/tags?post=48957"}],"curies":[{"name":"wp","href":"https:\/\/api.w.org\/{rel}","templated":true}]}}