{"id":48962,"date":"2017-07-06T11:03:34","date_gmt":"2017-07-06T17:03:34","guid":{"rendered":"http:\/\/www.eloriente.net\/home\/?p=48962"},"modified":"2017-07-06T11:09:48","modified_gmt":"2017-07-06T17:09:48","slug":"actividades-culturales-oaxaca-no-te-puedes-perder-del-6-al-12-julio","status":"publish","type":"post","link":"http:\/\/www.eloriente.net\/home\/2017\/07\/06\/actividades-culturales-oaxaca-no-te-puedes-perder-del-6-al-12-julio\/","title":{"rendered":"Actividades Culturales en Oaxaca que no te puedes perder (del 6 al 12 de julio)"},"content":{"rendered":"<p><!-- BANNER ELORIENTE INCRUSTADO NOTAS --> <ins class=\"adsbygoogle\" style=\"width: 300px;height: 250px\"><\/ins><\/p>\n<p>(www.eloriente.net; M\u00e9xico a 6 de julio de 2017).- Por Jessica Lamadrid<\/p>\n<p>&nbsp;<\/p>\n<p>Como todos los jueves te compartimos diversas actividades que se llevar\u00e1n a cabo en la ciudad como: presentaciones de libros, charlas, talleres, proyecciones y conciertos en nuestra agenda cultural de cada semana.<\/p>\n<p>&nbsp;<\/p>\n<h2>1.- \u00a0Somos la Cara de Oaxaca. Testimonios y Movimientos Sociales<\/h2>\n<p>&nbsp;<\/p>\n<p>Este 6 de julio se llevar\u00e1 a cabo la presentaci\u00f3n del libro \u00abSomos la Cara de Oaxaca. Testimonios y Movimientos Sociales\u00bb de Lynn Stephen, libro que busca mostrar\u00a0como el poder del testimonio oral es una herramienta de lucha para ampliar la verdad hist\u00f3rica y la consolidaci\u00f3n de la memoria social en el estado.<\/p>\n<p>La presentaci\u00f3n dar\u00e1 inicio a las 19 horas en el espacio cultural La J\u00edcara ubicado en la calle Porfirio D\u00edaz n\u00famero 1105 de la Colonia Centro y estar\u00e1 a cargo de<a href=\"https:\/\/www.facebook.com\/aranda.josefina?fref=mentions\" target=\"_blank\">\u00a0Josefina\u00a0Aranda<\/a>, la cineasta\u00a0<a class=\"profileLink\" href=\"https:\/\/www.facebook.com\/concepcion.nunezmiranda?fref=mentions\" target=\"_blank\">Concepci\u00f3n N\u00fa\u00f1ez Miranda<\/a>,\u00a0<a class=\"profileLink\" href=\"https:\/\/www.facebook.com\/roberto.olivares?fref=mentions\" target=\"_blank\">Roberto Olivares<\/a>\u00a0y la autora.<\/p>\n<p>La entrada es libre.<\/p>\n<p>&nbsp;<\/p>\n<p><a href=\"http:\/\/www.eloriente.net\/home\/wp-content\/uploads\/2017\/07\/19748553_10213343891972868_2505059576964331174_n.jpg\" rel=\"attachment wp-att-48966\"><img loading=\"lazy\" decoding=\"async\" class=\"alignnone size-full wp-image-48966\" src=\"http:\/\/www.eloriente.net\/home\/wp-content\/uploads\/2017\/07\/19748553_10213343891972868_2505059576964331174_n.jpg\" alt=\"19748553_10213343891972868_2505059576964331174_n\" width=\"480\" height=\"541\" \/><\/a><\/p>\n<p>&nbsp;<\/p>\n<p>&nbsp;<\/p>\n<h2>2.- Di\u00e1logo del D\u00eda Nueve Viento<\/h2>\n<p>&nbsp;<\/p>\n<p>En el Museo de los Pintores de Oaxaca (MUPO) se realizar\u00e1 el d\u00eda viernes una charla en donde se abordar\u00e1 el tema de los conceptos del Pensamiento Zapoteco y Mesoamericano en el arte contempor\u00e1neo, esto en el marco de la exposici\u00f3n que homenajea a Nic\u00e9foro Urbieta al tener ya 50 a\u00f1os de trayectoria en el arte pl\u00e1stico.<\/p>\n<p>Los participantes en la charla ser\u00e1n los artistas pl\u00e1sticos Sanez Ninfa Pacheco, Juan Carlos S\u00e1nchez y Nic\u00e9foro Urbieta, como moderadora se encontrar\u00e1\u00a0 Leticia Galvan. Te recordamos que el MUPO se ubica en Avenida Independencia n\u00famero 607 de la Colonia Centro.<\/p>\n<p>El evento inicia a las 17:30 horas y es gratuito.<\/p>\n<p>&nbsp;<\/p>\n<p><a href=\"http:\/\/www.eloriente.net\/home\/wp-content\/uploads\/2017\/07\/19642701_1795329677163819_5412149178350881180_n.jpg\" rel=\"attachment wp-att-48971\"><img loading=\"lazy\" decoding=\"async\" class=\"alignnone size-full wp-image-48971\" src=\"http:\/\/www.eloriente.net\/home\/wp-content\/uploads\/2017\/07\/19642701_1795329677163819_5412149178350881180_n.jpg\" alt=\"19642701_1795329677163819_5412149178350881180_n\" width=\"527\" height=\"660\" \/><\/a><\/p>\n<p>&nbsp;<\/p>\n<p>&nbsp;<\/p>\n<h2>3.- TR\u00cdO ZAPOCELTA<\/h2>\n<p>El domingo 9 de julio el \u00abTr\u00edo Zapocelta\u00bb dar\u00e1 un concierto en el <a href=\"https:\/\/www.facebook.com\/Venaditoespacio\/\" target=\"_blank\">\u00abVenadito\u00bb Espacio Cultural<\/a> localizado en la Calle Panor\u00e1mica del Fort\u00edn n\u00famero 530, para presentar su repertorio de m\u00fasica tradicional de Oaxaca, M\u00e9xico y el mundo.<\/p>\n<p>Este concierto iniciara a las 7 de la noche y la entrada es libre.<\/p>\n<p>&nbsp;<\/p>\n<p><a href=\"http:\/\/www.eloriente.net\/home\/wp-content\/uploads\/2017\/07\/19601262_992511514218961_830207509973355381_n.jpg\" rel=\"attachment wp-att-48970\"><img loading=\"lazy\" decoding=\"async\" class=\"alignnone size-full wp-image-48970\" src=\"http:\/\/www.eloriente.net\/home\/wp-content\/uploads\/2017\/07\/19601262_992511514218961_830207509973355381_n.jpg\" alt=\"19601262_992511514218961_830207509973355381_n\" width=\"660\" height=\"590\" \/><\/a><\/p>\n<p>&nbsp;<\/p>\n<p>&nbsp;<\/p>\n<h2>4.- Una imagen &#8211; Un actor<\/h2>\n<p>&nbsp;<\/p>\n<p>El espacio cultural<a href=\"https:\/\/www.facebook.com\/ADNARTEYCULTURA?hc_ref=SEARCH\" target=\"_blank\"> Casa del Barrio ADN<\/a> comenzar\u00e1 su taller de actuaci\u00f3n \u00abUna imagen &#8211; Un actor\u00bb impartido por el actor Domingo Mijangos el d\u00eda 10 de julio, el cual va dirigido a todo p\u00fablico mayor de 15 a\u00f1os.<\/p>\n<p><!-- BANNER PEQUE\u00d1O PARA ENTRENOTAS EL ORIENTE --> <ins class=\"adsbygoogle\" style=\"width: 468px;height: 60px\"><\/ins><\/p>\n<p>Para poder integrarte al taller necesitas de inscribirte al mismo, comunic\u00e1ndote con el espacio cultural por medio de los tel\u00e9fonos 51-6-45-56 o al 951-396-97-53 o visitar sus instalaciones localizadas en la calle Tinoco y Palacios n\u00famero 602 de la Colonia Centro y adem\u00e1s haber cumplido con el donativo de $400.00<\/p>\n<p>&nbsp;<\/p>\n<p><a href=\"http:\/\/www.eloriente.net\/home\/wp-content\/uploads\/2017\/07\/19642396_1680080248698939_7504593980649081108_n.jpg\" rel=\"attachment wp-att-48969\"><img loading=\"lazy\" decoding=\"async\" class=\"alignnone size-full wp-image-48969\" src=\"http:\/\/www.eloriente.net\/home\/wp-content\/uploads\/2017\/07\/19642396_1680080248698939_7504593980649081108_n.jpg\" alt=\"19642396_1680080248698939_7504593980649081108_n\" width=\"503\" height=\"660\" \/><\/a><\/p>\n<p>&nbsp;<\/p>\n<p>&nbsp;<\/p>\n<h2>5.-Pink Flamingos<\/h2>\n<p>El Instituto de Artes Gr\u00e1ficas de Oaxaca comenzar\u00e1 con su ciclo de cine del mes de julio el d\u00eda 11 con la proyecci\u00f3n del film Pink Flamingos del director John Waters, el cual narra la historia de\u00a0Babs Johnson , quien vive con su gorda madre y su hijo en una caravana en una controvertida historia al contener\u00a0pornograf\u00eda, canibalismo, escatolog\u00eda y zoofilia, entre otras cosas. Por lo que se le califica en el subg\u00e9nero cinematogr\u00e1fico Trahs al mostrar la parte baja de la sociedad al espectador.<\/p>\n<p>La proyecci\u00f3n ser\u00e1 a las 19 horas en el IAGO Alcal\u00e1 ubicado en la Calle Macedonio Alcal\u00e1 n\u00famero 507 de la Colonia Centro.<\/p>\n<p>&nbsp;<\/p>\n<p><a href=\"http:\/\/www.eloriente.net\/home\/wp-content\/uploads\/2017\/07\/19702529_1621760447858324_4612682445723238074_n.jpg\" rel=\"attachment wp-att-48974\"><img loading=\"lazy\" decoding=\"async\" class=\"alignnone size-full wp-image-48974\" src=\"http:\/\/www.eloriente.net\/home\/wp-content\/uploads\/2017\/07\/19702529_1621760447858324_4612682445723238074_n.jpg\" alt=\"19702529_1621760447858324_4612682445723238074_n\" width=\"660\" height=\"539\" \/><\/a><\/p>\n<p>&nbsp;<\/p>\n<p>&nbsp;<\/p>\n<p>&nbsp;<\/p>\n<h2>OTRAS ENTRADAS<\/h2>\n<div class=\"featuredpost\">\n<div class=\"flow_hide\">\n<h2 class=\"posttitle bigposttitle\"><a title=\"Enlace Permanente a \u201cAnaliza datos y toma mejores decisiones\u201d, el curso en l\u00ednea del Tecnol\u00f3gico de Monterrey\" href=\"http:\/\/www.eloriente.net\/home\/2017\/07\/05\/analiza-datos-toma-mejores-decisiones-educacionenlinea\/\" rel=\"bookmark\">\u201cAnaliza datos y toma mejores decisiones\u201d, el curso en l\u00ednea del Tecnol\u00f3gico de Monterrey<\/a><\/h2>\n<\/div>\n<p>(www.eloriente.net; M\u00e9xico a 5 de julio de 2017).- Por Jessica Lamadrid El Tecnol\u00f3gico de Monterrey contin\u00faa ampliando su oferta acad\u00e9mica al poner en marcha su curso gratuito en\u2026<\/p>\n<p class=\"postmeta\"><span class=\"meta_date\">julio 5, 2017<\/span><\/p>\n<p class=\"postmeta\">\n<\/div>\n<div class=\"featuredpost\">\n<div class=\"flow_hide\">\n<p><a href=\"http:\/\/www.eloriente.net\/home\/2017\/07\/04\/oaxaca-diputacion-permanente-la-63-legislatura-del-estado-culmino-trabajos-legislativos\/\" rel=\"bookmark\"><img decoding=\"async\" class=\"alignleft\" title=\"OAXACA: Diputaci\u00f3n Permanente de la 63 Legislatura del Estado culmin\u00f3 sus trabajos legislativos\" src=\"http:\/\/www.eloriente.net\/home\/wp-content\/themes\/city-desk\/timthumb.php?src=http%3A%2F%2Fwww.eloriente.net%2Fhome%2Fwp-content%2Fuploads%2F2017%2F07%2FPRODUCTIVIDAD-LEGISLATURA-63.jpg&amp;q=90&amp;w=70&amp;h=45&amp;zc=1\" alt=\"OAXACA: Diputaci\u00f3n Permanente de la 63 Legislatura del Estado culmin\u00f3 sus trabajos legislativos\" \/><\/a><\/p>\n<h2 class=\"posttitle \"><a title=\"Enlace Permanente a OAXACA: Diputaci\u00f3n Permanente de la 63 Legislatura del Estado culmin\u00f3 sus trabajos legislativos\" href=\"http:\/\/www.eloriente.net\/home\/2017\/07\/04\/oaxaca-diputacion-permanente-la-63-legislatura-del-estado-culmino-trabajos-legislativos\/\" rel=\"bookmark\">OAXACA: Diputaci\u00f3n Permanente de la 63 Legislatura del Estado culmin\u00f3 sus trabajos legislativos<\/a><\/h2>\n<\/div>\n<p>eloriente.net 4 de julio de 2017 Con siete periodos extraordinarios de sesiones convocadas al Pleno Legislativo y tras la aprobaci\u00f3n de las leyes de Instituciones Pol\u00edticas y\u2026<\/p>\n<p class=\"postmeta\"><span class=\"meta_date\">julio 4, 2017<\/span><\/p>\n<p class=\"postmeta\">\n<\/div>\n<div class=\"featuredpost\">\n<div class=\"flow_hide\">\n<p><a href=\"http:\/\/www.eloriente.net\/home\/2017\/07\/04\/5-vacantes-diseno-grafico-martesdevacantes\/\" rel=\"bookmark\"><img decoding=\"async\" class=\"alignleft\" title=\"5 Vacantes en Dise\u00f1o Gr\u00e1fico #MartesDeVacantes\" src=\"http:\/\/www.eloriente.net\/home\/wp-content\/themes\/city-desk\/timthumb.php?src=http%3A%2F%2Fwww.eloriente.net%2Fhome%2Fwp-content%2Fuploads%2F2014%2F05%2Fmartes-de-vacantes.jpg&amp;q=90&amp;w=70&amp;h=45&amp;zc=1\" alt=\"5 Vacantes en Dise\u00f1o Gr\u00e1fico #MartesDeVacantes\" \/><\/a><\/p>\n<h2 class=\"posttitle \"><a title=\"Enlace Permanente a 5 Vacantes en Dise\u00f1o Gr\u00e1fico #MartesDeVacantes\" href=\"http:\/\/www.eloriente.net\/home\/2017\/07\/04\/5-vacantes-diseno-grafico-martesdevacantes\/\" rel=\"bookmark\">5 Vacantes en Dise\u00f1o Gr\u00e1fico #MartesDeVacantes<\/a><\/h2>\n<\/div>\n<p>(www.eloriente.net, M\u00e9xico, a 3 de julio de 2017).- Conscientes de la importancia para la ciudadan\u00eda en general de la b\u00fasqueda de nuevas oportunidades de crecimiento profesional, ponemos\u2026<\/p>\n<p class=\"postmeta\"><span class=\"meta_date\">julio 4, 2017<\/span><\/p>\n<\/div>\n<p>&nbsp;<\/p>\n\n\t\t\t  <div \n\t\t\t  \tclass = \"fb-comments\" \n\t\t\t  \tdata-href = \"http:\/\/www.eloriente.net\/home\/2017\/07\/06\/actividades-culturales-oaxaca-no-te-puedes-perder-del-6-al-12-julio\/\"\n\t\t\t  \tdata-numposts = \"10\"\n\t\t\t\tdata-colorscheme = \"dark\"\n\t\t\t\tdata-order-by = \"social\"\n\t\t\t\tdata-mobile=true>\n\t\t\t  <\/div>\n\t\t  <style>\n\t\t\t.fb_iframe_widget_fluid_desktop iframe {\n\t\t\t    width: 100% !important;\n\t\t\t}\n\t\t  <\/style>\n\t\t  ","protected":false},"excerpt":{"rendered":"<p>(www.eloriente.net; M\u00e9xico a 6 de julio de 2017).- Por Jessica Lamadrid &nbsp; Como todos los jueves te compartimos diversas actividades que se llevar\u00e1n a cabo en la ciudad como: presentaciones de libros, charlas, talleres, proyecciones y conciertos en nuestra agenda cultural de cada semana. &nbsp; 1.- \u00a0Somos la Cara de Oaxaca. Testimonios y Movimientos Sociales [&hellip;]<\/p>\n","protected":false},"author":45,"featured_media":48973,"comment_status":"open","ping_status":"open","sticky":false,"template":"","format":"standard","meta":{"_jetpack_memberships_contains_paid_content":false,"footnotes":""},"categories":[8,32,10,464,31],"tags":[858,1032,241,1989,73],"class_list":["post-48962","post","type-post","status-publish","format-standard","has-post-thumbnail","hentry","category-agenda","category-entradas","category-lo-mas-reciente","category-oaxaca-estados","category-principal","tag-actividades","tag-agenda-2","tag-cultura","tag-julio","tag-oaxaca"],"jetpack_featured_media_url":"http:\/\/www.eloriente.net\/home\/wp-content\/uploads\/2017\/07\/10945271414_2fc97887df_k.jpg","jetpack_sharing_enabled":true,"_links":{"self":[{"href":"http:\/\/www.eloriente.net\/home\/wp-json\/wp\/v2\/posts\/48962"}],"collection":[{"href":"http:\/\/www.eloriente.net\/home\/wp-json\/wp\/v2\/posts"}],"about":[{"href":"http:\/\/www.eloriente.net\/home\/wp-json\/wp\/v2\/types\/post"}],"author":[{"embeddable":true,"href":"http:\/\/www.eloriente.net\/home\/wp-json\/wp\/v2\/users\/45"}],"replies":[{"embeddable":true,"href":"http:\/\/www.eloriente.net\/home\/wp-json\/wp\/v2\/comments?post=48962"}],"version-history":[{"count":5,"href":"http:\/\/www.eloriente.net\/home\/wp-json\/wp\/v2\/posts\/48962\/revisions"}],"predecessor-version":[{"id":48986,"href":"http:\/\/www.eloriente.net\/home\/wp-json\/wp\/v2\/posts\/48962\/revisions\/48986"}],"wp:featuredmedia":[{"embeddable":true,"href":"http:\/\/www.eloriente.net\/home\/wp-json\/wp\/v2\/media\/48973"}],"wp:attachment":[{"href":"http:\/\/www.eloriente.net\/home\/wp-json\/wp\/v2\/media?parent=48962"}],"wp:term":[{"taxonomy":"category","embeddable":true,"href":"http:\/\/www.eloriente.net\/home\/wp-json\/wp\/v2\/categories?post=48962"},{"taxonomy":"post_tag","embeddable":true,"href":"http:\/\/www.eloriente.net\/home\/wp-json\/wp\/v2\/tags?post=48962"}],"curies":[{"name":"wp","href":"https:\/\/api.w.org\/{rel}","templated":true}]}}