{"id":48976,"date":"2017-07-05T11:46:25","date_gmt":"2017-07-05T17:46:25","guid":{"rendered":"http:\/\/www.eloriente.net\/home\/?p=48976"},"modified":"2017-07-05T11:46:25","modified_gmt":"2017-07-05T17:46:25","slug":"videocolumnas-darle-al-campo-mexicano-la-dignidad-merece-karina-baron","status":"publish","type":"post","link":"http:\/\/www.eloriente.net\/home\/2017\/07\/05\/videocolumnas-darle-al-campo-mexicano-la-dignidad-merece-karina-baron\/","title":{"rendered":"VIDEOCOLUMNAS: Hay que darle al campo mexicano la dignidad que merece. Por Karina Bar\u00f3n"},"content":{"rendered":"<p><script src=\"\/\/pagead2.googlesyndication.com\/pagead\/js\/adsbygoogle.js\" async=\"\"><\/script><!-- BANNER ELORIENTE INCRUSTADO NOTAS --> <ins class=\"adsbygoogle\" style=\"display: inline-block; width: 300px; height: 250px;\" data-ad-client=\"ca-pub-1136171134853753\" data-ad-slot=\"7974633627\"><\/ins><script>\/\/ <![CDATA[\n(adsbygoogle = window.adsbygoogle || []).push({});\n\/\/ ]]><\/script><\/p>\n<p>&nbsp;<\/p>\n<p>eloriente.net<\/p>\n<p>5 de julio de 2017<\/p>\n<p>\u00abHace algunos d\u00edas, la Comisi\u00f3n Permanente del Congreso de la Uni\u00f3n, aprob\u00f3 4 puntos de acuerdo que present\u00e9, principalmente en defensa de las y los campesinos as\u00ed como de las comunidades m\u00e1s desfavorecidas del pa\u00eds.<\/p>\n<p>Necesitamos saber que lo importante a partir de ahora es que no se queden como letra muerta, sino que las autoridades a quienes van dirigidos se pongan a trabajar.\u00bb<\/p>\n<p>Mira la nueva videocolumna de\u00a0<a class=\"profileLink\" href=\"https:\/\/www.facebook.com\/KarinaBaronO\/?fref=mentions\" data-hovercard=\"\/ajax\/hovercard\/page.php?id=1608616546024857&amp;extragetparams=%7B%22fref%22%3A%22mentions%22%7D\" data-hovercard-prefer-more-content-show=\"1\">Karina Bar\u00f3n<\/a>\u00a0donde hablar\u00e1 de este tema.<\/p>\n<p><iframe loading=\"lazy\" style=\"border: none; overflow: hidden;\" src=\"https:\/\/www.facebook.com\/plugins\/video.php?href=https%3A%2F%2Fwww.facebook.com%2F443535572345554%2Fvideos%2F1609801569052276%2F&amp;show_text=0&amp;width=560\" width=\"560\" height=\"315\" frameborder=\"0\" scrolling=\"no\" allowfullscreen=\"allowfullscreen\"><\/iframe><\/p>\n<p><script src=\"\/\/pagead2.googlesyndication.com\/pagead\/js\/adsbygoogle.js\" async=\"\"><\/script><!-- BANNER PEQUE\u00d1O PARA ENTRENOTAS EL ORIENTE --> <ins class=\"adsbygoogle\" style=\"display: inline-block; width: 468px; height: 60px;\" data-ad-client=\"ca-pub-1136171134853753\" data-ad-slot=\"4953536424\"><\/ins><script>\/\/ <![CDATA[\n(adsbygoogle = window.adsbygoogle || []).push({});\n\/\/ ]]><\/script><\/p>\n<p>Karina Bar\u00f3n es Licenciada en Derecho por la Universidad Aut\u00f3noma Benito Ju\u00e1rez de Oaxaca, fue dirigente nacional de la Uni\u00f3n General Obrero, Campesina y Popular A.C. (UGOCP), integrante de la Coordinaci\u00f3n Estatal de Nueva Izquierda en Oaxaca.<\/p>\n<p>Actualmente es integrante de la Comisi\u00f3n de Agricultura y Sistemas de Riego, Secretaria de las comisiones de Desarrollo Social y Asuntos Frontera Sur-Sureste, y Presidenta de la Comisi\u00f3n de seguimiento al Programa Especial Concurrente Anexo 11.1\u00a0en la C\u00e1mara de Diputados.<\/p>\n<p><a href=\"http:\/\/www.eloriente.net\/home\/wp-content\/uploads\/2017\/07\/KARINA-BARO\u0301N-4-DE-JULIO-2017.jpg\" rel=\"attachment wp-att-48977\"><img loading=\"lazy\" decoding=\"async\" class=\"alignnone  wp-image-48977\" src=\"http:\/\/www.eloriente.net\/home\/wp-content\/uploads\/2017\/07\/KARINA-BARO\u0301N-4-DE-JULIO-2017-1024x576.jpg\" alt=\"KARINA BARO\u0301N 4 DE JULIO 2017\" width=\"601\" height=\"338\" srcset=\"http:\/\/www.eloriente.net\/home\/wp-content\/uploads\/2017\/07\/KARINA-BARO\u0301N-4-DE-JULIO-2017-1024x576.jpg 1024w, http:\/\/www.eloriente.net\/home\/wp-content\/uploads\/2017\/07\/KARINA-BARO\u0301N-4-DE-JULIO-2017-300x169.jpg 300w, http:\/\/www.eloriente.net\/home\/wp-content\/uploads\/2017\/07\/KARINA-BARO\u0301N-4-DE-JULIO-2017-768x432.jpg 768w, http:\/\/www.eloriente.net\/home\/wp-content\/uploads\/2017\/07\/KARINA-BARO\u0301N-4-DE-JULIO-2017.jpg 1920w\" sizes=\"(max-width: 601px) 100vw, 601px\" \/><\/a><\/p>\n<p><strong>OTRAS VIDEOCOLUMNAS<\/strong><\/p>\n<div id=\"post-48932\" class=\"entry loop-default border_bottom_30 post-48932 post type-post status-publish format-standard has-post-thumbnail hentry category-canal-1-tu-aula category-entradas category-historia category-salvador-siguenza-orozco category-videoblogs tag-andre tag-autos tag-citroen tag-expediciones tag-historia tag-salavador-siguenza tag-volkwagen\">\n<h2 class=\"entry_title\"><a title=\"Enlace Permanente a VIDEOCOLUMNA: Citr\u00f6en y sus expediciones. Por Salvador Sig\u00fcenza Orozco\" href=\"http:\/\/www.eloriente.net\/home\/2017\/07\/03\/videocolumna-citroen-expediciones-salvador-siguenza-orozco\/\" rel=\"bookmark\">VIDEOCOLUMNA: Citr\u00f6en y sus expediciones. Por Salvador Sig\u00fcenza Orozco<\/a><\/h2>\n<p><a href=\"http:\/\/www.eloriente.net\/home\/2017\/07\/03\/videocolumna-citroen-expediciones-salvador-siguenza-orozco\/\" rel=\"bookmark\"><img decoding=\"async\" class=\"alignleft\" title=\"VIDEOCOLUMNA: Citr\u00f6en y sus expediciones. Por Salvador Sig\u00fcenza Orozco\" src=\"http:\/\/www.eloriente.net\/home\/wp-content\/themes\/city-desk\/timthumb.php?src=http%3A%2F%2Fwww.eloriente.net%2Fhome%2Fwp-content%2Fuploads%2F2017%2F07%2FSALVADOR-SIGU%CC%88ENZA-1-DE-JULIO-2017.jpg&amp;q=90&amp;w=160&amp;h=106&amp;zc=1\" alt=\"VIDEOCOLUMNA: Citr\u00f6en y sus expediciones. Por Salvador Sig\u00fcenza Orozco\" \/><\/a>\u00a0 eloriente.net 3 de julio de 2017 \u201cLas ideas de Citr\u00f6en revolucionaron la industria automotriz: introdujo la carrocer\u00eda de acero, vendi\u00f3 miniaturas de sus autos, creo una red comercial para ventas, un anuncio luminoso de la empresa fue colocado en la torre Eiffel.\u201d Esta semana el doctor\u00a0Salvador Sig\u00fcenza\u00a0nos platica sobre Andr\u00e9 Citr\u00f6en y como revolucion\u00f3 [\u2026]<\/p>\n<div class=\"toolbar-social\">\n<div class=\"social-widget\">\n<div id=\"sharing-widget\"><\/div>\n<\/div>\n<\/div>\n<p class=\"postmeta\"><span class=\"meta_date\">julio 3, 2017<\/span><\/p>\n<\/div>\n<div id=\"post-48937\" class=\"entry loop-default border_bottom_30 post-48937 post type-post status-publish format-standard has-post-thumbnail hentry category-miercolesdeeconomia category-comunicacion category-educacion-y-cultura category-entradas category-estados category-juan-antonio-gomez category-oaxaca-estados category-turismo-y-negocios category-videoblogs tag-el-oriente tag-juan-antonio-gomez tag-literatura tag-turismo tag-videocolumna\">\n<h2 class=\"entry_title\"><a title=\"Enlace Permanente a VIDEOCOLUMNA: Literatura y turismo. Por Juan Antonio G\u00f3mez\" href=\"http:\/\/www.eloriente.net\/home\/2017\/07\/03\/videocolumna-literatura-turismo-juan-antonio-gomez\/\" rel=\"bookmark\">VIDEOCOLUMNA: Literatura y turismo. Por Juan Antonio G\u00f3mez<\/a><\/h2>\n<p><a href=\"http:\/\/www.eloriente.net\/home\/2017\/07\/03\/videocolumna-literatura-turismo-juan-antonio-gomez\/\" rel=\"bookmark\"><img decoding=\"async\" class=\"alignleft\" title=\"VIDEOCOLUMNA: Literatura y turismo. Por Juan Antonio G\u00f3mez\" src=\"http:\/\/www.eloriente.net\/home\/wp-content\/themes\/city-desk\/timthumb.php?src=http%3A%2F%2Fwww.eloriente.net%2Fhome%2Fwp-content%2Fuploads%2F2017%2F07%2FJUAN-ANTONIO-GO%CC%81MEZ-2-DE-JULIO-2017.jpg&amp;q=90&amp;w=160&amp;h=106&amp;zc=1\" alt=\"VIDEOCOLUMNA: Literatura y turismo. Por Juan Antonio G\u00f3mez\" \/><\/a>\u00a0 eloriente.net 3 de julio de 2017 \u201cEn la Edad Media se destaca por sus c\u00e9lebres viajes el veneciano Marco Polo qu\u00e9 llego\u0301 a convertirse en una figura legendaria muy comentada aun en nuestros d\u00edas. \u00c9l, con su familia encontr\u00f3 una ruta alterna por tierra hacia China; sorprendi\u00f3 en su \u00e9poca con el libro de [\u2026]<\/p>\n<div class=\"toolbar-social\">\n<div class=\"social-widget\">\n<div id=\"sharing-widget\"><\/div>\n<\/div>\n<\/div>\n<p class=\"postmeta\"><span class=\"meta_date\">julio 3, 2017<\/span><\/p>\n<\/div>\n<div id=\"post-48926\" class=\"entry loop-default border_bottom_30 post-48926 post type-post status-publish format-standard has-post-thumbnail hentry category-viernesdefelicidad category-educacion-y-cultura category-entradas category-salud-y-estilo-de-vida category-lo-mas-reciente category-salud category-ursula-woolrich category-videoblogs tag-battista-borsato tag-bienestar tag-el-oriente tag-escuchar-al-otro tag-parte-2 tag-psicologia tag-ursula-woolrich tag-videocolumna\">\n<h2 class=\"entry_title\"><a title=\"Enlace Permanente a VIDEOCOLUMNA: \u201cEscuchar al otro\u201d (Parte 2). Por \u00darsula Woolrich\" href=\"http:\/\/www.eloriente.net\/home\/2017\/07\/03\/videocolumna-escuchar-al-parte-2-ursula-woolrich\/\" rel=\"bookmark\">VIDEOCOLUMNA: \u201cEscuchar al otro\u201d (Parte 2). Por \u00darsula Woolrich<\/a><\/h2>\n<p><a href=\"http:\/\/www.eloriente.net\/home\/2017\/07\/03\/videocolumna-escuchar-al-parte-2-ursula-woolrich\/\" rel=\"bookmark\"><img decoding=\"async\" class=\"alignleft\" title=\"VIDEOCOLUMNA: \u201cEscuchar al otro\u201d (Parte 2). Por \u00darsula Woolrich\" src=\"http:\/\/www.eloriente.net\/home\/wp-content\/themes\/city-desk\/timthumb.php?src=http%3A%2F%2Fwww.eloriente.net%2Fhome%2Fwp-content%2Fuploads%2F2017%2F07%2FU%CC%81RSULA-WOOLRICH-30-DE-JUNIO-2017.jpg&amp;q=90&amp;w=160&amp;h=106&amp;zc=1\" alt=\"VIDEOCOLUMNA: \u201cEscuchar al otro\u201d (Parte 2). Por \u00darsula Woolrich\" \/><\/a>\u00a0 eloriente.net 3 de julio de 2017 Esta semana\u00a0Ursula Woolrich\u00a0nos presenta la segunda parte del cap\u00edtulo \u201cEscuchar al otro\u201d del libro \u201cEl amor inteligente en la vida de pareja\u201d de Battista Borsato. En esta ocasi\u00f3n nos habla de la importancia de aprender a diferenciar entre escuchar y o\u00edr, sobre todo cuando se trata de personas [\u2026]<\/p>\n<div class=\"toolbar-social\">\n<div class=\"social-widget\">\n<div id=\"sharing-widget\"><\/div>\n<\/div>\n<\/div>\n<p class=\"postmeta\"><span class=\"meta_date\">julio 3, 2017<\/span><\/p>\n<\/div>\n\n\t\t\t  <div \n\t\t\t  \tclass = \"fb-comments\" \n\t\t\t  \tdata-href = \"http:\/\/www.eloriente.net\/home\/2017\/07\/05\/videocolumnas-darle-al-campo-mexicano-la-dignidad-merece-karina-baron\/\"\n\t\t\t  \tdata-numposts = \"10\"\n\t\t\t\tdata-colorscheme = \"dark\"\n\t\t\t\tdata-order-by = \"social\"\n\t\t\t\tdata-mobile=true>\n\t\t\t  <\/div>\n\t\t  <style>\n\t\t\t.fb_iframe_widget_fluid_desktop iframe {\n\t\t\t    width: 100% !important;\n\t\t\t}\n\t\t  <\/style>\n\t\t  ","protected":false},"excerpt":{"rendered":"<p>&nbsp; eloriente.net 5 de julio de 2017 \u00abHace algunos d\u00edas, la Comisi\u00f3n Permanente del Congreso de la Uni\u00f3n, aprob\u00f3 4 puntos de acuerdo que present\u00e9, principalmente en defensa de las y los campesinos as\u00ed como de las comunidades m\u00e1s desfavorecidas del pa\u00eds. Necesitamos saber que lo importante a partir de ahora es que no se [&hellip;]<\/p>\n","protected":false},"author":44,"featured_media":48977,"comment_status":"open","ping_status":"open","sticky":false,"template":"","format":"standard","meta":{"_jetpack_memberships_contains_paid_content":false,"footnotes":""},"categories":[91,32,6324,10,24,21,98],"tags":[2830,552,2411,771,4418,141,6224],"class_list":["post-48976","post","type-post","status-publish","format-standard","has-post-thumbnail","hentry","category-congreso-y-justicia","category-entradas","category-karina-baron","category-lo-mas-reciente","category-mexico-y-el-mundo","category-politica-y-gobierno","category-videoblogs","tag-camara-de-diputados","tag-campo","tag-campo-mexicano","tag-dignidad","tag-karina-baron","tag-mexico","tag-videocolumna"],"jetpack_featured_media_url":"http:\/\/www.eloriente.net\/home\/wp-content\/uploads\/2017\/07\/KARINA-BARO\u0301N-4-DE-JULIO-2017.jpg","jetpack_sharing_enabled":true,"_links":{"self":[{"href":"http:\/\/www.eloriente.net\/home\/wp-json\/wp\/v2\/posts\/48976"}],"collection":[{"href":"http:\/\/www.eloriente.net\/home\/wp-json\/wp\/v2\/posts"}],"about":[{"href":"http:\/\/www.eloriente.net\/home\/wp-json\/wp\/v2\/types\/post"}],"author":[{"embeddable":true,"href":"http:\/\/www.eloriente.net\/home\/wp-json\/wp\/v2\/users\/44"}],"replies":[{"embeddable":true,"href":"http:\/\/www.eloriente.net\/home\/wp-json\/wp\/v2\/comments?post=48976"}],"version-history":[{"count":1,"href":"http:\/\/www.eloriente.net\/home\/wp-json\/wp\/v2\/posts\/48976\/revisions"}],"predecessor-version":[{"id":48978,"href":"http:\/\/www.eloriente.net\/home\/wp-json\/wp\/v2\/posts\/48976\/revisions\/48978"}],"wp:featuredmedia":[{"embeddable":true,"href":"http:\/\/www.eloriente.net\/home\/wp-json\/wp\/v2\/media\/48977"}],"wp:attachment":[{"href":"http:\/\/www.eloriente.net\/home\/wp-json\/wp\/v2\/media?parent=48976"}],"wp:term":[{"taxonomy":"category","embeddable":true,"href":"http:\/\/www.eloriente.net\/home\/wp-json\/wp\/v2\/categories?post=48976"},{"taxonomy":"post_tag","embeddable":true,"href":"http:\/\/www.eloriente.net\/home\/wp-json\/wp\/v2\/tags?post=48976"}],"curies":[{"name":"wp","href":"https:\/\/api.w.org\/{rel}","templated":true}]}}