{"id":49016,"date":"2017-07-10T16:30:42","date_gmt":"2017-07-10T22:30:42","guid":{"rendered":"http:\/\/www.eloriente.net\/home\/?p=49016"},"modified":"2022-06-27T12:09:42","modified_gmt":"2022-06-27T18:09:42","slug":"la-cultura-nuestra-casa-la-cultura-juan-pablo-vasconcelos","status":"publish","type":"post","link":"http:\/\/www.eloriente.net\/home\/2017\/07\/10\/la-cultura-nuestra-casa-la-cultura-juan-pablo-vasconcelos\/","title":{"rendered":"ES LA CULTURA: Nuestra Casa de la Cultura. Por Juan Pablo Vasconcelos"},"content":{"rendered":"<p><script src=\"\/\/pagead2.googlesyndication.com\/pagead\/js\/adsbygoogle.js\" async=\"\"><\/script><!-- BANNER ELORIENTE INCRUSTADO NOTAS --> <ins class=\"adsbygoogle\" style=\"display: inline-block; width: 300px; height: 250px;\" data-ad-client=\"ca-pub-1136171134853753\" data-ad-slot=\"7974633627\"><\/ins><script>\/\/ <![CDATA[ (adsbygoogle = window.adsbygoogle || []).push({}); \/\/ ]]><\/script><\/p>\n<p>&nbsp;<\/p>\n<p>eloriente.net<\/p>\n<p>10 de julio de 2017<\/p>\n<p>Por Juan Pablo Vasconcelos<\/p>\n<p><a href=\"https:\/\/twitter.com\/JPVmx\" target=\"_blank\" rel=\"noopener\">@JPVmx<\/a><\/p>\n<p>&nbsp;<\/p>\n<p><i><span style=\"font-weight: 400;\">\u201cNo se ha hecho todav\u00eda una encuesta entre ciudadanos de la capital de Oaxaca, que nos revele cu\u00e1l es el porcentaje de nosotros que hemos pasado por las aulas de la Casa de la Cultura.<\/span><\/i><\/p>\n<p><i><span style=\"font-weight: 400;\">Tampoco la hay, que cuantifique el afecto extraordinario que le tenemos\u201d.<\/span><\/i><\/p>\n<p>&nbsp;<\/p>\n<p><span style=\"font-weight: 400;\">En tiempos de desconfianza generalizada hacia las instituciones, a\u00fan hay remansos.<\/span><\/p>\n<p><span style=\"font-weight: 400;\">Si estamos ciertos \u2014por las encuestas oficiales\u2014 de que cerca del 76% de los habitantes del pa\u00eds desconf\u00eda de la polic\u00eda de tr\u00e1nsito, deber\u00edamos construir algunos indicadores que nos comuniquen mayor esperanza. Medir, por ejemplo, cu\u00e1nto confiamos en una instituci\u00f3n tan nuestra como la Casa de la Cultura Oaxaque\u00f1a (CCO), lo cual seguro ha de equilibrar para bien cualquiera de las mediciones.<\/span><\/p>\n<p><span style=\"font-weight: 400;\">La confianza sigue siendo tal, que decenas de padres y madres dejan en esa callecita de Gonz\u00e1lez Ortega a sus hijos \u2014\u201clo m\u00e1s valioso que tenemos en la vida\u201d, aseguran\u2014, sin m\u00e1s sentido de por medio que ayudarlos a expresarse. Expresar sus emociones, ideas y talentos.<\/span><\/p>\n<p><span style=\"font-weight: 400;\">Inclusive aquellos talentos secretos que con los a\u00f1os se diluyen, pero que no dejaron de ser alguna vez la raz\u00f3n por la cual pudimos dejarlo todo, abandonarlo todo, cambiarlo todo.<\/span><\/p>\n<p><span style=\"font-weight: 400;\"> Entr\u00e1bamos en la pr\u00e1ctica del dibujo o la m\u00fasica y el tiempo se suspend\u00eda. Nunca fue aprender la finalidad. Solo expresar. Sabiendo que cuando se expresa con verdad, no hay divisi\u00f3n posible entre raz\u00f3n y emoci\u00f3n, entre intelectualidad y naturalidad. Porque las divisiones y clases solo tienen fin para los an\u00e1lisis, pero nadie vive atendiendo si es idea o pasi\u00f3n, si es A o B el siguiente acto.<\/span><\/p>\n<p><span style=\"font-weight: 400;\">Aquellas tardes, la luz de las 4 ca\u00eda a plomo sobre la fuente del primer patio. A\u00fan puedo ver el resplandor sobre las anchas hojas y, como si fuera ayer, el rojo deste\u00f1ido de los muros, que encerraban los sonidos de las clases de piano o saxof\u00f3n. \u00c9stas \u00faltimas \u2014seg\u00fan tengo memoria aunque no podr\u00eda asegurarlo\u2014, estaban destinadas a los alumnos avanzados, quienes ya hab\u00edan pasado flauta o solfeo, que es el nivel donde nos qued\u00e1bamos la inmensa mayor\u00eda.<\/span><\/p>\n<p><span style=\"font-weight: 400;\">Los corredores \u2014con una temperatura m\u00e1s baja que el promedio de los corredores de la ciudad\u2014, eran ideales para sentirse un artista.<\/span><\/p>\n<p><span style=\"font-weight: 400;\">Lo que fuera que esto signifique y que un artista, evidentemente, podr\u00eda explicar mejor que nadie.<\/span><\/p>\n<p><span style=\"font-weight: 400;\">Sentirse un artista, quiz\u00e1s, intuir que puedes traducir algo relevante para el resto de los seres humanos; interpretar cierto rasgo, color, atm\u00f3sfera, con un mirada \u00fanica, y comunicarla con un talento reservado para unos contados, en una conciencia de grupo que es innegable, a pesar de que el trabajo reside tambi\u00e9n en nunca sentirse diferente; indagar en asuntos que no tienen importancia aparente, pero cuyo misterio es creer que son los m\u00e1s relevantes, los inevitables.<\/span><\/p>\n<p><span style=\"font-weight: 400;\">Claro que sentirse as\u00ed a los siete u ocho no tiene nada que ver con estas l\u00edneas.<\/span><\/p>\n<p><span style=\"font-weight: 400;\">Es mucho m\u00e1s sencillo aunque no simple. Es la dicha de explorar e irse encontrando.<\/span><\/p>\n<p><script src=\"\/\/pagead2.googlesyndication.com\/pagead\/js\/adsbygoogle.js\" async=\"\"><\/script><!-- BANNER PEQUE\u00d1O PARA ENTRENOTAS EL ORIENTE --> <ins class=\"adsbygoogle\" style=\"display: inline-block; width: 468px; height: 60px;\" data-ad-client=\"ca-pub-1136171134853753\" data-ad-slot=\"4953536424\"><\/ins><script>\/\/ <![CDATA[ (adsbygoogle = window.adsbygoogle || []).push({}); \/\/ ]]><\/script><\/p>\n<p><span style=\"font-weight: 400;\">\u00bfPara qu\u00e9 servir\u00eda una Casa de la Cultura que no ayude a aventurarse antes que a certificarse? \u00bfY a vivir con cierta dicha la combinaci\u00f3n justa del amarillo y el azul en la acuarela o una digitaci\u00f3n limpia en los agujeros de la flauta?<\/span><\/p>\n<p><span style=\"font-weight: 400;\">En suma, nos ven\u00eda bien a nuestras tardes la experiencia de la Casa. Ya luego, la espera al terminar sentados en la fuente, en lo que era entonces una ciudad de poco tr\u00e1fico y de una seguridad extraordinaria. Tan es as\u00ed, que pod\u00edan dejarnos esperando a muchos ni\u00f1os durante un par de horas, solitarios, sin que nada peligroso nos ocurriera.<\/span><\/p>\n<p>&nbsp;<\/p>\n<p><span style=\"font-weight: 400;\">Por eso, mientras escuchaba junto a Guillermo Garc\u00eda Manzano \u2014director de la CCO\u2014 la interpretaci\u00f3n del estupendo bar\u00edtono Jorge Guerrero, durante la celebraci\u00f3n de aniversario de la instituci\u00f3n en el Teatro Alcal\u00e1, coment\u00e1bamos en voz baja la importancia social de la Casa, el alt\u00edsimo significado comunitario que conlleva y el estupendo trabajo que 18 directores han efectuado desde 1971 hasta la fecha.<\/span><\/p>\n<p><span style=\"font-weight: 400;\">Han sido 46 a\u00f1os de apretados presupuestos, visiones de pol\u00edtica cultural superpuestas y, a veces, hasta de olvido. Pero lo han sido tambi\u00e9n de f\u00e9rreo esp\u00edritu por parte de sus directores, coordinadores y de sus talleristas, muchos de los cuales han permanecido por numerosos a\u00f1os al frente de sus grupos y disciplinas. Gerardo Ib\u00e1\u00f1ez, Salvador Reyes o Am\u00e9rica Escalera, entre otros muchos, son ejemplo de constancia y vocaci\u00f3n innegable.<\/span><\/p>\n<p><span style=\"font-weight: 400;\">La Casa entonces no se ha mantenido de pie gracias a algo et\u00e9reo como \u201clas instituciones\u201d o \u201cel gobierno\u201d. Lo ha hecho debido a la generosidad y el esp\u00edritu de personas de carne y hueso, cuyo nombre necesita ser recordado pronto y con el volumen que merece.<\/span><\/p>\n<p><span style=\"font-weight: 400;\">Garc\u00eda Manzano acert\u00f3 en reconocer esa noche a pintores y benefactores, as\u00ed como a agrupaciones aliadas en la tarea de la instituci\u00f3n; gente sencilla que est\u00e1 una vez m\u00e1s sacando el pecho para permitir la continuaci\u00f3n de una labor de 46 a\u00f1os en la ciudad. Ahora, con el acompa\u00f1amiento de Ana Isabel V\u00e1squez Colmenares, seguramente podr\u00e1 abrir nuevos caminos, incluidos la rehabilitaci\u00f3n de sus instalaciones y el equipamiento.<\/span><\/p>\n<p><span style=\"font-weight: 400;\">Ahora bien, si es verdad que la Casa ha salvado en otros a\u00f1os su funcionamiento por el trabajo y la inspiraci\u00f3n de ciertas personas, tambi\u00e9n lo es que ninguna buena voluntad es para siempre.<\/span><\/p>\n<p><span style=\"font-weight: 400;\">Por ello, es correcto que la instituci\u00f3n se ubique al centro de las prioridades y funcionar como eje de una estrategia de primer contacto, de iniciaci\u00f3n y apreciaci\u00f3n art\u00edstica, que mucha falta le hace a la ciudad y a toda la poblaci\u00f3n del estado. Esta y el resto de las casas de la cultura del estado, son sitios estrat\u00e9gicos.<\/span><\/p>\n<p><span style=\"font-weight: 400;\">Estrat\u00e9gicos, sobre todo, para favorecer la expresi\u00f3n humana.<\/span><\/p>\n<p><span style=\"font-weight: 400;\">Expresi\u00f3n que si no encuentra en la cultura su conducto, ha de buscar por otras v\u00edas su desfogue.<\/span><\/p>\n<p><a href=\"http:\/\/www.eloriente.net\/home\/wp-content\/uploads\/2017\/07\/CASA-DE-LA-CULTURA_1.jpg\" rel=\"attachment wp-att-49017\"><img loading=\"lazy\" decoding=\"async\" class=\"alignnone wp-image-49017\" src=\"http:\/\/www.eloriente.net\/home\/wp-content\/uploads\/2017\/07\/CASA-DE-LA-CULTURA_1-1024x683.jpg\" alt=\"CASA-DE-LA-CULTURA_1\" width=\"600\" height=\"400\" srcset=\"http:\/\/www.eloriente.net\/home\/wp-content\/uploads\/2017\/07\/CASA-DE-LA-CULTURA_1-1024x683.jpg 1024w, http:\/\/www.eloriente.net\/home\/wp-content\/uploads\/2017\/07\/CASA-DE-LA-CULTURA_1-300x200.jpg 300w, http:\/\/www.eloriente.net\/home\/wp-content\/uploads\/2017\/07\/CASA-DE-LA-CULTURA_1-768x512.jpg 768w, http:\/\/www.eloriente.net\/home\/wp-content\/uploads\/2017\/07\/CASA-DE-LA-CULTURA_1.jpg 1281w\" sizes=\"(max-width: 600px) 100vw, 600px\" \/><\/a><\/p>\n<h3>M\u00e1s videos en el Canal de Youtube de El Oriente:<\/h3>\n<p><iframe loading=\"lazy\" title=\"YouTube video player\" src=\"https:\/\/www.youtube.com\/embed\/amRaQI7cfo4\" width=\"560\" height=\"315\" frameborder=\"0\" allowfullscreen=\"allowfullscreen\"><\/iframe><\/p>\n<p><script async src=\"https:\/\/pagead2.googlesyndication.com\/pagead\/js\/adsbygoogle.js\"><\/script><br \/>\n<ins class=\"adsbygoogle\" style=\"display: block; text-align: center;\" data-ad-layout=\"in-article\" data-ad-format=\"fluid\" data-ad-client=\"ca-pub-1136171134853753\" data-ad-slot=\"4724569608\"><\/ins><br \/>\n<script>\n     (adsbygoogle = window.adsbygoogle || []).push({});\n<\/script><\/p>\n<p><strong>OTRAS ENTRADAS<\/strong><\/p>\n<div class=\"featuredpost\">\n<div class=\"flow_hide\">\n<h2 class=\"posttitle bigposttitle\"><a title=\"Enlace Permanente a OPINI\u00d3N: \u00bfLey de Protecci\u00f3n a Periodistas en Oaxaca\u2026 o fortalecer el Estado de Derecho? Por Adri\u00e1n Ortiz Romero\" href=\"http:\/\/www.eloriente.net\/home\/2017\/07\/10\/opinion-ley-proteccion-periodistas-oaxaca-fortalecer-estado-derecho-adrian-ortiz-romero\/\" rel=\"bookmark\">OPINI\u00d3N: \u00bfLey de Protecci\u00f3n a Periodistas en Oaxaca\u2026 o fortalecer el Estado de Derecho? Por Adri\u00e1n Ortiz Romero<\/a><\/h2>\n<\/div>\n<p>(www.eloriente.net, M\u00e9xico, a 10 de julio de 2017, por Adri\u00e1n Ortiz Romero\/Al Margen).- \u00a0El pasado viernes, la Asociaci\u00f3n de Periodistas de Oaxaca A.C., tuvo la deferencia de\u2026<\/p>\n<p class=\"postmeta\"><span class=\"meta_date\">julio 10, 2017<\/span><\/p>\n<div class=\"toolbar-social\"><\/div>\n<\/div>\n<div class=\"featuredpost\">\n<div class=\"flow_hide\">\n<p><a href=\"http:\/\/www.eloriente.net\/home\/2017\/07\/09\/oaxaca-pinotepa-nacional-juchitan-estaran-guelaguetza\/\" rel=\"bookmark\"><img decoding=\"async\" class=\"alignleft\" title=\"OAXACA: Pinotepa Nacional y Juchit\u00e1n s\u00ed estar\u00e1n en Guelaguetza\" src=\"http:\/\/www.eloriente.net\/home\/wp-content\/themes\/city-desk\/timthumb.php?src=http%3A%2F%2Fwww.eloriente.net%2Fhome%2Fwp-content%2Fuploads%2F2017%2F07%2FJuchitan-market-cc-Janice-Waltzer.jpg&amp;q=90&amp;w=70&amp;h=45&amp;zc=1\" alt=\"OAXACA: Pinotepa Nacional y Juchit\u00e1n s\u00ed estar\u00e1n en Guelaguetza\" \/><\/a><\/p>\n<h2 class=\"posttitle \"><a title=\"Enlace Permanente a OAXACA: Pinotepa Nacional y Juchit\u00e1n s\u00ed estar\u00e1n en Guelaguetza\" href=\"http:\/\/www.eloriente.net\/home\/2017\/07\/09\/oaxaca-pinotepa-nacional-juchitan-estaran-guelaguetza\/\" rel=\"bookmark\">OAXACA: Pinotepa Nacional y Juchit\u00e1n s\u00ed estar\u00e1n en Guelaguetza<\/a><\/h2>\n<\/div>\n<p>(www.eloriente.net, M\u00e9xico, a 9 de julio de 2017. Por: Gustavo Hern\u00e1ndez).- Esta noche, a trav\u00e9s de un comunicado v\u00eda redes sociales, el Gobierno del Estado de Oaxaca inform\u00f3\u2026<\/p>\n<p class=\"postmeta\"><span class=\"meta_date\">julio 9, 2017<\/span><\/p>\n<div class=\"toolbar-social\"><\/div>\n<\/div>\n<div class=\"featuredpost\">\n<div class=\"flow_hide\">\n<p><a href=\"http:\/\/www.eloriente.net\/home\/2017\/07\/08\/oaxaca-se-ha-informado-500-negocios-establecidos-programa-sensibilizacion-regularizacion-del-comercio-control-especial\/\" rel=\"bookmark\"><img decoding=\"async\" class=\"alignleft\" title=\"OAXACA: Se ha informado a 500 negocios establecidos sobre el programa de \u201cSensibilizaci\u00f3n y regularizaci\u00f3n del comercio de control especial\u201d\" src=\"http:\/\/www.eloriente.net\/home\/wp-content\/themes\/city-desk\/timthumb.php?src=http%3A%2F%2Fwww.eloriente.net%2Fhome%2Fwp-content%2Fuploads%2F2017%2F07%2Fbar-2209813_960_720.jpg&amp;q=90&amp;w=70&amp;h=45&amp;zc=1\" alt=\"OAXACA: Se ha informado a 500 negocios establecidos sobre el programa de \u201cSensibilizaci\u00f3n y regularizaci\u00f3n del comercio de control especial\u201d\" \/><\/a><\/p>\n<h2 class=\"posttitle \"><a title=\"Enlace Permanente a OAXACA: Se ha informado a 500 negocios establecidos sobre el programa de \u201cSensibilizaci\u00f3n y regularizaci\u00f3n del comercio de control especial\u201d\" href=\"http:\/\/www.eloriente.net\/home\/2017\/07\/08\/oaxaca-se-ha-informado-500-negocios-establecidos-programa-sensibilizacion-regularizacion-del-comercio-control-especial\/\" rel=\"bookmark\">OAXACA: Se ha informado a 500 negocios establecidos sobre el programa de \u201cSensibilizaci\u00f3n y regularizaci\u00f3n del comercio de control especial\u201d<\/a><\/h2>\n<\/div>\n<p>eloritente.net 8 de julio de 2017 La Contralor\u00eda de Oaxaca de Ju\u00e1rez informa que en lo que va de la administraci\u00f3n se han visitado e informado a\u2026<\/p>\n<p class=\"postmeta\"><span class=\"meta_date\">julio 8, 2017<\/span><\/p>\n<\/div>\n\n\t\t\t  <div \n\t\t\t  \tclass = \"fb-comments\" \n\t\t\t  \tdata-href = \"http:\/\/www.eloriente.net\/home\/2017\/07\/10\/la-cultura-nuestra-casa-la-cultura-juan-pablo-vasconcelos\/\"\n\t\t\t  \tdata-numposts = \"10\"\n\t\t\t\tdata-colorscheme = \"dark\"\n\t\t\t\tdata-order-by = \"social\"\n\t\t\t\tdata-mobile=true>\n\t\t\t  <\/div>\n\t\t  <style>\n\t\t\t.fb_iframe_widget_fluid_desktop iframe {\n\t\t\t    width: 100% !important;\n\t\t\t}\n\t\t  <\/style>\n\t\t  ","protected":false},"excerpt":{"rendered":"<p>&nbsp; eloriente.net 10 de julio de 2017 Por Juan Pablo Vasconcelos @JPVmx &nbsp; \u201cNo se ha hecho todav\u00eda una encuesta entre ciudadanos de la capital de Oaxaca, que nos revele cu\u00e1l es el porcentaje de nosotros que hemos pasado por las aulas de la Casa de la Cultura. Tampoco la hay, que cuantifique el afecto [&hellip;]<\/p>\n","protected":false},"author":13,"featured_media":49017,"comment_status":"open","ping_status":"open","sticky":false,"template":"","format":"standard","meta":{"_jetpack_memberships_contains_paid_content":false,"footnotes":""},"categories":[11,18,32,63,16,54,464],"tags":[5795,4460,477,7229,1285,73,197],"class_list":["post-49016","post","type-post","status-publish","format-standard","has-post-thumbnail","hentry","category-colaboradores","category-educacion-y-cultura","category-entradas","category-estados","category-salud-y-estilo-de-vida","category-juan-pablo-vasconcelos","category-oaxaca-estados","tag-casa-de-la-cultura-oaxaquena","tag-cco","tag-el-oriente","tag-es-la-cultura","tag-juan-pablo-vasconcelos-2","tag-oaxaca","tag-opinion"],"jetpack_featured_media_url":"http:\/\/www.eloriente.net\/home\/wp-content\/uploads\/2017\/07\/CASA-DE-LA-CULTURA_1.jpg","jetpack_sharing_enabled":true,"_links":{"self":[{"href":"http:\/\/www.eloriente.net\/home\/wp-json\/wp\/v2\/posts\/49016"}],"collection":[{"href":"http:\/\/www.eloriente.net\/home\/wp-json\/wp\/v2\/posts"}],"about":[{"href":"http:\/\/www.eloriente.net\/home\/wp-json\/wp\/v2\/types\/post"}],"author":[{"embeddable":true,"href":"http:\/\/www.eloriente.net\/home\/wp-json\/wp\/v2\/users\/13"}],"replies":[{"embeddable":true,"href":"http:\/\/www.eloriente.net\/home\/wp-json\/wp\/v2\/comments?post=49016"}],"version-history":[{"count":2,"href":"http:\/\/www.eloriente.net\/home\/wp-json\/wp\/v2\/posts\/49016\/revisions"}],"predecessor-version":[{"id":65745,"href":"http:\/\/www.eloriente.net\/home\/wp-json\/wp\/v2\/posts\/49016\/revisions\/65745"}],"wp:featuredmedia":[{"embeddable":true,"href":"http:\/\/www.eloriente.net\/home\/wp-json\/wp\/v2\/media\/49017"}],"wp:attachment":[{"href":"http:\/\/www.eloriente.net\/home\/wp-json\/wp\/v2\/media?parent=49016"}],"wp:term":[{"taxonomy":"category","embeddable":true,"href":"http:\/\/www.eloriente.net\/home\/wp-json\/wp\/v2\/categories?post=49016"},{"taxonomy":"post_tag","embeddable":true,"href":"http:\/\/www.eloriente.net\/home\/wp-json\/wp\/v2\/tags?post=49016"}],"curies":[{"name":"wp","href":"https:\/\/api.w.org\/{rel}","templated":true}]}}