{"id":49019,"date":"2017-07-10T16:44:21","date_gmt":"2017-07-10T22:44:21","guid":{"rendered":"http:\/\/www.eloriente.net\/home\/?p=49019"},"modified":"2017-07-10T17:01:47","modified_gmt":"2017-07-10T23:01:47","slug":"vivideocolumna-escuchar-al-parte-3-ursula-woolrich","status":"publish","type":"post","link":"http:\/\/www.eloriente.net\/home\/2017\/07\/10\/vivideocolumna-escuchar-al-parte-3-ursula-woolrich\/","title":{"rendered":"VIDEOCOLUMNA: \u201cEscuchar al otro\u201d (Parte 3). Por \u00darsula Woolrich"},"content":{"rendered":"<p><script src=\"\/\/pagead2.googlesyndication.com\/pagead\/js\/adsbygoogle.js\" async=\"\"><\/script><!-- BANNER ELORIENTE INCRUSTADO NOTAS --> <ins class=\"adsbygoogle\" style=\"display: inline-block; width: 300px; height: 250px;\" data-ad-client=\"ca-pub-1136171134853753\" data-ad-slot=\"7974633627\"><\/ins><script>\/\/ <![CDATA[\n(adsbygoogle = window.adsbygoogle || []).push({});\n\/\/ ]]><\/script><\/p>\n<p>&nbsp;<\/p>\n<p>eloriente.net<\/p>\n<p>10 de julio 2017<\/p>\n<p>\u00abA veces pensamos que escuchar al otro es renuncia y sacrificio, sentimos como si nos pusieran un parche en la boca que tenemos que soportar por mucho tiempo.\u00bb<\/p>\n<p>En la tercera videocolumna del cap\u00edtulo \u00abEscuchar al otro\u00bb,\u00a0<a class=\"profileLink\" href=\"https:\/\/www.facebook.com\/psicologaursula.woolrich?fref=mentions\" data-hovercard=\"\/ajax\/hovercard\/user.php?id=100011737595477&amp;extragetparams=%7B%22fref%22%3A%22mentions%22%7D\" data-hovercard-prefer-more-content-show=\"1\">Ursula Woolrich<\/a>nos explica la importancia de dejar atr\u00e1s el ego para escuchar al otro.<\/p>\n<p><iframe loading=\"lazy\" style=\"border: none; overflow: hidden;\" src=\"https:\/\/www.facebook.com\/plugins\/video.php?href=https%3A%2F%2Fwww.facebook.com%2F443535572345554%2Fvideos%2F1613060345393065%2F&amp;show_text=0&amp;width=560\" width=\"560\" height=\"315\" frameborder=\"0\" scrolling=\"no\" allowfullscreen=\"allowfullscreen\"><\/iframe><\/p>\n<p><script src=\"\/\/pagead2.googlesyndication.com\/pagead\/js\/adsbygoogle.js\" async=\"\"><\/script><!-- BANNER PEQUE\u00d1O PARA ENTRENOTAS EL ORIENTE --> <ins class=\"adsbygoogle\" style=\"display: inline-block; width: 468px; height: 60px;\" data-ad-client=\"ca-pub-1136171134853753\" data-ad-slot=\"4953536424\"><\/ins><script>\/\/ <![CDATA[\n(adsbygoogle = window.adsbygoogle || []).push({});\n\/\/ ]]><\/script><\/p>\n<p>\u00darsula Woolrich es Psic\u00f3loga con estudios de maestr\u00eda en educaci\u00f3n superior. Diplomada en programaci\u00f3n neuroling\u00fc\u00edstica, docente y conferencista<\/p>\n<p><a href=\"http:\/\/www.eloriente.net\/home\/wp-content\/uploads\/2017\/07\/U\u0301RSULA-WOOLRICH-6-DE-JULIO-2017.jpg\" rel=\"attachment wp-att-49020\"><img loading=\"lazy\" decoding=\"async\" class=\"alignnone wp-image-49020\" src=\"http:\/\/www.eloriente.net\/home\/wp-content\/uploads\/2017\/07\/U\u0301RSULA-WOOLRICH-6-DE-JULIO-2017-1024x576.jpg\" alt=\"U\u0301RSULA WOOLRICH 6 DE JULIO 2017\" width=\"601\" height=\"338\" srcset=\"http:\/\/www.eloriente.net\/home\/wp-content\/uploads\/2017\/07\/U\u0301RSULA-WOOLRICH-6-DE-JULIO-2017-1024x576.jpg 1024w, http:\/\/www.eloriente.net\/home\/wp-content\/uploads\/2017\/07\/U\u0301RSULA-WOOLRICH-6-DE-JULIO-2017-300x169.jpg 300w, http:\/\/www.eloriente.net\/home\/wp-content\/uploads\/2017\/07\/U\u0301RSULA-WOOLRICH-6-DE-JULIO-2017-768x432.jpg 768w, http:\/\/www.eloriente.net\/home\/wp-content\/uploads\/2017\/07\/U\u0301RSULA-WOOLRICH-6-DE-JULIO-2017.jpg 1920w\" sizes=\"(max-width: 601px) 100vw, 601px\" \/><\/a><\/p>\n<p><strong>OTRAS VIDEOCOLUMNAS<\/strong><\/p>\n<div id=\"post-48987\" class=\"entry loop-default border_bottom_30 post-48987 post type-post status-publish format-standard has-post-thumbnail hentry category-entradas category-salud-y-estilo-de-vida category-lo-mas-reciente category-rodolfo-moreno category-turismo-y-negocios category-videoblogs tag-centros-comerciales tag-espacios-publicos tag-plazas-comerciales tag-rodolfo-moreno tag-videocolumna\">\n<h2 class=\"entry_title\"><a title=\"Enlace Permanente a VIDEOCOLUMNA: \u00bfEs momento de poner un alto a los centros comerciales? Por Rodolfo Moreno\" href=\"http:\/\/www.eloriente.net\/home\/2017\/07\/07\/videocolumna-momento-poner-alto-los-centros-comerciales-rodolfo-moreno\/\" rel=\"bookmark\">VIDEOCOLUMNA: \u00bfEs momento de poner un alto a los centros comerciales? Por Rodolfo Moreno<\/a><\/h2>\n<p><a href=\"http:\/\/www.eloriente.net\/home\/2017\/07\/07\/videocolumna-momento-poner-alto-los-centros-comerciales-rodolfo-moreno\/\" rel=\"bookmark\"><img decoding=\"async\" class=\"alignleft\" title=\"VIDEOCOLUMNA: \u00bfEs momento de poner un alto a los centros comerciales? Por Rodolfo Moreno\" src=\"http:\/\/www.eloriente.net\/home\/wp-content\/themes\/city-desk\/timthumb.php?src=http%3A%2F%2Fwww.eloriente.net%2Fhome%2Fwp-content%2Fuploads%2F2017%2F07%2FRODOLFO-MORENO-6-DE-JULIO-2017.jpg&amp;q=90&amp;w=160&amp;h=106&amp;zc=1\" alt=\"VIDEOCOLUMNA: \u00bfEs momento de poner un alto a los centros comerciales? Por Rodolfo Moreno\" \/><\/a>\u00a0 eloriente.net 7 de julio de 2017 \u201cLos espacios p\u00fablicos son vitales para el fortalecimiento de la vida democr\u00e1tica de un pa\u00eds pues constituyen nuevas centralidades polivalentes. Concretamente, en ellos se promueve la integraci\u00f3n ciudadana, la identidad comunitaria, y la participaci\u00f3n colectiva. Pero M\u00e9xico tiene varios problemas con sus espacios p\u00fablicos.\u201d Mira la nueva videocolumna [\u2026]<\/p>\n<div class=\"toolbar-social\"><\/div>\n<p class=\"postmeta\"><span class=\"meta_date\">julio 7, 2017<\/span><\/p>\n<\/div>\n<div id=\"post-48976\" class=\"entry loop-default border_bottom_30 post-48976 post type-post status-publish format-standard has-post-thumbnail hentry category-congreso-y-justicia category-entradas category-karina-baron category-lo-mas-reciente category-mexico-y-el-mundo category-politica-y-gobierno category-videoblogs tag-camara-de-diputados tag-campo tag-campo-mexicano tag-dignidad tag-karina-baron tag-mexico tag-videocolumna\">\n<h2 class=\"entry_title\"><a title=\"Enlace Permanente a VIDEOCOLUMNAS: Hay que darle al campo mexicano la dignidad que merece. Por Karina Bar\u00f3n\" href=\"http:\/\/www.eloriente.net\/home\/2017\/07\/05\/videocolumnas-darle-al-campo-mexicano-la-dignidad-merece-karina-baron\/\" rel=\"bookmark\">VIDEOCOLUMNAS: Hay que darle al campo mexicano la dignidad que merece. Por Karina Bar\u00f3n<\/a><\/h2>\n<p><a href=\"http:\/\/www.eloriente.net\/home\/2017\/07\/05\/videocolumnas-darle-al-campo-mexicano-la-dignidad-merece-karina-baron\/\" rel=\"bookmark\"><img decoding=\"async\" class=\"alignleft\" title=\"VIDEOCOLUMNAS: Hay que darle al campo mexicano la dignidad que merece. Por Karina Bar\u00f3n\" src=\"http:\/\/www.eloriente.net\/home\/wp-content\/themes\/city-desk\/timthumb.php?src=http%3A%2F%2Fwww.eloriente.net%2Fhome%2Fwp-content%2Fuploads%2F2017%2F07%2FKARINA-BARO%CC%81N-4-DE-JULIO-2017.jpg&amp;q=90&amp;w=160&amp;h=106&amp;zc=1\" alt=\"VIDEOCOLUMNAS: Hay que darle al campo mexicano la dignidad que merece. Por Karina Bar\u00f3n\" \/><\/a>\u00a0 eloriente.net 5 de julio de 2017 \u201cHace algunos d\u00edas, la Comisi\u00f3n Permanente del Congreso de la Uni\u00f3n, aprob\u00f3 4 puntos de acuerdo que present\u00e9, principalmente en defensa de las y los campesinos as\u00ed como de las comunidades m\u00e1s desfavorecidas del pa\u00eds. Necesitamos saber que lo importante a partir de ahora es que no se [\u2026]<\/p>\n<div class=\"toolbar-social\"><\/div>\n<p class=\"postmeta\"><span class=\"meta_date\">julio 5, 2017<\/span><\/p>\n<\/div>\n<div id=\"post-48932\" class=\"entry loop-default border_bottom_30 post-48932 post type-post status-publish format-standard has-post-thumbnail hentry category-canal-1-tu-aula category-entradas category-historia category-salvador-siguenza-orozco category-videoblogs tag-andre tag-autos tag-citroen tag-expediciones tag-historia tag-salavador-siguenza tag-volkwagen\">\n<h2 class=\"entry_title\"><a title=\"Enlace Permanente a VIDEOCOLUMNA: Citr\u00f6en y sus expediciones. Por Salvador Sig\u00fcenza Orozco\" href=\"http:\/\/www.eloriente.net\/home\/2017\/07\/03\/videocolumna-citroen-expediciones-salvador-siguenza-orozco\/\" rel=\"bookmark\">VIDEOCOLUMNA: Citr\u00f6en y sus expediciones. Por Salvador Sig\u00fcenza Orozco<\/a><\/h2>\n<p><a href=\"http:\/\/www.eloriente.net\/home\/2017\/07\/03\/videocolumna-citroen-expediciones-salvador-siguenza-orozco\/\" rel=\"bookmark\"><img decoding=\"async\" class=\"alignleft\" title=\"VIDEOCOLUMNA: Citr\u00f6en y sus expediciones. Por Salvador Sig\u00fcenza Orozco\" src=\"http:\/\/www.eloriente.net\/home\/wp-content\/themes\/city-desk\/timthumb.php?src=http%3A%2F%2Fwww.eloriente.net%2Fhome%2Fwp-content%2Fuploads%2F2017%2F07%2FSALVADOR-SIGU%CC%88ENZA-1-DE-JULIO-2017.jpg&amp;q=90&amp;w=160&amp;h=106&amp;zc=1\" alt=\"VIDEOCOLUMNA: Citr\u00f6en y sus expediciones. Por Salvador Sig\u00fcenza Orozco\" \/><\/a>\u00a0 eloriente.net 3 de julio de 2017 \u201cLas ideas de Citr\u00f6en revolucionaron la industria automotriz: introdujo la carrocer\u00eda de acero, vendi\u00f3 miniaturas de sus autos, creo una red comercial para ventas, un anuncio luminoso de la empresa fue colocado en la torre Eiffel.\u201d Esta semana el doctor\u00a0Salvador Sig\u00fcenza\u00a0nos platica sobre Andr\u00e9 Citr\u00f6en y como revolucion\u00f3 [\u2026]<\/p>\n<div class=\"toolbar-social\"><\/div>\n<p class=\"postmeta\"><span class=\"meta_date\">julio 3, 2017<\/span><\/p>\n<\/div>\n\n\t\t\t  <div \n\t\t\t  \tclass = \"fb-comments\" \n\t\t\t  \tdata-href = \"http:\/\/www.eloriente.net\/home\/2017\/07\/10\/vivideocolumna-escuchar-al-parte-3-ursula-woolrich\/\"\n\t\t\t  \tdata-numposts = \"10\"\n\t\t\t\tdata-colorscheme = \"dark\"\n\t\t\t\tdata-order-by = \"social\"\n\t\t\t\tdata-mobile=true>\n\t\t\t  <\/div>\n\t\t  <style>\n\t\t\t.fb_iframe_widget_fluid_desktop iframe {\n\t\t\t    width: 100% !important;\n\t\t\t}\n\t\t  <\/style>\n\t\t  ","protected":false},"excerpt":{"rendered":"<p>&nbsp; eloriente.net 10 de julio 2017 \u00abA veces pensamos que escuchar al otro es renuncia y sacrificio, sentimos como si nos pusieran un parche en la boca que tenemos que soportar por mucho tiempo.\u00bb En la tercera videocolumna del cap\u00edtulo \u00abEscuchar al otro\u00bb,\u00a0Ursula Woolrichnos explica la importancia de dejar atr\u00e1s el ego para escuchar al [&hellip;]<\/p>\n","protected":false},"author":44,"featured_media":49020,"comment_status":"open","ping_status":"open","sticky":false,"template":"","format":"standard","meta":{"_jetpack_memberships_contains_paid_content":false,"footnotes":""},"categories":[2015,18,32,16,10,7100,98],"tags":[7483,600,477,7940,1569,7004,8003],"class_list":["post-49019","post","type-post","status-publish","format-standard","has-post-thumbnail","hentry","category-viernesdefelicidad","category-educacion-y-cultura","category-entradas","category-salud-y-estilo-de-vida","category-lo-mas-reciente","category-ursula-woolrich","category-videoblogs","tag-battista-borsato","tag-bienestar","tag-el-oriente","tag-escuchar-al-otro","tag-psicologia","tag-ursula-woolrich","tag-vida-en-pareja"],"jetpack_featured_media_url":"http:\/\/www.eloriente.net\/home\/wp-content\/uploads\/2017\/07\/U\u0301RSULA-WOOLRICH-6-DE-JULIO-2017.jpg","jetpack_sharing_enabled":true,"_links":{"self":[{"href":"http:\/\/www.eloriente.net\/home\/wp-json\/wp\/v2\/posts\/49019"}],"collection":[{"href":"http:\/\/www.eloriente.net\/home\/wp-json\/wp\/v2\/posts"}],"about":[{"href":"http:\/\/www.eloriente.net\/home\/wp-json\/wp\/v2\/types\/post"}],"author":[{"embeddable":true,"href":"http:\/\/www.eloriente.net\/home\/wp-json\/wp\/v2\/users\/44"}],"replies":[{"embeddable":true,"href":"http:\/\/www.eloriente.net\/home\/wp-json\/wp\/v2\/comments?post=49019"}],"version-history":[{"count":2,"href":"http:\/\/www.eloriente.net\/home\/wp-json\/wp\/v2\/posts\/49019\/revisions"}],"predecessor-version":[{"id":49024,"href":"http:\/\/www.eloriente.net\/home\/wp-json\/wp\/v2\/posts\/49019\/revisions\/49024"}],"wp:featuredmedia":[{"embeddable":true,"href":"http:\/\/www.eloriente.net\/home\/wp-json\/wp\/v2\/media\/49020"}],"wp:attachment":[{"href":"http:\/\/www.eloriente.net\/home\/wp-json\/wp\/v2\/media?parent=49019"}],"wp:term":[{"taxonomy":"category","embeddable":true,"href":"http:\/\/www.eloriente.net\/home\/wp-json\/wp\/v2\/categories?post=49019"},{"taxonomy":"post_tag","embeddable":true,"href":"http:\/\/www.eloriente.net\/home\/wp-json\/wp\/v2\/tags?post=49019"}],"curies":[{"name":"wp","href":"https:\/\/api.w.org\/{rel}","templated":true}]}}