{"id":49152,"date":"2017-07-17T09:27:22","date_gmt":"2017-07-17T15:27:22","guid":{"rendered":"http:\/\/www.eloriente.net\/home\/?p=49152"},"modified":"2017-07-18T14:29:16","modified_gmt":"2017-07-18T20:29:16","slug":"5-vacantes-administracion-martesdevacantes-6","status":"publish","type":"post","link":"http:\/\/www.eloriente.net\/home\/2017\/07\/17\/5-vacantes-administracion-martesdevacantes-6\/","title":{"rendered":"5 Vacantes en Administraci\u00f3n #MartesDeVacantes"},"content":{"rendered":"<p><script src=\"\/\/pagead2.googlesyndication.com\/pagead\/js\/adsbygoogle.js\" async=\"\"><\/script><!-- BANNER ELORIENTE INCRUSTADO NOTAS --> <ins class=\"adsbygoogle\" style=\"display: inline-block; width: 300px; height: 250px;\" data-ad-client=\"ca-pub-1136171134853753\" data-ad-slot=\"7974633627\"><\/ins><script>\/\/ <![CDATA[\n(adsbygoogle = window.adsbygoogle || []).push({});\n\/\/ ]]><\/script><\/p>\n<p>&nbsp;<\/p>\n<p>(www.eloriente.net, M\u00e9xico, a 18 de julio de 2017).- Conscientes de la importancia para la ciudadan\u00eda en general de la b\u00fasqueda de nuevas oportunidades de crecimiento profesional, ponemos a tu disposici\u00f3n semanalmente ofertas de empleo disponibles por profesi\u00f3n en cualquier parte de M\u00e9xico y del mundo o, cuando as\u00ed lo amerita, exclusivamente en Oaxaca.<\/p>\n<p>En esta ocasi\u00f3n, ELORIENTE.NET comparte cinco vacantes en Administraci\u00f3n.<\/p>\n<p>Si deseas aplicar para alguna de las vacantes, deber\u00e1s darle clic al t\u00edtulo de esta y te llevar\u00e1 al sitio que te pondr\u00e1 en contacto con los empleadores. No olvides comentar que la oportunidad la has encontrado con nosotros en el Martes de Vacantes de ELORIENTE.NET. \u00a1\u00c9xito!<\/p>\n<p><a href=\"https:\/\/www.indeed.com.mx\/viewjob?jk=18f31b766fda5a2e&amp;q=administraci%C3%B3n&amp;l=Oaxaca&amp;tk=1bl8vpkd418iu0q6&amp;from=web\" target=\"_blank\"><strong>1.- COORDINACI\u00d3N DE LA LIC. EN NEGOCIOS<\/strong><\/a><\/p>\n<p><strong>Escolaridad<\/strong>: Lic. Administraci\u00f3n, Comercio Internacional o Administraci\u00f3n de Negocios y maestr\u00eda en Gesti\u00f3n Administrativa<\/p>\n<p><strong>G\u00e9nero:<\/strong> Indistinto<\/p>\n<p><strong>Requisitos:<\/strong> Edad m\u00ednima entre 30 a 40 a\u00f1os. Experiencia m\u00ednima de 2 a\u00f1os en puestos similares. Contar con t\u00edtulo y c\u00e9dula profesional.<\/p>\n<p><strong>Funciones:<\/strong> Actividades con relaci\u00f3n en Legislaci\u00f3n Aduanera, Log\u00edstica Internacional, Planes de Negocios Internacionales, Internacionalizaci\u00f3n de empresas.<\/p>\n<p><strong>Salario:<\/strong> No especificado<\/p>\n<p><strong>Horario:<\/strong> No especificado<\/p>\n<p><a href=\"https:\/\/www.computrabajo.com.mx\/ofertas-de-trabajo\/oferta-de-trabajo-de-responsable-administrativo-en-oaxaca-de-juarez-2ADD2F602D3810FD\" target=\"_blank\"><strong>2.- CONSULTOR FINANCIERO<\/strong><\/a><\/p>\n<p><strong>Escolaridad:<\/strong> Licenciatura en Administraci\u00f3n, Contabilidad, Gesti\u00f3n empresarial o similares.<\/p>\n<p><strong>G\u00e9nero:<\/strong> Indistinto<\/p>\n<p><strong>Requisitos:<\/strong> Edad de 22 a 35 a\u00f1os. Disponibilidad para viajar. Experiencia m\u00ednima de un a\u00f1o en puestos similares. Conocimientos en la paqueter\u00eda Office.<\/p>\n<p><strong>Funciones:<\/strong> Facturaci\u00f3n, control de caja chica, conciliaciones bancarias,control y organizaci\u00f3n de documentaci\u00f3n contable tr\u00e1mites ante dependencias de gobierno e instituciones bancarias, control de cartera de clientes, cr\u00e9dito y cobranza, monitoreo de sucursales.<\/p>\n<p><strong>Salario:<\/strong> A convenir<\/p>\n<p><strong>Horario:<\/strong> Tiempo completo (no especificado)<\/p>\n<p><a href=\"https:\/\/www.computrabajo.com.mx\/ofertas-de-trabajo\/oferta-de-trabajo-de-analista-regional-auxiliar-administrativo--oaxaca-centro-urgente--en-oaxaca-de-juarez-5C997B94B93E473B\" target=\"_blank\"><strong>3.- AXULIAR ADMINISTRATIVO<\/strong><\/a><\/p>\n<p><strong>Escolaridad:<\/strong>\u00a0Licenciatura en Administraci\u00f3n<\/p>\n<p><strong>G\u00e9nero:<\/strong>\u00a0Indistinto<\/p>\n<p><strong>Requisitos:<\/strong> Experiencia necesaria de 1 a\u00f1o como analista o auxiliar administrativo , preferentemente en \u00e1rea financiera<\/p>\n<p><strong>Funciones: <\/strong>Atenci\u00f3n a ejecutivos , revisi\u00f3n de formatos, captura de datos en el sistema, manejo de archivo, revisi\u00f3n minuciosa de solicitudes, an\u00e1lisis de capacidad de pago.<\/p>\n<p><strong>Salario:<\/strong>\u00a0$6000 mensuales<\/p>\n<p><strong>Horario:<\/strong>\u00a0Tiempo completo no especificado<\/p>\n<p><script src=\"\/\/pagead2.googlesyndication.com\/pagead\/js\/adsbygoogle.js\" async=\"\"><\/script><!-- BANNER PEQUE\u00d1O PARA ENTRENOTAS EL ORIENTE --> <ins class=\"adsbygoogle\" style=\"display: inline-block; width: 468px; height: 60px;\" data-ad-client=\"ca-pub-1136171134853753\" data-ad-slot=\"4953536424\"><\/ins><script>\/\/ <![CDATA[\n(adsbygoogle = window.adsbygoogle || []).push({});\n\/\/ ]]><\/script><\/p>\n<p><a href=\"https:\/\/www.indeed.com.mx\/cmp\/VALORACIONES-INTEGRALES\/jobs\/Coordinadora-operativa-centro-diversiones-d33145ff656a713a?q=administraci%C3%B3n\" target=\"_blank\"><strong>4.- COORDINADORA OPERATIVA CENTRO DE DIVERSIONES<\/strong><\/a><\/p>\n<p><strong>Escolaridad:<\/strong> Licenciatura en Administraci\u00f3n, Pedagog\u00eda o af\u00edn<\/p>\n<p><strong>G\u00e9nero:<\/strong> Femenino<\/p>\n<p><strong>Requisitos:<\/strong> Edad de 23 a 35 a\u00f1os. Experiencia m\u00ednima de un a\u00f1o en puestos similares. Contar con buena presentaci\u00f3n, l\u00edder, responsable, proactiva y con iniciativa.<\/p>\n<p><strong>Funciones<\/strong>: Manejo de personal, supervisi\u00f3n, arqueos de caja, apertura y cierre de personal.<\/p>\n<p><strong>Salario<\/strong>: $8500 mensuales<\/p>\n<p><strong>Horario<\/strong>: Lunes a viernes de 12:00 a 20:30 horas<\/p>\n<p><a href=\"https:\/\/www.computrabajo.com.mx\/ofertas-de-trabajo\/oferta-de-trabajo-de-gerente-de-sucursal-tuxtepec-oax-en-san-juan-bautista-tuxtepec-EC8408FF6FEE54B7\" target=\"_blank\"><strong>5.- GERENTE DE SUCRUSAL<\/strong><\/a><\/p>\n<p><strong>Escolaridad:<\/strong> Licenciatura en administraci\u00f3n<\/p>\n<p><strong>G\u00e9nero<\/strong>: Indistinto<\/p>\n<p><strong>Requisitos<\/strong>: Edad de 28 a\u00f1os en adelante. Experiencia indispensable en puestos afines de al menos 3 a\u00f1os (ventas y manejo de personal). Conocimiento en manejo de Excel, SAE,controles administrativos y cobranza efectiva. Capacidad de an\u00e1lisis,liderazgo, trabajo en equipo y bajo presi\u00f3n.<\/p>\n<p><strong>Funciones<\/strong>: Ventas, cobranza, rentabilidad, supervisi\u00f3n de personal, clima laboral, administraci\u00f3n de bienes.<\/p>\n<p><strong>Salario<\/strong>: A convenir<\/p>\n<p><strong>Horario:<\/strong> Tiempo completo (no especificado)<\/p>\n<p><a href=\"http:\/\/www.eloriente.net\/home\/wp-content\/uploads\/2014\/05\/martes-de-vacantes.jpg\" rel=\"attachment wp-att-25869\"><img loading=\"lazy\" decoding=\"async\" class=\"alignnone wp-image-25869\" src=\"http:\/\/www.eloriente.net\/home\/wp-content\/uploads\/2014\/05\/martes-de-vacantes.jpg\" alt=\"martes de vacantes\" width=\"601\" height=\"399\" srcset=\"http:\/\/www.eloriente.net\/home\/wp-content\/uploads\/2014\/05\/martes-de-vacantes.jpg 1024w, http:\/\/www.eloriente.net\/home\/wp-content\/uploads\/2014\/05\/martes-de-vacantes-300x199.jpg 300w\" sizes=\"(max-width: 601px) 100vw, 601px\" \/><\/a><\/p>\n<p><strong>OTRAS ENTRADAS<\/strong><\/p>\n<div class=\"featuredpost\">\n<div class=\"flow_hide\">\n<h2 class=\"posttitle bigposttitle\"><a title=\"Enlace Permanente a OPINI\u00d3N: Bono de no actuaci\u00f3n: manzana envenenada y bomba de tiempo para la UABJO. Por Adri\u00e1n Ortiz Romero\" href=\"http:\/\/www.eloriente.net\/home\/2017\/07\/17\/opinion-bono-no-actuacion-manzana-envenenada-bomba-tiempo-la-uabjo-adrian-ortiz-romero\/\" rel=\"bookmark\">OPINI\u00d3N: Bono de no actuaci\u00f3n: manzana envenenada y bomba de tiempo para la UABJO. Por Adri\u00e1n Ortiz Romero<\/a><\/h2>\n<\/div>\n<p>(www.eloriente.net, M\u00e9xico, a 17 de julio de 2017, por Adri\u00e1n Ortiz Romero\/Al Margen).-\u00a0La Secretar\u00eda General de Gobierno sigue empe\u00f1ada en enrarecer la estabilidad de la Universidad Aut\u00f3noma\u2026<\/p>\n<p class=\"postmeta\"><span class=\"meta_date\">julio 17, 2017<\/span><\/p>\n<div class=\"toolbar-social\"><\/div>\n<\/div>\n<div class=\"featuredpost\">\n<div class=\"flow_hide\">\n<h2 class=\"posttitle \"><a title=\"Enlace Permanente a OAXACA: Busca congreso proteger el patrimonio biocultural colectivo\" href=\"http:\/\/www.eloriente.net\/home\/2017\/07\/16\/oaxaca-busca-congreso-proteger-patrimonio-biocultural-colectivo\/\" rel=\"bookmark\">OAXACA: Busca congreso proteger el patrimonio biocultural colectivo<\/a><\/h2>\n<\/div>\n<p>eloriente.net 14 de julio 2017 El Pleno del Congreso del Estado aprob\u00f3 en sesi\u00f3n ordinaria incorporar la salvaguarda del patrimonio biocultural colectivo como una pol\u00edtica p\u00fablica en\u2026<\/p>\n<p class=\"postmeta\"><span class=\"meta_date\">julio 16, 2017<\/span><\/p>\n<div class=\"toolbar-social\"><\/div>\n<\/div>\n<div class=\"featuredpost\">\n<div class=\"flow_hide\">\n<p><a href=\"http:\/\/www.eloriente.net\/home\/2017\/07\/14\/oaxaca-retirara-gobierno-municipal-mas-6500-toneladas-desechos\/\" rel=\"bookmark\"><img decoding=\"async\" class=\"alignleft\" title=\"OAXACA: Retirar\u00e1 Gobierno Municipal m\u00e1s de 6,500 toneladas de desechos\" src=\"http:\/\/www.eloriente.net\/home\/wp-content\/themes\/city-desk\/timthumb.php?src=http%3A%2F%2Fwww.eloriente.net%2Fhome%2Fwp-content%2Fuploads%2F2017%2F07%2FACCIONES-DE-RECOLECCIO%CC%81N-DE-BASURA-8.jpg&amp;q=90&amp;w=70&amp;h=45&amp;zc=1\" alt=\"OAXACA: Retirar\u00e1 Gobierno Municipal m\u00e1s de 6,500 toneladas de desechos\" \/><\/a><\/p>\n<h2 class=\"posttitle \"><a title=\"Enlace Permanente a OAXACA: Retirar\u00e1 Gobierno Municipal m\u00e1s de 6,500 toneladas de desechos\" href=\"http:\/\/www.eloriente.net\/home\/2017\/07\/14\/oaxaca-retirara-gobierno-municipal-mas-6500-toneladas-desechos\/\" rel=\"bookmark\">OAXACA: Retirar\u00e1 Gobierno Municipal m\u00e1s de 6,500 toneladas de desechos<\/a><\/h2>\n<\/div>\n<p>eloriente.net 14 de julio de 2017 Un m\u00e1ximo de cuatro d\u00edas es lo que destinar\u00e1 la Coordinaci\u00f3n de Servicios Municipales a trav\u00e9s de la Direcci\u00f3n de Sistemas\u2026<\/p>\n<p class=\"postmeta\"><span class=\"meta_date\">julio 14, 2017<\/span><\/p>\n<\/div>\n\n\t\t\t  <div \n\t\t\t  \tclass = \"fb-comments\" \n\t\t\t  \tdata-href = \"http:\/\/www.eloriente.net\/home\/2017\/07\/17\/5-vacantes-administracion-martesdevacantes-6\/\"\n\t\t\t  \tdata-numposts = \"10\"\n\t\t\t\tdata-colorscheme = \"dark\"\n\t\t\t\tdata-order-by = \"social\"\n\t\t\t\tdata-mobile=true>\n\t\t\t  <\/div>\n\t\t  <style>\n\t\t\t.fb_iframe_widget_fluid_desktop iframe {\n\t\t\t    width: 100% !important;\n\t\t\t}\n\t\t  <\/style>\n\t\t  ","protected":false},"excerpt":{"rendered":"<p>&nbsp; (www.eloriente.net, M\u00e9xico, a 18 de julio de 2017).- Conscientes de la importancia para la ciudadan\u00eda en general de la b\u00fasqueda de nuevas oportunidades de crecimiento profesional, ponemos a tu disposici\u00f3n semanalmente ofertas de empleo disponibles por profesi\u00f3n en cualquier parte de M\u00e9xico y del mundo o, cuando as\u00ed lo amerita, exclusivamente en Oaxaca. En [&hellip;]<\/p>\n","protected":false},"author":44,"featured_media":25869,"comment_status":"open","ping_status":"open","sticky":false,"template":"","format":"standard","meta":{"_jetpack_memberships_contains_paid_content":false,"footnotes":""},"categories":[942,4300,32,63,464,31,19],"tags":[4080,411,1455,2420,777,211],"class_list":["post-49152","post","type-post","status-publish","format-standard","has-post-thumbnail","hentry","category-martesdevacantes","category-comunicacion","category-entradas","category-estados","category-oaxaca-estados","category-principal","category-turismo-y-negocios","tag-martesdevacantes","tag-administracion","tag-martes","tag-martes-de-vacantes","tag-oportunidades","tag-trabajo"],"jetpack_featured_media_url":"http:\/\/www.eloriente.net\/home\/wp-content\/uploads\/2014\/05\/martes-de-vacantes.jpg","jetpack_sharing_enabled":true,"_links":{"self":[{"href":"http:\/\/www.eloriente.net\/home\/wp-json\/wp\/v2\/posts\/49152"}],"collection":[{"href":"http:\/\/www.eloriente.net\/home\/wp-json\/wp\/v2\/posts"}],"about":[{"href":"http:\/\/www.eloriente.net\/home\/wp-json\/wp\/v2\/types\/post"}],"author":[{"embeddable":true,"href":"http:\/\/www.eloriente.net\/home\/wp-json\/wp\/v2\/users\/44"}],"replies":[{"embeddable":true,"href":"http:\/\/www.eloriente.net\/home\/wp-json\/wp\/v2\/comments?post=49152"}],"version-history":[{"count":4,"href":"http:\/\/www.eloriente.net\/home\/wp-json\/wp\/v2\/posts\/49152\/revisions"}],"predecessor-version":[{"id":49167,"href":"http:\/\/www.eloriente.net\/home\/wp-json\/wp\/v2\/posts\/49152\/revisions\/49167"}],"wp:featuredmedia":[{"embeddable":true,"href":"http:\/\/www.eloriente.net\/home\/wp-json\/wp\/v2\/media\/25869"}],"wp:attachment":[{"href":"http:\/\/www.eloriente.net\/home\/wp-json\/wp\/v2\/media?parent=49152"}],"wp:term":[{"taxonomy":"category","embeddable":true,"href":"http:\/\/www.eloriente.net\/home\/wp-json\/wp\/v2\/categories?post=49152"},{"taxonomy":"post_tag","embeddable":true,"href":"http:\/\/www.eloriente.net\/home\/wp-json\/wp\/v2\/tags?post=49152"}],"curies":[{"name":"wp","href":"https:\/\/api.w.org\/{rel}","templated":true}]}}