{"id":49154,"date":"2017-07-17T21:44:54","date_gmt":"2017-07-18T03:44:54","guid":{"rendered":"http:\/\/www.eloriente.net\/home\/?p=49154"},"modified":"2017-07-17T21:55:15","modified_gmt":"2017-07-18T03:55:15","slug":"fondo-mundial-la-naturaleza-unorienteverde","status":"publish","type":"post","link":"http:\/\/www.eloriente.net\/home\/2017\/07\/17\/fondo-mundial-la-naturaleza-unorienteverde\/","title":{"rendered":"\u00bfQu\u00e9 es y qu\u00e9 hace el Fondo Mundial para la Naturaleza?  #UnOrienteVerde"},"content":{"rendered":"<p><!-- BANNER ELORIENTE INCRUSTADO NOTAS --> <ins class=\"adsbygoogle\" style=\"width: 300px;height: 250px\"><\/ins><\/p>\n<p>(www.eloriente.net; M\u00e9xico a 17 de julio de 2017).- Por Jessica Lamadrid<\/p>\n<p>La WWF o Fondo Mundial para la Naturaleza es una organizaci\u00f3n que se dedica a la conservaci\u00f3n del medio ambiente, que surgi\u00f3 en Suiza en el a\u00f1o de 1961 para que se dedicara a la protecci\u00f3n y manejo sustentable de lugares naturales de la Tierra.<\/p>\n<p>Gracias al trabajo que ha realizado para la protecci\u00f3n de especies animales en peligro de extinci\u00f3n y el cuidado del medio ambiente, actualmente tiene presencia en m\u00e1s de 100 pa\u00edses en donde trabaja de manera conjunta con sus gobiernos y poblaci\u00f3n.<\/p>\n<p>Esta organizaci\u00f3n se dedica a planear, dirigir y supervisar soluciones innovadoras a los problemas ambientales que se presentan en cada lugar en el que se encuentre laborando sin olvidar a la vez las necesidades de la poblaci\u00f3n; para llevar a acabo este trabajo la WWF colabora de manera coordinada con sectores empresariales, gubernamentales y sociales.<\/p>\n<p><!-- BANNER PEQUE\u00d1O PARA ENTRENOTAS EL ORIENTE --> <ins class=\"adsbygoogle\" style=\"width: 468px;height: 60px\"><\/ins><\/p>\n<p>Actualmente enfoca su trabajo en 13 Iniciativas Globales, las cuales son esfuerzos de gran escala con el potencial de impactar positivamente especies y ecoregiones prioritarias para reducir el da\u00f1o ecol\u00f3gico de los seres humanos en el ambiente. Entre las iniciativas que m\u00e1s destacan se euncuentran: Amazonas, \u00c1rtico, Clima y energ\u00eda, Transformaci\u00f3n de Mercados, Tigres, Pesca Responsable, el Tri\u00e1ngulo de Coral y la Costa este de \u00c1frica.<\/p>\n<p>Entre sus metas apoya la recuperaci\u00f3n y crecimiento de poblaciones de las especies m\u00e1s importantes desde el punto de vista ecol\u00f3gico, econ\u00f3mico y cultural. Esta organizaci\u00f3n ambientalista se encuentra trabajando a<a href=\"http:\/\/www.wwf.org.mx\/\" target=\"_blank\"> nivel nacional<\/a> con M\u00e9xico, as\u00ed como a <a href=\"http:\/\/www.wwf.org.mx\/quienes_somos\/nuestras_alianzas\/alianza_wwf_fundacion_carlos_slim\/region_oaxaca\/\" target=\"_blank\">nivel estatal<\/a>\u00a0en Oaxaca atendiendo diversos problemas que se presentan relacionados al manejo y desarrollo sustentable de los recursos naturales.<\/p>\n<p>&nbsp;<\/p>\n<p>&nbsp;<\/p>\n<p><a href=\"http:\/\/www.eloriente.net\/home\/wp-content\/uploads\/2017\/07\/947330_10151431184346840_782101427_n.png\" rel=\"attachment wp-att-49157\"><img loading=\"lazy\" decoding=\"async\" class=\"alignnone size-full wp-image-49157\" src=\"http:\/\/www.eloriente.net\/home\/wp-content\/uploads\/2017\/07\/947330_10151431184346840_782101427_n.png\" alt=\"947330_10151431184346840_782101427_n\" width=\"200\" height=\"200\" srcset=\"http:\/\/www.eloriente.net\/home\/wp-content\/uploads\/2017\/07\/947330_10151431184346840_782101427_n.png 200w, http:\/\/www.eloriente.net\/home\/wp-content\/uploads\/2017\/07\/947330_10151431184346840_782101427_n-150x150.png 150w, http:\/\/www.eloriente.net\/home\/wp-content\/uploads\/2017\/07\/947330_10151431184346840_782101427_n-50x50.png 50w, http:\/\/www.eloriente.net\/home\/wp-content\/uploads\/2017\/07\/947330_10151431184346840_782101427_n-144x144.png 144w\" sizes=\"(max-width: 200px) 100vw, 200px\" \/><\/a><\/p>\n<p>&nbsp;<\/p>\n<p>&nbsp;<\/p>\n<p>&nbsp;<\/p>\n<p>&nbsp;<\/p>\n<h2>OTRAS ENTRADAS<\/h2>\n<div class=\"featuredpost\">\n<div class=\"flow_hide\">\n<h2 class=\"posttitle bigposttitle\"><a title=\"Enlace Permanente a OPINI\u00d3N: Bono de no actuaci\u00f3n: manzana envenenada y bomba de tiempo para la UABJO. Por Adri\u00e1n Ortiz Romero\" href=\"http:\/\/www.eloriente.net\/home\/2017\/07\/17\/opinion-bono-no-actuacion-manzana-envenenada-bomba-tiempo-la-uabjo-adrian-ortiz-romero\/\" rel=\"bookmark\">OPINI\u00d3N: Bono de no actuaci\u00f3n: manzana envenenada y bomba de tiempo para la UABJO. Por Adri\u00e1n Ortiz Romero<\/a><\/h2>\n<\/div>\n<p>(www.eloriente.net, M\u00e9xico, a 17 de julio de 2017, por Adri\u00e1n Ortiz Romero\/Al Margen).-\u00a0La Secretar\u00eda General de Gobierno sigue empe\u00f1ada en enrarecer la estabilidad de la Universidad Aut\u00f3noma\u2026<\/p>\n<p class=\"postmeta\"><span class=\"meta_date\">julio 17, 2017<\/span><\/p>\n<p class=\"postmeta\">\n<\/div>\n<div class=\"featuredpost\">\n<div class=\"flow_hide\">\n<p><a href=\"http:\/\/www.eloriente.net\/home\/2017\/07\/17\/5-vacantes-administracion-martesdevacantes-6\/\" rel=\"bookmark\"><img decoding=\"async\" class=\"alignleft\" title=\"5 Vacantes en Administraci\u00f3n #MartesDeVacantes\" src=\"http:\/\/www.eloriente.net\/home\/wp-content\/themes\/city-desk\/timthumb.php?src=http%3A%2F%2Fwww.eloriente.net%2Fhome%2Fwp-content%2Fuploads%2F2014%2F05%2Fmartes-de-vacantes.jpg&amp;q=90&amp;w=70&amp;h=45&amp;zc=1\" alt=\"5 Vacantes en Administraci\u00f3n #MartesDeVacantes\" \/><\/a><\/p>\n<h2 class=\"posttitle \"><a title=\"Enlace Permanente a 5 Vacantes en Administraci\u00f3n #MartesDeVacantes\" href=\"http:\/\/www.eloriente.net\/home\/2017\/07\/17\/5-vacantes-administracion-martesdevacantes-6\/\" rel=\"bookmark\">5 Vacantes en Administraci\u00f3n #MartesDeVacantes<\/a><\/h2>\n<\/div>\n<p>(www.eloriente.net, M\u00e9xico, a 18 de julio de 2017).- Conscientes de la importancia para la ciudadan\u00eda en general de la b\u00fasqueda de nuevas oportunidades de crecimiento profesional, ponemos\u2026<\/p>\n<p class=\"postmeta\"><span class=\"meta_date\">julio 17, 2017<\/span><\/p>\n<p class=\"postmeta\">\n<\/div>\n<div class=\"featuredpost\">\n<div class=\"flow_hide\">\n<h2 class=\"posttitle \"><a title=\"Enlace Permanente a OAXACA: Busca congreso proteger el patrimonio biocultural colectivo\" href=\"http:\/\/www.eloriente.net\/home\/2017\/07\/16\/oaxaca-busca-congreso-proteger-patrimonio-biocultural-colectivo\/\" rel=\"bookmark\">OAXACA: Busca congreso proteger el patrimonio biocultural colectivo<\/a><\/h2>\n<\/div>\n<p>eloriente.net 14 de julio 2017 El Pleno del Congreso del Estado aprob\u00f3 en sesi\u00f3n ordinaria incorporar la salvaguarda del patrimonio biocultural colectivo como una pol\u00edtica p\u00fablica en\u2026<\/p>\n<p class=\"postmeta\"><span class=\"meta_date\">julio 16, 2017<\/span><\/p>\n<\/div>\n\n\t\t\t  <div \n\t\t\t  \tclass = \"fb-comments\" \n\t\t\t  \tdata-href = \"http:\/\/www.eloriente.net\/home\/2017\/07\/17\/fondo-mundial-la-naturaleza-unorienteverde\/\"\n\t\t\t  \tdata-numposts = \"10\"\n\t\t\t\tdata-colorscheme = \"dark\"\n\t\t\t\tdata-order-by = \"social\"\n\t\t\t\tdata-mobile=true>\n\t\t\t  <\/div>\n\t\t  <style>\n\t\t\t.fb_iframe_widget_fluid_desktop iframe {\n\t\t\t    width: 100% !important;\n\t\t\t}\n\t\t  <\/style>\n\t\t  ","protected":false},"excerpt":{"rendered":"<p>(www.eloriente.net; M\u00e9xico a 17 de julio de 2017).- Por Jessica Lamadrid La WWF o Fondo Mundial para la Naturaleza es una organizaci\u00f3n que se dedica a la conservaci\u00f3n del medio ambiente, que surgi\u00f3 en Suiza en el a\u00f1o de 1961 para que se dedicara a la protecci\u00f3n y manejo sustentable de lugares naturales de la [&hellip;]<\/p>\n","protected":false},"author":45,"featured_media":49155,"comment_status":"open","ping_status":"open","sticky":false,"template":"","format":"standard","meta":{"_jetpack_memberships_contains_paid_content":false,"footnotes":""},"categories":[32,10,20,24,464],"tags":[956,111,1634,1892,8029],"class_list":["post-49154","post","type-post","status-publish","format-standard","has-post-thumbnail","hentry","category-entradas","category-lo-mas-reciente","category-medio-ambiente","category-mexico-y-el-mundo","category-oaxaca-estados","tag-medio-ambiente-2","tag-mundo","tag-organizacion","tag-proteccion","tag-wwf"],"jetpack_featured_media_url":"http:\/\/www.eloriente.net\/home\/wp-content\/uploads\/2017\/07\/bug-189903_1920.jpg","jetpack_sharing_enabled":true,"_links":{"self":[{"href":"http:\/\/www.eloriente.net\/home\/wp-json\/wp\/v2\/posts\/49154"}],"collection":[{"href":"http:\/\/www.eloriente.net\/home\/wp-json\/wp\/v2\/posts"}],"about":[{"href":"http:\/\/www.eloriente.net\/home\/wp-json\/wp\/v2\/types\/post"}],"author":[{"embeddable":true,"href":"http:\/\/www.eloriente.net\/home\/wp-json\/wp\/v2\/users\/45"}],"replies":[{"embeddable":true,"href":"http:\/\/www.eloriente.net\/home\/wp-json\/wp\/v2\/comments?post=49154"}],"version-history":[{"count":5,"href":"http:\/\/www.eloriente.net\/home\/wp-json\/wp\/v2\/posts\/49154\/revisions"}],"predecessor-version":[{"id":49162,"href":"http:\/\/www.eloriente.net\/home\/wp-json\/wp\/v2\/posts\/49154\/revisions\/49162"}],"wp:featuredmedia":[{"embeddable":true,"href":"http:\/\/www.eloriente.net\/home\/wp-json\/wp\/v2\/media\/49155"}],"wp:attachment":[{"href":"http:\/\/www.eloriente.net\/home\/wp-json\/wp\/v2\/media?parent=49154"}],"wp:term":[{"taxonomy":"category","embeddable":true,"href":"http:\/\/www.eloriente.net\/home\/wp-json\/wp\/v2\/categories?post=49154"},{"taxonomy":"post_tag","embeddable":true,"href":"http:\/\/www.eloriente.net\/home\/wp-json\/wp\/v2\/tags?post=49154"}],"curies":[{"name":"wp","href":"https:\/\/api.w.org\/{rel}","templated":true}]}}