{"id":49163,"date":"2017-07-18T13:49:32","date_gmt":"2017-07-18T19:49:32","guid":{"rendered":"http:\/\/www.eloriente.net\/home\/?p=49163"},"modified":"2017-07-18T15:21:10","modified_gmt":"2017-07-18T21:21:10","slug":"deportes-cronicas-beisboleras-extranjeros-del-98-jaime-palau","status":"publish","type":"post","link":"http:\/\/www.eloriente.net\/home\/2017\/07\/18\/deportes-cronicas-beisboleras-extranjeros-del-98-jaime-palau\/","title":{"rendered":"DEPORTES: Cr\u00f3nicas beisboleras: Extranjeros del 98. Por Jaime Palau"},"content":{"rendered":"<p><script src=\"\/\/pagead2.googlesyndication.com\/pagead\/js\/adsbygoogle.js\" async=\"\"><\/script><!-- BANNER ELORIENTE INCRUSTADO NOTAS --> <ins class=\"adsbygoogle\" style=\"display: inline-block; width: 300px; height: 250px;\" data-ad-client=\"ca-pub-1136171134853753\" data-ad-slot=\"7974633627\"><\/ins><script>\/\/ <![CDATA[\n(adsbygoogle = window.adsbygoogle || []).push({});\n\/\/ ]]><\/script><\/p>\n<p>&nbsp;<\/p>\n<p>(www.eloriente.net, M\u00e9xico, a 18 de julio de 2017, por Jaime Palau).-\u00a0<span style=\"font-weight: 400;\">Hace unas tres semanas vino el equipo Diablos Rojos del M\u00e9xico a Oaxaca a enfrentar a los Guerreros. Tuve la oportunidad de ver los juegos con el Vicepresidente del corporativo que integra los dos equipos, el se\u00f1or Roberto Castell\u00f3n Yuen. El tema de la temporada sin duda ha sido el exceso de extranjeros y de M\u00e9xico-Americanos que llenan los espacios de los rosters de algunos de los equipos de la Liga Mexicana de B\u00e9isbol, de hecho los clubes que van liderando la presente temporada casi no tienen peloteros mexicanos j\u00f3venes surgidos de las academias, un 65 a 70% de sus plantillas son de extranjeros y mexicanos no nacidos ni desarrollados en nuestro territorio, al recordar el campeonato de 1998 de los Guerreros, surgi\u00f3 la duda de qu\u00e9 jugadores extranjeros hab\u00edan participado apuntalando a la base de mexicanos hasta salir con el trofeo en manos.<\/span><\/p>\n<p><span style=\"font-weight: 400;\">El reglamento de esa temporada permit\u00eda cinco jugadores extranjeros por equipo, los importados que llegaron a Oaxaca fueron los siguientes:<\/span><\/p>\n<p><span style=\"font-weight: 400;\">Arranc\u00f3 la temporada como primera base el norteamericano Jay Gainer, un pelotero de color zurdo, pas\u00f3 a la historia de las Grandes Ligas porque en su debut en 1993 conect\u00f3 cuadrangular en su primer turno y en la primera picheada que recib\u00eda, solo ese a\u00f1o jug\u00f3 en las mayores y en total solo pudo conectar tres estacazos de vuelta entera, hasta la fecha solo 22 peloteros en toda la historia han arancado su carrera conectando de cuadrangular al primer turno, el rendimiento de Jay no fue lo esperado y fue dado de baja, ocupando su lugar otro moreno capaz de jugar primera, tercera y jardinero, el \u201cchuleta de puerco\u201d Clyde Pugh, obviamente ocup\u00f3 la primera pues era donde se requer\u00eda, se qued\u00f3 hasta el final de la temporada y fue fundamental su madero para la obtenci\u00f3n del campeonato.<\/span><\/p>\n<p><span style=\"font-weight: 400;\">El jardinero dominicano Juan Castillo inici\u00f3 temporada de 1998 jugando los jardines y dejando pronto su lugar al norteamericano Scott Lydy quien ya hab\u00eda brillado con los Diablos Rojos, toda una garant\u00eda con su fildeo y con el bate, siempre oportuno, es el segundo de los importados que obtuvieron el campeonato.<\/span><\/p>\n<p><span style=\"font-weight: 400;\">Hab\u00eda que apuntalar el picheo as\u00ed que se trajeron dos dominicanos que brillaron ese a\u00f1o con luz propia, por desgracia ambos ya fallecieron, sirva esta columna como homenaje para quienes entregaron su talento en el af\u00e1n de conseguir un campeonato y el destino hizo que temprano se despidieran para no volver, el primero fue Dar\u00edo P\u00e9rez, uno de los seis hermanos P\u00e9rez que lanzaron con gran \u00e9xito en la pelota profesional de Rep\u00fablica Dominicana, M\u00e9xico y algunos en Grandes Ligas, se dice que cada uno ten\u00eda su propia madre, pero eso s\u00ed, los genes de lanzador del padre y el apellido P\u00e9rez lo ten\u00edan todos.<\/span><\/p>\n<p><script src=\"\/\/pagead2.googlesyndication.com\/pagead\/js\/adsbygoogle.js\" async=\"\"><\/script><!-- BANNER PEQUE\u00d1O PARA ENTRENOTAS EL ORIENTE --> <ins class=\"adsbygoogle\" style=\"display: inline-block; width: 468px; height: 60px;\" data-ad-client=\"ca-pub-1136171134853753\" data-ad-slot=\"4953536424\"><\/ins><script>\/\/ <![CDATA[\n(adsbygoogle = window.adsbygoogle || []).push({});\n\/\/ ]]><\/script><\/p>\n<p><span style=\"font-weight: 400;\">El segundo fue H\u00e9ctor Ra\u00fal Guerrero Wagner, conocido en el mundo del b\u00e9isbol \u00fanicamente como H\u00e9ctor Wagner, acaba de fallecer el 5 de junio del presente a\u00f1o v\u00edctima de un c\u00e1ncer de est\u00f3mago, he ido al estadio Licenciado Eduardo Vasconcelos cada juego de esta temporada y no he escuchado que se hubiera mencionado en el sonido ambiente ese hecho ni que se le hubiera otorgado un aplauso de reconocimiento agradeci\u00e9ndole esa gran alegr\u00eda hist\u00f3rica que otorg\u00f3 el club gracias al esfuerzo y entrega de todos ellos.<\/span><\/p>\n<p><span style=\"font-weight: 400;\">El quinto extranjero del equipo fue el parador en corto nacido en El Paso Texas, Lauro F\u00e9lix, seguramente hoy d\u00eda no ocupar\u00eda una plaza de extranjero sino de M\u00e9xico-Americano, pas\u00f3 desapercibido, de hecho no aparece en ninguna cr\u00f3nica sin embargo el aficionado conocedor que acude al estadio mantiene en el recuerdo alguna de sus jugadas y un toque suicida que realiz\u00f3 con \u00e9xito en esa postemporada.<\/span><\/p>\n<p><span style=\"font-weight: 400;\">Ya entrados en el recuerdo, revisemos quienes fueron los peloteros mexicanos que participaron en la obtenci\u00f3n del \u00fanico campeonato en la vitrina de los Guerreros, comencemos con el jugador-entrenador, el hombre record e \u00eddolo de la afici\u00f3n, el \u201calmirante\u201d Nelson Barrera, actuaba de bateador designado y lo hac\u00eda con gran efectividad, ya fallecido.<\/span><\/p>\n<p><span style=\"font-weight: 400;\">Hay que reconocerle a Castell\u00f3n que trajo a cubrir a la receptor\u00eda esa temporada a un enorme jugador, prospecto de los Dodgers de Los \u00c1ngeles que nunca tuvo la fortuna de quedarse en las mayores, Homar Rojas Villarreal, una garant\u00eda atr\u00e1s del pent\u00e1gono y muy efectivo con el bate, de hecho conect\u00f3 una gran cantidad de cuadrangulares con la casa llena, era el rey del grand slam.<\/span><\/p>\n<p><span style=\"font-weight: 400;\">En la segunda base lleg\u00f3 Ram\u00f3n Esquer, bateador zurdo muy oportuno, de hecho dio el hit para conseguir la carrera del campeonato contra los Acereros de Monclova, la tercera base la jugaba el capitalino Rafael \u201cel chivig\u00f3n\u201d Casta\u00f1eda, hijo del buen amigo Chal\u00edo Casta\u00f1eda quien vivi\u00f3 en Oaxaca por varios a\u00f1os y con quien disfrut\u00e9 muchos juegos de pelota en el estadio.<\/span><\/p>\n<p><span style=\"font-weight: 400;\">En los jardines hab\u00eda dos caballos, en el izquierdo Roberto Carlos \u201cel figuritas\u201d M\u00e9ndez y en el central H\u00e9ctor \u201cel venado\u201d \u00c1lvarez, originario de Ciudad Obreg\u00f3n y miembro de una dinast\u00eda ya que varios de sus hermanos fueron peloteros profesionales incluso de Grandes Ligas.<\/span><\/p>\n<p><span style=\"font-weight: 400;\">Para apuntalar como bateadores o jugar con el guante cuando hiciera falta estaban Fabi\u00e1n \u201cel careca\u201d L\u00f3pez, Francisco P\u00e9rez, Felipe \u201cel cachorro\u201d Dur\u00e1n (quien anot\u00f3 la carrera del triunfo, corriendo desde segunda como emergente por Fabi\u00e1n L\u00f3pez), Leonardo Moreno y Antonio Ortega.<\/span><\/p>\n<p><span style=\"font-weight: 400;\">Entre los lanzadores hab\u00eda un gran talento, el cerrador era Sixto Baez quien perdi\u00f3 la vida por desgracias en un accidente en el a\u00f1o 2008, por sus n\u00fameros el segundo mejor cerrador de la historia de la liga, Alejandro Carrasco era uno de los abridores, ese a\u00f1o tuvo la mejor temporada de su vida, fue pieza fundamental, sobre todo en la postemporada consiguiendo victorias y tirando juegos completos, el preparador era Marino Cota, otro gran talento que se fue a la aventura de las Grandes Ligas y se perdi\u00f3 en el intento, su esposa hab\u00eda competido en Juegos Ol\u00edmpicos por nuestro pa\u00eds en atletismo, su cuerpo tonificado y torneado confirmaba toda esa preparaci\u00f3n f\u00edsica.<\/span><\/p>\n<p><span style=\"font-weight: 400;\">Otros lanzadores que me vienen a la memoria eran, el zurdo Leo Moreno, Jes\u00fas Nain L\u00f3pez, Gerardo Acosta y Jos\u00e9 Juan N\u00fa\u00f1ez Garc\u00eda, actual coach de picheo de los Guerreros de Oaxaca.<\/span><\/p>\n<p><span style=\"font-weight: 400;\">Recordar es volver a vivir, viejos tiempos que se mantienen en la memoria de los aficionados oaxaque\u00f1os, no hay que perder la fe, esta ciudad volver\u00e1 a disfrutar de temporadas ganadoras y porque no, de un nuevo campeonato.<\/span><\/p>\n<p><span style=\"font-weight: 400;\">Seguir\u00e9 comentando la pr\u00f3xima semana.<\/span><\/p>\n<p><span style=\"font-weight: 400;\">Si desea contactarme favor de escribir a <\/span><a href=\"mailto:jpr.cronicas@gmail.com\"><span style=\"font-weight: 400;\">jpr.cronicas@gmail.com<\/span><\/a><\/p>\n<p><span style=\"font-weight: 400;\">Facebook: Jaime Palau Ranz<\/span><\/p>\n<p><span style=\"font-weight: 400;\">Twitter: @jpranz<\/span><\/p>\n<p><a href=\"http:\/\/www.eloriente.net\/home\/wp-content\/uploads\/2012\/08\/GUERREOS.jpeg\" rel=\"attachment wp-att-2260\"><img loading=\"lazy\" decoding=\"async\" class=\"alignnone  wp-image-2260\" src=\"http:\/\/www.eloriente.net\/home\/wp-content\/uploads\/2012\/08\/GUERREOS.jpeg\" alt=\"GUERREOS\" width=\"600\" height=\"422\" srcset=\"http:\/\/www.eloriente.net\/home\/wp-content\/uploads\/2012\/08\/GUERREOS.jpeg 720w, http:\/\/www.eloriente.net\/home\/wp-content\/uploads\/2012\/08\/GUERREOS-300x210.jpeg 300w\" sizes=\"(max-width: 600px) 100vw, 600px\" \/><\/a><\/p>\n<p><strong>OTRAS ENTRADAS<\/strong><\/p>\n<div class=\"featuredpost\">\n<div class=\"flow_hide\">\n<h2 class=\"posttitle bigposttitle\"><a title=\"Enlace Permanente a \u00bfQu\u00e9 es y qu\u00e9 hace el Fondo Mundial para la Naturaleza?  #UnOrienteVerde\" href=\"http:\/\/www.eloriente.net\/home\/2017\/07\/17\/fondo-mundial-la-naturaleza-unorienteverde\/\" rel=\"bookmark\">\u00bfQu\u00e9 es y qu\u00e9 hace el Fondo Mundial para la Naturaleza? #UnOrienteVerde<\/a><\/h2>\n<\/div>\n<p>(www.eloriente.net; M\u00e9xico a 17 de julio de 2017).- Por Jessica Lamadrid La WWF o Fondo Mundial para la Naturaleza es una organizaci\u00f3n que se dedica a la conservaci\u00f3n\u2026<\/p>\n<p class=\"postmeta\"><span class=\"meta_date\">julio 17, 2017<\/span><\/p>\n<div class=\"toolbar-social\"><\/div>\n<\/div>\n<div class=\"featuredpost\">\n<div class=\"flow_hide\"><a href=\"http:\/\/www.eloriente.net\/home\/2017\/07\/17\/opinion-bono-no-actuacion-manzana-envenenada-bomba-tiempo-la-uabjo-adrian-ortiz-romero\/\" rel=\"bookmark\"><img decoding=\"async\" class=\"alignleft\" title=\"OPINI\u00d3N: Bono de no actuaci\u00f3n: manzana envenenada y bomba de tiempo para la UABJO. Por Adri\u00e1n Ortiz Romero\" src=\"http:\/\/www.eloriente.net\/home\/wp-content\/themes\/city-desk\/timthumb.php?src=http%3A%2F%2Fwww.eloriente.net%2Fhome%2Fwp-content%2Fuploads%2F2017%2F07%2Fuabjo_ciencias.jpg&amp;q=90&amp;w=70&amp;h=45&amp;zc=1\" alt=\"OPINI\u00d3N: Bono de no actuaci\u00f3n: manzana envenenada y bomba de tiempo para la UABJO. Por Adri\u00e1n Ortiz Romero\" \/><\/a><\/p>\n<h2 class=\"posttitle \"><a title=\"Enlace Permanente a OPINI\u00d3N: Bono de no actuaci\u00f3n: manzana envenenada y bomba de tiempo para la UABJO. Por Adri\u00e1n Ortiz Romero\" href=\"http:\/\/www.eloriente.net\/home\/2017\/07\/17\/opinion-bono-no-actuacion-manzana-envenenada-bomba-tiempo-la-uabjo-adrian-ortiz-romero\/\" rel=\"bookmark\">OPINI\u00d3N: Bono de no actuaci\u00f3n: manzana envenenada y bomba de tiempo para la UABJO. Por Adri\u00e1n Ortiz Romero<\/a><\/h2>\n<\/div>\n<p>(www.eloriente.net, M\u00e9xico, a 17 de julio de 2017, por Adri\u00e1n Ortiz Romero\/Al Margen).-\u00a0La Secretar\u00eda General de Gobierno sigue empe\u00f1ada en enrarecer la estabilidad de la Universidad Aut\u00f3noma\u2026<\/p>\n<p class=\"postmeta\"><span class=\"meta_date\">julio 17, 2017<\/span><\/p>\n<div class=\"toolbar-social\"><\/div>\n<\/div>\n<div class=\"featuredpost\">\n<div class=\"flow_hide\"><a href=\"http:\/\/www.eloriente.net\/home\/2017\/07\/17\/5-vacantes-administracion-martesdevacantes-6\/\" rel=\"bookmark\"><img decoding=\"async\" class=\"alignleft\" title=\"5 Vacantes en Administraci\u00f3n #MartesDeVacantes\" src=\"http:\/\/www.eloriente.net\/home\/wp-content\/themes\/city-desk\/timthumb.php?src=http%3A%2F%2Fwww.eloriente.net%2Fhome%2Fwp-content%2Fuploads%2F2014%2F05%2Fmartes-de-vacantes.jpg&amp;q=90&amp;w=70&amp;h=45&amp;zc=1\" alt=\"5 Vacantes en Administraci\u00f3n #MartesDeVacantes\" \/><\/a><\/p>\n<h2 class=\"posttitle \"><a title=\"Enlace Permanente a 5 Vacantes en Administraci\u00f3n #MartesDeVacantes\" href=\"http:\/\/www.eloriente.net\/home\/2017\/07\/17\/5-vacantes-administracion-martesdevacantes-6\/\" rel=\"bookmark\">5 Vacantes en Administraci\u00f3n #MartesDeVacantes<\/a><\/h2>\n<\/div>\n<p>(www.eloriente.net, M\u00e9xico, a 18 de julio de 2017).- Conscientes de la importancia para la ciudadan\u00eda en general de la b\u00fasqueda de nuevas oportunidades de crecimiento profesional, ponemos\u2026<\/p>\n<p class=\"postmeta\"><span class=\"meta_date\">julio 17, 2017<\/span><\/p>\n<\/div>\n\n\t\t\t  <div \n\t\t\t  \tclass = \"fb-comments\" \n\t\t\t  \tdata-href = \"http:\/\/www.eloriente.net\/home\/2017\/07\/18\/deportes-cronicas-beisboleras-extranjeros-del-98-jaime-palau\/\"\n\t\t\t  \tdata-numposts = \"10\"\n\t\t\t\tdata-colorscheme = \"dark\"\n\t\t\t\tdata-order-by = \"social\"\n\t\t\t\tdata-mobile=true>\n\t\t\t  <\/div>\n\t\t  <style>\n\t\t\t.fb_iframe_widget_fluid_desktop iframe {\n\t\t\t    width: 100% !important;\n\t\t\t}\n\t\t  <\/style>\n\t\t  ","protected":false},"excerpt":{"rendered":"<p>&nbsp; (www.eloriente.net, M\u00e9xico, a 18 de julio de 2017, por Jaime Palau).-\u00a0Hace unas tres semanas vino el equipo Diablos Rojos del M\u00e9xico a Oaxaca a enfrentar a los Guerreros. Tuve la oportunidad de ver los juegos con el Vicepresidente del corporativo que integra los dos equipos, el se\u00f1or Roberto Castell\u00f3n Yuen. El tema de la [&hellip;]<\/p>\n","protected":false},"author":6,"featured_media":2260,"comment_status":"open","ping_status":"open","sticky":false,"template":"","format":"standard","meta":{"_jetpack_memberships_contains_paid_content":false,"footnotes":""},"categories":[11,15,32,63,48,464],"tags":[8030,2167,448,1215,452,547,2334,73],"class_list":["post-49163","post","type-post","status-publish","format-standard","has-post-thumbnail","hentry","category-colaboradores","category-deportes","category-entradas","category-estados","category-jaime-palau","category-oaxaca-estados","tag-8030","tag-baseball","tag-beisbol","tag-campeon","tag-cronicas-beisboleras","tag-guerreros","tag-guerreros-de-oaxaca","tag-oaxaca"],"jetpack_featured_media_url":"http:\/\/www.eloriente.net\/home\/wp-content\/uploads\/2012\/08\/GUERREOS.jpeg","jetpack_sharing_enabled":true,"_links":{"self":[{"href":"http:\/\/www.eloriente.net\/home\/wp-json\/wp\/v2\/posts\/49163"}],"collection":[{"href":"http:\/\/www.eloriente.net\/home\/wp-json\/wp\/v2\/posts"}],"about":[{"href":"http:\/\/www.eloriente.net\/home\/wp-json\/wp\/v2\/types\/post"}],"author":[{"embeddable":true,"href":"http:\/\/www.eloriente.net\/home\/wp-json\/wp\/v2\/users\/6"}],"replies":[{"embeddable":true,"href":"http:\/\/www.eloriente.net\/home\/wp-json\/wp\/v2\/comments?post=49163"}],"version-history":[{"count":1,"href":"http:\/\/www.eloriente.net\/home\/wp-json\/wp\/v2\/posts\/49163\/revisions"}],"predecessor-version":[{"id":49165,"href":"http:\/\/www.eloriente.net\/home\/wp-json\/wp\/v2\/posts\/49163\/revisions\/49165"}],"wp:featuredmedia":[{"embeddable":true,"href":"http:\/\/www.eloriente.net\/home\/wp-json\/wp\/v2\/media\/2260"}],"wp:attachment":[{"href":"http:\/\/www.eloriente.net\/home\/wp-json\/wp\/v2\/media?parent=49163"}],"wp:term":[{"taxonomy":"category","embeddable":true,"href":"http:\/\/www.eloriente.net\/home\/wp-json\/wp\/v2\/categories?post=49163"},{"taxonomy":"post_tag","embeddable":true,"href":"http:\/\/www.eloriente.net\/home\/wp-json\/wp\/v2\/tags?post=49163"}],"curies":[{"name":"wp","href":"https:\/\/api.w.org\/{rel}","templated":true}]}}