{"id":49168,"date":"2017-07-18T16:07:27","date_gmt":"2017-07-18T22:07:27","guid":{"rendered":"http:\/\/www.eloriente.net\/home\/?p=49168"},"modified":"2017-07-18T16:07:27","modified_gmt":"2017-07-18T22:07:27","slug":"oaxaca-donajila-leyenda-preserva-la-identidad-oaxaca","status":"publish","type":"post","link":"http:\/\/www.eloriente.net\/home\/2017\/07\/18\/oaxaca-donajila-leyenda-preserva-la-identidad-oaxaca\/","title":{"rendered":"OAXACA: Donaj\u00ed\u2026La Leyenda preserva la identidad de Oaxaca"},"content":{"rendered":"<p><script src=\"\/\/pagead2.googlesyndication.com\/pagead\/js\/adsbygoogle.js\" async=\"\"><\/script><!-- BANNER ELORIENTE INCRUSTADO NOTAS --> <ins class=\"adsbygoogle\" style=\"display: inline-block; width: 300px; height: 250px;\" data-ad-client=\"ca-pub-1136171134853753\" data-ad-slot=\"7974633627\"><\/ins><script>\/\/ <![CDATA[\n(adsbygoogle = window.adsbygoogle || []).push({});\n\/\/ ]]><\/script><\/p>\n<p>&nbsp;<\/p>\n<p>eloriente.net<\/p>\n<p>18 de julio de 2017<\/p>\n<p><span style=\"font-weight: 400;\">Cobijadas bajo una fresca noche y frente a la majestuosa ciudad colonial, m\u00e1s de 11 mil personas \u00a0hicieron vibrar el Auditorio Guelaguetza, al fusionar sus ovaciones con las voces del Coro de la Ciudad y la m\u00fasica prehisp\u00e1nica, que recre\u00f3 la trig\u00e9sima quinta edici\u00f3n del espect\u00e1culo teatral y danc\u00edstico \u201cDonaj\u00ed\u2026La Leyenda\u201d, historia de sacrificio y amor que muestra parte de la riqueza cultural de la capital oaxaque\u00f1a.<\/span><\/p>\n<p>En punto de las 20:30 horas, se dio la tercera llamada para dar inicio con esta puesta en escena que sorprender\u00eda por primera vez al p\u00fablico con musicalizaci\u00f3n en vivo en los idiomas zapoteco y mixteco del canto maya denominado \u201cXtoles\u201d, considerado el canto m\u00e1s antiguo del mundo dedicado al dios sol, a cargo de las y los 30 coristas dirigidos por el maestro Israel Rivera Ca\u00f1as.<\/p>\n<p>Con la presencia del Presidente Municipal, Jos\u00e9 Antonio Hern\u00e1ndez Fraguas; la Presidenta Honoraria del DIF Municipal, Lorena C\u00f3rdova Brena; el Gobernador Alejandro Murat Hinojosa y la Diosa Cent\u00e9otl 2017, Rebeca Itah\u00ed Ortiz Santiba\u00f1ez, los m\u00e1s de 80 bailarines del Ballet Folcl\u00f3rico de Oaxaca, hicieron una extraordinaria recreaci\u00f3n de la historia de la princesa Donaj\u00ed, que naci\u00f3 en el a\u00f1o 1501, producto del amor entre el rey Cosijoeza y Coyolicatzin. Desde su nacimiento, Tibot un sacerdote de Mitla descifr\u00f3 en el cielo el signo de la fatalidad y predijo que se sacrificar\u00eda por amor a su pueblo.<\/p>\n<p><a href=\"http:\/\/www.eloriente.net\/home\/wp-content\/uploads\/2017\/07\/35-EDICIO\u0301N-DE-DONAJI\u0301-6.jpg\" rel=\"attachment wp-att-49170\"><img loading=\"lazy\" decoding=\"async\" class=\"alignnone  wp-image-49170\" src=\"http:\/\/www.eloriente.net\/home\/wp-content\/uploads\/2017\/07\/35-EDICIO\u0301N-DE-DONAJI\u0301-6-1024x683.jpg\" alt=\"35 EDICIO\u0301N DE DONAJI\u0301 (6)\" width=\"601\" height=\"401\" srcset=\"http:\/\/www.eloriente.net\/home\/wp-content\/uploads\/2017\/07\/35-EDICIO\u0301N-DE-DONAJI\u0301-6-1024x683.jpg 1024w, http:\/\/www.eloriente.net\/home\/wp-content\/uploads\/2017\/07\/35-EDICIO\u0301N-DE-DONAJI\u0301-6-300x200.jpg 300w, http:\/\/www.eloriente.net\/home\/wp-content\/uploads\/2017\/07\/35-EDICIO\u0301N-DE-DONAJI\u0301-6-768x512.jpg 768w, http:\/\/www.eloriente.net\/home\/wp-content\/uploads\/2017\/07\/35-EDICIO\u0301N-DE-DONAJI\u0301-6.jpg 1280w\" sizes=\"(max-width: 601px) 100vw, 601px\" \/><\/a><\/p>\n<p><span style=\"font-weight: 400;\">Ante el llamado del sonido de los caracoles, los guerreros zapotecas descendieron con antorcha en mano para abrir paso a las doncellas y anunciar con j\u00fabilo el nacimiento de \u201cAlma Grande\u201d. <\/span><\/p>\n<p><script src=\"\/\/pagead2.googlesyndication.com\/pagead\/js\/adsbygoogle.js\" async=\"\"><\/script><!-- BANNER PEQUE\u00d1O PARA ENTRENOTAS EL ORIENTE --> <ins class=\"adsbygoogle\" style=\"display: inline-block; width: 468px; height: 60px;\" data-ad-client=\"ca-pub-1136171134853753\" data-ad-slot=\"4953536424\"><\/ins><script>\/\/ <![CDATA[\n(adsbygoogle = window.adsbygoogle || []).push({});\n\/\/ ]]><\/script><\/p>\n<p><span style=\"font-weight: 400;\">El escenario se visti\u00f3 de fiesta y alegr\u00eda; j\u00f3venes oaxaque\u00f1os que durante meses se prepararon bajo la direcci\u00f3n del maestro Fernando Rosales, para compartir con M\u00e9xico y el mundo parte de este legado hist\u00f3rico, recrearon en sincron\u00eda este acontecimiento.<\/span><\/p>\n<p>Acto seguido, Donaj\u00ed representada por Karla Alicia Mart\u00ednez Platas que descendi\u00f3 al escenario al ritmo de sonidos prehisp\u00e1nicos, sorprendi\u00f3 a los miles de asistentes, quienes reconocieron su interpretaci\u00f3n con aplausos que se prolongaron por espacio de un minuto.<\/p>\n<p>La representaci\u00f3n continu\u00f3 con el enfrentamiento entre mixtecos y zapotecos, quienes se afrontaron juntos a los mexicas que trataron de conquistar la regi\u00f3n de Oaxaca para anexarla a su imperio.<\/p>\n<p>En medio de tales enfrentamientos, un guerrero mixteco fue hecho prisionero por los zapotecas y puesto a disposici\u00f3n del rey Cosijoeza. Durante su estancia, la princesa Donaj\u00ed descubri\u00f3 al cautivo de nombre Nucano, quien era pr\u00edncipe mixteca, enamor\u00e1ndose de \u00e9l y cuid\u00e1ndolo hasta que se recuper\u00f3 por completo de sus heridas, momento en el que pidi\u00f3 a la princesa su libertad para continuar en la lucha.<\/p>\n<p>Liberado por la princesa, Nucano alent\u00f3 a su pueblo a terminar con la guerra, mientras que Donaj\u00ed hizo lo mismo con su padre. Ambos pueblos pactaron la paz, aunque el recelo de los mixtecas les hizo solicitar que Donaj\u00ed se convirtiera en prenda de paz para garantizar la promesa del rey Cosijoeza, ya que de lo contrario ser\u00eda sacrificada.<\/p>\n<p>Fue en este momento cumbre, cuando las y los integrantes del Coro de la Ciudad sorprendieron con su participaci\u00f3n al interpretar el canto \u201cXtoles\u201d, para recrear el pasaje cuando Donaj\u00ed va de Zaachila a Monte Alb\u00e1n; esto como s\u00edmbolo para anunciar su 27 aniversario de trayectoria art\u00edstica a celebrarse el 16 de agosto pr\u00f3ximo.<\/p>\n<p><span style=\"font-weight: 400;\">Sin embargo, una serie de eventos sembraron la discordia entre ambos pueblos, provocando su distanciamiento y al mismo tiempo el inicio de violentas disputas.<\/span><\/p>\n<p>Anteponiendo el amor a su pueblo antes que su propia vida, la princesa dio aviso a los guerreros zapotecas de que sus carceleros se encontrar\u00edan al anochecer en Monte Alb\u00e1n, lugar donde fueron sorprendidos y asesinados por la gente de Cosijoeza. Descubierto el plan de Donaj\u00ed, los mixtecas decidieron vengarse del rey decapitando a la princesa cerca del r\u00edo Atoyac, lugar donde fue sepultada.<\/p>\n<p><a href=\"http:\/\/www.eloriente.net\/home\/wp-content\/uploads\/2017\/07\/35-EDICIO\u0301N-DE-DONAJI\u0301-2.jpg\" rel=\"attachment wp-att-49169\"><img loading=\"lazy\" decoding=\"async\" class=\"alignnone  wp-image-49169\" src=\"http:\/\/www.eloriente.net\/home\/wp-content\/uploads\/2017\/07\/35-EDICIO\u0301N-DE-DONAJI\u0301-2-1024x683.jpg\" alt=\"35 EDICIO\u0301N DE DONAJI\u0301 (2)\" width=\"601\" height=\"401\" srcset=\"http:\/\/www.eloriente.net\/home\/wp-content\/uploads\/2017\/07\/35-EDICIO\u0301N-DE-DONAJI\u0301-2-1024x683.jpg 1024w, http:\/\/www.eloriente.net\/home\/wp-content\/uploads\/2017\/07\/35-EDICIO\u0301N-DE-DONAJI\u0301-2-300x200.jpg 300w, http:\/\/www.eloriente.net\/home\/wp-content\/uploads\/2017\/07\/35-EDICIO\u0301N-DE-DONAJI\u0301-2-768x512.jpg 768w, http:\/\/www.eloriente.net\/home\/wp-content\/uploads\/2017\/07\/35-EDICIO\u0301N-DE-DONAJI\u0301-2.jpg 1280w\" sizes=\"(max-width: 601px) 100vw, 601px\" \/><\/a><\/p>\n<p><span style=\"font-weight: 400;\">Transcurr\u00eda m\u00e1s de una hora de la puesta de luz y sonido; las y los asistentes compartieron con las autoridades del gobierno municipal la invitaci\u00f3n a reflexionar sobre el sentido de identidad y unidad que debe prevalecer entre las y los oaxaque\u00f1os.<\/span><\/p>\n<p><span style=\"font-weight: 400;\">Pasado el tiempo, un d\u00eda de invierno un pastorcillo que caminaba por el r\u00edo Atoyac descubri\u00f3 un lirio que lo llen\u00f3 de asombro, el cual 15 d\u00edas despu\u00e9s se conservaba intacto como si tuviera un en\u00e9rgico poder; as\u00ed fue como concluy\u00f3 esta puesta en escena que fue sellada al rememorar a Donaj\u00ed como la imagen oficial del escudo de la ciudad de Oaxaca de Ju\u00e1rez desde el a\u00f1o 1928.<\/span><\/p>\n<p><span style=\"font-weight: 400;\">En la antesala de la puesta en escena, la Direcci\u00f3n de Turismo Municipal entreg\u00f3 un reconocimiento a la familia de don Gustavo P\u00e9rez Jim\u00e9nez, quien durante 49 a\u00f1os narr\u00f3 las presentaciones de la Guelaguetza y fue la voz oficial de \u201cDonaj\u00ed\u2026 La Leyenda\u201d; asimismo, en el escenario de la Rotonda de la Azucena se presentaron agrupaciones musicales de la entidad y las corporaciones policiales y de auxilio reportaron saldo blanco.<\/span><\/p>\n<p><a href=\"http:\/\/www.eloriente.net\/home\/wp-content\/uploads\/2017\/07\/35-EDICIO\u0301N-DE-DONAJI\u0301-11.jpg\" rel=\"attachment wp-att-49171\"><img loading=\"lazy\" decoding=\"async\" class=\"alignnone  wp-image-49171\" src=\"http:\/\/www.eloriente.net\/home\/wp-content\/uploads\/2017\/07\/35-EDICIO\u0301N-DE-DONAJI\u0301-11-1024x683.jpg\" alt=\"35 EDICIO\u0301N DE DONAJI\u0301 (11)\" width=\"601\" height=\"401\" srcset=\"http:\/\/www.eloriente.net\/home\/wp-content\/uploads\/2017\/07\/35-EDICIO\u0301N-DE-DONAJI\u0301-11-1024x683.jpg 1024w, http:\/\/www.eloriente.net\/home\/wp-content\/uploads\/2017\/07\/35-EDICIO\u0301N-DE-DONAJI\u0301-11-300x200.jpg 300w, http:\/\/www.eloriente.net\/home\/wp-content\/uploads\/2017\/07\/35-EDICIO\u0301N-DE-DONAJI\u0301-11-768x512.jpg 768w, http:\/\/www.eloriente.net\/home\/wp-content\/uploads\/2017\/07\/35-EDICIO\u0301N-DE-DONAJI\u0301-11.jpg 1280w\" sizes=\"(max-width: 601px) 100vw, 601px\" \/><\/a><\/p>\n<p><strong>OTRAS ENTRADAS<\/strong><\/p>\n<div class=\"featuredpost\">\n<div class=\"flow_hide\">\n<h2 class=\"posttitle bigposttitle\"><a title=\"Enlace Permanente a DEPORTES: Cr\u00f3nicas beisboleras: Extranjeros del 98. Por Jaime Palau\" href=\"http:\/\/www.eloriente.net\/home\/2017\/07\/18\/deportes-cronicas-beisboleras-extranjeros-del-98-jaime-palau\/\" rel=\"bookmark\">DEPORTES: Cr\u00f3nicas beisboleras: Extranjeros del 98. Por Jaime Palau<\/a><\/h2>\n<\/div>\n<p>(www.eloriente.net, M\u00e9xico, a 18 de julio de 2017, por Jaime Palau).-\u00a0Hace unas tres semanas vino el equipo Diablos Rojos del M\u00e9xico a Oaxaca a enfrentar a los\u2026<\/p>\n<p class=\"postmeta\"><span class=\"meta_date\">julio 18, 2017<\/span><\/p>\n<div class=\"toolbar-social\"><\/div>\n<\/div>\n<div class=\"featuredpost\">\n<div class=\"flow_hide\"><a href=\"http:\/\/www.eloriente.net\/home\/2017\/07\/17\/fondo-mundial-la-naturaleza-unorienteverde\/\" rel=\"bookmark\"><img decoding=\"async\" class=\"alignleft\" title=\"\u00bfQu\u00e9 es y qu\u00e9 hace el Fondo Mundial para la Naturaleza?  #UnOrienteVerde\" src=\"http:\/\/www.eloriente.net\/home\/wp-content\/themes\/city-desk\/timthumb.php?src=http%3A%2F%2Fwww.eloriente.net%2Fhome%2Fwp-content%2Fuploads%2F2017%2F07%2Fbug-189903_1920.jpg&amp;q=90&amp;w=70&amp;h=45&amp;zc=1\" alt=\"\u00bfQu\u00e9 es y qu\u00e9 hace el Fondo Mundial para la Naturaleza?  #UnOrienteVerde\" \/><\/a><\/p>\n<h2 class=\"posttitle \"><a title=\"Enlace Permanente a \u00bfQu\u00e9 es y qu\u00e9 hace el Fondo Mundial para la Naturaleza?  #UnOrienteVerde\" href=\"http:\/\/www.eloriente.net\/home\/2017\/07\/17\/fondo-mundial-la-naturaleza-unorienteverde\/\" rel=\"bookmark\">\u00bfQu\u00e9 es y qu\u00e9 hace el Fondo Mundial para la Naturaleza? #UnOrienteVerde<\/a><\/h2>\n<\/div>\n<p>(www.eloriente.net; M\u00e9xico a 17 de julio de 2017).- Por Jessica Lamadrid La WWF o Fondo Mundial para la Naturaleza es una organizaci\u00f3n que se dedica a la conservaci\u00f3n\u2026<\/p>\n<p class=\"postmeta\"><span class=\"meta_date\">julio 17, 2017<\/span><\/p>\n<div class=\"toolbar-social\"><\/div>\n<\/div>\n<div class=\"featuredpost\">\n<div class=\"flow_hide\"><a href=\"http:\/\/www.eloriente.net\/home\/2017\/07\/17\/opinion-bono-no-actuacion-manzana-envenenada-bomba-tiempo-la-uabjo-adrian-ortiz-romero\/\" rel=\"bookmark\"><img decoding=\"async\" class=\"alignleft\" title=\"OPINI\u00d3N: Bono de no actuaci\u00f3n: manzana envenenada y bomba de tiempo para la UABJO. Por Adri\u00e1n Ortiz Romero\" src=\"http:\/\/www.eloriente.net\/home\/wp-content\/themes\/city-desk\/timthumb.php?src=http%3A%2F%2Fwww.eloriente.net%2Fhome%2Fwp-content%2Fuploads%2F2017%2F07%2Fuabjo_ciencias.jpg&amp;q=90&amp;w=70&amp;h=45&amp;zc=1\" alt=\"OPINI\u00d3N: Bono de no actuaci\u00f3n: manzana envenenada y bomba de tiempo para la UABJO. Por Adri\u00e1n Ortiz Romero\" \/><\/a><\/p>\n<h2 class=\"posttitle \"><a title=\"Enlace Permanente a OPINI\u00d3N: Bono de no actuaci\u00f3n: manzana envenenada y bomba de tiempo para la UABJO. Por Adri\u00e1n Ortiz Romero\" href=\"http:\/\/www.eloriente.net\/home\/2017\/07\/17\/opinion-bono-no-actuacion-manzana-envenenada-bomba-tiempo-la-uabjo-adrian-ortiz-romero\/\" rel=\"bookmark\">OPINI\u00d3N: Bono de no actuaci\u00f3n: manzana envenenada y bomba de tiempo para la UABJO. Por Adri\u00e1n Ortiz Romero<\/a><\/h2>\n<\/div>\n<p>(www.eloriente.net, M\u00e9xico, a 17 de julio de 2017, por Adri\u00e1n Ortiz Romero\/Al Margen).-\u00a0La Secretar\u00eda General de Gobierno sigue empe\u00f1ada en enrarecer la estabilidad de la Universidad Aut\u00f3noma\u2026<\/p>\n<p class=\"postmeta\"><span class=\"meta_date\">julio 17, 2017<\/span><\/p>\n<\/div>\n\n\t\t\t  <div \n\t\t\t  \tclass = \"fb-comments\" \n\t\t\t  \tdata-href = \"http:\/\/www.eloriente.net\/home\/2017\/07\/18\/oaxaca-donajila-leyenda-preserva-la-identidad-oaxaca\/\"\n\t\t\t  \tdata-numposts = \"10\"\n\t\t\t\tdata-colorscheme = \"dark\"\n\t\t\t\tdata-order-by = \"social\"\n\t\t\t\tdata-mobile=true>\n\t\t\t  <\/div>\n\t\t  <style>\n\t\t\t.fb_iframe_widget_fluid_desktop iframe {\n\t\t\t    width: 100% !important;\n\t\t\t}\n\t\t  <\/style>\n\t\t  ","protected":false},"excerpt":{"rendered":"<p>&nbsp; eloriente.net 18 de julio de 2017 Cobijadas bajo una fresca noche y frente a la majestuosa ciudad colonial, m\u00e1s de 11 mil personas \u00a0hicieron vibrar el Auditorio Guelaguetza, al fusionar sus ovaciones con las voces del Coro de la Ciudad y la m\u00fasica prehisp\u00e1nica, que recre\u00f3 la trig\u00e9sima quinta edici\u00f3n del espect\u00e1culo teatral y [&hellip;]<\/p>\n","protected":false},"author":44,"featured_media":49171,"comment_status":"open","ping_status":"open","sticky":false,"template":"","format":"standard","meta":{"_jetpack_memberships_contains_paid_content":false,"footnotes":""},"categories":[4300,1588,18,32,63,464],"tags":[6990,8032,8031,1250,4050,73],"class_list":["post-49168","post","type-post","status-publish","format-standard","has-post-thumbnail","hentry","category-comunicacion","category-comunicados-y-boletines","category-educacion-y-cultura","category-entradas","category-estados","category-oaxaca-estados","tag-6990","tag-8032","tag-donajila-leyenda","tag-guelaguetza","tag-jose-antonio-hernandez-fraguas","tag-oaxaca"],"jetpack_featured_media_url":"http:\/\/www.eloriente.net\/home\/wp-content\/uploads\/2017\/07\/35-EDICIO\u0301N-DE-DONAJI\u0301-11.jpg","jetpack_sharing_enabled":true,"_links":{"self":[{"href":"http:\/\/www.eloriente.net\/home\/wp-json\/wp\/v2\/posts\/49168"}],"collection":[{"href":"http:\/\/www.eloriente.net\/home\/wp-json\/wp\/v2\/posts"}],"about":[{"href":"http:\/\/www.eloriente.net\/home\/wp-json\/wp\/v2\/types\/post"}],"author":[{"embeddable":true,"href":"http:\/\/www.eloriente.net\/home\/wp-json\/wp\/v2\/users\/44"}],"replies":[{"embeddable":true,"href":"http:\/\/www.eloriente.net\/home\/wp-json\/wp\/v2\/comments?post=49168"}],"version-history":[{"count":1,"href":"http:\/\/www.eloriente.net\/home\/wp-json\/wp\/v2\/posts\/49168\/revisions"}],"predecessor-version":[{"id":49172,"href":"http:\/\/www.eloriente.net\/home\/wp-json\/wp\/v2\/posts\/49168\/revisions\/49172"}],"wp:featuredmedia":[{"embeddable":true,"href":"http:\/\/www.eloriente.net\/home\/wp-json\/wp\/v2\/media\/49171"}],"wp:attachment":[{"href":"http:\/\/www.eloriente.net\/home\/wp-json\/wp\/v2\/media?parent=49168"}],"wp:term":[{"taxonomy":"category","embeddable":true,"href":"http:\/\/www.eloriente.net\/home\/wp-json\/wp\/v2\/categories?post=49168"},{"taxonomy":"post_tag","embeddable":true,"href":"http:\/\/www.eloriente.net\/home\/wp-json\/wp\/v2\/tags?post=49168"}],"curies":[{"name":"wp","href":"https:\/\/api.w.org\/{rel}","templated":true}]}}