{"id":49178,"date":"2017-07-18T17:14:05","date_gmt":"2017-07-18T23:14:05","guid":{"rendered":"http:\/\/www.eloriente.net\/home\/?p=49178"},"modified":"2017-07-18T17:15:24","modified_gmt":"2017-07-18T23:15:24","slug":"la-cultura-capital-cultural-mexico-juan-pablo-vasconcelos","status":"publish","type":"post","link":"http:\/\/www.eloriente.net\/home\/2017\/07\/18\/la-cultura-capital-cultural-mexico-juan-pablo-vasconcelos\/","title":{"rendered":"ES LA CULTURA: Capital Cultural de M\u00e9xico. Por Juan Pablo Vasconcelos"},"content":{"rendered":"<p><script src=\"\/\/pagead2.googlesyndication.com\/pagead\/js\/adsbygoogle.js\" async=\"\"><\/script><!-- BANNER ELORIENTE INCRUSTADO NOTAS --> <ins class=\"adsbygoogle\" style=\"display: inline-block; width: 300px; height: 250px;\" data-ad-client=\"ca-pub-1136171134853753\" data-ad-slot=\"7974633627\"><\/ins><script>\/\/ <![CDATA[\n(adsbygoogle = window.adsbygoogle || []).push({});\n\/\/ ]]><\/script><\/p>\n<p>&nbsp;<\/p>\n<p>eloriente.net<\/p>\n<p>18 de julio de 2017<\/p>\n<p>Por Juan Pablo Vasconcelos<\/p>\n<p><a href=\"https:\/\/twitter.com\/JPVmx\" target=\"_blank\">@JPVmx<\/a><\/p>\n<p>&nbsp;<\/p>\n<p><i><span style=\"font-weight: 400;\">\u201cLa primera responsabilidad de un gobierno local en nuestro tiempo, es impulsar las capacidades ciudadanas: Lucina Jim\u00e9nez, en Oaxaca\u201d.<\/span><\/i><\/p>\n<p>&nbsp;<\/p>\n<p><span style=\"font-weight: 400;\">Eran millares. Imposible encontrar un claro en Macedonio Alcal\u00e1 y en buena parte del Z\u00f3calo. Gente corriendo ataviada de capas grises e impermeables azules. Bandas de m\u00fasica impetuosas. Mujeres que se contonean con los sones y jarabes, de un lado a otro, como si fueran transportadas por barcas invisibles y el oleaje no cesara. Los balcones de las casas coloniales tambi\u00e9n ocupados por fan\u00e1ticos de todas las edades, aunque los mayores eran los m\u00e1s en estos casos.<\/span><\/p>\n<p><span style=\"font-weight: 400;\">Los ni\u00f1os, m\u00e1s bien, se apostaron sobre los hombros de sus padres, abriendo sus alas, esquivando los m\u00f3viles de los adultos de las primeras filas.<\/span><\/p>\n<p><span style=\"font-weight: 400;\">Gente a los costados de las calles; gente de pie sobre los escalones de las plazuelas \u2014frente a Sangre de Cristo hab\u00eda centenares casi uno sobre otro\u2014; gente de Oaxaca; gente de otros pa\u00edses; gente por todos lados. Gente adentro de los monos de calenda, danzando<\/span><\/p>\n<p><span style=\"font-weight: 400;\">Emociones, llovizna en las cabezas, paraguas puntiagudos y una cierta alegr\u00eda uniforme, generalizada.<\/span><\/p>\n<p><span style=\"font-weight: 400;\">Y frente a nosotros, en el arroyo central de la calle, las delegaciones de cada regi\u00f3n del estado, siguiendo cada una a su banda: alzaban flores, lanzaban frutos, hac\u00edan contorsiones con sus cuerpos, enfatizando la vitalidad de sus pueblos. All\u00ed transcurr\u00edan danzantes con penachos ingr\u00e1vidos, las maracas sonando con cierta premonici\u00f3n a guerra; las mujeres de Pinotepa de cabello suelto y el sabor c\u00e1lido de sus verbos; la elegancia de los tehuanos; y hab\u00eda diablos, carnaval, chinas oaxaque\u00f1as.<\/span><\/p>\n<p><span style=\"font-weight: 400;\">La diversidad de 8 regiones pasando frente a nuestros ojos.<\/span><\/p>\n<p><span style=\"font-weight: 400;\">De alguna manera, tambi\u00e9n por esta raz\u00f3n, Oaxaca de Ju\u00e1rez es capital cultural de M\u00e9xico, pues primero es capital cultural de Oaxaca.<\/span><\/p>\n<p><span style=\"font-weight: 400;\">Aqu\u00ed es posible escuchar el mazateco entreverado con el mixe, y el canto es canto fruto del habla y no de la impostaci\u00f3n. Aqu\u00ed, la alegr\u00eda de Pochutla, la sabidur\u00eda de Yalalag y la nostalgia mixteca. Aqu\u00ed, hasta el \u00faltimo minuto, la dignidad juchiteca y el son serrano.<\/span><\/p>\n<p><span style=\"font-weight: 400;\">Por unos d\u00edas de Guelaguetza se hace visible una realidad permanente: esta ciudad le pertenece a todos los hombres y mujeres del estado, est\u00e1 hecha hasta las entra\u00f1as de la mezcla de unas comunidades y de otras, de un poco de todos.<\/span><\/p>\n<p><span style=\"font-weight: 400;\">La ciudad es un poco de todos.<\/span><\/p>\n<p><span style=\"font-weight: 400;\">As\u00ed hemos crecido aun sin notarlo. La Guelaguetza nos lo hace notar. Y una especie de alegr\u00eda por ese mestizaje nos desborda.<\/span><\/p>\n<p><span style=\"font-weight: 400;\">Por eso el lunes del cerro simboliza tanto para los oaxaque\u00f1os. De alguna manera, el lunes del cerro es el D\u00eda de Oaxaca.<\/span><\/p>\n<p><script src=\"\/\/pagead2.googlesyndication.com\/pagead\/js\/adsbygoogle.js\" async=\"\"><\/script><!-- BANNER PEQUE\u00d1O PARA ENTRENOTAS EL ORIENTE --> <ins class=\"adsbygoogle\" style=\"display: inline-block; width: 468px; height: 60px;\" data-ad-client=\"ca-pub-1136171134853753\" data-ad-slot=\"4953536424\"><\/ins><script>\/\/ <![CDATA[\n(adsbygoogle = window.adsbygoogle || []).push({});\n\/\/ ]]><\/script><\/p>\n<p><span style=\"font-weight: 400;\">Pero este a\u00f1o, d\u00edas antes, a iniciativa del doctor Ra\u00fal \u00c1vila Ortiz, la maestra Ana V\u00e1squez Colmenares Guzm\u00e1n, don Jos\u00e9 M\u00e1rquez y otros representantes de instituciones p\u00fablicas y privadas, se llev\u00f3 a cabo el Encuentro sobre Derecho y Pol\u00edticas Culturales desde el Sur, en el ex casino del Teatro Macedonio Alcal\u00e1.<\/span><\/p>\n<p><span style=\"font-weight: 400;\">Lo anoto en este contexto porque Oaxaca, adem\u00e1s de ser capital o anfitriona de manifestaciones culturales tradicionales, tambi\u00e9n lo es \u2014o estamos haci\u00e9ndola\u2014 de reflexi\u00f3n en la materia a nivel nacional e internacional. <\/span><\/p>\n<p><span style=\"font-weight: 400;\">Junto a la expresi\u00f3n, la reflexi\u00f3n.<\/span><\/p>\n<p><span style=\"font-weight: 400;\">Con este norte, recibimos por un par de d\u00edas \u2014los pasados 13 y 14 de julio\u2014 a algunas de las voces m\u00e1s importantes e influyentes del \u00e1mbito cultural y jur\u00eddico del pa\u00eds. Lucina Jim\u00e9nez, Carlos Lara, Carlos Villase\u00f1or, Eduardo Cruz, Jorge Fernando Negrete, Eduardo F. Ram\u00edrez o Francisco Javier Dorantes, junto con los locales Allier Campuzano, Sp\u00edndola P\u00e9rez Guerrero, \u00c1vila Ortiz, entre otros, han sido personajes determinantes en el devenir cultural del pa\u00eds.<\/span><\/p>\n<p><span style=\"font-weight: 400;\">Su m\u00e1s reciente desaf\u00edo superado, lo ha sido sin duda la Ley General de Cultura, vigente desde hace poco m\u00e1s de un mes en el pa\u00eds. Lo cual por cierto abre retos y expectativas por cumplir para todas las entidades, incluyendo la nuestra.<\/span><\/p>\n<p><span style=\"font-weight: 400;\">En ese sentido, durante el encuentro, se despert\u00f3 el entusiasmo por intercambiar pr\u00e1cticas para mejorar la convivencia a trav\u00e9s del arte; aprovechar las nuevas tecnolog\u00edas para hacer efectivos los derechos culturales; as\u00ed como poner a \u00e9stos en el centro del dise\u00f1o de pol\u00edticas y determinaciones p\u00fablicas.<\/span><\/p>\n<p><span style=\"font-weight: 400;\">Es una necesidad apremiante, sobre todo para la comunidad cultural de Oaxaca, poner manos a la obra en la adecuaci\u00f3n de la ley de cultura estatal y en el marco legal e institucional que lo compone. Consolidar un verdadero sector, con impulso y fortaleza.<\/span><\/p>\n<p>&nbsp;<\/p>\n<p><span style=\"font-weight: 400;\">Lo m\u00e1s importante de esta experiencia, sin embargo, lo es la construcci\u00f3n de una conversaci\u00f3n p\u00fablica entorno a la cultura.<\/span><\/p>\n<p><span style=\"font-weight: 400;\">Que no solo obedezca, como repetidores fieles, las posturas de cierto grupo, personaje o mecenas, sino que de verdad sea un di\u00e1logo lo m\u00e1s amplio posible sobre nuestras preocupaciones, contradicciones y posibilidades.<\/span><\/p>\n<p><span style=\"font-weight: 400;\">Quiz\u00e1 la gran carencia de nuestro estado, ha sido la ausencia de ejercicios abiertos, constantes, generalizados, de reflexi\u00f3n sobre nosotros mismos.<\/span><\/p>\n<p><span style=\"font-weight: 400;\">Las opiniones guardadas envenenan y enquistan.<\/span><\/p>\n<p><span style=\"font-weight: 400;\">La verdadera conceptualizaci\u00f3n de Oaxaca, como capital cultural, necesita comenzar por la comprensi\u00f3n, el intercambio y la incorporaci\u00f3n de las ideas y la comunicaci\u00f3n entre seres humanos. Necesita conversaci\u00f3n entre iguales, entendimiento de carencias, limitaciones y atributos.<\/span><\/p>\n<p><span style=\"font-weight: 400;\">Si no aceptamos que nos ha faltado, por generaciones, escucharnos sincera y mutuamente, entonces nunca podremos solucionar ninguno de nuestros problemas.<\/span><\/p>\n<p><span style=\"font-weight: 400;\">Se seguir\u00e1 marchando, gritando, agrediendo, porque la comunicaci\u00f3n est\u00e1 rota, el di\u00e1logo entre nosotros est\u00e1 cancelado.<\/span><\/p>\n<p><span style=\"font-weight: 400;\">Ninguna paz se logra en silencio. Tampoco, a gritos. Hablemos.<\/span><\/p>\n<p><a href=\"http:\/\/www.eloriente.net\/home\/wp-content\/uploads\/2014\/07\/Guelaguetza-Por-Gabino-Cu\u00e9-Monteagudo.jpg\" rel=\"attachment wp-att-29832\"><img loading=\"lazy\" decoding=\"async\" class=\"alignnone wp-image-29832\" src=\"http:\/\/www.eloriente.net\/home\/wp-content\/uploads\/2014\/07\/Guelaguetza-Por-Gabino-Cu\u00e9-Monteagudo.jpg\" alt=\"Guelaguetza-Por Gabino Cu\u00e9 Monteagudo\" width=\"600\" height=\"399\" srcset=\"http:\/\/www.eloriente.net\/home\/wp-content\/uploads\/2014\/07\/Guelaguetza-Por-Gabino-Cu\u00e9-Monteagudo.jpg 1024w, http:\/\/www.eloriente.net\/home\/wp-content\/uploads\/2014\/07\/Guelaguetza-Por-Gabino-Cu\u00e9-Monteagudo-300x199.jpg 300w\" sizes=\"(max-width: 600px) 100vw, 600px\" \/><\/a><\/p>\n<p><strong>OTRAS ENTRADAS<\/strong><\/p>\n<div class=\"featuredpost\">\n<div class=\"flow_hide\">\n<h2 class=\"posttitle bigposttitle\"><a title=\"Enlace Permanente a OAXACA: Acciones de Benito Ju\u00e1rez contin\u00faan siendo ejemplo a seguir: Irineo Molina\" href=\"http:\/\/www.eloriente.net\/home\/2017\/07\/18\/oaxaca-acciones-benito-juarez-continuan-siendo-ejemplo-seguir-irineo-molina\/\" rel=\"bookmark\">OAXACA: Acciones de Benito Ju\u00e1rez contin\u00faan siendo ejemplo a seguir: Irineo Molina<\/a><\/h2>\n<\/div>\n<p>eloriente.net 18 de julio de 2017 Bajo la premisa de mantener vivos los ideales del \u201cBenem\u00e9rito de las Am\u00e9ricas\u201d Benito Ju\u00e1rez Garc\u00eda, diputados y funcionarios de la\u2026<\/p>\n<p class=\"postmeta\"><span class=\"meta_date\">julio 18, 2017<\/span><\/p>\n<div class=\"toolbar-social\"><\/div>\n<\/div>\n<div class=\"featuredpost\">\n<div class=\"flow_hide\"><a href=\"http:\/\/www.eloriente.net\/home\/2017\/07\/18\/oaxaca-donajila-leyenda-preserva-la-identidad-oaxaca\/\" rel=\"bookmark\"><img decoding=\"async\" class=\"alignleft\" title=\"OAXACA: Donaj\u00ed\u2026La Leyenda preserva la identidad de Oaxaca\" src=\"http:\/\/www.eloriente.net\/home\/wp-content\/themes\/city-desk\/timthumb.php?src=http%3A%2F%2Fwww.eloriente.net%2Fhome%2Fwp-content%2Fuploads%2F2017%2F07%2F35-EDICIO%CC%81N-DE-DONAJI%CC%81-11.jpg&amp;q=90&amp;w=70&amp;h=45&amp;zc=1\" alt=\"OAXACA: Donaj\u00ed\u2026La Leyenda preserva la identidad de Oaxaca\" \/><\/a><\/p>\n<h2 class=\"posttitle \"><a title=\"Enlace Permanente a OAXACA: Donaj\u00ed\u2026La Leyenda preserva la identidad de Oaxaca\" href=\"http:\/\/www.eloriente.net\/home\/2017\/07\/18\/oaxaca-donajila-leyenda-preserva-la-identidad-oaxaca\/\" rel=\"bookmark\">OAXACA: Donaj\u00ed\u2026La Leyenda preserva la identidad de Oaxaca<\/a><\/h2>\n<\/div>\n<p>eloriente.net 18 de julio de 2017 Cobijadas bajo una fresca noche y frente a la majestuosa ciudad colonial, m\u00e1s de 11 mil personas \u00a0hicieron vibrar el Auditorio\u2026<\/p>\n<p class=\"postmeta\"><span class=\"meta_date\">julio 18, 2017<\/span><\/p>\n<div class=\"toolbar-social\"><\/div>\n<\/div>\n<div class=\"featuredpost\">\n<div class=\"flow_hide\"><a href=\"http:\/\/www.eloriente.net\/home\/2017\/07\/18\/deportes-cronicas-beisboleras-extranjeros-del-98-jaime-palau\/\" rel=\"bookmark\"><img decoding=\"async\" class=\"alignleft\" title=\"DEPORTES: Cr\u00f3nicas beisboleras: Extranjeros del 98. Por Jaime Palau\" src=\"http:\/\/www.eloriente.net\/home\/wp-content\/themes\/city-desk\/timthumb.php?src=http%3A%2F%2Fwww.eloriente.net%2Fhome%2Fwp-content%2Fuploads%2F2012%2F08%2FGUERREOS.jpeg&amp;q=90&amp;w=70&amp;h=45&amp;zc=1\" alt=\"DEPORTES: Cr\u00f3nicas beisboleras: Extranjeros del 98. Por Jaime Palau\" \/><\/a><\/p>\n<h2 class=\"posttitle \"><a title=\"Enlace Permanente a DEPORTES: Cr\u00f3nicas beisboleras: Extranjeros del 98. Por Jaime Palau\" href=\"http:\/\/www.eloriente.net\/home\/2017\/07\/18\/deportes-cronicas-beisboleras-extranjeros-del-98-jaime-palau\/\" rel=\"bookmark\">DEPORTES: Cr\u00f3nicas beisboleras: Extranjeros del 98. Por Jaime Palau<\/a><\/h2>\n<\/div>\n<p>(www.eloriente.net, M\u00e9xico, a 18 de julio de 2017, por Jaime Palau).-\u00a0Hace unas tres semanas vino el equipo Diablos Rojos del M\u00e9xico a Oaxaca a enfrentar a los\u2026<\/p>\n<p class=\"postmeta\"><span class=\"meta_date\">julio 18, 2017<\/span><\/p>\n<\/div>\n\n\t\t\t  <div \n\t\t\t  \tclass = \"fb-comments\" \n\t\t\t  \tdata-href = \"http:\/\/www.eloriente.net\/home\/2017\/07\/18\/la-cultura-capital-cultural-mexico-juan-pablo-vasconcelos\/\"\n\t\t\t  \tdata-numposts = \"10\"\n\t\t\t\tdata-colorscheme = \"dark\"\n\t\t\t\tdata-order-by = \"social\"\n\t\t\t\tdata-mobile=true>\n\t\t\t  <\/div>\n\t\t  <style>\n\t\t\t.fb_iframe_widget_fluid_desktop iframe {\n\t\t\t    width: 100% !important;\n\t\t\t}\n\t\t  <\/style>\n\t\t  ","protected":false},"excerpt":{"rendered":"<p>&nbsp; eloriente.net 18 de julio de 2017 Por Juan Pablo Vasconcelos @JPVmx &nbsp; \u201cLa primera responsabilidad de un gobierno local en nuestro tiempo, es impulsar las capacidades ciudadanas: Lucina Jim\u00e9nez, en Oaxaca\u201d. &nbsp; Eran millares. Imposible encontrar un claro en Macedonio Alcal\u00e1 y en buena parte del Z\u00f3calo. Gente corriendo ataviada de capas grises e [&hellip;]<\/p>\n","protected":false},"author":13,"featured_media":29832,"comment_status":"open","ping_status":"open","sticky":false,"template":"","format":"standard","meta":{"_jetpack_memberships_contains_paid_content":false,"footnotes":""},"categories":[11,18,32,63,54,464,19],"tags":[241,7229,1250,1285,1989,634,73,109],"class_list":["post-49178","post","type-post","status-publish","format-standard","has-post-thumbnail","hentry","category-colaboradores","category-educacion-y-cultura","category-entradas","category-estados","category-juan-pablo-vasconcelos","category-oaxaca-estados","category-turismo-y-negocios","tag-cultura","tag-es-la-cultura","tag-guelaguetza","tag-juan-pablo-vasconcelos-2","tag-julio","tag-negocios","tag-oaxaca","tag-turismo"],"jetpack_featured_media_url":"http:\/\/www.eloriente.net\/home\/wp-content\/uploads\/2014\/07\/Guelaguetza-Por-Gabino-Cu\u00e9-Monteagudo.jpg","jetpack_sharing_enabled":true,"_links":{"self":[{"href":"http:\/\/www.eloriente.net\/home\/wp-json\/wp\/v2\/posts\/49178"}],"collection":[{"href":"http:\/\/www.eloriente.net\/home\/wp-json\/wp\/v2\/posts"}],"about":[{"href":"http:\/\/www.eloriente.net\/home\/wp-json\/wp\/v2\/types\/post"}],"author":[{"embeddable":true,"href":"http:\/\/www.eloriente.net\/home\/wp-json\/wp\/v2\/users\/13"}],"replies":[{"embeddable":true,"href":"http:\/\/www.eloriente.net\/home\/wp-json\/wp\/v2\/comments?post=49178"}],"version-history":[{"count":1,"href":"http:\/\/www.eloriente.net\/home\/wp-json\/wp\/v2\/posts\/49178\/revisions"}],"predecessor-version":[{"id":49179,"href":"http:\/\/www.eloriente.net\/home\/wp-json\/wp\/v2\/posts\/49178\/revisions\/49179"}],"wp:featuredmedia":[{"embeddable":true,"href":"http:\/\/www.eloriente.net\/home\/wp-json\/wp\/v2\/media\/29832"}],"wp:attachment":[{"href":"http:\/\/www.eloriente.net\/home\/wp-json\/wp\/v2\/media?parent=49178"}],"wp:term":[{"taxonomy":"category","embeddable":true,"href":"http:\/\/www.eloriente.net\/home\/wp-json\/wp\/v2\/categories?post=49178"},{"taxonomy":"post_tag","embeddable":true,"href":"http:\/\/www.eloriente.net\/home\/wp-json\/wp\/v2\/tags?post=49178"}],"curies":[{"name":"wp","href":"https:\/\/api.w.org\/{rel}","templated":true}]}}