{"id":49203,"date":"2017-07-21T12:18:34","date_gmt":"2017-07-21T18:18:34","guid":{"rendered":"http:\/\/www.eloriente.net\/home\/?p=49203"},"modified":"2017-07-21T12:18:34","modified_gmt":"2017-07-21T18:18:34","slug":"conoce-la-campana-busca-donadores-medula-viernesdefelicidad","status":"publish","type":"post","link":"http:\/\/www.eloriente.net\/home\/2017\/07\/21\/conoce-la-campana-busca-donadores-medula-viernesdefelicidad\/","title":{"rendered":"Conoce la campa\u00f1a que busca donadores de m\u00e9dula   #ViernesDeFelicidad"},"content":{"rendered":"<p><!-- BANNER ELORIENTE INCRUSTADO NOTAS --> <ins class=\"adsbygoogle\" style=\"width: 300px;height: 250px\"><\/ins><\/p>\n<p>(www.eloriente.net; M\u00e9xico a 21 de julio de 2017).- Por Jessica Lamadrid<\/p>\n<p>&nbsp;<\/p>\n<p>Todo comenz\u00f3 cuando Julio, un ni\u00f1o sevillano de 11 a\u00f1os, fue diagnosticado con leucemia, enfermedad que para tratarse requiere de un trasplante de m\u00e9dula. No obstante, ninguno de sus familiares eran compatibles para ser donadores, por lo que, su madre Pilar \u00c1lvarez decidi\u00f3 lanzar una campa\u00f1a en redes sociales para buscar donadores usando el #YoPuedoSerTuH\u00e9roe.<\/p>\n<p>La campa\u00f1a tuvo un \u00e9xito muy r\u00e1pido en las redes sociales, sobre todo porque busca no s\u00f3lo ayudar con el caso de \u00e9ste ni\u00f1o sevillano, si no a todas las personas que se encuentren en su misma situaci\u00f3n al invitar a la gente a ser un h\u00e9roe donando m\u00e9dula. Como el cartel que c\u00edrculo en las redes tiene la foto Julio, tanto su nombre como su rostro se han vuelto un punto de referencia para ayudar en esta causa.<\/p>\n<p><!-- BANNER PEQUE\u00d1O PARA ENTRENOTAS EL ORIENTE --> <ins class=\"adsbygoogle\" style=\"width: 468px;height: 60px\"><\/ins><\/p>\n<p>Diversos artistas del grafiti en el mundo, al enterarse de la situaci\u00f3n de este ni\u00f1o y de su pasi\u00f3n por este tipo de arte han expresado su apoyo a la campa\u00f1a y a Julio dedic\u00e1ndole piezas y bocetos de sus obras con su nombre, lo que ha hecho que la campa\u00f1a tenga mayor impacto a nivel mundial.<\/p>\n<p>&nbsp;<\/p>\n<p><a href=\"http:\/\/www.eloriente.net\/home\/wp-content\/uploads\/2017\/07\/DDgPt0EWAAEfyNV.jpg\" rel=\"attachment wp-att-49205\"><img loading=\"lazy\" decoding=\"async\" class=\"alignnone size-large wp-image-49205\" src=\"http:\/\/www.eloriente.net\/home\/wp-content\/uploads\/2017\/07\/DDgPt0EWAAEfyNV-728x1024.jpg\" alt=\"DDgPt0EWAAEfyNV\" width=\"528\" height=\"724\" \/><\/a><\/p>\n<p>&nbsp;<\/p>\n<p>&nbsp;<\/p>\n<p>&nbsp;<\/p>\n<h2>OTRA ENTRADAS<\/h2>\n<div class=\"featuredpost\">\n<div class=\"flow_hide\">\n<h2 class=\"posttitle bigposttitle\"><a title=\"Enlace Permanente a Actividades Culturales en Oaxaca que no te puedes perder (del 20 al 26 de julio)\" href=\"http:\/\/www.eloriente.net\/home\/2017\/07\/20\/actividades-culturales-oaxaca-no-te-puedes-perder-del-20-al-26-julio\/\" rel=\"bookmark\">Actividades Culturales en Oaxaca que no te puedes perder (del 20 al 26 de julio)<\/a><\/h2>\n<\/div>\n<p>(www.eloriente.net; M\u00e9xico a 20 de julio de 2017).- Por Jessica Lamadrid \u00a0 En la agenda cultural de El Oriente de este semana encontrar\u00e1s actividades como: conciertos, talleres, proyecciones,\u2026<\/p>\n<p class=\"postmeta\"><span class=\"meta_date\">julio 20, 2017<\/span><\/p>\n<p class=\"postmeta\">\n<\/div>\n<div class=\"featuredpost\">\n<div class=\"flow_hide\">\n<p><a href=\"http:\/\/www.eloriente.net\/home\/2017\/07\/19\/educaciononline-maestria-arte-cinematografico\/\" rel=\"bookmark\"><img decoding=\"async\" class=\"alignleft\" title=\"Maestr\u00eda en Arte Cinematogr\u00e1fico #Educaci\u00f3nOnline\" src=\"http:\/\/www.eloriente.net\/home\/wp-content\/themes\/city-desk\/timthumb.php?src=http%3A%2F%2Fwww.eloriente.net%2Fhome%2Fwp-content%2Fuploads%2F2017%2F07%2Fcamera-lens-2179058_1920.jpg&amp;q=90&amp;w=70&amp;h=45&amp;zc=1\" alt=\"Maestr\u00eda en Arte Cinematogr\u00e1fico #Educaci\u00f3nOnline\" \/><\/a><\/p>\n<h2 class=\"posttitle \"><a title=\"Enlace Permanente a Maestr\u00eda en Arte Cinematogr\u00e1fico #Educaci\u00f3nOnline\" href=\"http:\/\/www.eloriente.net\/home\/2017\/07\/19\/educaciononline-maestria-arte-cinematografico\/\" rel=\"bookmark\">Maestr\u00eda en Arte Cinematogr\u00e1fico #Educaci\u00f3nOnline<\/a><\/h2>\n<\/div>\n<p>(www.eloriente.net; M\u00e9xico a 19 de julio de 2017).- Por Jessica Lamadrid El Centro Cultura Casa Lamm de la Ciudad de M\u00e9xico ha desarrollado un nuevo plan de estudios\u2026<\/p>\n<p class=\"postmeta\"><span class=\"meta_date\">julio 19, 2017<\/span><\/p>\n<p class=\"postmeta\">\n<\/div>\n<div class=\"featuredpost\">\n<div class=\"flow_hide\">\n<p><a href=\"http:\/\/www.eloriente.net\/home\/2017\/07\/18\/la-cultura-capital-cultural-mexico-juan-pablo-vasconcelos\/\" rel=\"bookmark\"><img decoding=\"async\" class=\"alignleft\" title=\"ES LA CULTURA: Capital Cultural de M\u00e9xico. Por Juan Pablo Vasconcelos\" src=\"http:\/\/www.eloriente.net\/home\/wp-content\/themes\/city-desk\/timthumb.php?src=http%3A%2F%2Fwww.eloriente.net%2Fhome%2Fwp-content%2Fuploads%2F2014%2F07%2FGuelaguetza-Por-Gabino-Cu%C3%A9-Monteagudo.jpg&amp;q=90&amp;w=70&amp;h=45&amp;zc=1\" alt=\"ES LA CULTURA: Capital Cultural de M\u00e9xico. Por Juan Pablo Vasconcelos\" \/><\/a><\/p>\n<h2 class=\"posttitle \"><a title=\"Enlace Permanente a ES LA CULTURA: Capital Cultural de M\u00e9xico. Por Juan Pablo Vasconcelos\" href=\"http:\/\/www.eloriente.net\/home\/2017\/07\/18\/la-cultura-capital-cultural-mexico-juan-pablo-vasconcelos\/\" rel=\"bookmark\">ES LA CULTURA: Capital Cultural de M\u00e9xico. Por Juan Pablo Vasconcelos<\/a><\/h2>\n<\/div>\n<p>eloriente.net 18 de julio de 2017 Por Juan Pablo Vasconcelos @JPVmx \u00a0 \u201cLa primera responsabilidad de un gobierno local en nuestro tiempo, es impulsar las capacidades ciudadanas:\u2026<\/p>\n<p class=\"postmeta\"><span class=\"meta_date\">julio 18, 2017<\/span><\/p>\n<\/div>\n\n\t\t\t  <div \n\t\t\t  \tclass = \"fb-comments\" \n\t\t\t  \tdata-href = \"http:\/\/www.eloriente.net\/home\/2017\/07\/21\/conoce-la-campana-busca-donadores-medula-viernesdefelicidad\/\"\n\t\t\t  \tdata-numposts = \"10\"\n\t\t\t\tdata-colorscheme = \"dark\"\n\t\t\t\tdata-order-by = \"social\"\n\t\t\t\tdata-mobile=true>\n\t\t\t  <\/div>\n\t\t  <style>\n\t\t\t.fb_iframe_widget_fluid_desktop iframe {\n\t\t\t    width: 100% !important;\n\t\t\t}\n\t\t  <\/style>\n\t\t  ","protected":false},"excerpt":{"rendered":"<p>(www.eloriente.net; M\u00e9xico a 21 de julio de 2017).- Por Jessica Lamadrid &nbsp; Todo comenz\u00f3 cuando Julio, un ni\u00f1o sevillano de 11 a\u00f1os, fue diagnosticado con leucemia, enfermedad que para tratarse requiere de un trasplante de m\u00e9dula. No obstante, ninguno de sus familiares eran compatibles para ser donadores, por lo que, su madre Pilar \u00c1lvarez decidi\u00f3 [&hellip;]<\/p>\n","protected":false},"author":45,"featured_media":49204,"comment_status":"open","ping_status":"open","sticky":false,"template":"","format":"standard","meta":{"_jetpack_memberships_contains_paid_content":false,"footnotes":""},"categories":[2015,32,10,30],"tags":[700,8036,1989,1039,8035],"class_list":["post-49203","post","type-post","status-publish","format-standard","has-post-thumbnail","hentry","category-viernesdefelicidad","category-entradas","category-lo-mas-reciente","category-salud","tag-donacion","tag-grafitero","tag-julio","tag-leucemia","tag-medula"],"jetpack_featured_media_url":"http:\/\/www.eloriente.net\/home\/wp-content\/uploads\/2017\/07\/Hematologia_y_Hemoterapia-Leucemia-Pablo_Raez_Martinez-Solidaridad-Pediatria-Salud_225489215_37002535_1706x960.jpg","jetpack_sharing_enabled":true,"_links":{"self":[{"href":"http:\/\/www.eloriente.net\/home\/wp-json\/wp\/v2\/posts\/49203"}],"collection":[{"href":"http:\/\/www.eloriente.net\/home\/wp-json\/wp\/v2\/posts"}],"about":[{"href":"http:\/\/www.eloriente.net\/home\/wp-json\/wp\/v2\/types\/post"}],"author":[{"embeddable":true,"href":"http:\/\/www.eloriente.net\/home\/wp-json\/wp\/v2\/users\/45"}],"replies":[{"embeddable":true,"href":"http:\/\/www.eloriente.net\/home\/wp-json\/wp\/v2\/comments?post=49203"}],"version-history":[{"count":2,"href":"http:\/\/www.eloriente.net\/home\/wp-json\/wp\/v2\/posts\/49203\/revisions"}],"predecessor-version":[{"id":49211,"href":"http:\/\/www.eloriente.net\/home\/wp-json\/wp\/v2\/posts\/49203\/revisions\/49211"}],"wp:featuredmedia":[{"embeddable":true,"href":"http:\/\/www.eloriente.net\/home\/wp-json\/wp\/v2\/media\/49204"}],"wp:attachment":[{"href":"http:\/\/www.eloriente.net\/home\/wp-json\/wp\/v2\/media?parent=49203"}],"wp:term":[{"taxonomy":"category","embeddable":true,"href":"http:\/\/www.eloriente.net\/home\/wp-json\/wp\/v2\/categories?post=49203"},{"taxonomy":"post_tag","embeddable":true,"href":"http:\/\/www.eloriente.net\/home\/wp-json\/wp\/v2\/tags?post=49203"}],"curies":[{"name":"wp","href":"https:\/\/api.w.org\/{rel}","templated":true}]}}