{"id":49259,"date":"2017-07-27T10:14:30","date_gmt":"2017-07-27T16:14:30","guid":{"rendered":"http:\/\/www.eloriente.net\/home\/?p=49259"},"modified":"2017-07-27T10:42:22","modified_gmt":"2017-07-27T16:42:22","slug":"actividades-culturales-oaxaca-no-te-puedes-perder-del-27-julio-al-2-agosto","status":"publish","type":"post","link":"http:\/\/www.eloriente.net\/home\/2017\/07\/27\/actividades-culturales-oaxaca-no-te-puedes-perder-del-27-julio-al-2-agosto\/","title":{"rendered":"Actividades Culturales en Oaxaca que no te puedes perder (del 27 de julio al 2 de agosto)"},"content":{"rendered":"<p><!-- BANNER ELORIENTE INCRUSTADO NOTAS --> <ins class=\"adsbygoogle\" style=\"width: 300px;height: 250px\"><\/ins><\/p>\n<p>(www.eloriente.net; M\u00e9xico a 27 de julio de 2017).- Por Jessica Lamadrid<\/p>\n<p>&nbsp;<\/p>\n<p>En la agenda cultural de El Oriente de este semana encontrar\u00e1s actividades como: conferencias, exposiciones, conversatorios, obras de teatro y ferias a las que puedes asistir en diversos centros culturales de la ciudad.<\/p>\n<p>&nbsp;<\/p>\n<h2>1.- \u00abEtnoFashion\u00bb<\/h2>\n<p>&nbsp;<\/p>\n<p>El d\u00eda 27 de julio se llevar\u00e1 a cabo la Pasarela Colecci\u00f3n Colectiva de \u00abEtnoFashion\u00bb en el <a href=\"https:\/\/www.facebook.com\/alhondigareforma\/\" target=\"_blank\">Mercado Gourmet \u00abAlh\u00f3ndiga\u00bb<\/a> ubicado en la calle Reforma n\u00famero 406 de la Colonia Centro; a las 7 de la tarde.<\/p>\n<p>La pasarela mostrar\u00e1 el trabajo que han hecho dise\u00f1adores oaxaque\u00f1os inspir\u00e1ndose de la ropa t\u00edpica del estado. La entrada es libre al p\u00fablico.<\/p>\n<p>&nbsp;<\/p>\n<p><a href=\"http:\/\/www.eloriente.net\/home\/wp-content\/uploads\/2017\/07\/19748764_1950280058562351_200942568848880823_n.jpg\" rel=\"attachment wp-att-49278\"><img loading=\"lazy\" decoding=\"async\" class=\"alignnone size-full wp-image-49278\" src=\"http:\/\/www.eloriente.net\/home\/wp-content\/uploads\/2017\/07\/19748764_1950280058562351_200942568848880823_n.jpg\" alt=\"19748764_1950280058562351_200942568848880823_n\" width=\"321\" height=\"660\" \/><\/a><\/p>\n<p>&nbsp;<\/p>\n<p>&nbsp;<\/p>\n<h2><a href=\"https:\/\/www.facebook.com\/events\/845081245669924\/?acontext=%7B%22action_history%22%3A%22[%7B%5C%22surface%5C%22%3A%5C%22page%5C%22%2C%5C%22mechanism%5C%22%3A%5C%22page_upcoming_events_card%5C%22%2C%5C%22extra_data%5C%22%3A[]%7D]%22%2C%22has_source%22%3Atrue%7D\" target=\"_blank\">2.- Memoria T\u00edsica<\/a><\/h2>\n<p>En el <a href=\"https:\/\/www.facebook.com\/Museo-de-Arte-Contempor%C3%A1neo-de-Oaxaca-118597554833147\/\" target=\"_blank\">M\u00faseo de Arte Contempor\u00e1neo de Oaxaca (MACO)<\/a> se inaugurar\u00e1 la exposici\u00f3n \u00abMemoria T\u00edsica\u00bb del artista oaxaque\u00f1o Edgar Arag\u00f3n, en la cual abord\u00f3 tem\u00e1ticas como la denuncia y el registro de los razgos m\u00e1s m\u00ednimos de la situaci\u00f3n pol\u00edtica y social de M\u00e9xico.<\/p>\n<p>La inauguraci\u00f3n ser\u00e1 el d\u00eda viernes 28 a las 7 de la tarde, siendo la entrada libre. Te recordamos que el MACO se encuentra ubicado en la Calle Macedonio Alcal\u00e1 n\u00famero 202 de la Colonia Centro.<\/p>\n<p>&nbsp;<\/p>\n<p><a href=\"http:\/\/www.eloriente.net\/home\/wp-content\/uploads\/2017\/07\/20294384_1253718821406921_335902749686812287_n.jpg\" rel=\"attachment wp-att-49279\"><img loading=\"lazy\" decoding=\"async\" class=\"alignnone size-full wp-image-49279\" src=\"http:\/\/www.eloriente.net\/home\/wp-content\/uploads\/2017\/07\/20294384_1253718821406921_335902749686812287_n.jpg\" alt=\"20294384_1253718821406921_335902749686812287_n\" width=\"660\" height=\"490\" \/><\/a><\/p>\n<p>&nbsp;<\/p>\n<p>&nbsp;<\/p>\n<h2><a href=\"https:\/\/www.facebook.com\/events\/489800584709169\/?acontext=%7B%22action_history%22%3A%22[%7B%5C%22surface%5C%22%3A%5C%22page%5C%22%2C%5C%22mechanism%5C%22%3A%5C%22page_upcoming_events_card%5C%22%2C%5C%22extra_data%5C%22%3A[]%7D]%22%2C%22has_source%22%3Atrue%7D\" target=\"_blank\">3.- Pr\u00e1cticas feministas para la autorepresentaci\u00f3n: el arte como herramienta antipatriarcal.<\/a><\/h2>\n<p>&nbsp;<\/p>\n<p>&nbsp;<\/p>\n<p>El d\u00eda s\u00e1bado 29 se llevar\u00e1 a cabo el conversatorio \u00abPr\u00e1cticas feministas para la autorepresentaci\u00f3n: el arte como herramienta antipatriarcal\u00bb en el Libre espacio <a href=\"https:\/\/www.facebook.com\/librespacio.lajicara\/\" target=\"_blank\">\u00abLa J\u00edcara\u00bb<\/a> a las 18 horas. El conversatorio estar\u00e1 a cargo de Helena Torrez quien hablar\u00e1 desde su experiencia en los \u00e1mbitos de la educaci\u00f3n y la experimentaci\u00f3n a partir de pensar en el lenguaje como una tecnolog\u00eda de c\u00f3digo abierto que crea realidades.<\/p>\n<p>Te recordamos que el espacio cultural \u00abLa J\u00edcara\u00bb se encuentra en la Calle Porfirio D\u00edaz n\u00famero 1105 de la Colonia Figueroa. La entrada al evento es gratuita.<\/p>\n<p>&nbsp;<\/p>\n<p><a href=\"http:\/\/www.eloriente.net\/home\/wp-content\/uploads\/2017\/07\/20245513_486789525008150_4954182632713997780_n.jpg\" rel=\"attachment wp-att-49277\"><img loading=\"lazy\" decoding=\"async\" class=\"alignnone size-full wp-image-49277\" src=\"http:\/\/www.eloriente.net\/home\/wp-content\/uploads\/2017\/07\/20245513_486789525008150_4954182632713997780_n.jpg\" alt=\"20245513_486789525008150_4954182632713997780_n\" width=\"660\" height=\"340\" \/><\/a><\/p>\n<p>&nbsp;<\/p>\n<p>&nbsp;<\/p>\n<h2>4.- Y Como se Pudri\u00f3 Blanca Nieves<\/h2>\n<p>&nbsp;<\/p>\n<p>En el Foro Esc\u00e9nico La Locomotora se realizar\u00e1n una serie de obras teatrales interpretadas y dirigidas por poblanos para su evento \u00abInvasi\u00f3n Poblana\u00bb. La primera obra que se presentar\u00e1 de este evento es \u00abY Como se Pudri\u00f3 Blanca Nieves\u00bb escrita por Ang\u00e9lica Libell y dirigida por Diana S\u00e1nchez en esta interpretaci\u00f3n.<\/p>\n<p><!-- BANNER PEQUE\u00d1O PARA ENTRENOTAS EL ORIENTE --> <ins class=\"adsbygoogle\" style=\"width: 468px;height: 60px\"><\/ins><\/p>\n<p>La obra tendr\u00e1 lugar el d\u00eda 29 y 30 de julio a las 19 horas, con un costo de $80.00; no obstante, si te interesa ver m\u00e1s de una obra, el foro esc\u00e9nico esta manejando un costo de $150.00 por dos obras y de $210 para las 3 presentaciones. Para m\u00e1s informaci\u00f3n sobre los paquetes y obras puedes comunicarte al 951-185-61-29.<\/p>\n<p>La Locomotora se encuentra localizada en la Calle Norte 1, n\u00famero 109 de la Colonia Victor Bravo Ahuja.<\/p>\n<p>&nbsp;<\/p>\n<p><a href=\"http:\/\/www.eloriente.net\/home\/wp-content\/uploads\/2017\/07\/20228682_1879570392302899_1207337465865034442_n.jpg\" rel=\"attachment wp-att-49276\"><img loading=\"lazy\" decoding=\"async\" class=\"alignnone size-full wp-image-49276\" src=\"http:\/\/www.eloriente.net\/home\/wp-content\/uploads\/2017\/07\/20228682_1879570392302899_1207337465865034442_n.jpg\" alt=\"20228682_1879570392302899_1207337465865034442_n\" width=\"425\" height=\"660\" \/><\/a><\/p>\n<p>&nbsp;<\/p>\n<p>&nbsp;<\/p>\n<h2><a href=\"https:\/\/www.facebook.com\/events\/429083764144653\/\" target=\"_blank\">5.- 6ta Feria del Nicuatole y el Ma\u00edz<\/a><\/h2>\n<p>&nbsp;<\/p>\n<p>&nbsp;<\/p>\n<p>Como parte de los eventos alternos de la celebraci\u00f3n de la Guelaguetza se realizar\u00e1 la 6ta Feria del Nicuatole y el Ma\u00edz durante el 29 y 30 de julio, en la explanada municipal de San Agust\u00edn Yatareni a partir de las 10 de la ma\u00f1ana en ambos d\u00edas.<\/p>\n<p>La manera m\u00e1s r\u00e1pida de llegar a \u00e9ste lugar es tomando la carretera internacional Oaxaca-Tehuantepec y despu\u00e9s la carretera San Agust\u00edn Yatareni. La actividad es gratuita.<\/p>\n<p>&nbsp;<\/p>\n<p><a href=\"http:\/\/www.eloriente.net\/home\/wp-content\/uploads\/2017\/07\/19511353_1743041375725441_4666031046889919946_n.jpg\" rel=\"attachment wp-att-49281\"><img loading=\"lazy\" decoding=\"async\" class=\"alignnone size-full wp-image-49281\" src=\"http:\/\/www.eloriente.net\/home\/wp-content\/uploads\/2017\/07\/19511353_1743041375725441_4666031046889919946_n.jpg\" alt=\"19511353_1743041375725441_4666031046889919946_n\" width=\"440\" height=\"660\" srcset=\"http:\/\/www.eloriente.net\/home\/wp-content\/uploads\/2017\/07\/19511353_1743041375725441_4666031046889919946_n.jpg 640w, http:\/\/www.eloriente.net\/home\/wp-content\/uploads\/2017\/07\/19511353_1743041375725441_4666031046889919946_n-200x300.jpg 200w\" sizes=\"(max-width: 440px) 100vw, 440px\" \/><\/a><\/p>\n<p>&nbsp;<\/p>\n<p>&nbsp;<\/p>\n<p>&nbsp;<\/p>\n<p>&nbsp;<\/p>\n<p>&nbsp;<\/p>\n<h2>OTRAS ENTRADAS<\/h2>\n<p>&nbsp;<\/p>\n<div class=\"featuredpost\">\n<div class=\"flow_hide\">\n<h2 class=\"posttitle bigposttitle\"><a title=\"Enlace Permanente a Curso de Apoyo para Cuidadores Informales de Personas Envejecidas #Educaci\u00f3nOnline\" href=\"http:\/\/www.eloriente.net\/home\/2017\/07\/26\/curso-apoyo-cuidadores-informales-personas-envejecidas-educaciononline\/\" rel=\"bookmark\">Curso de Apoyo para Cuidadores Informales de Personas Envejecidas #Educaci\u00f3nOnline<\/a><\/h2>\n<\/div>\n<p>(www.eloriente.net; M\u00e9xico a 26 de julio de 2017).- Por Jessica Lamadrid El curso gratuito en l\u00ednea \u201cApoyo para Cuidadores Informales de Personas Envejecidas\u201d fue puesto a disposici\u00f3n para\u2026<\/p>\n<p class=\"postmeta\"><span class=\"meta_date\">julio 26, 2017<\/span><\/p>\n<p class=\"postmeta\">\n<\/div>\n<div class=\"featuredpost\">\n<div class=\"flow_hide\">\n<p><a href=\"http:\/\/www.eloriente.net\/home\/2017\/07\/25\/5-vacantes-derecho-martesdevacantes\/\" rel=\"bookmark\"><img decoding=\"async\" class=\"alignleft\" title=\"5 vacantes en Derecho #MartesDeVacantes\" src=\"http:\/\/www.eloriente.net\/home\/wp-content\/themes\/city-desk\/timthumb.php?src=http%3A%2F%2Fwww.eloriente.net%2Fhome%2Fwp-content%2Fuploads%2F2014%2F05%2Fmartes-de-vacantes.jpg&amp;q=90&amp;w=70&amp;h=45&amp;zc=1\" alt=\"5 vacantes en Derecho #MartesDeVacantes\" \/><\/a><\/p>\n<h2 class=\"posttitle \"><a title=\"Enlace Permanente a 5 vacantes en Derecho #MartesDeVacantes\" href=\"http:\/\/www.eloriente.net\/home\/2017\/07\/25\/5-vacantes-derecho-martesdevacantes\/\" rel=\"bookmark\">5 vacantes en Derecho #MartesDeVacantes<\/a><\/h2>\n<\/div>\n<p>(www.eloriente.net, M\u00e9xico, a 25 de julio de 2017).- Conscientes de la importancia para la ciudadan\u00eda en general de la b\u00fasqueda de nuevas oportunidades de crecimiento profesional, ponemos\u2026<\/p>\n<p class=\"postmeta\"><span class=\"meta_date\">julio 25, 2017<\/span><\/p>\n<p class=\"postmeta\">\n<\/div>\n<div class=\"featuredpost\">\n<div class=\"flow_hide\">\n<p><a href=\"http:\/\/www.eloriente.net\/home\/2017\/07\/25\/la-cultura-dias-guelaguetza-juan-pablo-vasconcelos\/\" rel=\"bookmark\"><img decoding=\"async\" class=\"alignleft\" title=\"ES LA CULTURA: D\u00edas de Guelaguetza. Por Juan Pablo Vasconcelos\" src=\"http:\/\/www.eloriente.net\/home\/wp-content\/themes\/city-desk\/timthumb.php?src=http%3A%2F%2Fwww.eloriente.net%2Fhome%2Fwp-content%2Fuploads%2F2014%2F07%2FGuelaguetza-Por-Gabino-Cu%C3%A9-Monteagudo1.jpg&amp;q=90&amp;w=70&amp;h=45&amp;zc=1\" alt=\"ES LA CULTURA: D\u00edas de Guelaguetza. Por Juan Pablo Vasconcelos\" \/><\/a><\/p>\n<h2 class=\"posttitle \"><a title=\"Enlace Permanente a ES LA CULTURA: D\u00edas de Guelaguetza. Por Juan Pablo Vasconcelos\" href=\"http:\/\/www.eloriente.net\/home\/2017\/07\/25\/la-cultura-dias-guelaguetza-juan-pablo-vasconcelos\/\" rel=\"bookmark\">ES LA CULTURA: D\u00edas de Guelaguetza. Por Juan Pablo Vasconcelos<\/a><\/h2>\n<\/div>\n<p>eloriente.net 25 de julio de 2017 Por Juan Pablo Vasconcelos @JPVmx \u00a0 \u201cEl v\u00e9rtigo de la revoluci\u00f3n tecnol\u00f3gica ha sido tan desconcertante,\u00a0que para la humanidad, incluso en\u2026<\/p>\n<p class=\"postmeta\"><span class=\"meta_date\">julio 25, 2017<\/span><\/p>\n<\/div>\n<p>&nbsp;<\/p>\n\n\t\t\t  <div \n\t\t\t  \tclass = \"fb-comments\" \n\t\t\t  \tdata-href = \"http:\/\/www.eloriente.net\/home\/2017\/07\/27\/actividades-culturales-oaxaca-no-te-puedes-perder-del-27-julio-al-2-agosto\/\"\n\t\t\t  \tdata-numposts = \"10\"\n\t\t\t\tdata-colorscheme = \"dark\"\n\t\t\t\tdata-order-by = \"social\"\n\t\t\t\tdata-mobile=true>\n\t\t\t  <\/div>\n\t\t  <style>\n\t\t\t.fb_iframe_widget_fluid_desktop iframe {\n\t\t\t    width: 100% !important;\n\t\t\t}\n\t\t  <\/style>\n\t\t  ","protected":false},"excerpt":{"rendered":"<p>(www.eloriente.net; M\u00e9xico a 27 de julio de 2017).- Por Jessica Lamadrid &nbsp; En la agenda cultural de El Oriente de este semana encontrar\u00e1s actividades como: conferencias, exposiciones, conversatorios, obras de teatro y ferias a las que puedes asistir en diversos centros culturales de la ciudad. &nbsp; 1.- \u00abEtnoFashion\u00bb &nbsp; El d\u00eda 27 de julio se [&hellip;]<\/p>\n","protected":false},"author":45,"featured_media":49280,"comment_status":"open","ping_status":"open","sticky":false,"template":"","format":"standard","meta":{"_jetpack_memberships_contains_paid_content":false,"footnotes":""},"categories":[8,18,32,10,464,31],"tags":[858,1032,241,8057,73],"class_list":["post-49259","post","type-post","status-publish","format-standard","has-post-thumbnail","hentry","category-agenda","category-educacion-y-cultura","category-entradas","category-lo-mas-reciente","category-oaxaca-estados","category-principal","tag-actividades","tag-agenda-2","tag-cultura","tag-julio-agosto","tag-oaxaca"],"jetpack_featured_media_url":"http:\/\/www.eloriente.net\/home\/wp-content\/uploads\/2017\/07\/corn-63061_1920.jpg","jetpack_sharing_enabled":true,"_links":{"self":[{"href":"http:\/\/www.eloriente.net\/home\/wp-json\/wp\/v2\/posts\/49259"}],"collection":[{"href":"http:\/\/www.eloriente.net\/home\/wp-json\/wp\/v2\/posts"}],"about":[{"href":"http:\/\/www.eloriente.net\/home\/wp-json\/wp\/v2\/types\/post"}],"author":[{"embeddable":true,"href":"http:\/\/www.eloriente.net\/home\/wp-json\/wp\/v2\/users\/45"}],"replies":[{"embeddable":true,"href":"http:\/\/www.eloriente.net\/home\/wp-json\/wp\/v2\/comments?post=49259"}],"version-history":[{"count":6,"href":"http:\/\/www.eloriente.net\/home\/wp-json\/wp\/v2\/posts\/49259\/revisions"}],"predecessor-version":[{"id":49297,"href":"http:\/\/www.eloriente.net\/home\/wp-json\/wp\/v2\/posts\/49259\/revisions\/49297"}],"wp:featuredmedia":[{"embeddable":true,"href":"http:\/\/www.eloriente.net\/home\/wp-json\/wp\/v2\/media\/49280"}],"wp:attachment":[{"href":"http:\/\/www.eloriente.net\/home\/wp-json\/wp\/v2\/media?parent=49259"}],"wp:term":[{"taxonomy":"category","embeddable":true,"href":"http:\/\/www.eloriente.net\/home\/wp-json\/wp\/v2\/categories?post=49259"},{"taxonomy":"post_tag","embeddable":true,"href":"http:\/\/www.eloriente.net\/home\/wp-json\/wp\/v2\/tags?post=49259"}],"curies":[{"name":"wp","href":"https:\/\/api.w.org\/{rel}","templated":true}]}}