{"id":49285,"date":"2017-07-26T17:48:35","date_gmt":"2017-07-26T23:48:35","guid":{"rendered":"http:\/\/www.eloriente.net\/home\/?p=49285"},"modified":"2017-07-26T17:49:04","modified_gmt":"2017-07-26T23:49:04","slug":"oaxaca-cine-movil-busca-difundir-septimo-arte-la-ninez-oaxaquena","status":"publish","type":"post","link":"http:\/\/www.eloriente.net\/home\/2017\/07\/26\/oaxaca-cine-movil-busca-difundir-septimo-arte-la-ninez-oaxaquena\/","title":{"rendered":"OAXACA: Cine M\u00f3vil busca difundir el S\u00e9ptimo Arte en la ni\u00f1ez oaxaque\u00f1a"},"content":{"rendered":"<p><script src=\"\/\/pagead2.googlesyndication.com\/pagead\/js\/adsbygoogle.js\" async=\"\"><\/script><!-- BANNER ELORIENTE INCRUSTADO NOTAS --> <ins class=\"adsbygoogle\" style=\"display: inline-block; width: 300px; height: 250px;\" data-ad-client=\"ca-pub-1136171134853753\" data-ad-slot=\"7974633627\"><\/ins><script>\/\/ <![CDATA[\n(adsbygoogle = window.adsbygoogle || []).push({});\n\/\/ ]]><\/script><\/p>\n<p>&nbsp;<\/p>\n<p>eloriente.net<\/p>\n<p>26 de julio de 2017<\/p>\n<p><span style=\"font-weight: 400;\">En cumplimiento con su responsabilidad Legislativa de difundir las artes en todas sus formas, enriquecer la cultura y reforzar la educaci\u00f3n en las ocho regiones, el Presidente del Congreso del Estado, Samuel Gurri\u00f3n Mat\u00edas, gestion\u00f3 a trav\u00e9s de la Asociaci\u00f3n Civil \u201cUna Mano Amiga\u201d, el Programa Social del Cine M\u00f3vil a fin de difundir el S\u00e9ptimo Arte y entretener a la ni\u00f1ez oaxaque\u00f1a.<\/span><\/p>\n<p>Sin peticiones, distinciones \u00a0y de manera gratuita el Cine M\u00f3vil busca acercar la industria de la cinematograf\u00eda a todas las ni\u00f1as, ni\u00f1os, padres de familia, adolescentes y poblaci\u00f3n en general de Oaxaca, que por las distancias territoriales no puedan acudir a alg\u00fan centro o lugar de proyecciones, indic\u00f3 en entrevista el Diputado, Samuel Gurri\u00f3n.<\/p>\n<p>A pesar de los accidentados accesos viales y lejan\u00eda, con una asistencia puntual el Cine M\u00f3vil gratuito ha recorrido diversos municipios de la regi\u00f3n de Valles Centrales con una aceptaci\u00f3n completa, en la que se diluyen risas, alegr\u00edas y buenos comentarios del p\u00fablico cautivo que es la ni\u00f1ez oaxaque\u00f1a.<\/p>\n<p>En cada proyecci\u00f3n f\u00edlmica, adultos y Padres de familia, coinciden en agradecer al Legislador, Samuel Gurri\u00f3n, por contar con su apoyo incondicional y acercar a las comunidades m\u00e1s alejadas sus programas sociales enfocados en apoyar a las econom\u00edas locales y familiares, como lo es el Cine M\u00f3vil Gratuito.<\/p>\n<p><script src=\"\/\/pagead2.googlesyndication.com\/pagead\/js\/adsbygoogle.js\" async=\"\"><\/script><!-- BANNER PEQUE\u00d1O PARA ENTRENOTAS EL ORIENTE --> <ins class=\"adsbygoogle\" style=\"display: inline-block; width: 468px; height: 60px;\" data-ad-client=\"ca-pub-1136171134853753\" data-ad-slot=\"4953536424\"><\/ins><script>\/\/ <![CDATA[\n(adsbygoogle = window.adsbygoogle || []).push({});\n\/\/ ]]><\/script><\/p>\n<p>Cabe mencionar que algunos municipios en los cuales el Cine M\u00f3vil ha asistido son, Rojas de Cuauht\u00e9moc, San Sebasti\u00e1n Teitipac, Santa Ana del Valle, Villa de D\u00edaz Ordaz, San Juan Teitipac, Ci\u00e9nega de Zimatl\u00e1n, San Lucas Quiavin\u00ed, Teotitl\u00e1n del Valle, entre otros.<\/p>\n<p>En este sentido, el presidente municipal de Ci\u00e9nega de Zimatl\u00e1n, Delfino Castellanos Castellanos, agradeci\u00f3 ampliamente al Diputado, Samuel Gurri\u00f3n Mat\u00edas, por siempre considerar dentro de la Agenda de gestiones a su municipio, quien presenta diversas necesidades en rubros sociales.<\/p>\n<p>Con risas, caras alegres las y los ni\u00f1os, expresan su alegr\u00eda de contar con esta diversi\u00f3n sana, en la cual pueden disfrutar con sus amigos y familiares pel\u00edculas las cuales no podr\u00edan acceder en sus municipios o agencias.<\/p>\n<p>De igual forma, en la visita al municipio de Villa de D\u00edaz Ordaz, el regidor de Salud, F\u00e9lix Hern\u00e1ndez, dio gracias y coment\u00f3 la importancia de retomar el Programa social de Cine M\u00f3vil, es debido a que los j\u00f3venes pierden el inter\u00e9s en las artes y la educaci\u00f3n, desviando sus actividades a la drogadicci\u00f3n, vicios y sobre todo a no realizar ni una actividad ni escolar ni deportiva, por ello contar con estos apoyos en comunidades lejanas aporta a la vida social.<\/p>\n<p>Cabe destacar, que este viernes 21 de julio el Cine M\u00f3vil se presentar\u00e1 a las 8 de la noche en la explanada municipal de San Juan Guelav\u00eda, as\u00ed como el domingo 23 en el municipio de Santa Cruz Papalutla, en el sal\u00f3n de usos m\u00faltiples, totalmente gratuito para toda la familia.<\/p>\n<p><a href=\"http:\/\/www.eloriente.net\/home\/wp-content\/uploads\/2017\/07\/Cine-mo\u0301vil-01.jpg\" rel=\"attachment wp-att-49286\"><img loading=\"lazy\" decoding=\"async\" class=\"alignnone  wp-image-49286\" src=\"http:\/\/www.eloriente.net\/home\/wp-content\/uploads\/2017\/07\/Cine-mo\u0301vil-01-1024x683.jpg\" alt=\"Cine mo\u0301vil 01\" width=\"600\" height=\"400\" srcset=\"http:\/\/www.eloriente.net\/home\/wp-content\/uploads\/2017\/07\/Cine-mo\u0301vil-01-1024x683.jpg 1024w, http:\/\/www.eloriente.net\/home\/wp-content\/uploads\/2017\/07\/Cine-mo\u0301vil-01-300x200.jpg 300w, http:\/\/www.eloriente.net\/home\/wp-content\/uploads\/2017\/07\/Cine-mo\u0301vil-01-768x512.jpg 768w\" sizes=\"(max-width: 600px) 100vw, 600px\" \/><\/a><\/p>\n<p><strong>OTRAS ENTRADAS<\/strong><\/p>\n<div class=\"featuredpost\">\n<div class=\"flow_hide\">\n<h2 class=\"posttitle bigposttitle\"><a title=\"Enlace Permanente a Curso de Apoyo para Cuidadores Informales de Personas Envejecidas   #Educaci\u00f3nOnline\" href=\"http:\/\/www.eloriente.net\/home\/2017\/07\/26\/curso-apoyo-cuidadores-informales-personas-envejecidas-educaciononline\/\" rel=\"bookmark\">Curso de Apoyo para Cuidadores Informales de Personas Envejecidas #Educaci\u00f3nOnline<\/a><\/h2>\n<\/div>\n<p>(www.eloriente.net; M\u00e9xico a 26 de julio de 2017).- Por Jessica Lamadrid El curso gratuito en l\u00ednea \u201cApoyo para Cuidadores Informales de Personas Envejecidas\u201d fue puesto a disposici\u00f3n para\u2026<\/p>\n<p class=\"postmeta\"><span class=\"meta_date\">julio 26, 2017<\/span><\/p>\n<div class=\"toolbar-social\"><\/div>\n<\/div>\n<div class=\"featuredpost\">\n<div class=\"flow_hide\"><a href=\"http:\/\/www.eloriente.net\/home\/2017\/07\/25\/5-vacantes-derecho-martesdevacantes\/\" rel=\"bookmark\"><img decoding=\"async\" class=\"alignleft\" title=\"5 vacantes en Derecho #MartesDeVacantes\" src=\"http:\/\/www.eloriente.net\/home\/wp-content\/themes\/city-desk\/timthumb.php?src=http%3A%2F%2Fwww.eloriente.net%2Fhome%2Fwp-content%2Fuploads%2F2014%2F05%2Fmartes-de-vacantes.jpg&amp;q=90&amp;w=70&amp;h=45&amp;zc=1\" alt=\"5 vacantes en Derecho #MartesDeVacantes\" \/><\/a><\/p>\n<h2 class=\"posttitle \"><a title=\"Enlace Permanente a 5 vacantes en Derecho #MartesDeVacantes\" href=\"http:\/\/www.eloriente.net\/home\/2017\/07\/25\/5-vacantes-derecho-martesdevacantes\/\" rel=\"bookmark\">5 vacantes en Derecho #MartesDeVacantes<\/a><\/h2>\n<\/div>\n<p>(www.eloriente.net, M\u00e9xico, a 25 de julio de 2017).- Conscientes de la importancia para la ciudadan\u00eda en general de la b\u00fasqueda de nuevas oportunidades de crecimiento profesional, ponemos\u2026<\/p>\n<p class=\"postmeta\"><span class=\"meta_date\">julio 25, 2017<\/span><\/p>\n<div class=\"toolbar-social\"><\/div>\n<\/div>\n<div class=\"featuredpost\">\n<div class=\"flow_hide\"><a href=\"http:\/\/www.eloriente.net\/home\/2017\/07\/25\/la-cultura-dias-guelaguetza-juan-pablo-vasconcelos\/\" rel=\"bookmark\"><img decoding=\"async\" class=\"alignleft\" title=\"ES LA CULTURA: D\u00edas de Guelaguetza. Por Juan Pablo Vasconcelos\" src=\"http:\/\/www.eloriente.net\/home\/wp-content\/themes\/city-desk\/timthumb.php?src=http%3A%2F%2Fwww.eloriente.net%2Fhome%2Fwp-content%2Fuploads%2F2014%2F07%2FGuelaguetza-Por-Gabino-Cu%C3%A9-Monteagudo1.jpg&amp;q=90&amp;w=70&amp;h=45&amp;zc=1\" alt=\"ES LA CULTURA: D\u00edas de Guelaguetza. Por Juan Pablo Vasconcelos\" \/><\/a><\/p>\n<h2 class=\"posttitle \"><a title=\"Enlace Permanente a ES LA CULTURA: D\u00edas de Guelaguetza. Por Juan Pablo Vasconcelos\" href=\"http:\/\/www.eloriente.net\/home\/2017\/07\/25\/la-cultura-dias-guelaguetza-juan-pablo-vasconcelos\/\" rel=\"bookmark\">ES LA CULTURA: D\u00edas de Guelaguetza. Por Juan Pablo Vasconcelos<\/a><\/h2>\n<\/div>\n<p>eloriente.net 25 de julio de 2017 Por Juan Pablo Vasconcelos @JPVmx \u00a0 \u201cEl v\u00e9rtigo de la revoluci\u00f3n tecnol\u00f3gica ha sido tan desconcertante,\u00a0que para la humanidad, incluso en\u2026<\/p>\n<p class=\"postmeta\"><span class=\"meta_date\">julio 25, 2017<\/span><\/p>\n<\/div>\n\n\t\t\t  <div \n\t\t\t  \tclass = \"fb-comments\" \n\t\t\t  \tdata-href = \"http:\/\/www.eloriente.net\/home\/2017\/07\/26\/oaxaca-cine-movil-busca-difundir-septimo-arte-la-ninez-oaxaquena\/\"\n\t\t\t  \tdata-numposts = \"10\"\n\t\t\t\tdata-colorscheme = \"dark\"\n\t\t\t\tdata-order-by = \"social\"\n\t\t\t\tdata-mobile=true>\n\t\t\t  <\/div>\n\t\t  <style>\n\t\t\t.fb_iframe_widget_fluid_desktop iframe {\n\t\t\t    width: 100% !important;\n\t\t\t}\n\t\t  <\/style>\n\t\t  ","protected":false},"excerpt":{"rendered":"<p>&nbsp; eloriente.net 26 de julio de 2017 En cumplimiento con su responsabilidad Legislativa de difundir las artes en todas sus formas, enriquecer la cultura y reforzar la educaci\u00f3n en las ocho regiones, el Presidente del Congreso del Estado, Samuel Gurri\u00f3n Mat\u00edas, gestion\u00f3 a trav\u00e9s de la Asociaci\u00f3n Civil \u201cUna Mano Amiga\u201d, el Programa Social del [&hellip;]<\/p>\n","protected":false},"author":1,"featured_media":49286,"comment_status":"open","ping_status":"open","sticky":false,"template":"","format":"standard","meta":{"_jetpack_memberships_contains_paid_content":false,"footnotes":""},"categories":[56,4300,1588,91,18,32,63,464,21],"tags":[8065,7986,4076,8066,246,4162,3919],"class_list":["post-49285","post","type-post","status-publish","format-standard","has-post-thumbnail","hentry","category-cine","category-comunicacion","category-comunicados-y-boletines","category-congreso-y-justicia","category-educacion-y-cultura","category-entradas","category-estados","category-oaxaca-estados","category-politica-y-gobierno","tag-8065","tag-63-legislatura","tag-cine","tag-cine-movil","tag-congreso","tag-legislatura","tag-samuel-gurrion"],"jetpack_featured_media_url":"http:\/\/www.eloriente.net\/home\/wp-content\/uploads\/2017\/07\/Cine-mo\u0301vil-01.jpg","jetpack_sharing_enabled":true,"_links":{"self":[{"href":"http:\/\/www.eloriente.net\/home\/wp-json\/wp\/v2\/posts\/49285"}],"collection":[{"href":"http:\/\/www.eloriente.net\/home\/wp-json\/wp\/v2\/posts"}],"about":[{"href":"http:\/\/www.eloriente.net\/home\/wp-json\/wp\/v2\/types\/post"}],"author":[{"embeddable":true,"href":"http:\/\/www.eloriente.net\/home\/wp-json\/wp\/v2\/users\/1"}],"replies":[{"embeddable":true,"href":"http:\/\/www.eloriente.net\/home\/wp-json\/wp\/v2\/comments?post=49285"}],"version-history":[{"count":1,"href":"http:\/\/www.eloriente.net\/home\/wp-json\/wp\/v2\/posts\/49285\/revisions"}],"predecessor-version":[{"id":49287,"href":"http:\/\/www.eloriente.net\/home\/wp-json\/wp\/v2\/posts\/49285\/revisions\/49287"}],"wp:featuredmedia":[{"embeddable":true,"href":"http:\/\/www.eloriente.net\/home\/wp-json\/wp\/v2\/media\/49286"}],"wp:attachment":[{"href":"http:\/\/www.eloriente.net\/home\/wp-json\/wp\/v2\/media?parent=49285"}],"wp:term":[{"taxonomy":"category","embeddable":true,"href":"http:\/\/www.eloriente.net\/home\/wp-json\/wp\/v2\/categories?post=49285"},{"taxonomy":"post_tag","embeddable":true,"href":"http:\/\/www.eloriente.net\/home\/wp-json\/wp\/v2\/tags?post=49285"}],"curies":[{"name":"wp","href":"https:\/\/api.w.org\/{rel}","templated":true}]}}