{"id":49414,"date":"2017-08-03T23:22:02","date_gmt":"2017-08-04T05:22:02","guid":{"rendered":"http:\/\/www.eloriente.net\/home\/?p=49414"},"modified":"2017-08-03T23:22:02","modified_gmt":"2017-08-04T05:22:02","slug":"arte-tienes-27-agosto-visitar-tamayo-mam","status":"publish","type":"post","link":"http:\/\/www.eloriente.net\/home\/2017\/08\/03\/arte-tienes-27-agosto-visitar-tamayo-mam\/","title":{"rendered":"ARTE: Tienes hasta 27 de agosto para visitar a Tamayo en MAM"},"content":{"rendered":"<p><script src=\"\/\/pagead2.googlesyndication.com\/pagead\/js\/adsbygoogle.js\" async=\"\"><\/script><!-- BANNER ELORIENTE INCRUSTADO NOTAS --> <ins class=\"adsbygoogle\" style=\"display: inline-block; width: 300px; height: 250px;\" data-ad-client=\"ca-pub-1136171134853753\" data-ad-slot=\"7974633627\"><\/ins><script>\/\/ <![CDATA[\n(adsbygoogle = window.adsbygoogle || []).push({});\n\/\/ ]]><\/script><br \/>\neloriente.net\/<a href=\"http:\/\/www.museoartemoderno.com\/\" target=\"_blank\">MAM<\/a><\/p>\n<p>4 de agosto de 2017<\/p>\n<h3><em>Rufino Tamayo, el \u00e9xtasis del color<\/em><\/h3>\n<p>La Secretar\u00eda de Cultura, por medio del Instituto Nacional de Bellas Artes (INBA) y del Museo de Arte Moderno (MAM), presenta en el mencionado recinto la retrospectiva<em>Rufino Tamayo, el \u00e9xtasis del color <\/em>del 10 de junio al 27 de agosto de 2017, 41 a\u00f1os despu\u00e9s de la \u00faltima gran exposici\u00f3n dedicada a este artista en el MAM y a 26 a\u00f1os de su fallecimiento.<\/p>\n<p>Rufino Tamayo (Oaxaca, 1899-Ciudad de M\u00e9xico, 1991) ha sido parte fundamental en la historia del MAM. Adem\u00e1s de una retrospectiva suya con la cual se inaugur\u00f3 el recinto en septiembre de 1964, dos muestras individuales del creador tuvieron lugar en el museo, en septiembre de 1974 y en marzo de 1976. Desde entonces, su presencia ha sido constante en salas.<\/p>\n<p>En esta ocasi\u00f3n, la muestra, curada por Sylvia Navarrete con la asesor\u00eda de Juan Carlos Pereda \u2013especialista en la obra de Tamayo\u2013 y de la Fundaci\u00f3n Olga y Rufino Tamayo, re\u00fane 50 obras: 34 del acervo del MAM, 13 provenientes de colecciones particulares y tres del acervo del Museo Tamayo Arte Contempor\u00e1neo. En cuanto a t\u00e9cnicas, son 45 pinturas al \u00f3leo, pastel y <em>gouache<\/em>; cuatro dibujos en grafito, carb\u00f3n y sanguina, y una mixograf\u00eda.<br \/>\n<script src=\"\/\/pagead2.googlesyndication.com\/pagead\/js\/adsbygoogle.js\" async=\"\"><\/script><br \/>\n <!-- BANNER PEQUE\u00d1O PARA ENTRENOTAS EL ORIENTE --><br \/>\n <ins class=\"adsbygoogle\" style=\"display: inline-block; width: 468px; height: 60px;\" data-ad-client=\"ca-pub-1136171134853753\" data-ad-slot=\"4953536424\"><\/ins><br \/>\n<script>\/\/ <![CDATA[\n(adsbygoogle = window.adsbygoogle || []).push({});\n\/\/ ]]><\/script><br \/>\n&nbsp;<\/p>\n<p>El INBA, en los a\u00f1os setenta, adquiri\u00f3 cerca de 30 obras de Tamayo que pertenec\u00edan a la colecci\u00f3n del artista y de su esposa Olga. Dicho fondo constituye una de las secciones m\u00e1s ricas y s\u00f3lidas del acervo del MAM y el n\u00facleo principal de esta exposici\u00f3n.<\/p>\n<p>Por medio de tres apartados tem\u00e1ticos: <em>En busca del arquetipo<\/em>, <em>De M\u00e9xico al cosmos<\/em> y <em>Por una geometr\u00eda del espacio<\/em> se evoca la transici\u00f3n de la obra del artista a partir de una pintura arraigada en el M\u00e9xico semiurbano y de factura primitivista, hasta llegar a una pulverizaci\u00f3n de los elementos de la composici\u00f3n que hace eco de las interrogantes de la era nuclear, sin omitir, desde luego, una inigualable investigaci\u00f3n del color.<\/p>\n<p>Las obras m\u00e1s representativas de la muestra son: <em>Desnudo en gris<\/em> de 1931, <em>Anuncio de corseter\u00eda<\/em> de 1934, <em>Frutero azul (Frutero con frutas)<\/em> de 1939, <em>M\u00fasicas dormidas<\/em>de 1950, <em>Homenaje a la raza india<\/em> de 1952, <em>Retrato de Olga<\/em> de 1964, <em>Autorretrato <\/em>de 1946 (repintado en 1967), <em>Hombre radiante de alegr\u00eda<\/em> de 1968, <em>Dos mujeres<\/em> de 1981 y <em>El rockanrolero<\/em> de 1989.<\/p>\n<p>Tamayo vivi\u00f3 entregado a la pintura como una experiencia creativa \u00edntima y transfiguradora, guiado siempre por un sentido fulgurante del color y la pasi\u00f3n por la arqueolog\u00eda prehisp\u00e1nica. Afianz\u00f3 en su madurez la convicci\u00f3n de que el lienzo era un campo de experimentaci\u00f3n inagotable para extraer de un color todo su magnetismo y fusionar la figura y la abstracci\u00f3n en una expresi\u00f3n evocadora de lo infinito.<\/p>\n<p>Se apart\u00f3 de la ret\u00f3rica muralista y de sus fines proselitistas. Por ello represent\u00f3 un modelo independiente a seguir para la joven generaci\u00f3n de la llamada Ruptura, que lo reconoci\u00f3 como un precursor de sus propias batallas y experimentos con la abstracci\u00f3n.<\/p>\n<p><em>Rufino Tamayo, el \u00e9xtasis del color<\/em> se ha organizado en colaboraci\u00f3n con el Museo de Arte Contempor\u00e1neo de Monterrey, donde se exhibir\u00e1 a partir del 23 de noviembre como parte de los festejos por su 25 aniversario.<\/p>\n<p><strong>AGRADECIMIENTOS<\/strong><\/p>\n<p>El Museo de Arte Moderno agradece a las siguientes personas e instituciones su invaluable apoyo para la realizaci\u00f3n de esta exposici\u00f3n:<\/p>\n<p>Victor Acu\u00f1a, Francisco Aguirre Cant\u00fa, Emmanuel Albarr\u00e1n Rueda, Julio \u00c1lvarez Garc\u00eda, Susana Anaya, Armando \u00c1ngeles, Marisol Arg\u00fcelles, Mar\u00eda Eugenia Berm\u00fadez de Ferrer, Rosa Mar\u00eda Berm\u00fadez, Vicente Berm\u00fadez, Armando Colina, Alvaro Fern\u00e1ndez Garza, Juan A. Gait\u00e1n, Jes\u00fas G\u00f3mez Celis, Germaine G\u00f3mez Haro,\u00a0Katia Gonz\u00e1lez Rodr\u00edguez, Sergio Hern\u00e1ndez, Francisco Kochen, Daniela L\u00f3pez, Marcos Micha, Jos\u00e9 Antonio Moreno Llagostera, Kevin Ordo\u00f1ez, Gonzalo Ortega, Christian Padilla, Juan Carlos Pereda, Yisel Rahal Mart\u00ednez, Ibeth R\u00edos, Antonio Romero, Iliana S\u00e1nchez Gallegos, Vicky Smeke de Micha, Lourdes Sosa, Elisa T\u00e9llez, M\u00f3nica Tovar Robles, Nayeli Villafranco, Andrea Zapata, Aim\u00e9e Labarrere de Servitje, Vanesa Fern\u00e1ndez, Enrique Posadas Vargas, Daniela Lozada.<\/p>\n<p>Museo Tamayo Arte Contempor\u00e1neo, Fundaci\u00f3n Olga y Rufino Tamayo A. C., Museo de Arte Contempor\u00e1neo de Monterrey (MARCO)<\/p>\n<p><strong>CR\u00c9DITOS DE LA EXPOSICI\u00d3N<\/strong><\/p>\n<p>Curadur\u00eda \/ <strong>Sylvia Navarrete y equipo MAM<\/strong><\/p>\n<p>Asesor\u00eda curatorial y enlace de colecciones \/ <strong>Juan Carlos Pereda<\/strong><\/p>\n<p>Coordinaci\u00f3n operativa \/ <strong>Mar\u00eda del Carmen Canales<\/strong><\/p>\n<p>Gesti\u00f3n curatorial \/ <strong>Dolores Cobielles<\/strong><\/p>\n<p>Colecci\u00f3n MAM \/ <strong>Diana Camargo<\/strong><\/p>\n<p>Museogr\u00e1fia \/ <strong>David Osnaya, Arely Flores<\/strong><\/p>\n<p>Dise\u00f1o gr\u00e1fico \/ <strong>Luis Miguel Le\u00f3n, Kitula Hern\u00e1ndez, Rigel Covarrubias<\/strong><\/p>\n<p>&nbsp;<\/p>\n<p>OTRAS ENTRADAS:<\/p>\n<figure id=\"attachment_49415\" aria-describedby=\"caption-attachment-49415\" style=\"width: 501px\" class=\"wp-caption alignnone\"><a href=\"http:\/\/www.eloriente.net\/home\/wp-content\/uploads\/2017\/08\/RT_Anunciodecorseteria_1934-RUFINO-TAMAYO-MAM.jpg\" rel=\"attachment wp-att-49415\"><img loading=\"lazy\" decoding=\"async\" class=\" wp-image-49415\" src=\"http:\/\/www.eloriente.net\/home\/wp-content\/uploads\/2017\/08\/RT_Anunciodecorseteria_1934-RUFINO-TAMAYO-MAM.jpg\" alt=\"088fig.tif\" width=\"501\" height=\"295\" srcset=\"http:\/\/www.eloriente.net\/home\/wp-content\/uploads\/2017\/08\/RT_Anunciodecorseteria_1934-RUFINO-TAMAYO-MAM.jpg 750w, http:\/\/www.eloriente.net\/home\/wp-content\/uploads\/2017\/08\/RT_Anunciodecorseteria_1934-RUFINO-TAMAYO-MAM-300x177.jpg 300w\" sizes=\"(max-width: 501px) 100vw, 501px\" \/><\/a><figcaption id=\"caption-attachment-49415\" class=\"wp-caption-text\">IMAGEN: museoartemoderno.com<\/figcaption><\/figure>\n<p>OTRAS ENTRADAS:<\/p>\n<div class=\"featuredpost\"><a href=\"http:\/\/www.eloriente.net\/home\/2017\/08\/03\/cultura-reporte-arete-digital-gestion-cultural-agosto-2017\/\" rel=\"bookmark\"><img decoding=\"async\" class=\"aligncenter\" title=\"CULTURA: Reporte Aret\u00e9 Digital sobre gesti\u00f3n cultural, agosto 2017\" src=\"http:\/\/www.eloriente.net\/home\/wp-content\/themes\/city-desk\/timthumb.php?src=http%3A%2F%2Fwww.eloriente.net%2Fhome%2Fwp-content%2Fuploads%2F2017%2F08%2F9125012692_e16d04da23_k.jpg&amp;q=90&amp;w=470&amp;h=280&amp;zc=1\" alt=\"CULTURA: Reporte Aret\u00e9 Digital sobre gesti\u00f3n cultural, agosto 2017\" \/><\/a><\/p>\n<h2 class=\"posttitle\"><a title=\"Enlace Permanente a CULTURA: Reporte Aret\u00e9 Digital sobre gesti\u00f3n cultural, agosto 2017\" href=\"http:\/\/www.eloriente.net\/home\/2017\/08\/03\/cultura-reporte-arete-digital-gestion-cultural-agosto-2017\/\" rel=\"bookmark\">CULTURA: Reporte Aret\u00e9 Digital sobre gesti\u00f3n cultural, agosto 2017<\/a><\/h2>\n<p>(www.eloriente.net, M\u00e9xico, 3 de agosto de 2017).- La Asociaci\u00f3n Espa\u00f1ola de Gestores de Patrimonio Cultural (AEGPC) public\u00f3 su reporte mensual sobre gesti\u00f3n cultural, Aret\u00e9\u2026<\/p>\n<p class=\"postmeta\"><span class=\"meta_date\">agosto 3, 2017<\/span><\/p>\n<div class=\"toolbar-social\">\n<div class=\"social-widget\">\n<div id=\"sharing-widget\"><a class=\"button icon-share\">Compartir<\/a><\/div>\n<\/div>\n<\/div>\n<\/div>\n<h2 class=\"posttitle list_posttitle \"><a title=\"Enlace Permanente a \u00a1No puedes dejar de ir en Oaxaca!; del 3 al 9 de agosto 2017\" href=\"http:\/\/www.eloriente.net\/home\/2017\/08\/03\/actividades-culturales-oaxaca-no-te-puedes-perder-del-3-al-9-agosto\/\" rel=\"bookmark\">\u00a1No puedes dejar de ir en Oaxaca!; del 3 al 9 de agosto 2017<\/a><\/h2>\n\n\t\t\t  <div \n\t\t\t  \tclass = \"fb-comments\" \n\t\t\t  \tdata-href = \"http:\/\/www.eloriente.net\/home\/2017\/08\/03\/arte-tienes-27-agosto-visitar-tamayo-mam\/\"\n\t\t\t  \tdata-numposts = \"10\"\n\t\t\t\tdata-colorscheme = \"dark\"\n\t\t\t\tdata-order-by = \"social\"\n\t\t\t\tdata-mobile=true>\n\t\t\t  <\/div>\n\t\t  <style>\n\t\t\t.fb_iframe_widget_fluid_desktop iframe {\n\t\t\t    width: 100% !important;\n\t\t\t}\n\t\t  <\/style>\n\t\t  ","protected":false},"excerpt":{"rendered":"<p>eloriente.net\/MAM 4 de agosto de 2017 Rufino Tamayo, el \u00e9xtasis del color La Secretar\u00eda de Cultura, por medio del Instituto Nacional de Bellas Artes (INBA) y del Museo de Arte Moderno (MAM), presenta en el mencionado recinto la retrospectivaRufino Tamayo, el \u00e9xtasis del color del 10 de junio al 27 de agosto de 2017, 41 [&hellip;]<\/p>\n","protected":false},"author":1,"featured_media":49415,"comment_status":"open","ping_status":"open","sticky":false,"template":"","format":"standard","meta":{"_jetpack_memberships_contains_paid_content":false,"footnotes":""},"categories":[8,32,10,24,31],"tags":[8114,8113,3659,8115],"class_list":["post-49414","post","type-post","status-publish","format-standard","has-post-thumbnail","hentry","category-agenda","category-entradas","category-lo-mas-reciente","category-mexico-y-el-mundo","category-principal","tag-exposiciones-pintores-oaxaquenos","tag-museos-nacional-de-arte","tag-rufino-tamayo","tag-tamayo-en-mexico"],"jetpack_featured_media_url":"http:\/\/www.eloriente.net\/home\/wp-content\/uploads\/2017\/08\/RT_Anunciodecorseteria_1934-RUFINO-TAMAYO-MAM.jpg","jetpack_sharing_enabled":true,"_links":{"self":[{"href":"http:\/\/www.eloriente.net\/home\/wp-json\/wp\/v2\/posts\/49414"}],"collection":[{"href":"http:\/\/www.eloriente.net\/home\/wp-json\/wp\/v2\/posts"}],"about":[{"href":"http:\/\/www.eloriente.net\/home\/wp-json\/wp\/v2\/types\/post"}],"author":[{"embeddable":true,"href":"http:\/\/www.eloriente.net\/home\/wp-json\/wp\/v2\/users\/1"}],"replies":[{"embeddable":true,"href":"http:\/\/www.eloriente.net\/home\/wp-json\/wp\/v2\/comments?post=49414"}],"version-history":[{"count":1,"href":"http:\/\/www.eloriente.net\/home\/wp-json\/wp\/v2\/posts\/49414\/revisions"}],"predecessor-version":[{"id":49416,"href":"http:\/\/www.eloriente.net\/home\/wp-json\/wp\/v2\/posts\/49414\/revisions\/49416"}],"wp:featuredmedia":[{"embeddable":true,"href":"http:\/\/www.eloriente.net\/home\/wp-json\/wp\/v2\/media\/49415"}],"wp:attachment":[{"href":"http:\/\/www.eloriente.net\/home\/wp-json\/wp\/v2\/media?parent=49414"}],"wp:term":[{"taxonomy":"category","embeddable":true,"href":"http:\/\/www.eloriente.net\/home\/wp-json\/wp\/v2\/categories?post=49414"},{"taxonomy":"post_tag","embeddable":true,"href":"http:\/\/www.eloriente.net\/home\/wp-json\/wp\/v2\/tags?post=49414"}],"curies":[{"name":"wp","href":"https:\/\/api.w.org\/{rel}","templated":true}]}}