{"id":49492,"date":"2017-08-09T07:18:10","date_gmt":"2017-08-09T13:18:10","guid":{"rendered":"http:\/\/www.eloriente.net\/home\/?p=49492"},"modified":"2017-08-09T07:21:09","modified_gmt":"2017-08-09T13:21:09","slug":"oaxaca-afromexicanos-pobres-discriminacion","status":"publish","type":"post","link":"http:\/\/www.eloriente.net\/home\/2017\/08\/09\/oaxaca-afromexicanos-pobres-discriminacion\/","title":{"rendered":"OAXACA: Afromexicanos son pobres por discriminaci\u00f3n"},"content":{"rendered":"<p><script src=\"\/\/pagead2.googlesyndication.com\/pagead\/js\/adsbygoogle.js\" async=\"\"><\/script><!-- BANNER ELORIENTE INCRUSTADO NOTAS --> <ins class=\"adsbygoogle\" style=\"display: inline-block; width: 300px; height: 250px;\" data-ad-client=\"ca-pub-1136171134853753\" data-ad-slot=\"7974633627\"><\/ins><script>\/\/ <![CDATA[\n(adsbygoogle = window.adsbygoogle || []).push({});\n\/\/ ]]><\/script><\/p>\n<p>&nbsp;<\/p>\n<p>eloriente.net\/M\u00e9xico Social<\/p>\n<p>9 de agosto de 2017<\/p>\n<p><strong>En M\u00e9xico viven 1.3 millones de personas que se consideran afrodescendientes. Sus niveles de analfabetismo, rezago educativo, acceso a servicios de salud, a servicios en la vivienda y sus ingresos laborales muestran una penosa realidad que puede caracterizarse, de forma llana, como \u201cpobreza por discriminaci\u00f3n\u201d.\u00a0<\/strong><\/p>\n<p><a href=\"https:\/\/twitter.com\/mexicosocialorg\" target=\"_blank\"><img loading=\"lazy\" decoding=\"async\" src=\"http:\/\/mexicosocial.org\/images\/Twitter_logo_blue.png\" alt=\"Twitter logo blue\" width=\"30\" height=\"24\" \/><\/a><a href=\"https:\/\/twitter.com\/MexicoSocial_\">@MexicoSocial_<\/a><\/p>\n<p>Las instituciones, sostiene Douglas North, pueden ser concebidas como \u201clas reglas del juego\u201d en una sociedad. Por ello, en democracia, los sistemas institucionales tienen como uno de sus ejes vertebradores los sistemas de informaci\u00f3n, porque es con base en ellos que se tiene la legitimidad t\u00e9cnico-racional para tomar decisiones, lo que a su vez debe conseguir, v\u00eda el di\u00e1logo y la deliberaci\u00f3n p\u00fablica, legitimidad social.<\/p>\n<p>As\u00ed, cuando un Estado carece de informaci\u00f3n estrat\u00e9gica de un tema o respecto de un grupo de poblaci\u00f3n, incurre en una falta grave, pues, al no generar datos confiables, provoca la invisibilidad de los fen\u00f3menos y con ello, la imposibilidad de generar agenda p\u00fablica al respecto.<\/p>\n<p>Un ejemplo que permite ilustrar lo anterior es el caso de la ausencia de informaci\u00f3n relativa a la poblaci\u00f3n afromexicana. En efecto, los datos relativos a sus caracter\u00edsticas sociodemogr\u00e1ficas muestran una discriminaci\u00f3n activa que, aun siendo involuntaria, es ejercida desde las instituciones p\u00fablicas, al no considerarles expl\u00edcitamente como grupos de enfoque especial de las pol\u00edticas y programas sociales.<br \/>\n<script src=\"\/\/pagead2.googlesyndication.com\/pagead\/js\/adsbygoogle.js\" async=\"\"><\/script><!-- BANNER PEQUE\u00d1O PARA ENTRENOTAS EL ORIENTE --> <ins class=\"adsbygoogle\" style=\"display: inline-block; width: 468px; height: 60px;\" data-ad-client=\"ca-pub-1136171134853753\" data-ad-slot=\"4953536424\"><\/ins><script>\/\/ <![CDATA[\n(adsbygoogle = window.adsbygoogle || []).push({});\n\/\/ ]]><\/script><br \/>\n\u00bfCu\u00e1ntos afromexicanos existen?<\/p>\n<p>De acuerdo con el documento\u00a0<em>Perfil sociodemogr\u00e1fico de la poblaci\u00f3n afrodescendiente en M\u00e9xico<\/em>, editado por el Inegi, la CNDH y el Conapred, en el pa\u00eds hab\u00eda en el a\u00f1o 2015 un total de 1,381,853 personas afromexicanas, cifra equivalente a 1.2% de la poblaci\u00f3n nacional (estimada en ese mismo a\u00f1o en 119.53 millones).<\/p>\n<p>Asimismo, es importante destacar que las entidades con mayor n\u00famero de poblaci\u00f3n afromexicana son: a) Estado de M\u00e9xico, con 304,274 personas; b) Veracruz, con 266,163; c) Guerrero, con 229,514; d) Oaxaca, con 196,213; e) Ciudad de M\u00e9xico, con 160,353; f) Nuevo Le\u00f3n, con 76,241, y g) Jalisco, con 61,140 personas que se consideran afrodescendientes.<\/p>\n<p>En t\u00e9rminos relativos, las entidades en donde la poblaci\u00f3n afromexicana tiene un mayor peso demogr\u00e1fico son: a) Guerrero, donde representan 6.5% de la poblaci\u00f3n estatal; b) Oaxaca, con un 4.9%; c) Veracruz, donde representan a 3.3%; d) Estado de M\u00e9xico, con un peso de 1.9%; e) Ciudad de M\u00e9xico, con 1.8%; y f) Baja California Sur y Nuevo Le\u00f3n, con 1.5% cada una de ellas.<\/p>\n<p>Otra caracter\u00edstica de este grupo de poblaci\u00f3n es que vive relativamente concentrado en algunos municipios del pa\u00eds, localizados en el sur-sureste. En efecto, de acuerdo con el documento citado, hay 100 municipios en donde al menos 10% de la poblaci\u00f3n se considera afrodescendiente: 69 de estos municipios se encuentran en Oaxaca, 16 en Guerrero, 12 en Veracruz, dos en el Estado de M\u00e9xico y uno en Baja California Sur.<\/p>\n<p>Hay otros 26 municipios en donde la poblaci\u00f3n afrodescendiente representa 20% o m\u00e1s de la poblaci\u00f3n, adem\u00e1s de 18 municipios de Oaxaca, tres en Guerrero y uno en Veracruz, en donde se registra una poblaci\u00f3n mayoritariamente afrodescendiente, con porcentajes que llegan hasta 83.7%, como en Santiago Tepextla, en el estado de Oaxaca.<\/p>\n<p><img loading=\"lazy\" decoding=\"async\" src=\"http:\/\/mexicosocial.org\/images\/Vida_Precaria.png\" alt=\"Vida Precaria\" width=\"472\" height=\"602\" \/><\/p>\n<p><strong>La situaci\u00f3n de las mujeres<\/strong><\/p>\n<p>Uno de los temas que deben destacarse respecto de la poblaci\u00f3n afrodescendiente es que la tasa global de fecundidad es mayor que la media nacional y que registran elevadas tasas de embarazo adolescente y en mujeres de 20 a 24 a\u00f1os de edad. Si bien las tasas en estos grupos de edad ya son altas a nivel nacional, entre las mujeres afrodescendientes son a\u00fan mayores.<\/p>\n<p>En efecto, de acuerdo con el Inegi, mientras que la tasa espec\u00edfica de fecundidad entre mujeres de 15 a 19 a\u00f1os se ubic\u00f3 en 2014 en 64.5 nacimientos por cada mil mujeres en el grupo de edad, entre la poblaci\u00f3n afrodescendiente en general se ubic\u00f3 en 67.5 nacimientos por cada mil mujeres, y en los municipios con altos porcentajes de poblaci\u00f3n afrodescendiente la tasa es de 80.5.<\/p>\n<p>En el grupo de mujeres de 20 a 24 a\u00f1os la situaci\u00f3n es similar. A nivel nacional la tasa espec\u00edfica de fecundidad es de 128.6 nacimientos por cada mil mujeres en el grupo etario, entre la poblaci\u00f3n afrodescendiente en general es de 137.5 y en los municipios con mayor presencia de este grupo de poblaci\u00f3n la tasa es de 170.2.<\/p>\n<p><strong>La segregaci\u00f3n<\/strong><\/p>\n<p>Un indicador que sintetiza el grado de segregaci\u00f3n de que es v\u00edctima una persona o grupo de poblaci\u00f3n es el analfabetismo, condici\u00f3n espec\u00edficamente grave para la poblaci\u00f3n afrodescendiente. En efecto, mientras que en 2015 el promedio de analfabetismo nacional fue de 5.5% en la poblaci\u00f3n de 15 a\u00f1os y m\u00e1s, entre la poblaci\u00f3n afrodescendiente se ubic\u00f3 en 6.9%, mientras que en los municipios con mayor proporci\u00f3n de poblaci\u00f3n de este grupo demogr\u00e1fico se ubic\u00f3 en 15.7%.<\/p>\n<p>Asimismo, mientras que el porcentaje de mayores de 15 a\u00f1os en rezago educativo tuvo un promedio nacional de 35.1%, en los municipios en donde hay alta presencia de personas afrodescendientes el indicador se ubica en 56%.<\/p>\n<p>Otro indicador a destacarse es el relativo al porcentaje de poblaci\u00f3n de 14 a 29 a\u00f1os que no estudia ni trabaja, pues mientras que a nivel nacional el dato fue de 5% en 2015, entre los municipios con mayor presencia de poblaci\u00f3n afrodescendiente el dato es de 9.3%.<\/p>\n<p>Finalmente, es pertinente se\u00f1alar que en los municipios con mayor presencia de poblaci\u00f3n afromexicana el porcentaje de personas que trabajan y perciben ingresos de hasta un salario m\u00ednimo es de 14.6%, cifra que contrasta con la media nacional, de 7.8%.<\/p>\n<p><img loading=\"lazy\" decoding=\"async\" src=\"http:\/\/mexicosocial.org\/images\/Empobrecidos.png\" alt=\"Empobrecidos\" width=\"478\" height=\"596\" \/><\/p>\n<p><em>*<span data-scayt_word=\"Columna\" data-scaytid=\"925\">Columna\u00a0<\/span><span data-scayt_word=\"publicada\" data-scaytid=\"926\">publicada<\/span>\u00a0con el\u00a0<span data-scayt_word=\"mismo\" data-scaytid=\"927\">mismo nombre<\/span>\u00a0en el\u00a0<span data-scayt_word=\"peri\u00f3dico\" data-scaytid=\"929\">peri\u00f3dico\u00a0<\/span><span data-scayt_word=\"Exc\u00e9lsior\" data-scaytid=\"930\">Exc\u00e9lsior<\/span>, 23-mayo-2017, p.17.<\/em><\/p>\n<p>**Publicada aqu\u00ed con autorizaci\u00f3n de @M\u00e9xicoSocial<\/p>\n<p><a href=\"http:\/\/www.eloriente.net\/home\/wp-content\/uploads\/2017\/08\/POBLACION-NEGRA-COLECTIVOAFRICA.BLOGSPOT.MX_.jpg\" rel=\"attachment wp-att-49493\"><img loading=\"lazy\" decoding=\"async\" class=\"alignnone wp-image-49493\" src=\"http:\/\/www.eloriente.net\/home\/wp-content\/uploads\/2017\/08\/POBLACION-NEGRA-COLECTIVOAFRICA.BLOGSPOT.MX_-1024x683.jpg\" alt=\"POBLACION NEGRA COLECTIVOAFRICA.BLOGSPOT.MX\" width=\"500\" height=\"334\" \/><\/a><\/p>\n<p>Imagen: <a href=\"http:\/\/colectivoafrica.blogspot.mx\/\" target=\"_blank\">Blogspot.colectivoafrica.com<\/a><\/p>\n<p><strong>OTRAS ENTRADAS:<\/strong><\/p>\n<div id=\"post-40110\" class=\"entry loop-default border_bottom_30 post-40110 post type-post status-publish format-standard has-post-thumbnail hentry category-comunicados-y-boletines category-congreso-y-justicia category-derechos-humanos category-entradas category-estados category-oaxaca-estados category-politica-y-gobierno tag-afromexicanos tag-comision-de-asuntos-indigenas tag-comision-permanente tag-congreso-de-oaxaca tag-derecho tag-derechos-humanos-2 tag-lxii-legislatura tag-oaxaca tag-pueblos-indigenas tag-reforma\">\n<h2 class=\"entry_title\"><a title=\"Enlace Permanente a Cerca Oaxaca de una Ley para pueblos Ind\u00edgenas y afromexicanos\" href=\"http:\/\/www.eloriente.net\/home\/2015\/10\/30\/cerca-oaxaca-de-una-ley-para-pueblos-indigenas-y-afromexicanos\/\" rel=\"bookmark\">Cerca Oaxaca de una Ley para pueblos Ind\u00edgenas y afromexicanos<\/a><\/h2>\n<p><a href=\"http:\/\/www.eloriente.net\/home\/2015\/10\/30\/cerca-oaxaca-de-una-ley-para-pueblos-indigenas-y-afromexicanos\/\" rel=\"bookmark\"><img decoding=\"async\" class=\"alignleft\" title=\"Cerca Oaxaca de una Ley para pueblos Ind\u00edgenas y afromexicanos\" src=\"http:\/\/www.eloriente.net\/home\/wp-content\/themes\/city-desk\/timthumb.php?src=http%3A%2F%2Fwww.eloriente.net%2Fhome%2Fwp-content%2Fuploads%2F2015%2F10%2FCongreso-Comisi%C3%B3n-de-Asuntos-Ind%C3%ADgenas.jpg&amp;q=90&amp;w=160&amp;h=106&amp;zc=1\" alt=\"Cerca Oaxaca de una Ley para pueblos Ind\u00edgenas y afromexicanos\" \/><\/a>\u00a0 eloriente.net\/Congreso de Oaxaca 30 de octubre de 2015 Diputadas y\u00a0diputados integrantes de las Comisiones Unidas de Asuntos Ind\u00edgenas y\u00a0Estudios Constitucionales de la LXII Legislatura del Congreso del Estado\u00a0se reunieron para dar continuidad al estudio, an\u00e1lisis al debate\u00a0puntual del predictamen de la Reforma de derechos ind\u00edgenas y\u00a0afromexicanos. En este contexto, el presidente de la Comisi\u00f3n [\u2026]<\/p>\n<p class=\"postmeta\"><span class=\"meta_date\">octubre 30, 2015<\/span><span class=\"meta_comment\">Comentarios desactivados<span class=\"screen-reader-text\"> en Cerca Oaxaca de una Ley para pueblos Ind\u00edgenas y afromexicanos<\/span><\/span><\/p>\n<\/div>\n<div id=\"post-37838\" class=\"entry loop-default border_bottom_30 post-37838 post type-post status-publish format-standard has-post-thumbnail hentry category-derechos-humanos category-destacadas category-entradas category-estados category-mexico-y-el-mundo category-oaxaca-estados tag-afrodescendientes tag-cndh tag-luis-raul-gonzalez-perez\">\n<h2 class=\"entry_title\"><a title=\"Enlace Permanente a Solo Oaxaca y Guerrero han incluido en sus constituciones a afromexicanos: Ombudsman Nacional\" href=\"http:\/\/www.eloriente.net\/home\/2015\/07\/03\/solo-oaxaca-y-guerrero-han-incluido-en-sus-constituciones-a-afromexicanos-ombudsman-nacional\/\" rel=\"bookmark\">Solo Oaxaca y Guerrero han incluido en sus constituciones a afromexicanos: Ombudsman Nacional<\/a><\/h2>\n<p><a href=\"http:\/\/www.eloriente.net\/home\/2015\/07\/03\/solo-oaxaca-y-guerrero-han-incluido-en-sus-constituciones-a-afromexicanos-ombudsman-nacional\/\" rel=\"bookmark\"><img decoding=\"async\" class=\"alignleft\" title=\"Solo Oaxaca y Guerrero han incluido en sus constituciones a afromexicanos: Ombudsman Nacional\" src=\"http:\/\/www.eloriente.net\/home\/wp-content\/themes\/city-desk\/timthumb.php?src=http%3A%2F%2Fwww.eloriente.net%2Fhome%2Fwp-content%2Fuploads%2F2015%2F07%2FFORO-CNDH-AFRODESCENDIENTES-eloriente.net_.jpg&amp;q=90&amp;w=160&amp;h=106&amp;zc=1\" alt=\"Solo Oaxaca y Guerrero han incluido en sus constituciones a afromexicanos: Ombudsman Nacional\" \/><\/a>\u00a0 \u00a0 \u00a0 \u00a0 eloriente.net\/CNDH 3 de julio de 2015 El Ombudsman nacional, Luis Ra\u00fal Gonz\u00e1lez P\u00e9rez, demand\u00f3 al Estado mexicano cumplir con las observaciones espec\u00edficas hechas por el Comit\u00e9 para la Eliminaci\u00f3n de la Discriminaci\u00f3n Racial de la ONU, en favor de las casi 400 mil personas afromexicanas que hay en el pa\u00eds. Asimismo, [\u2026]<\/p>\n<p class=\"postmeta\"><span class=\"meta_date\">julio 3, 2015<\/span><span class=\"meta_comment\">Comentarios desactivados<span class=\"screen-reader-text\"> en Solo Oaxaca y Guerrero han incluido en sus constituciones a afromexicanos: Ombudsman Nacional<\/span><\/span><\/p>\n<\/div>\n<div id=\"post-32524\" class=\"entry loop-default border_bottom_30 post-32524 post type-post status-publish format-standard has-post-thumbnail hentry category-educacion-y-cultura category-entradas category-lo-mas-reciente category-oaxaca-estados tag-afromexicanos\">\n<h2 class=\"entry_title\"><a title=\"Enlace Permanente a Afromexicanos: Tercera ra\u00edz cultural del pa\u00eds\" href=\"http:\/\/www.eloriente.net\/home\/2014\/09\/24\/afromexicanos-tercera-raiz-cultural-del-pais\/\" rel=\"bookmark\">Afromexicanos: Tercera ra\u00edz cultural del pa\u00eds<\/a><\/h2>\n<p><a href=\"http:\/\/www.eloriente.net\/home\/2014\/09\/24\/afromexicanos-tercera-raiz-cultural-del-pais\/\" rel=\"bookmark\"><img decoding=\"async\" class=\"alignleft\" title=\"Afromexicanos: Tercera ra\u00edz cultural del pa\u00eds\" src=\"http:\/\/www.eloriente.net\/home\/wp-content\/themes\/city-desk\/timthumb.php?src=http%3A%2F%2Fwww.eloriente.net%2Fhome%2Fwp-content%2Fuploads%2F2014%2F09%2FAfromexicano-Ulises-Estrada.jpg&amp;q=90&amp;w=160&amp;h=106&amp;zc=1\" alt=\"Afromexicanos: Tercera ra\u00edz cultural del pa\u00eds\" \/><\/a>eloriente.net 24\/septiembre\/2014 El Oakland Museum of California cita que: \u201cEn 1992, como parte de las celebraciones por el 500 aniversario de la llegada de los espa\u00f1oles a las Am\u00e9ricas (\u00abel encuentro\u00bb), el gobierno reconoci\u00f3 oficialmente que la cultura africana representaba la tercera ra\u00edz de la cultura mexicana, junto con el aporte espa\u00f1ol e ind\u00edgena\u201d. La [\u2026]<\/p>\n<p class=\"postmeta\"><span class=\"meta_date\">septiembre 24, 2014<\/span><\/p>\n<\/div>\n\n\t\t\t  <div \n\t\t\t  \tclass = \"fb-comments\" \n\t\t\t  \tdata-href = \"http:\/\/www.eloriente.net\/home\/2017\/08\/09\/oaxaca-afromexicanos-pobres-discriminacion\/\"\n\t\t\t  \tdata-numposts = \"10\"\n\t\t\t\tdata-colorscheme = \"dark\"\n\t\t\t\tdata-order-by = \"social\"\n\t\t\t\tdata-mobile=true>\n\t\t\t  <\/div>\n\t\t  <style>\n\t\t\t.fb_iframe_widget_fluid_desktop iframe {\n\t\t\t    width: 100% !important;\n\t\t\t}\n\t\t  <\/style>\n\t\t  ","protected":false},"excerpt":{"rendered":"<p>&nbsp; eloriente.net\/M\u00e9xico Social 9 de agosto de 2017 En M\u00e9xico viven 1.3 millones de personas que se consideran afrodescendientes. Sus niveles de analfabetismo, rezago educativo, acceso a servicios de salud, a servicios en la vivienda y sus ingresos laborales muestran una penosa realidad que puede caracterizarse, de forma llana, como \u201cpobreza por discriminaci\u00f3n\u201d.\u00a0 @MexicoSocial_ Las [&hellip;]<\/p>\n","protected":false},"author":1,"featured_media":49493,"comment_status":"open","ping_status":"open","sticky":false,"template":"","format":"standard","meta":{"_jetpack_memberships_contains_paid_content":false,"footnotes":""},"categories":[22,32,63,35,24,464,31],"tags":[8143,8144,8142,8141],"class_list":["post-49492","post","type-post","status-publish","format-standard","has-post-thumbnail","hentry","category-derechos-humanos","category-entradas","category-estados","category-secciones-oriente","category-mexico-y-el-mundo","category-oaxaca-estados","category-principal","tag-mujeres-afrodescendientes","tag-niveles-de-pobreza-indigenas","tag-proyectos-indigenas","tag-pueblos-afromexicanos"],"jetpack_featured_media_url":"http:\/\/www.eloriente.net\/home\/wp-content\/uploads\/2017\/08\/POBLACION-NEGRA-COLECTIVOAFRICA.BLOGSPOT.MX_-e1502284860515.jpg","jetpack_sharing_enabled":true,"_links":{"self":[{"href":"http:\/\/www.eloriente.net\/home\/wp-json\/wp\/v2\/posts\/49492"}],"collection":[{"href":"http:\/\/www.eloriente.net\/home\/wp-json\/wp\/v2\/posts"}],"about":[{"href":"http:\/\/www.eloriente.net\/home\/wp-json\/wp\/v2\/types\/post"}],"author":[{"embeddable":true,"href":"http:\/\/www.eloriente.net\/home\/wp-json\/wp\/v2\/users\/1"}],"replies":[{"embeddable":true,"href":"http:\/\/www.eloriente.net\/home\/wp-json\/wp\/v2\/comments?post=49492"}],"version-history":[{"count":2,"href":"http:\/\/www.eloriente.net\/home\/wp-json\/wp\/v2\/posts\/49492\/revisions"}],"predecessor-version":[{"id":49496,"href":"http:\/\/www.eloriente.net\/home\/wp-json\/wp\/v2\/posts\/49492\/revisions\/49496"}],"wp:featuredmedia":[{"embeddable":true,"href":"http:\/\/www.eloriente.net\/home\/wp-json\/wp\/v2\/media\/49493"}],"wp:attachment":[{"href":"http:\/\/www.eloriente.net\/home\/wp-json\/wp\/v2\/media?parent=49492"}],"wp:term":[{"taxonomy":"category","embeddable":true,"href":"http:\/\/www.eloriente.net\/home\/wp-json\/wp\/v2\/categories?post=49492"},{"taxonomy":"post_tag","embeddable":true,"href":"http:\/\/www.eloriente.net\/home\/wp-json\/wp\/v2\/tags?post=49492"}],"curies":[{"name":"wp","href":"https:\/\/api.w.org\/{rel}","templated":true}]}}