{"id":49497,"date":"2017-08-09T07:35:52","date_gmt":"2017-08-09T13:35:52","guid":{"rendered":"http:\/\/www.eloriente.net\/home\/?p=49497"},"modified":"2017-08-10T16:21:45","modified_gmt":"2017-08-10T22:21:45","slug":"pueblos-indigenas-descarga-aqui-declaracion-lengua","status":"publish","type":"post","link":"http:\/\/www.eloriente.net\/home\/2017\/08\/09\/pueblos-indigenas-descarga-aqui-declaracion-lengua\/","title":{"rendered":"PUEBLOS IND\u00cdGENAS: Descarga aqu\u00ed Declaraci\u00f3n en tu lengua"},"content":{"rendered":"<p><script src=\"\/\/pagead2.googlesyndication.com\/pagead\/js\/adsbygoogle.js\" async=\"\"><\/script><!-- BANNER ELORIENTE INCRUSTADO NOTAS --> <ins class=\"adsbygoogle\" style=\"display: inline-block; width: 300px; height: 250px;\" data-ad-client=\"ca-pub-1136171134853753\" data-ad-slot=\"7974633627\"><\/ins><script>\/\/ <![CDATA[\n(adsbygoogle = window.adsbygoogle || []).push({});\n\/\/ ]]><\/script><br \/>\neloriente.net\/<a href=\"https:\/\/www.gob.mx\/cdi\" target=\"_blank\">CDI<\/a><\/p>\n<p>9 de agosto de 2017<\/p>\n<div class=\"col-sm-7 pull-left\">\n<h5>A 10 a\u00f1os de su aprobaci\u00f3n, la Declaraci\u00f3n constituye el acuerdo m\u00e1s importante que reconoce los derechos individuales y colectivos de los pueblos ind\u00edgenas del mundo. Descarga la versi\u00f3n electr\u00f3nica en diferentes lenguas ind\u00edgenas de M\u00e9xico.<\/h5>\n<\/div>\n<div class=\"col-md-4 col-xs-12 pull-right\"><img loading=\"lazy\" decoding=\"async\" class=\"img-responsive\" src=\"https:\/\/www.gob.mx\/cms\/uploads\/article\/main_image\/40509\/post_IMG-20160824-WA0011.jpg\" alt=\"D\u00e9cimo Aniversario de la Declaraci\u00f3n de las Naciones Unidas sobre los Derechos de los Pueblos Ind\u00edgenas.\" width=\"385\" height=\"245\" \/><\/div>\n<div class=\"survey-popup small-top-buffer\"><\/div>\n<div class=\"col-md-4 col-xs-12 pull-right\">La Declaraci\u00f3n de las Naciones Unidas sobre los Derechos de los Pueblos Ind\u00edgenas es producto de un largo proceso, iniciado en los a\u00f1os 70, cuando la Subcomisi\u00f3n para la Prevenci\u00f3n de Discriminaciones y Protecci\u00f3n de las Minor\u00edas, del Consejo Econ\u00f3mico y Social, \u00f3rgano principal de la Organizaci\u00f3n de las Naciones Unidas (ONU), recomend\u00f3 la elaboraci\u00f3n de un estudio que abordara el tema de los pueblos ind\u00edgenas del mundo.<\/div>\n<div class=\"col-sm-7 pull-left\">\n<div class=\"article-body\">\n<p>El producto final, conocido como el Informe Mart\u00ednez Cobo, fue presentado a la Subcomisi\u00f3n entre los a\u00f1os 1981 y 1984, observ\u00e1ndose la conveniencia de crear el \u201cGrupo de Trabajo sobre Poblaciones\u00a0Ind\u00edgenas\u201d, conformado por expertos independientes, que a partir de 1982 fungi\u00f3 como su \u00f3rgano subsidiario. En 1985, el Grupo de Trabajo inici\u00f3 la redacci\u00f3n de un Proyecto de Declaraci\u00f3n, cuyo texto final fue avalado por la Subcomisi\u00f3n en 1994, ante la Comisi\u00f3n de Derechos Humanos de la ONU.<\/p>\n<p><img loading=\"lazy\" decoding=\"async\" class=\"\" src=\"https:\/\/www.gob.mx\/cms\/uploads\/image\/file\/307481\/cdi-CM0390.jpg\" alt=\"D\u00e9cimo Aniversario de la Declaraci\u00f3n de las Naciones Unidas sobre los Derechos de los Pueblos Ind\u00edgenas.\" width=\"384\" height=\"256\" \/><\/p>\n<p>Un a\u00f1o m\u00e1s tarde, dicha Comisi\u00f3n, de conformidad con el p\u00e1rrafo 5 de la resoluci\u00f3n 49\/214 de la Asamblea General, del 23 de diciembre de 1994, mandat\u00f3 la creaci\u00f3n del \u201cGrupo de Trabajo de composici\u00f3n abierta entre per\u00edodos de sesiones sobre el Proyecto de Declaraci\u00f3n de las Naciones Unidas sobre los Derechos de los Pueblos Ind\u00edgenas\u201d, el cual, partiendo de la base del texto provisto por la Subcomisi\u00f3n, alberg\u00f3 las negociaciones del contenido de la Declaraci\u00f3n. Sobresale, de sus trabajos, que por primera vez en un foro de negociaci\u00f3n de Naciones Unidas se integr\u00f3 la parte interesada, es decir, los representantes de los pueblos ind\u00edgenas agrupados en el denominado \u201cC\u00f3nclave Ind\u00edgena\u201d.<\/p>\n<p>Tras 11 periodos de sesiones del Grupo de Trabajo, se termin\u00f3 en 2006 el documento que fue presentado, ese mismo a\u00f1o, ante el Consejo de Derechos Humanos, en su Primer Periodo de Sesiones, el cual lo adopt\u00f3 a trav\u00e9s de su resoluci\u00f3n 2006\/2, del 29 de junio de 2006, remiti\u00e9ndolo para su aprobaci\u00f3n final en la Asamblea General de Naciones Unidas.<\/p>\n<p><img loading=\"lazy\" decoding=\"async\" class=\"\" src=\"https:\/\/www.gob.mx\/cms\/uploads\/image\/file\/307480\/cdi-CHIAPAS-080.jpg\" alt=\"D\u00e9cimo Aniversario de la Declaraci\u00f3n de las Naciones Unidas sobre los Derechos de los Pueblos Ind\u00edgenas.\" width=\"384\" height=\"257\" \/><\/p>\n<p>Finalmente, despu\u00e9s de un proceso de m\u00e1s de 20 a\u00f1os, la Declaraci\u00f3n de las Naciones Unidas sobre los Derechos de los Pueblos Ind\u00edgenas fue adoptada, el 13 de septiembre de 2007, por la Asamblea General, en su 61\u00b0 Periodo de Sesiones.<\/p>\n<p>M\u00e9xico respald\u00f3 la Declaraci\u00f3n, a lo largo del proceso iniciado en 1985, votando siempre a su favor en las diferentes instancias ya referidas, hasta su adopci\u00f3n por la Asamblea General.<\/p>\n<p>Una Declaraci\u00f3n emanada de un organismo internacional, como es la ONU, el m\u00e1s representativo de todos, es un instrumento de car\u00e1cter aspiracional, que marca la tendencia hacia donde las Partes que lo suscriben consideran debe orientarse el derecho internacional.<\/p>\n<p>Si bien la Declaraci\u00f3n no es jur\u00eddicamente vinculante para los Estados que se adhirieron a su texto, existe un compromiso moral con su contenido.<\/p>\n<p>As\u00ed, la Declaraci\u00f3n de las Naciones Unidas sobre los Derechos de los Pueblos Ind\u00edgenas tiene los elementos necesarios para fortalecer los instrumentos internacionales en materia de derechos humanos, y con ello robustecer jur\u00eddica y socialmente a los pueblos ind\u00edgenas del mundo.<\/p>\n<p><img loading=\"lazy\" decoding=\"async\" class=\"\" src=\"https:\/\/www.gob.mx\/cms\/uploads\/image\/file\/307482\/cdi-CM0377.jpg\" alt=\"D\u00e9cimo Aniversario de la Declaraci\u00f3n de las Naciones Unidas sobre los Derechos de los Pueblos Ind\u00edgenas.\" width=\"384\" height=\"256\" \/><\/p>\n<p>Llevar a la pr\u00e1ctica los derechos enunciados en la Declaraci\u00f3n significa un reto compartido por los miembros de la comunidad internacional.<\/p>\n<p>En M\u00e9xico, y en particular dentro de la Comisi\u00f3n Nacional para el Desarrollo de los Pueblos Ind\u00edgenas (CDI), se ha considerado que un primer paso para la aplicaci\u00f3n fundamentada de la Declaraci\u00f3n de las Naciones Unidas sobre los Derechos de los Pueblos Ind\u00edgenas, es la difusi\u00f3n de su contenido. Por ello, su publicaci\u00f3n ha sido considerada como una acci\u00f3n prioritaria. La divulgaci\u00f3n de su texto, as\u00ed como del razonamiento expresado en la intervenci\u00f3n a nombre de M\u00e9xico al emitir el voto favorable a la Declaraci\u00f3n, el 13 de septiembre de 2007, apunta en este sentido.<\/p>\n<p>A 10 a\u00f1os de distancia de la publicaci\u00f3n de la Declaraci\u00f3n de las Naciones Unidas sobre los Derechos de los Pueblos Ind\u00edgenas, el Gobierno de M\u00e9xico ratifica su respaldo a este instrumento internacional para beneficio de sus pueblos ind\u00edgenas.<\/p>\n<\/div>\n<\/div>\n<p><script src=\"\/\/pagead2.googlesyndication.com\/pagead\/js\/adsbygoogle.js\" async=\"\"><\/script><!-- BANNER PEQUE\u00d1O PARA ENTRENOTAS EL ORIENTE --> <ins class=\"adsbygoogle\" style=\"display: inline-block; width: 468px; height: 60px;\" data-ad-client=\"ca-pub-1136171134853753\" data-ad-slot=\"4953536424\"><\/ins><script>\/\/ <![CDATA[\n(adsbygoogle = window.adsbygoogle || []).push({});\n\/\/ ]]><\/script><\/p>\n<div class=\"col-sm-7 pull-left\">\n<div class=\"article-body\">\n<h3>Descarga la\u00a0Declaraci\u00f3n de las Naciones Unidas sobre los Derechos de los Pueblos Ind\u00edgenas en lenguas ind\u00edgenas.<\/h3>\n<ul>\n<li><strong>Espa\u00f1ol. <\/strong>Declaraci\u00f3n de las Naciones Unidas sobre los Derechos de los Pueblos Ind\u00edgenas.<br \/>\n<em>&gt;\u00a0<a href=\"https:\/\/www.gob.mx\/cms\/uploads\/attachment\/file\/246325\/cdi-declaracion-onu-pueblos-indigenas-2017.pdf\" target=\"_blank\">Descargar documento<\/a><\/em><\/li>\n<li><strong>Huasteco de occidente.<\/strong> Onaxtalab k\u2019al an Naciones Unidas tin ebal in uchbil an tenek bichowchik.<br \/>\n<em>&gt;\u00a0<a href=\"https:\/\/www.gob.mx\/cms\/uploads\/attachment\/file\/246324\/cdi-declaracion-onu-pueblos-indigenas-huasteco-occidente.pdf\" target=\"_blank\">Descargar documento<\/a><\/em><\/li>\n<li><strong>Tseltal.<\/strong> Declaraci\u00f3n yu\u2019un tey ta Naciones Unidas yu\u2019un te stalel sk\u2019ayinel te jlumaltik ind\u00edgenaetike.<br \/>\n<em>&gt;\u00a0<a href=\"https:\/\/www.gob.mx\/cms\/uploads\/attachment\/file\/246323\/cdi-declaracion-onu-pueblos-indigenas-tseltal.pdf\" target=\"_blank\">Descargar documento<\/a><\/em><\/li>\n<li><strong>Chinanteco del norte.<\/strong> Declaracion sha Naciones Unidas taah jalaah ah derecho oh fuu faa ii.<br \/>\n<em>&gt;\u00a0<a href=\"https:\/\/www.gob.mx\/cms\/uploads\/attachment\/file\/246322\/cdi-declaracion-onu-pueblos-indigenas-chinanteco-norte.pdf\" target=\"_blank\">Descargar documento<\/a><\/em><\/li>\n<li><strong>Tsotsil.<\/strong> Xchapbenal yu\u2019un Naciones Unidas sventa yich\u2019elal ta muk\u2019 sjunlejal slumal bats\u2019i vinik-antsetik.<br \/>\n<em>&gt;\u00a0<a href=\"https:\/\/www.gob.mx\/cms\/uploads\/attachment\/file\/246321\/cdi-declaracion-onu-pueblos-indigenas-tsotsil.pdf\" target=\"_blank\">Descargar documento<\/a><\/em><\/li>\n<li><strong>Chol.<\/strong> Ji\u00f1i junmojty yumulob tyi\u2019 pejty\u2019elel pa\u00f1imil (Naciones Unidas) mi\u2019 Tsi\u2019jcty\u2019esa\u00f1 junp\u2019ejl \u00f1uc bu ty\u2019a\u00f1 cha\u2019a\u00f1 mi\u2019 ty\u2019ajob i wej\u00f1lel ji\u00f1i indigenajob.<br \/>\n<em>&gt;\u00a0<a href=\"https:\/\/www.gob.mx\/cms\/uploads\/attachment\/file\/246320\/cdi-declaracion-onu-pueblos-indigenas-chol.pdf\" target=\"_blank\">Descargar documento<\/a><\/em><\/li>\n<li><strong>Mazateco.<\/strong> \u00c9n\u00a0xi\u00a0kisik\u2019ejna\u00a0Naxinand\u00e1\u00a0xi\u00a0tjio\u00a0Jtin\u00a0t\u2019a\u00a0s\u2019e\u00a0kjoat\u00e9xoma\u00a0xi\u00a0 b\u2019asenjtai\u00a0chjota\u00a0yama.<br \/>\n<em>&gt;\u00a0<a href=\"https:\/\/www.gob.mx\/cms\/uploads\/attachment\/file\/246319\/cdi-declaracion-onu-pueblos-indigenas-mazateco.pdf\" target=\"_blank\">Descargar documento<\/a><\/em><\/li>\n<li><strong>Maya.<\/strong> A\u2019almajt\u2019aan ku ts\u2019\u00e1aik oj\u00e9eltbil Naciones Unidas yo\u2019olal u p\u00e1ajtalil m\u00e1asewal kaajo\u2019ob.<br \/>\n<em>&gt;\u00a0<a href=\"https:\/\/www.gob.mx\/cms\/uploads\/attachment\/file\/246318\/cdi-declaracion-onu-pueblos-indigenas-maya.pdf\" target=\"_blank\">Descargar documento<\/a><\/em><\/li>\n<li><strong>N\u00e1huatl del Istmo.<\/strong> Yej kiijtoj altepetalnechkol iga itatkinemilismej altepemela\u2019tajtolmej.<br \/>\n<em>&gt;\u00a0<a href=\"https:\/\/www.gob.mx\/cms\/uploads\/attachment\/file\/246317\/cdi-declaracion-onu-pueblos-indigenas-nahuatl-istmo.pdf\" target=\"_blank\">Descargar documento<\/a><\/em><\/li>\n<li><strong>Zapoteco de la planicie costera.<\/strong> Diidxanadx\u00f3\u2019 sti\u2019 Guendalisaa Guidxiro\u2019 ra can\u00ed\u2019 gun\u00e1\u2019 nga ca derechu sti\u2019 guidxihuala\u2019dxi\u2019.<br \/>\n<em>&gt;\u00a0<a href=\"https:\/\/www.gob.mx\/cms\/uploads\/attachment\/file\/246316\/cdi-declaracion-onu-pueblos-indigenas-zapoteco-planicie-costera.pdf\" target=\"_blank\">Descargar documento<\/a><\/em><\/li>\n<li><strong>Mazahua.<\/strong> Xiskuama k\u2019o mamu Texe yo J\u00f1i\u00f1i k\u2019o soo ra tsaa yo j\u00f1i\u00f1i k\u2019a \u00f1aji n\u2019a\u00f1o j\u00f1aa.<br \/>\n<a href=\"https:\/\/www.gob.mx\/cms\/uploads\/attachment\/file\/246315\/cdi-declaracion-onu-pueblos-indigenas-mazahua.pdf\" target=\"_blank\"><em>&gt; Descargar documento<\/em><\/a><\/li>\n<li><strong>N\u00e1huatl de la Huasteca Hidalguense.<\/strong> Declaraci\u00f3n de las Naciones Unidas sobre los Derechos de los Pueblos Ind\u00edgenas.<br \/>\n<em>&gt;\u00a0<a href=\"https:\/\/www.gob.mx\/cms\/uploads\/attachment\/file\/246314\/cdi-declaracion-onu-pueblos-indigenas-nahuatl-huasteca.pdf\" target=\"_blank\">Descargar documento<\/a><\/em><\/li>\n<li><strong>Totonaco.<\/strong> Tamakatsinin xla Naciones Unidas xpalakata lakgchanat xlak\u00e1n tachixkuwit matakuxtunan\u00edn.<br \/>\n<em>&gt;\u00a0<a href=\"https:\/\/www.gob.mx\/cms\/uploads\/attachment\/file\/246313\/cdi-declaracion-onu-pueblos-indigenas-totonaco-costa.pdf\" target=\"_blank\">Descargar documento<\/a><\/em><\/li>\n<li><strong>Tojolabal.<\/strong>Ja\u00a0Declaraci\u00f3n\u00a0b\u2019a\u00a0Naciones\u00a0Unidas\u00a0ja\u00a0b\u2019a\u00a0skisjel\u00a0ja\u00a0tojol\u00a0winik\u00a0ixuke\u2019i.<br \/>\n<em>&gt;\u00a0<a href=\"https:\/\/www.gob.mx\/cms\/uploads\/attachment\/file\/246312\/cdi-declaracion-onu-pueblos-indigenas-tojolabal.pdf\" target=\"_blank\">Descargar documento<\/a><\/em><\/li>\n<\/ul>\n<\/div>\n<p>OTRAS ENTRADAS:<\/p>\n<div id=\"post-48106\" class=\"entry loop-default border_bottom_30 post-48106 post type-post status-publish format-standard has-post-thumbnail hentry category-miercolesdeeconomia category-destacadas category-entradas category-lo-mas-reciente category-mexico-y-el-mundo category-politica-y-gobierno category-turismo-y-negocios tag-economia-indigenas tag-oit-mexico tag-oit-pueblos-indigenas tag-trabajo-pueblos-indigenas\">\n<h2 class=\"entry_title\"><a title=\"Enlace Permanente a ECONOM\u00cdA: El trabajo en los pueblos ind\u00edgenas\" href=\"http:\/\/www.eloriente.net\/home\/2017\/05\/01\/economia-trabajo-los-pueblos-indigenas\/\" rel=\"bookmark\">ECONOM\u00cdA: El trabajo en los pueblos ind\u00edgenas<\/a><\/h2>\n<p><a href=\"http:\/\/www.eloriente.net\/home\/2017\/05\/01\/economia-trabajo-los-pueblos-indigenas\/\" rel=\"bookmark\"><img decoding=\"async\" class=\"alignleft\" title=\"ECONOM\u00cdA: El trabajo en los pueblos ind\u00edgenas\" src=\"http:\/\/www.eloriente.net\/home\/wp-content\/themes\/city-desk\/timthumb.php?src=http%3A%2F%2Fwww.eloriente.net%2Fhome%2Fwp-content%2Fuploads%2F2017%2F05%2FOIT-TRABAJO-1may2017.jpg&amp;q=90&amp;w=160&amp;h=106&amp;zc=1\" alt=\"ECONOM\u00cdA: El trabajo en los pueblos ind\u00edgenas\" \/><\/a>eloriente.net\/OIT 1 de mayo de 2017* GINEBRA (OIT Noticias) \u2013 \u00bfSab\u00eda que las selvas de Brasil administradas por los pueblos ind\u00edgenas registran una deforestaci\u00f3n casi igual a cero, mientras que fuera de sus zonas protegidas la deforestaci\u00f3n es mucho m\u00e1s alta produciendo 27 veces m\u00e1s emisiones de di\u00f3xido de carbono? Este es s\u00f3lo uno entre [\u2026]<\/p>\n<p class=\"postmeta\"><span class=\"meta_date\">mayo 1, 2017<\/span><\/p>\n<\/div>\n<div id=\"post-47212\" class=\"entry loop-default border_bottom_30 post-47212 post type-post status-publish format-standard has-post-thumbnail hentry category-comunicacion category-educacion-y-cultura category-entradas category-estados category-letras-educacion-y-cultura category-oaxaca-estados category-raul-cruz-maldonado category-videoblogs tag-dia-internacional-de-la-lengua-materna tag-lenguas-indigenas tag-raul-maldonado-mendoza tag-videocolumna\">\n<h2 class=\"entry_title\"><a title=\"Enlace Permanente a VIDEOCOLUMNA: Tercer Encuentro de Oradores y Declamadores en Lenguas Ind\u00edgenas. Por Ra\u00fal Maldonado\" href=\"http:\/\/www.eloriente.net\/home\/2017\/02\/22\/videocolumna-tercer-encuentro-oradores-declamadores-lenguas-indigenas-raul-maldonado\/\" rel=\"bookmark\">VIDEOCOLUMNA: Tercer Encuentro de Oradores y Declamadores en Lenguas Ind\u00edgenas. Por Ra\u00fal Maldonado<\/a><\/h2>\n<p><a href=\"http:\/\/www.eloriente.net\/home\/2017\/02\/22\/videocolumna-tercer-encuentro-oradores-declamadores-lenguas-indigenas-raul-maldonado\/\" rel=\"bookmark\"><img decoding=\"async\" class=\"alignleft\" title=\"VIDEOCOLUMNA: Tercer Encuentro de Oradores y Declamadores en Lenguas Ind\u00edgenas. Por Ra\u00fal Maldonado\" src=\"http:\/\/www.eloriente.net\/home\/wp-content\/themes\/city-desk\/timthumb.php?src=http%3A%2F%2Fwww.eloriente.net%2Fhome%2Fwp-content%2Fuploads%2F2017%2F02%2FYTALI-33.jpg&amp;q=90&amp;w=160&amp;h=106&amp;zc=1\" alt=\"VIDEOCOLUMNA: Tercer Encuentro de Oradores y Declamadores en Lenguas Ind\u00edgenas. Por Ra\u00fal Maldonado\" \/><\/a>\u00a0 eloriente.net 22 de febrero de 2017 Conmemorando el D\u00eda Internacional de la Lengua Materna, Ra\u00fal Maldonado Mendoza nos platica c\u00f3mo se desarrollo el tercer Encuentro de Oradores y Declamadores en Lenguas Ind\u00edgenas. Ra\u00fal Maldonado Mendoza es\u00a0Licenciado en Derecho por la UABJO,\u00a0Campe\u00f3n Nacional de Oratoria\u00a0representando al Estado de Oaxaca en el Concurso\u00a0\u201cUn Siglo de Sindicalismo [\u2026]<\/p>\n<p class=\"postmeta\"><span class=\"meta_date\">febrero 22, 2017<\/span><\/p>\n<\/div>\n<\/div>\n\n\t\t\t  <div \n\t\t\t  \tclass = \"fb-comments\" \n\t\t\t  \tdata-href = \"http:\/\/www.eloriente.net\/home\/2017\/08\/09\/pueblos-indigenas-descarga-aqui-declaracion-lengua\/\"\n\t\t\t  \tdata-numposts = \"10\"\n\t\t\t\tdata-colorscheme = \"dark\"\n\t\t\t\tdata-order-by = \"social\"\n\t\t\t\tdata-mobile=true>\n\t\t\t  <\/div>\n\t\t  <style>\n\t\t\t.fb_iframe_widget_fluid_desktop iframe {\n\t\t\t    width: 100% !important;\n\t\t\t}\n\t\t  <\/style>\n\t\t  ","protected":false},"excerpt":{"rendered":"<p>eloriente.net\/CDI 9 de agosto de 2017 A 10 a\u00f1os de su aprobaci\u00f3n, la Declaraci\u00f3n constituye el acuerdo m\u00e1s importante que reconoce los derechos individuales y colectivos de los pueblos ind\u00edgenas del mundo. Descarga la versi\u00f3n electr\u00f3nica en diferentes lenguas ind\u00edgenas de M\u00e9xico. La Declaraci\u00f3n de las Naciones Unidas sobre los Derechos de los Pueblos Ind\u00edgenas [&hellip;]<\/p>\n","protected":false},"author":1,"featured_media":49498,"comment_status":"open","ping_status":"open","sticky":false,"template":"","format":"standard","meta":{"_jetpack_memberships_contains_paid_content":false,"footnotes":""},"categories":[22,49,32,35,10,24,23],"tags":[8145,217,3809,8146],"class_list":["post-49497","post","type-post","status-publish","format-standard","has-post-thumbnail","hentry","category-derechos-humanos","category-destacadas","category-entradas","category-secciones-oriente","category-lo-mas-reciente","category-mexico-y-el-mundo","category-municipios","tag-declaracion-pueblos-indigenas","tag-derechos-humanos-2","tag-derechos-indigenas","tag-dia-internacional-de-los-pueblos-indigenas"],"jetpack_featured_media_url":"http:\/\/www.eloriente.net\/home\/wp-content\/uploads\/2017\/08\/CDI-dia-pueblos-indi\u0301genas-9ago2017.jpg","jetpack_sharing_enabled":true,"_links":{"self":[{"href":"http:\/\/www.eloriente.net\/home\/wp-json\/wp\/v2\/posts\/49497"}],"collection":[{"href":"http:\/\/www.eloriente.net\/home\/wp-json\/wp\/v2\/posts"}],"about":[{"href":"http:\/\/www.eloriente.net\/home\/wp-json\/wp\/v2\/types\/post"}],"author":[{"embeddable":true,"href":"http:\/\/www.eloriente.net\/home\/wp-json\/wp\/v2\/users\/1"}],"replies":[{"embeddable":true,"href":"http:\/\/www.eloriente.net\/home\/wp-json\/wp\/v2\/comments?post=49497"}],"version-history":[{"count":2,"href":"http:\/\/www.eloriente.net\/home\/wp-json\/wp\/v2\/posts\/49497\/revisions"}],"predecessor-version":[{"id":49500,"href":"http:\/\/www.eloriente.net\/home\/wp-json\/wp\/v2\/posts\/49497\/revisions\/49500"}],"wp:featuredmedia":[{"embeddable":true,"href":"http:\/\/www.eloriente.net\/home\/wp-json\/wp\/v2\/media\/49498"}],"wp:attachment":[{"href":"http:\/\/www.eloriente.net\/home\/wp-json\/wp\/v2\/media?parent=49497"}],"wp:term":[{"taxonomy":"category","embeddable":true,"href":"http:\/\/www.eloriente.net\/home\/wp-json\/wp\/v2\/categories?post=49497"},{"taxonomy":"post_tag","embeddable":true,"href":"http:\/\/www.eloriente.net\/home\/wp-json\/wp\/v2\/tags?post=49497"}],"curies":[{"name":"wp","href":"https:\/\/api.w.org\/{rel}","templated":true}]}}