{"id":49564,"date":"2017-08-10T15:27:00","date_gmt":"2017-08-10T21:27:00","guid":{"rendered":"http:\/\/www.eloriente.net\/home\/?p=49564"},"modified":"2017-08-10T17:33:47","modified_gmt":"2017-08-10T23:33:47","slug":"la-atemporal-guitarra-gonzalo-salazar-fernando-galindo","status":"publish","type":"post","link":"http:\/\/www.eloriente.net\/home\/2017\/08\/10\/la-atemporal-guitarra-gonzalo-salazar-fernando-galindo\/","title":{"rendered":"La atemporal guitarra de Gonzalo Salazar. Por Fernando Galindo"},"content":{"rendered":"<p><script src=\"\/\/pagead2.googlesyndication.com\/pagead\/js\/adsbygoogle.js\" async=\"\"><\/script><!-- BANNER ELORIENTE INCRUSTADO NOTAS --> <ins class=\"adsbygoogle\" style=\"display: inline-block; width: 300px; height: 250px;\" data-ad-client=\"ca-pub-1136171134853753\" data-ad-slot=\"7974633627\"><\/ins><script>\/\/ <![CDATA[\n(adsbygoogle = window.adsbygoogle || []).push({});\n\/\/ ]]><\/script><\/p>\n<p>&nbsp;<\/p>\n<p>eloriente.net<\/p>\n<p>eloriente.net<\/p>\n<p>10 de agosto\u00a0de 2017<\/p>\n<p>Por\u00a0<a href=\"http:\/\/galovaldez.blogspot.mx\/2017\/01\/trump-vuelta-al-medievo.html\" target=\"_blank\">Fernando Galindo<\/a><\/p>\n<p><span style=\"font-weight: 400;\">1<\/span><\/p>\n<p><span style=\"font-weight: 400;\">\u00abEse que acaba de salir es el mejor guitarrista de M\u00e9xico\u00bb, me dijo hace varios a\u00f1os Guillermo Samperio. Lo hab\u00eda visto llegar al taller literario de los jueves, que el maestro impart\u00eda. En cierta ocasi\u00f3n, ordenando los discos que Samperio me encontr\u00e9 con el de Gonzalo. En la portada aparec\u00eda tocando su guitarra en un fondo negro; arriba de su imagen, el t\u00edtulo con letras doradas: \u00abCertamen Internacional de Guitarra Francisco T\u00e1rrega: Gonzalo Salazar\u00bb. Lo puse en mi discman gris y escuch\u00e9 \u00abSequenza XI\u00bb de Luciano Berio. Fue una revelaci\u00f3n interpretativa. Ten\u00eda la naturalidad de un r\u00edo que pule rocas luminosas con su fuerza. Con raz\u00f3n hab\u00eda ganado ese concurso, me dije. Algo parecido a ganarse el Premio Cervantes de la m\u00fasica. <\/span><\/p>\n<p><span style=\"font-weight: 400;\">2<\/span><\/p>\n<p><span style=\"font-weight: 400;\">A\u00f1os m\u00e1s tarde, desintegrado el taller de los jueves en casa de Samperio, el poeta Rodolfo Nar\u00f3 nos abri\u00f3 las puertas de su hogar para tallerear algunos textos. Entre los asistentes estaba Gonzalo Salazar, quien escrib\u00eda una novela experimental, muy honesta, brutalmente po\u00e9tica, medio oscura, de personajes entra\u00f1ables. Hab\u00eda m\u00fasica detr\u00e1s de las palabras. Como un torrente vivo en un mundo enfermo.<\/span><\/p>\n<p><span style=\"font-weight: 400;\">En esas noches de taller y vino fuimos descubriendo a un artista polifac\u00e9tico, que lo mismo exploraba el territorio de la escritura, que produc\u00eda documentales y los musicalizaba (como el premiado <\/span><i><span style=\"font-weight: 400;\">Sangre solar<\/span><\/i><span style=\"font-weight: 400;\">, de Karla Ahid\u00e9 L\u00f3pez Salgado) descubrimos a un profesional de la cultura, a un gestor, a un artista libre, discreto, y sobre todo a un gran amigo.<\/span><\/p>\n<p><span class=\"embed-youtube\" style=\"text-align:center; display: block;\"><iframe loading=\"lazy\" class=\"youtube-player\" width=\"640\" height=\"360\" src=\"https:\/\/www.youtube.com\/embed\/uvGWeyyIYQQ?version=3&#038;rel=1&#038;showsearch=0&#038;showinfo=1&#038;iv_load_policy=1&#038;fs=1&#038;hl=es-ES&#038;autohide=2&#038;wmode=transparent\" allowfullscreen=\"true\" style=\"border:0;\" sandbox=\"allow-scripts allow-same-origin allow-popups allow-presentation allow-popups-to-escape-sandbox\"><\/iframe><\/span><\/p>\n<p><span style=\"font-weight: 400;\">3<\/span><\/p>\n<p><span style=\"font-weight: 400;\">El pasado 23 de julio le rindieron un homenaje por su trayectoria en el XX Concurso y Festival Internacional de Guitarra de Taxco. La propia comunidad guitarr\u00edstica, as\u00ed como los j\u00f3venes concursantes, por unanimidad hab\u00edan seleccionado a Gonzalo Salazar. Le habl\u00e9 a Rodolfo Nar\u00f3 y me dijo: \u00a1Galito, vamos a Taxco!<\/span><\/p>\n<p><script src=\"\/\/pagead2.googlesyndication.com\/pagead\/js\/adsbygoogle.js\" async=\"\"><\/script><!-- BANNER PEQUE\u00d1O PARA ENTRENOTAS EL ORIENTE --> <ins class=\"adsbygoogle\" style=\"display: inline-block; width: 468px; height: 60px;\" data-ad-client=\"ca-pub-1136171134853753\" data-ad-slot=\"4953536424\"><\/ins><script>\/\/ <![CDATA[\n(adsbygoogle = window.adsbygoogle || []).push({});\n\/\/ ]]><\/script><\/p>\n<p><span style=\"font-weight: 400;\">Durante la ceremonia de premiaci\u00f3n, Rodolfo se volte\u00f3 y me dijo en broma: \u00abY nosotros que lo ningune\u00e1bamos\u00bb. Sonre\u00ed. No es que as\u00ed fuera. Sucede que siempre hemos visto a Gonzalo m\u00e1s como un amigo, al que se le respeta y se le admira en silencio y complicidad, que como al virtuoso inalcanzable; aqu\u00e9l que un d\u00eda toca en Berl\u00edn y otro en Cuba o en Celaya; que un d\u00eda acompa\u00f1a en un escenario en Bellas Artes a Julio Estrada, a Juan Trigos o a Leo Brouwer.<\/span><\/p>\n<p><span style=\"font-weight: 400;\">Recuerdo que minutos antes de la presentaci\u00f3n de <\/span><i><span style=\"font-weight: 400;\">Casi nunca<\/span><\/i><span style=\"font-weight: 400;\"> de Daniel Sada, nos encontr\u00e1bamos en la cafeter\u00eda de la Rosario Castellanos, Federico Campbell, H\u00e9ctor Orestes, Sada, Eduardo Clav\u00e9, Nar\u00f3 y yo, convers\u00e1bamos sobre el Premio Herralde de Novela. Entonces lleg\u00f3 Gonzalo y Rodolfo lo present\u00f3 a la concurrencia. De inmediato, Orestes se levant\u00f3 visiblemente exaltado y le extendi\u00f3 la mano: \u201c\u00bfGonzalo Salazar? Yo te escuch\u00e9 tocar en Praga. Fue un gran concierto\u201d. Rodolfo y yo nos quedamos patidifusos, lo que significa con los ojos de plato. \u201cMira t\u00fa\u201d, dijo Nar\u00f3. \u201cRecuerda que m\u00fasico mata poeta\u201d, nos gui\u00f1\u00f3 el ojo, Gonzalo.<\/span><\/p>\n<p><span class=\"embed-youtube\" style=\"text-align:center; display: block;\"><iframe loading=\"lazy\" class=\"youtube-player\" width=\"640\" height=\"360\" src=\"https:\/\/www.youtube.com\/embed\/bVqJ9z5r-c8?version=3&#038;rel=1&#038;showsearch=0&#038;showinfo=1&#038;iv_load_policy=1&#038;fs=1&#038;hl=es-ES&#038;autohide=2&#038;wmode=transparent\" allowfullscreen=\"true\" style=\"border:0;\" sandbox=\"allow-scripts allow-same-origin allow-popups allow-presentation allow-popups-to-escape-sandbox\"><\/iframe><\/span><\/p>\n<p><span style=\"font-weight: 400;\">4<\/span><\/p>\n<p><span style=\"font-weight: 400;\">Lo que m\u00e1s admiro del trabajo de Gonzalo Salazar es esa honesta perfecci\u00f3n que no busca complacencias. Su arte es transgresor, de un lirismo m\u00edstico, a veces l\u00f3brego y melanc\u00f3lico. Esa transgresi\u00f3n puede ser dolorosa, apocal\u00edptica, pero al mismo tiempo vital, luminosa y profunda. El arte es una provocaci\u00f3n. Cioran escribi\u00f3 que \u201cla expresi\u00f3n da vida sobre el cad\u00e1ver de su creador. Nada de lo que has dicho sigue siendo tuyo. Y tampoco t\u00fa te perteneces ya\u201d. As\u00ed ocurre con la m\u00fasica de Gonzalo. Se alza magn\u00edfica como esos techos abovedados de las catedrales g\u00f3ticas, atemporal, siniestra, un continente sonoro sin due\u00f1o. Samperio no se hab\u00eda equivocado, era el mejor.<\/span><\/p>\n<p><a href=\"http:\/\/www.eloriente.net\/home\/wp-content\/uploads\/2017\/08\/Gonzalo-Salazar.jpg\" rel=\"attachment wp-att-49565\"><img loading=\"lazy\" decoding=\"async\" class=\"alignnone wp-image-49565\" src=\"http:\/\/www.eloriente.net\/home\/wp-content\/uploads\/2017\/08\/Gonzalo-Salazar-1024x680.jpg\" alt=\"Gonzalo-Salazar\" width=\"562\" height=\"373\" srcset=\"http:\/\/www.eloriente.net\/home\/wp-content\/uploads\/2017\/08\/Gonzalo-Salazar-1024x680.jpg 1024w, http:\/\/www.eloriente.net\/home\/wp-content\/uploads\/2017\/08\/Gonzalo-Salazar-300x199.jpg 300w, http:\/\/www.eloriente.net\/home\/wp-content\/uploads\/2017\/08\/Gonzalo-Salazar-768x510.jpg 768w\" sizes=\"(max-width: 562px) 100vw, 562px\" \/><\/a><\/p>\n<p><strong>OTRAS ENTRADAS<\/strong><\/p>\n<div class=\"featuredpost\">\n<div class=\"flow_hide\">\n<h2 class=\"posttitle bigposttitle\"><a title=\"Enlace Permanente a \u00a1No puedes dejar de ir en Oaxaca!; del 10 al 16 de agosto\" href=\"http:\/\/www.eloriente.net\/home\/2017\/08\/10\/no-puedes-dejar-ir-oaxaca-del-10-al-16-agosto\/\" rel=\"bookmark\">\u00a1No puedes dejar de ir en Oaxaca!; del 10 al 16 de agosto<\/a><\/h2>\n<\/div>\n<p>(www.eloriente.net, M\u00e9xico, a 10 de agosto de 2017. Por: Jessica Lamadrid).-\u00a0Hay una gran variedad de actividades culturales que se estar\u00e1n llevando a cabo durante la semana. Para despertar\u2026<\/p>\n<p class=\"postmeta\"><span class=\"meta_date\">agosto 10, 2017<\/span><\/p>\n<div class=\"toolbar-social\"><\/div>\n<\/div>\n<div class=\"featuredpost\">\n<div class=\"flow_hide\">\n<p><a href=\"http:\/\/www.eloriente.net\/home\/2017\/08\/09\/oaxaca-municipio-implementa-estrategias-prevenir-embarazos-temprana-edad\/\" rel=\"bookmark\"><img decoding=\"async\" class=\"alignleft\" title=\"OAXACA: Municipio implementa estrategias para prevenir embarazos a temprana edad\" src=\"http:\/\/www.eloriente.net\/home\/wp-content\/themes\/city-desk\/timthumb.php?src=http%3A%2F%2Fwww.eloriente.net%2Fhome%2Fwp-content%2Fuploads%2F2017%2F08%2FPROGRAMA-EMBARAZO-JOVEN-3.jpg&amp;q=90&amp;w=70&amp;h=45&amp;zc=1\" alt=\"OAXACA: Municipio implementa estrategias para prevenir embarazos a temprana edad\" \/><\/a><\/p>\n<h2 class=\"posttitle \"><a title=\"Enlace Permanente a OAXACA: Municipio implementa estrategias para prevenir embarazos a temprana edad\" href=\"http:\/\/www.eloriente.net\/home\/2017\/08\/09\/oaxaca-municipio-implementa-estrategias-prevenir-embarazos-temprana-edad\/\" rel=\"bookmark\">OAXACA: Municipio implementa estrategias para prevenir embarazos a temprana edad<\/a><\/h2>\n<\/div>\n<p>eloriente.net 9 de agosto de 2017 El Municipio de Oaxaca de Ju\u00e1rez a trav\u00e9s de la Direcci\u00f3n de Salud P\u00fablica, particip\u00f3 este jueves en la campa\u00f1a nacional\u2026<\/p>\n<p class=\"postmeta\"><span class=\"meta_date\">agosto 9, 2017<\/span><\/p>\n<div class=\"toolbar-social\"><\/div>\n<\/div>\n<div class=\"featuredpost\">\n<div class=\"flow_hide\">\n<p><a href=\"http:\/\/www.eloriente.net\/home\/2017\/08\/09\/videocolumnas-gracias-oaxaca-karina-baron\/\" rel=\"bookmark\"><img decoding=\"async\" class=\"alignleft\" title=\"VIDEOCOLUMNAS: Gracias Oaxaca. Por Karina Bar\u00f3n\" src=\"http:\/\/www.eloriente.net\/home\/wp-content\/themes\/city-desk\/timthumb.php?src=http%3A%2F%2Fwww.eloriente.net%2Fhome%2Fwp-content%2Fuploads%2F2017%2F08%2FKARIN-BARO%CC%81N-8-DE-AGOSTO-2017.jpg&amp;q=90&amp;w=70&amp;h=45&amp;zc=1\" alt=\"VIDEOCOLUMNAS: Gracias Oaxaca. Por Karina Bar\u00f3n\" \/><\/a><\/p>\n<h2 class=\"posttitle \"><a title=\"Enlace Permanente a VIDEOCOLUMNAS: Gracias Oaxaca. Por Karina Bar\u00f3n\" href=\"http:\/\/www.eloriente.net\/home\/2017\/08\/09\/videocolumnas-gracias-oaxaca-karina-baron\/\" rel=\"bookmark\">VIDEOCOLUMNAS: Gracias Oaxaca. Por Karina Bar\u00f3n<\/a><\/h2>\n<\/div>\n<p>eloriente.net 9 de agosto de 2017 \u201cVamos adelante, Seguimos adelante. \u00c9stas fueron, junto con \u201cgracias Oaxaca\u201d, las palabras finales de mi mensaje, durante la presentaci\u00f3n de nuestro\u2026<\/p>\n<p class=\"postmeta\"><span class=\"meta_date\">agosto 9, 2017<\/span><\/p>\n<\/div>\n\n\t\t\t  <div \n\t\t\t  \tclass = \"fb-comments\" \n\t\t\t  \tdata-href = \"http:\/\/www.eloriente.net\/home\/2017\/08\/10\/la-atemporal-guitarra-gonzalo-salazar-fernando-galindo\/\"\n\t\t\t  \tdata-numposts = \"10\"\n\t\t\t\tdata-colorscheme = \"dark\"\n\t\t\t\tdata-order-by = \"social\"\n\t\t\t\tdata-mobile=true>\n\t\t\t  <\/div>\n\t\t  <style>\n\t\t\t.fb_iframe_widget_fluid_desktop iframe {\n\t\t\t    width: 100% !important;\n\t\t\t}\n\t\t  <\/style>\n\t\t  ","protected":false},"excerpt":{"rendered":"<p>&nbsp; eloriente.net eloriente.net 10 de agosto\u00a0de 2017 Por\u00a0Fernando Galindo 1 \u00abEse que acaba de salir es el mejor guitarrista de M\u00e9xico\u00bb, me dijo hace varios a\u00f1os Guillermo Samperio. Lo hab\u00eda visto llegar al taller literario de los jueves, que el maestro impart\u00eda. En cierta ocasi\u00f3n, ordenando los discos que Samperio me encontr\u00e9 con el de [&hellip;]<\/p>\n","protected":false},"author":44,"featured_media":49565,"comment_status":"open","ping_status":"open","sticky":false,"template":"","format":"standard","meta":{"_jetpack_memberships_contains_paid_content":false,"footnotes":""},"categories":[624,18,32,13,3243,10],"tags":[7189,8159,8158,4493,2101,149,197],"class_list":["post-49564","post","type-post","status-publish","format-standard","has-post-thumbnail","hentry","category-articulistas","category-educacion-y-cultura","category-entradas","category-especiales","category-fernando-galindo","category-lo-mas-reciente","tag-fernando-galindo","tag-festival-internacional-de-guitarra-de-taxco","tag-gonzalo-salazar","tag-guitarra","tag-letras","tag-musica","tag-opinion"],"jetpack_featured_media_url":"http:\/\/www.eloriente.net\/home\/wp-content\/uploads\/2017\/08\/Gonzalo-Salazar.jpg","jetpack_sharing_enabled":true,"_links":{"self":[{"href":"http:\/\/www.eloriente.net\/home\/wp-json\/wp\/v2\/posts\/49564"}],"collection":[{"href":"http:\/\/www.eloriente.net\/home\/wp-json\/wp\/v2\/posts"}],"about":[{"href":"http:\/\/www.eloriente.net\/home\/wp-json\/wp\/v2\/types\/post"}],"author":[{"embeddable":true,"href":"http:\/\/www.eloriente.net\/home\/wp-json\/wp\/v2\/users\/44"}],"replies":[{"embeddable":true,"href":"http:\/\/www.eloriente.net\/home\/wp-json\/wp\/v2\/comments?post=49564"}],"version-history":[{"count":2,"href":"http:\/\/www.eloriente.net\/home\/wp-json\/wp\/v2\/posts\/49564\/revisions"}],"predecessor-version":[{"id":49571,"href":"http:\/\/www.eloriente.net\/home\/wp-json\/wp\/v2\/posts\/49564\/revisions\/49571"}],"wp:featuredmedia":[{"embeddable":true,"href":"http:\/\/www.eloriente.net\/home\/wp-json\/wp\/v2\/media\/49565"}],"wp:attachment":[{"href":"http:\/\/www.eloriente.net\/home\/wp-json\/wp\/v2\/media?parent=49564"}],"wp:term":[{"taxonomy":"category","embeddable":true,"href":"http:\/\/www.eloriente.net\/home\/wp-json\/wp\/v2\/categories?post=49564"},{"taxonomy":"post_tag","embeddable":true,"href":"http:\/\/www.eloriente.net\/home\/wp-json\/wp\/v2\/tags?post=49564"}],"curies":[{"name":"wp","href":"https:\/\/api.w.org\/{rel}","templated":true}]}}