{"id":49752,"date":"2017-08-17T19:18:55","date_gmt":"2017-08-18T01:18:55","guid":{"rendered":"http:\/\/www.eloriente.net\/home\/?p=49752"},"modified":"2017-08-18T13:12:16","modified_gmt":"2017-08-18T19:12:16","slug":"videocolumna-atentos-los-delitos-electorales-karina-baron","status":"publish","type":"post","link":"http:\/\/www.eloriente.net\/home\/2017\/08\/17\/videocolumna-atentos-los-delitos-electorales-karina-baron\/","title":{"rendered":"VIDEOCOLUMNA: Atentos con los delitos electorales. Por Karina Bar\u00f3n"},"content":{"rendered":"<p><script src=\"\/\/pagead2.googlesyndication.com\/pagead\/js\/adsbygoogle.js\" async=\"\"><\/script><!-- BANNER ELORIENTE INCRUSTADO NOTAS --> <ins class=\"adsbygoogle\" style=\"display: inline-block; width: 300px; height: 250px;\" data-ad-client=\"ca-pub-1136171134853753\" data-ad-slot=\"7974633627\"><\/ins><script>\/\/ <![CDATA[\n(adsbygoogle = window.adsbygoogle || []).push({});\n\/\/ ]]><\/script><\/p>\n<p>&nbsp;<\/p>\n<p>eloriente.net<\/p>\n<p>17 de agosto de 2017<\/p>\n<p>\u00abSi te piden tu credencial para votar o alguna persona o alg\u00fan funcionario p\u00fablico, te presiona para asistir a eventos de alg\u00fan partido, entonces est\u00e1s presenciando un delito electoral, y esas personas deben ser castigadas por las autoridades.\u00bb<\/p>\n<p>Esta semana Karina Bar\u00f3n\u200b nos alerta sobre los delitos electores, que a pesar de faltar tiempo para que inicien los procesos de 2018, muchos ya est\u00e1n incurriendo en estas pr\u00e1cticas.<\/p>\n<p><iframe loading=\"lazy\" style=\"border: none; overflow: hidden;\" src=\"https:\/\/www.facebook.com\/plugins\/video.php?href=https%3A%2F%2Fwww.facebook.com%2F443535572345554%2Fvideos%2F1655801031118996%2F&amp;show_text=0&amp;width=560\" width=\"560\" height=\"315\" frameborder=\"0\" scrolling=\"no\" allowfullscreen=\"allowfullscreen\"><\/iframe><\/p>\n<p><script src=\"\/\/pagead2.googlesyndication.com\/pagead\/js\/adsbygoogle.js\" async=\"\"><\/script><!-- BANNER PEQUE\u00d1O PARA ENTRENOTAS EL ORIENTE --> <ins class=\"adsbygoogle\" style=\"display: inline-block; width: 468px; height: 60px;\" data-ad-client=\"ca-pub-1136171134853753\" data-ad-slot=\"4953536424\"><\/ins><script>\/\/ <![CDATA[\n(adsbygoogle = window.adsbygoogle || []).push({});\n\/\/ ]]><\/script><\/p>\n<p>Karina Bar\u00f3n es Licenciada en Derecho por la Universidad Aut\u00f3noma Benito Ju\u00e1rez de Oaxaca, fue dirigente nacional de la Uni\u00f3n General Obrero, Campesina y Popular A.C. (UGOCP), integrante de la Coordinaci\u00f3n Estatal de Nueva Izquierda en Oaxaca.<\/p>\n<p>Actualmente es integrante de la Comisi\u00f3n de Agricultura y Sistemas de Riego, Secretaria de las comisiones de Desarrollo Social y Asuntos Frontera Sur-Sureste, y Presidenta de la Comisi\u00f3n de seguimiento al Programa Especial Concurrente Anexo 11.1\u00a0en la C\u00e1mara de Diputados.<\/p>\n<p><a href=\"http:\/\/www.eloriente.net\/home\/wp-content\/uploads\/2017\/08\/KARINA-BARO\u0301N-17-DE-AGOSTO-2017.jpg\" rel=\"attachment wp-att-49753\"><img loading=\"lazy\" decoding=\"async\" class=\"alignnone wp-image-49753\" src=\"http:\/\/www.eloriente.net\/home\/wp-content\/uploads\/2017\/08\/KARINA-BARO\u0301N-17-DE-AGOSTO-2017-1024x576.jpg\" alt=\"KARINA BARO\u0301N 17 DE AGOSTO 2017\" width=\"600\" height=\"338\" srcset=\"http:\/\/www.eloriente.net\/home\/wp-content\/uploads\/2017\/08\/KARINA-BARO\u0301N-17-DE-AGOSTO-2017-1024x576.jpg 1024w, http:\/\/www.eloriente.net\/home\/wp-content\/uploads\/2017\/08\/KARINA-BARO\u0301N-17-DE-AGOSTO-2017-300x169.jpg 300w, http:\/\/www.eloriente.net\/home\/wp-content\/uploads\/2017\/08\/KARINA-BARO\u0301N-17-DE-AGOSTO-2017-768x432.jpg 768w, http:\/\/www.eloriente.net\/home\/wp-content\/uploads\/2017\/08\/KARINA-BARO\u0301N-17-DE-AGOSTO-2017.jpg 1920w\" sizes=\"(max-width: 600px) 100vw, 600px\" \/><\/a><\/p>\n<p><strong>OTRAS VIDEOCOLUMNAS<\/strong><\/p>\n<div id=\"post-49720\" class=\"entry loop-default border_bottom_30 post-49720 post type-post status-publish format-standard has-post-thumbnail hentry category-entradas category-gerardo-castellanos category-historia category-lo-mas-reciente category-videoblogs tag-construir tag-el-oriente tag-gerardo-castellanos tag-identidad tag-nacion tag-oaxaca tag-reflexion tag-videocolumna\">\n<h2 class=\"entry_title\"><a title=\"Enlace Permanente a VIDEOCOLUMNA: \u00bfC\u00f3mo debemos construir una naci\u00f3n? Por Gerardo Castellanos\" href=\"http:\/\/www.eloriente.net\/home\/2017\/08\/16\/videocolumna-debemos-construir-una-nacion-gerardo-castellanos\/\" rel=\"bookmark\">VIDEOCOLUMNA: \u00bfC\u00f3mo debemos construir una naci\u00f3n? Por Gerardo Castellanos<\/a><\/h2>\n<p><a href=\"http:\/\/www.eloriente.net\/home\/2017\/08\/16\/videocolumna-debemos-construir-una-nacion-gerardo-castellanos\/\" rel=\"bookmark\"><img decoding=\"async\" class=\"alignleft\" title=\"VIDEOCOLUMNA: \u00bfC\u00f3mo debemos construir una naci\u00f3n? Por Gerardo Castellanos\" src=\"http:\/\/www.eloriente.net\/home\/wp-content\/themes\/city-desk\/timthumb.php?src=http%3A%2F%2Fwww.eloriente.net%2Fhome%2Fwp-content%2Fuploads%2F2017%2F08%2FGERARDO-CASTELLANOS-15-DE-AGOSTO-2017.jpg&amp;q=90&amp;w=160&amp;h=106&amp;zc=1\" alt=\"VIDEOCOLUMNA: \u00bfC\u00f3mo debemos construir una naci\u00f3n? Por Gerardo Castellanos\" \/><\/a>\u00a0 eloriente.net 16 de agosto de 2017 \u201cPara construir una naci\u00f3n debemos dar individualmente lo mejor de nosotros mismos a la persona que tenemos enfrente\u2026\u201d Esta semana\u00a0Gerardo Felipe Castellanos\u00a0hace una reflexi\u00f3n sobre lo que se necesita para construir una naci\u00f3n, y la importancia de la misma. Gerardo Castellanos es ensayista y estudioso de la historia [\u2026]<\/p>\n<p class=\"postmeta\"><span class=\"meta_date\">agosto 16, 2017<\/span><\/p>\n<\/div>\n<div id=\"post-49715\" class=\"entry loop-default border_bottom_30 post-49715 post type-post status-publish format-standard has-post-thumbnail hentry category-miercolesdeeconomia category-educacion-y-cultura category-entradas category-estados category-juan-antonio-gomez category-oaxaca-estados category-turismo-y-negocios category-videoblogs tag-el-oriente tag-enfoques tag-generaciones tag-juan-antonio-gomez tag-turismo tag-videocolumna\">\n<h2 class=\"entry_title\"><a title=\"Enlace Permanente a VIDEOCOLUMNA: EL turismo en un entorno digital. Por Juan Antonio G\u00f3mez\" href=\"http:\/\/www.eloriente.net\/home\/2017\/08\/16\/videocolumna-turismo-entorno-digital-juan-antonio-gomez\/\" rel=\"bookmark\">VIDEOCOLUMNA: EL turismo en un entorno digital. Por Juan Antonio G\u00f3mez<\/a><\/h2>\n<p><a href=\"http:\/\/www.eloriente.net\/home\/2017\/08\/16\/videocolumna-turismo-entorno-digital-juan-antonio-gomez\/\" rel=\"bookmark\"><img decoding=\"async\" class=\"alignleft\" title=\"VIDEOCOLUMNA: EL turismo en un entorno digital. Por Juan Antonio G\u00f3mez\" src=\"http:\/\/www.eloriente.net\/home\/wp-content\/themes\/city-desk\/timthumb.php?src=http%3A%2F%2Fwww.eloriente.net%2Fhome%2Fwp-content%2Fuploads%2F2017%2F08%2FCaptura-de-pantalla-2017-08-16-a-las-17.58.05-e1502924442591.png&amp;q=90&amp;w=160&amp;h=106&amp;zc=1\" alt=\"VIDEOCOLUMNA: EL turismo en un entorno digital. Por Juan Antonio G\u00f3mez\" \/><\/a>\u00a0 eloriente.net 16 de agosto de 2017 \u201cEl encuentro de tres generaciones en menos de cincuenta a\u00f1os han modificado los enfoques de aprendizaje, colaboraci\u00f3n y para este caso la comercializaci\u00f3n a trav\u00e9s de los recursos tur\u00edsticos disponibles en los \u00faltimos a\u00f1os.\u201d Esta semana\u00a0Juan Antonio G\u00f3mez C\u00e1rdenas\u00a0nos explica c\u00f3mo el turismo y sus enfoques se modifican [\u2026]<\/p>\n<p class=\"postmeta\"><span class=\"meta_date\">agosto 16, 2017<\/span><\/p>\n<\/div>\n<div id=\"post-49692\" class=\"entry loop-default border_bottom_30 post-49692 post type-post status-publish format-standard has-post-thumbnail hentry category-derechos-humanos category-entradas category-secciones-oriente category-lo-mas-reciente category-politica-y-gobierno category-principal category-rodolfo-moreno category-videoblogs tag-delitos tag-derechos-humanos-2 tag-el-oriente tag-encuesta-nacional-de-poblacion-privada-de-la-libertad tag-enpol tag-libertad tag-mexico tag-presos tag-rodolfo-moreno tag-videocolumna\">\n<h2 class=\"entry_title\"><a title=\"Enlace Permanente a VIDEOCOLUMNA: El perfil de las personas privadas de su libertad en M\u00e9xico. Por Rodolfo Moreno\" href=\"http:\/\/www.eloriente.net\/home\/2017\/08\/15\/videocolumna-perfil-las-personas-privadas-libertad-mexico-rodolfo-moreno\/\" rel=\"bookmark\">VIDEOCOLUMNA: El perfil de las personas privadas de su libertad en M\u00e9xico. Por Rodolfo Moreno<\/a><\/h2>\n<p><a href=\"http:\/\/www.eloriente.net\/home\/2017\/08\/15\/videocolumna-perfil-las-personas-privadas-libertad-mexico-rodolfo-moreno\/\" rel=\"bookmark\"><img decoding=\"async\" class=\"alignleft\" title=\"VIDEOCOLUMNA: El perfil de las personas privadas de su libertad en M\u00e9xico. Por Rodolfo Moreno\" src=\"http:\/\/www.eloriente.net\/home\/wp-content\/themes\/city-desk\/timthumb.php?src=http%3A%2F%2Fwww.eloriente.net%2Fhome%2Fwp-content%2Fuploads%2F2017%2F08%2FRODOLFO-MORENO-14-DE-AGOSTO-2017-1-e1502837530958.jpg&amp;q=90&amp;w=160&amp;h=106&amp;zc=1\" alt=\"VIDEOCOLUMNA: El perfil de las personas privadas de su libertad en M\u00e9xico. Por Rodolfo Moreno\" \/><\/a>\u00a0 eloriente.net 15 de agosto de 2017 Esta semana el doctor Rodolfo Moreno nos habla sobre datos arrojados por la Encuesta Nacional de poblaci\u00f3n privada de la libertad (ENPOL) y hace un comparativo entre el perfil de las personas que est\u00e1n en las c\u00e1rceles en M\u00e9xico, y el de las personas que cometen los delitos [\u2026]<\/p>\n<p class=\"postmeta\"><span class=\"meta_date\">agosto 15, 2017<\/span><\/p>\n<\/div>\n\n\t\t\t  <div \n\t\t\t  \tclass = \"fb-comments\" \n\t\t\t  \tdata-href = \"http:\/\/www.eloriente.net\/home\/2017\/08\/17\/videocolumna-atentos-los-delitos-electorales-karina-baron\/\"\n\t\t\t  \tdata-numposts = \"10\"\n\t\t\t\tdata-colorscheme = \"dark\"\n\t\t\t\tdata-order-by = \"social\"\n\t\t\t\tdata-mobile=true>\n\t\t\t  <\/div>\n\t\t  <style>\n\t\t\t.fb_iframe_widget_fluid_desktop iframe {\n\t\t\t    width: 100% !important;\n\t\t\t}\n\t\t  <\/style>\n\t\t  ","protected":false},"excerpt":{"rendered":"<p>&nbsp; eloriente.net 17 de agosto de 2017 \u00abSi te piden tu credencial para votar o alguna persona o alg\u00fan funcionario p\u00fablico, te presiona para asistir a eventos de alg\u00fan partido, entonces est\u00e1s presenciando un delito electoral, y esas personas deben ser castigadas por las autoridades.\u00bb Esta semana Karina Bar\u00f3n\u200b nos alerta sobre los delitos electores, [&hellip;]<\/p>\n","protected":false},"author":44,"featured_media":49753,"comment_status":"open","ping_status":"open","sticky":false,"template":"","format":"standard","meta":{"_jetpack_memberships_contains_paid_content":false,"footnotes":""},"categories":[2434,71,32,6324,10,21,98],"tags":[8204,1330,5928,8208],"class_list":["post-49752","post","type-post","status-publish","format-standard","has-post-thumbnail","hentry","category-lunesdepolitica","category-elecciones","category-entradas","category-karina-baron","category-lo-mas-reciente","category-politica-y-gobierno","category-videoblogs","tag-delitos-electorales","tag-elecciones-oaxaca","tag-fepade","tag-proceso-electoral-2017-2018"],"jetpack_featured_media_url":"http:\/\/www.eloriente.net\/home\/wp-content\/uploads\/2017\/08\/KARINA-BARO\u0301N-17-DE-AGOSTO-2017.jpg","jetpack_sharing_enabled":true,"_links":{"self":[{"href":"http:\/\/www.eloriente.net\/home\/wp-json\/wp\/v2\/posts\/49752"}],"collection":[{"href":"http:\/\/www.eloriente.net\/home\/wp-json\/wp\/v2\/posts"}],"about":[{"href":"http:\/\/www.eloriente.net\/home\/wp-json\/wp\/v2\/types\/post"}],"author":[{"embeddable":true,"href":"http:\/\/www.eloriente.net\/home\/wp-json\/wp\/v2\/users\/44"}],"replies":[{"embeddable":true,"href":"http:\/\/www.eloriente.net\/home\/wp-json\/wp\/v2\/comments?post=49752"}],"version-history":[{"count":2,"href":"http:\/\/www.eloriente.net\/home\/wp-json\/wp\/v2\/posts\/49752\/revisions"}],"predecessor-version":[{"id":49757,"href":"http:\/\/www.eloriente.net\/home\/wp-json\/wp\/v2\/posts\/49752\/revisions\/49757"}],"wp:featuredmedia":[{"embeddable":true,"href":"http:\/\/www.eloriente.net\/home\/wp-json\/wp\/v2\/media\/49753"}],"wp:attachment":[{"href":"http:\/\/www.eloriente.net\/home\/wp-json\/wp\/v2\/media?parent=49752"}],"wp:term":[{"taxonomy":"category","embeddable":true,"href":"http:\/\/www.eloriente.net\/home\/wp-json\/wp\/v2\/categories?post=49752"},{"taxonomy":"post_tag","embeddable":true,"href":"http:\/\/www.eloriente.net\/home\/wp-json\/wp\/v2\/tags?post=49752"}],"curies":[{"name":"wp","href":"https:\/\/api.w.org\/{rel}","templated":true}]}}