{"id":49839,"date":"2017-08-22T16:26:17","date_gmt":"2017-08-22T22:26:17","guid":{"rendered":"http:\/\/www.eloriente.net\/home\/?p=49839"},"modified":"2017-08-22T16:26:17","modified_gmt":"2017-08-22T22:26:17","slug":"la-editorial-del-martes-2","status":"publish","type":"post","link":"http:\/\/www.eloriente.net\/home\/2017\/08\/22\/la-editorial-del-martes-2\/","title":{"rendered":"La EDITORIAL del Martes"},"content":{"rendered":"<p><script src=\"\/\/pagead2.googlesyndication.com\/pagead\/js\/adsbygoogle.js\" async=\"\"><\/script><!-- BANNER ELORIENTE INCRUSTADO NOTAS --> <ins class=\"adsbygoogle\" style=\"display: inline-block; width: 300px; height: 250px;\" data-ad-client=\"ca-pub-1136171134853753\" data-ad-slot=\"7974633627\"><\/ins><script>\/\/ <![CDATA[\n(adsbygoogle = window.adsbygoogle || []).push({});\n\/\/ ]]><\/script><br \/>\neloriente.net<\/p>\n<p><em><strong>Editorial<\/strong><\/em><\/p>\n<p>22 de agosto de 2017<\/p>\n<p><strong>Karina Bar\u00f3n en Morena<\/strong><\/p>\n<p>Finalmente, ayer se efectu\u00f3 el primer acto legislativo oficial en el que la diputada federal Karina Bar\u00f3n, formar\u00eda parte del grupo parlamentario de <a href=\"http:\/\/www.eloriente.net\/home\/?x=0&amp;y=0&amp;s=morena\" target=\"_blank\">Morena en San L\u00e1zaro<\/a>.<\/p>\n<p>Junto con ella, 5 diputados perredistas m\u00e1s estar\u00edan cerrando ya en cuesti\u00f3n de horas el papeleo para su inclusi\u00f3n en este grupo, que cuenta ahora con 45 legisladores en total.<\/p>\n<p>M\u00e1s all\u00e1 de las consideraciones pol\u00edticas del caso \u2014incluyendo la definici\u00f3n cada vez m\u00e1s clara de hacia d\u00f3nde la izquierda habr\u00e1 de agruparse en 2018\u2014, hay que considerar el c\u00e1lculo electoral que esta integraci\u00f3n significa, pues es sabido que la diputada Bar\u00f3n cuenta con un importante trabajo de car\u00e1cter social, a ras de tierra, en un amplio espacio del territorio estatal, principalmente en tres regiones\u00a0cruciales, donde pr\u00e1cticamente se definen los comicios: Oaxaca, <a href=\"http:\/\/www.eloriente.net\/home\/2014\/04\/18\/tuxtepec-oaxaca-septimo-municipio-mas-feliz-del-pais-imagina-mexico-a-c\/\" target=\"_blank\">Tuxtepec<\/a> y la regi\u00f3n de la Costa.<\/p>\n<p>Las dos primeras, con las ciudades que integran los padrones m\u00e1s numerosos.<\/p>\n<p>Por eso, la incorporaci\u00f3n de Karina Bar\u00f3n estar\u00eda siendo la garant\u00eda final para Andr\u00e9s Manuel L\u00f3pez Obrador y su partido, de obtener por amplios m\u00e1rgenes la victoria en las elecciones del 2018, tanto para la Presidencia de la Rep\u00fablica como para el Senado.<\/p>\n<p>&nbsp;<\/p>\n<blockquote class=\"twitter-tweet\" data-lang=\"es\">\n<p dir=\"ltr\" lang=\"es\">Damos la bienvenida a <a href=\"https:\/\/twitter.com\/DiputadosMorena\">@DiputadosMorena<\/a> a <a href=\"https:\/\/twitter.com\/KarinaBaronO\">@KarinaBaronO<\/a>, <a href=\"https:\/\/twitter.com\/Valencia_Guzman\">@Valencia_Guzman<\/a>, <a href=\"https:\/\/twitter.com\/urincho_alberto\">@urincho_alberto<\/a>, Leticia Carrera, Carlos Hern\u00e1ndez, H\u00e9ctor Garc\u00eda <a href=\"https:\/\/t.co\/r8BwDJ62bT\">pic.twitter.com\/r8BwDJ62bT<\/a><\/p>\n<p>\u2014 Tus Diputados Morena (@DiputadosMorena) <a href=\"https:\/\/twitter.com\/DiputadosMorena\/status\/899729590263971840\">21 de agosto de 2017<\/a><\/p><\/blockquote>\n<p><script src=\"\/\/platform.twitter.com\/widgets.js\" async=\"\" charset=\"utf-8\"><\/script><\/p>\n<p><script src=\"\/\/pagead2.googlesyndication.com\/pagead\/js\/adsbygoogle.js\" async=\"\"><\/script><br \/>\n<!-- BANNER PEQUE\u00d1O PARA ENTRENOTAS EL ORIENTE --><br \/>\n<ins class=\"adsbygoogle\" style=\"display: inline-block; width: 468px; height: 60px;\" data-ad-client=\"ca-pub-1136171134853753\" data-ad-slot=\"4953536424\"><\/ins><br \/>\n<script>\/\/ <![CDATA[\n(adsbygoogle = window.adsbygoogle || []).push({});\n\/\/ ]]><\/script><\/p>\n<p>&nbsp;<\/p>\n<p>Cabe recordar que para el proyecto de <a href=\"http:\/\/www.eloriente.net\/home\/?x=0&amp;y=0&amp;s=lopez+obrador\" target=\"_blank\">L\u00f3pez Obrador<\/a>, Oaxaca resulta un basti\u00f3n relevante, pero por lo mismo, representa una entidad que deber\u00eda resolverse con r\u00e1pido, para pasar a competir en otros estados donde la contienda ser\u00e1 muy cerrada, incluyendo entidades\u00a0del norte del pa\u00eds, donde Morena no tiene todav\u00eda los niveles requeridos para asegurar un triunfo nacional.<\/p>\n<p>En este c\u00e1lculo de resoluci\u00f3n r\u00e1pida, pareciera recargarse la integraci\u00f3n de Karina Bar\u00f3n desde temprana hora.<\/p>\n<p><strong>El PED, un documento a difundir<\/strong><\/p>\n<p>Esta ma\u00f1ana fue presentado en Palacio de Gobierno el Plan Estatal de Desarrollo 2016-2022.<\/p>\n<p>Los n\u00fameros en cuanto a propuestas presentadas y ciudadanos escuchados son cuantiosos, seg\u00fan los datos dados a conocer por el Gobierno del Estado, v\u00eda COPLADE. M\u00e1s de 5,310 personas habr\u00edan opinado para su integraci\u00f3n.<\/p>\n<p>&nbsp;<\/p>\n<blockquote class=\"twitter-tweet\" data-lang=\"es\">\n<p dir=\"ltr\" lang=\"es\">En compa\u00f1\u00eda del Gdor. <a href=\"https:\/\/twitter.com\/alejandromurat\">@alejandromurat<\/a> presentamos el Plan Estatal de Desarrollo 2016-2022 a las y los oaxaque\u00f1os. <a href=\"https:\/\/twitter.com\/hashtag\/ElPlanEsOaxaca?src=hash\">#ElPlanEsOaxaca<\/a> <a href=\"https:\/\/t.co\/TX83DrfuL0\">pic.twitter.com\/TX83DrfuL0<\/a><\/p>\n<p>\u2014 Angel Meixueiro (@Angel_meixueiro) <a href=\"https:\/\/twitter.com\/Angel_meixueiro\/status\/900014411737427968\">22 de agosto de 2017<\/a><\/p><\/blockquote>\n<p><script src=\"\/\/platform.twitter.com\/widgets.js\" async=\"\" charset=\"utf-8\"><\/script><br \/>\n El titular de dicha dependencia en compa\u00f1\u00eda del Gobernador (sic) \u2014o es posible que sea al rev\u00e9s\u2014, explic\u00f3 citando a Colosio la visi\u00f3n social del Plan, para luego, Alejandro Murat, explicar a detalle sus contenidos y alcances.<\/p>\n<p>Murat no repar\u00f3 en detalles y se agradece.<\/p>\n<p>A partir de esta fecha, pudiendo discutir si tarde o no, nadie puede darse por ignorante del documento que, adem\u00e1s, de forma oficial y legal, conducir\u00e1 los esfuerzos estatales.<\/p>\n<p>El Plan se divide en 5 Ejes:<\/p>\n<p><a href=\"http:\/\/www.eloriente.net\/home\/wp-content\/uploads\/2017\/08\/Captura-de-pantalla-2017-08-22-a-las-16.48.32.png\" rel=\"attachment wp-att-49840\"><img loading=\"lazy\" decoding=\"async\" class=\"alignnone wp-image-49840\" src=\"http:\/\/www.eloriente.net\/home\/wp-content\/uploads\/2017\/08\/Captura-de-pantalla-2017-08-22-a-las-16.48.32.png\" alt=\"Indice Plan Estatal de Desarrollo 2016\" width=\"500\" height=\"534\" srcset=\"http:\/\/www.eloriente.net\/home\/wp-content\/uploads\/2017\/08\/Captura-de-pantalla-2017-08-22-a-las-16.48.32.png 611w, http:\/\/www.eloriente.net\/home\/wp-content\/uploads\/2017\/08\/Captura-de-pantalla-2017-08-22-a-las-16.48.32-281x300.png 281w\" sizes=\"(max-width: 500px) 100vw, 500px\" \/><\/a><\/p>\n<p>Y adem\u00e1s cuenta con un cap\u00edtulo completo relacionado con su evaluaci\u00f3n \u00a0y seguimiento. De hecho, el mensaje central de la comunicaci\u00f3n oficial posterior, fue precisamente que los servidores p\u00fablicos del gobierno debieran estar muy atentos a cumplir con el Plan pues ser\u00edan evaluados estrictamente conforme a \u00e9ste.<\/p>\n<p>Esta evaluaci\u00f3n \u2014ser\u00eda conveniente\u2014 tambi\u00e9n podr\u00eda llevar un seguimiento electr\u00f3nico, haciendo uso de las nuevas tecnolog\u00edas y cumpliendo con el principio de m\u00e1xima publicidad.<\/p>\n<p>Personaje omnipresente en la ceremonia: Luis Donaldo Colosio, citado tanto por Murat como por \u00c1ngel Meixueiro, titular de COPLADE, con lo cual se enfatiza la l\u00ednea ideol\u00f3gica hacia donde transita la generaci\u00f3n de pol\u00edticos oaxaque\u00f1os que ocupa hoy el gobierno del estado.<\/p>\n<p><script src=\"\/\/pagead2.googlesyndication.com\/pagead\/js\/adsbygoogle.js\" async=\"\"><\/script><br \/>\n<!-- BANNER PEQUE\u00d1O PARA ENTRENOTAS EL ORIENTE --><br \/>\n<ins class=\"adsbygoogle\" style=\"display: inline-block; width: 468px; height: 60px;\" data-ad-client=\"ca-pub-1136171134853753\" data-ad-slot=\"4953536424\"><\/ins><br \/>\n<script>\/\/ <![CDATA[\n(adsbygoogle = window.adsbygoogle || []).push({});\n\/\/ ]]><\/script><br \/>\n&nbsp;<\/p>\n<p>&nbsp;<\/p>\n<p>&nbsp;<\/p>\n<p><strong>La basura y la ausencia de soluciones<\/strong><\/p>\n<p>El des\u00e1nimo social en relaci\u00f3n con el tema del manejo de la basura en la ciudad de Oaxaca y su zona metropolitana, no proviene tanto de la incapacidad de desactivar a los actores pol\u00edticos y a algunos delincuentes que intervienen en la zona del actual tiradero.<\/p>\n<p>El des\u00e1nimo proviene de que no existan en el panorama liderazgos que presenten soluciones modernas, eficientes y de gran visi\u00f3n, para problem\u00e1ticas de prioridad absoluta como \u00e9sta para cualquier sociedad del mundo.<\/p>\n<p>\u00bfCu\u00e1l es la soluci\u00f3n de largo plazo y gran visi\u00f3n para el manejo de la basura?<\/p>\n<p>Pero tambi\u00e9n, \u00bfcu\u00e1l es para el transporte? \u00bfCu\u00e1l es para la seguridad? \u00bfCu\u00e1l es para la contaminaci\u00f3n ambiental? Y un largo etc\u00e9tera.<\/p>\n<p>No es casual, que nos estemos haciendo estos cuestionamientos \u00a0justo el d\u00eda en que se presenta el Plan Estatal de Desarrollo. Si all\u00ed est\u00e1n las soluciones, ser\u00eda extraordinario. Habr\u00e1 que cerciorarse. Pero sobre todo, habr\u00e1 que socializarlas y difundirlas con claridad y liderazgo. Si no est\u00e1n, entonces la situaci\u00f3n es a\u00fan m\u00e1s grave, pues caminamos a ciegas.<\/p>\n<p>Hay que recordar que para recobrar el \u00e1nimo, no solo hay que proveer de soluciones posibles, sino de soluciones esperanzadoras.<\/p>\n<p><em><strong>direccioneditorial@eloriente.net<\/strong><\/em><\/p>\n<p>(A partir de este martes, estaremos compartiendo en nuestras redes sociales los comentarios que recibamos en nuestro correo electr\u00f3nico y otros medios de contacto. Incluyendo <a href=\"https:\/\/twitter.com\/El_Oriente\" target=\"_blank\">twitter <\/a>y <a href=\"https:\/\/www.facebook.com\/El-Oriente-443535572345554\/\" target=\"_blank\">facebook<\/a>).<\/p>\n<p><a href=\"http:\/\/www.eloriente.net\/home\/wp-content\/uploads\/2015\/11\/Calendario.jpg\" rel=\"attachment wp-att-41013\"><img loading=\"lazy\" decoding=\"async\" class=\"alignnone  wp-image-41013\" src=\"http:\/\/www.eloriente.net\/home\/wp-content\/uploads\/2015\/11\/Calendario-1024x683.jpg\" alt=\"Calendario\" width=\"500\" height=\"334\" srcset=\"http:\/\/www.eloriente.net\/home\/wp-content\/uploads\/2015\/11\/Calendario.jpg 1024w, http:\/\/www.eloriente.net\/home\/wp-content\/uploads\/2015\/11\/Calendario-300x200.jpg 300w, http:\/\/www.eloriente.net\/home\/wp-content\/uploads\/2015\/11\/Calendario-900x600.jpg 900w\" sizes=\"(max-width: 500px) 100vw, 500px\" \/><\/a><\/p>\n<p><strong>OTRAS ENTRADAS:<\/strong><\/p>\n<div id=\"post-49623\" class=\"entry loop-default border_bottom_30 post-49623 post type-post status-publish format-standard has-post-thumbnail hentry category-destacadas category-editorial category-entradas category-estados tag-benjamin-robles-montoya tag-educacion-oaxaca tag-evaluacion-docente tag-gabino-cue tag-ieepo tag-libros-mujeres tag-maestros-oaxaca tag-soledad-jarquin\">\n<h2 class=\"entry_title\"><a title=\"Enlace Permanente a La EDITORIAL del Martes\" href=\"http:\/\/www.eloriente.net\/home\/2017\/08\/15\/la-editorial-del-martes\/\" rel=\"bookmark\">La EDITORIAL del Martes<\/a><\/h2>\n<p><a href=\"http:\/\/www.eloriente.net\/home\/2017\/08\/15\/la-editorial-del-martes\/\" rel=\"bookmark\"><img decoding=\"async\" class=\"alignleft\" title=\"La EDITORIAL del Martes\" src=\"http:\/\/www.eloriente.net\/home\/wp-content\/themes\/city-desk\/timthumb.php?src=http%3A%2F%2Fwww.eloriente.net%2Fhome%2Fwp-content%2Fuploads%2F2015%2F11%2FCalendario.jpg&amp;q=90&amp;w=160&amp;h=106&amp;zc=1\" alt=\"La EDITORIAL del Martes\" \/><\/a>eloriente.net Editorial 15 de agosto de 2017 In\u00e9dita asignaci\u00f3n de plazas en el IEEPO Se diga lo que se diga, es un hecho in\u00e9dito que en Oaxaca \u2014un basti\u00f3n hist\u00f3rico de la \u2018resistencia\u2019 a los cambios en materia educativa\u2013 se haya efectuado una ceremonia p\u00fablica para la asignaci\u00f3n de plazas del concurso de ingreso al [\u2026]<\/p>\n<div class=\"toolbar-social\">\n<div class=\"social-widget\">\n<div id=\"sharing-widget\"><a class=\"button icon-share\">Compartir<\/a><\/div>\n<\/div>\n<\/div>\n<p class=\"postmeta\"><span class=\"meta_date\">agosto 15, 2017<\/span><\/p>\n<\/div>\n<div id=\"post-48383\" class=\"entry loop-default border_bottom_30 post-48383 post type-post status-publish format-standard has-post-thumbnail hentry category-capital category-editorial category-entradas category-estados category-politica-y-gobierno tag-alejandro-murat-educacion tag-compromisos-educacion-oaxaca tag-uabjo-murat tag-uabjo-oaxaca\">\n<h2 class=\"entry_title\"><a title=\"Enlace Permanente a EDITORIAL: Murat en la UABJO\" href=\"http:\/\/www.eloriente.net\/home\/2017\/05\/20\/editorial-murat-la-uabjo\/\" rel=\"bookmark\">EDITORIAL: Murat en la UABJO<\/a><\/h2>\n<p><a href=\"http:\/\/www.eloriente.net\/home\/2017\/05\/20\/editorial-murat-la-uabjo\/\" rel=\"bookmark\"><img decoding=\"async\" class=\"alignleft\" title=\"EDITORIAL: Murat en la UABJO\" src=\"http:\/\/www.eloriente.net\/home\/wp-content\/themes\/city-desk\/timthumb.php?src=http%3A%2F%2Fwww.eloriente.net%2Fhome%2Fwp-content%2Fuploads%2F2017%2F05%2F10-compromisos-educacion.png&amp;q=90&amp;w=160&amp;h=106&amp;zc=1\" alt=\"EDITORIAL: Murat en la UABJO\" \/><\/a>eloriente.net 20 de mayo de 2017 Editorial Pocos d\u00edas despu\u00e9s de haber triunfado en las elecciones de 2016, Alejandro Murat Hinojosa se encontr\u00f3 con el Rector de la Universidad Aut\u00f3noma Benito Ju\u00e1rez de Oaxaca, Eduardo Bautista. En aquel momento, ambos se comprometieron a trazar l\u00edneas de coincidencia para implementar proyectos estrat\u00e9gicos. Lo que es m\u00e1s, [\u2026]<\/p>\n<div class=\"toolbar-social\">\n<div class=\"social-widget\">\n<div id=\"sharing-widget\"><a class=\"button icon-share\">Compartir<\/a><\/div>\n<\/div>\n<\/div>\n<p class=\"postmeta\"><span class=\"meta_date\">mayo 20, 2017<\/span><\/p>\n<\/div>\n\n\t\t\t  <div \n\t\t\t  \tclass = \"fb-comments\" \n\t\t\t  \tdata-href = \"http:\/\/www.eloriente.net\/home\/2017\/08\/22\/la-editorial-del-martes-2\/\"\n\t\t\t  \tdata-numposts = \"10\"\n\t\t\t\tdata-colorscheme = \"dark\"\n\t\t\t\tdata-order-by = \"social\"\n\t\t\t\tdata-mobile=true>\n\t\t\t  <\/div>\n\t\t  <style>\n\t\t\t.fb_iframe_widget_fluid_desktop iframe {\n\t\t\t    width: 100% !important;\n\t\t\t}\n\t\t  <\/style>\n\t\t  ","protected":false},"excerpt":{"rendered":"<p>eloriente.net Editorial 22 de agosto de 2017 Karina Bar\u00f3n en Morena Finalmente, ayer se efectu\u00f3 el primer acto legislativo oficial en el que la diputada federal Karina Bar\u00f3n, formar\u00eda parte del grupo parlamentario de Morena en San L\u00e1zaro. Junto con ella, 5 diputados perredistas m\u00e1s estar\u00edan cerrando ya en cuesti\u00f3n de horas el papeleo para [&hellip;]<\/p>\n","protected":false},"author":1,"featured_media":41013,"comment_status":"open","ping_status":"open","sticky":false,"template":"","format":"standard","meta":{"_jetpack_memberships_contains_paid_content":false,"footnotes":""},"categories":[29,9,32,63,23,21],"tags":[5873,8232,8233,3702,4245],"class_list":["post-49839","post","type-post","status-publish","format-standard","has-post-thumbnail","hentry","category-capital","category-editorial","category-entradas","category-estados","category-municipios","category-politica-y-gobierno","tag-alejandro-murat-hinojosa","tag-angel-meixueiro","tag-coplade","tag-gobierno-oaxaca","tag-plan-estatal-de-desarrollo-oaxaca"],"jetpack_featured_media_url":"http:\/\/www.eloriente.net\/home\/wp-content\/uploads\/2015\/11\/Calendario.jpg","jetpack_sharing_enabled":true,"_links":{"self":[{"href":"http:\/\/www.eloriente.net\/home\/wp-json\/wp\/v2\/posts\/49839"}],"collection":[{"href":"http:\/\/www.eloriente.net\/home\/wp-json\/wp\/v2\/posts"}],"about":[{"href":"http:\/\/www.eloriente.net\/home\/wp-json\/wp\/v2\/types\/post"}],"author":[{"embeddable":true,"href":"http:\/\/www.eloriente.net\/home\/wp-json\/wp\/v2\/users\/1"}],"replies":[{"embeddable":true,"href":"http:\/\/www.eloriente.net\/home\/wp-json\/wp\/v2\/comments?post=49839"}],"version-history":[{"count":2,"href":"http:\/\/www.eloriente.net\/home\/wp-json\/wp\/v2\/posts\/49839\/revisions"}],"predecessor-version":[{"id":49842,"href":"http:\/\/www.eloriente.net\/home\/wp-json\/wp\/v2\/posts\/49839\/revisions\/49842"}],"wp:featuredmedia":[{"embeddable":true,"href":"http:\/\/www.eloriente.net\/home\/wp-json\/wp\/v2\/media\/41013"}],"wp:attachment":[{"href":"http:\/\/www.eloriente.net\/home\/wp-json\/wp\/v2\/media?parent=49839"}],"wp:term":[{"taxonomy":"category","embeddable":true,"href":"http:\/\/www.eloriente.net\/home\/wp-json\/wp\/v2\/categories?post=49839"},{"taxonomy":"post_tag","embeddable":true,"href":"http:\/\/www.eloriente.net\/home\/wp-json\/wp\/v2\/tags?post=49839"}],"curies":[{"name":"wp","href":"https:\/\/api.w.org\/{rel}","templated":true}]}}