{"id":50181,"date":"2017-09-08T16:30:36","date_gmt":"2017-09-08T22:30:36","guid":{"rendered":"http:\/\/www.eloriente.net\/home\/?p=50181"},"modified":"2017-09-08T16:30:36","modified_gmt":"2017-09-08T22:30:36","slug":"oaxaca-suspenden-actividades-recintos-culturales-sismo","status":"publish","type":"post","link":"http:\/\/www.eloriente.net\/home\/2017\/09\/08\/oaxaca-suspenden-actividades-recintos-culturales-sismo\/","title":{"rendered":"OAXACA: Suspenden actividades teatros y recintos culturales por terremoto"},"content":{"rendered":"<p><script src=\"\/\/pagead2.googlesyndication.com\/pagead\/js\/adsbygoogle.js\" async=\"\"><\/script><!-- BANNER ELORIENTE INCRUSTADO NOTAS --> <ins class=\"adsbygoogle\" style=\"display: inline-block; width: 300px; height: 250px;\" data-ad-client=\"ca-pub-1136171134853753\" data-ad-slot=\"7974633627\"><\/ins><script>\/\/ <![CDATA[\n(adsbygoogle = window.adsbygoogle || []).push({});\n\/\/ ]]><\/script><br \/>\n<strong>Terremoto en Oaxaca<\/strong><\/p>\n<p>(www.eloriente.net, M\u00e9xico, a 8 de septiembre de 2017, por: Sergio M\u00e9ndez).- Luego del sismo de la noche del jueves, los espacios culturales de la ciudad de Oaxaca y otros municipios ser\u00e1n sometidos a una exhaustiva revisi\u00f3n por parte de las autoridades de protecci\u00f3n civil, por lo que sus actividades \u00abse suspenden temporalmente\u00bb, inform\u00f3 esta tarde la Secretar\u00eda de las Culturas y las Artes del gobierno del estado.<\/p>\n<p>Por un lado, el Teatro Macedonio Alcal\u00e1, que es el sitio emblem\u00e1tico de la cultura y el arte de Oaxaca, presenta posibles desprendimientos de ornamentos en fachadas y fisuras en algunos muros, por lo que el organismo encargado de protecci\u00f3n civil solicit\u00f3 \u00abexpresamente\u00bb dicha suspensi\u00f3n, hasta \u00abtener el dictamen estructural y, en su caso, proceder a la reparaci\u00f3n\u00bb.<br \/>\n<script src=\"\/\/pagead2.googlesyndication.com\/pagead\/js\/adsbygoogle.js\" async=\"\"><\/script><br \/>\n <!-- BANNER PEQUE\u00d1O PARA ENTRENOTAS EL ORIENTE --><br \/>\n <ins class=\"adsbygoogle\" style=\"display: inline-block; width: 468px; height: 60px;\" data-ad-client=\"ca-pub-1136171134853753\" data-ad-slot=\"4953536424\"><\/ins><br \/>\n<script>\/\/ <![CDATA[\n(adsbygoogle = window.adsbygoogle || []).push({});\n\/\/ ]]><\/script><br \/>\nSobre Avenida Ju\u00e1rez se ubica el Teatro del mismo nombre, aludiendo al pr\u00f3cer, que presenta desprendimiento de plaf\u00f3n en el lobby y de l\u00e1minas de plaf\u00f3n y fisura en escaleras de la planta alta, cuesti\u00f3n que igualmente ha llevado a las autoridades culturales a decidir su cierre temporal.<\/p>\n<p>Igualmente, el edificio que provisionalmente alberga el Centro de Iniciaci\u00f3n Musical de Oaxaca registra agrietamientos y vidrios rotos.<\/p>\n<p><a href=\"http:\/\/www.eloriente.net\/home\/wp-content\/uploads\/2016\/01\/Interior-Macedonio-Alcala\u0301.jpg\" rel=\"attachment wp-att-41672\"><img loading=\"lazy\" decoding=\"async\" class=\"alignnone  wp-image-41672\" src=\"http:\/\/www.eloriente.net\/home\/wp-content\/uploads\/2016\/01\/Interior-Macedonio-Alcala\u0301-1024x686.jpg\" alt=\"Interior Macedonio Alcala\u0301\" width=\"458\" height=\"307\" srcset=\"http:\/\/www.eloriente.net\/home\/wp-content\/uploads\/2016\/01\/Interior-Macedonio-Alcala\u0301-1024x686.jpg 1024w, http:\/\/www.eloriente.net\/home\/wp-content\/uploads\/2016\/01\/Interior-Macedonio-Alcala\u0301-300x201.jpg 300w, http:\/\/www.eloriente.net\/home\/wp-content\/uploads\/2016\/01\/Interior-Macedonio-Alcala\u0301-900x602.jpg 900w, http:\/\/www.eloriente.net\/home\/wp-content\/uploads\/2016\/01\/Interior-Macedonio-Alcala\u0301.jpg 2048w\" sizes=\"(max-width: 458px) 100vw, 458px\" \/><\/a><\/p>\n<p><em>Imagen: Interior del Teatro Macedonio Alcal\u00e1<\/em><\/p>\n<p>En cuanto a otros espacios culturales, la dependencia inform\u00f3 que \u00abNo presentan a la vista da\u00f1os mayores la Biblioteca P\u00fablica Central, la Hemeroteca P\u00fablica N\u00e9stor S\u00e1nchez, la Coordinaci\u00f3n de Bibliotecas P\u00fablicas Municipales, el Museo de los Pintores Oaxaque\u00f1os, el Centro de Artes San Agust\u00edn, la Casa de la Cultura Oaxaque\u00f1a, el Museo Estatal de Arte Popular de Oaxaca, el Museo de Arte Contempor\u00e1neo y las oficinas centrales de la Seculta, pero a\u00fan se espera el dictamen de Protecci\u00f3n Civil para dar una versi\u00f3n final\u00bb.<\/p>\n<p>Hay que recordar que para este fin de semana se ten\u00edan programados diversos conciertos en sedes diversas de la ciudad, los cuales tuvieron que cambiar de fecha de realizaci\u00f3n, para quedar como sigue:<\/p>\n<p><a href=\"http:\/\/www.eloriente.net\/home\/wp-content\/uploads\/2017\/09\/IMG-20170908-WA0014-1.jpg\" rel=\"attachment wp-att-50184\"><img loading=\"lazy\" decoding=\"async\" class=\"alignnone size-large wp-image-50184\" src=\"http:\/\/www.eloriente.net\/home\/wp-content\/uploads\/2017\/09\/IMG-20170908-WA0014-1-662x1024.jpg\" alt=\"Cartel Sonidos de M\u00e9xico Seculta Sep-1017\" width=\"662\" height=\"1024\" srcset=\"http:\/\/www.eloriente.net\/home\/wp-content\/uploads\/2017\/09\/IMG-20170908-WA0014-1-662x1024.jpg 662w, http:\/\/www.eloriente.net\/home\/wp-content\/uploads\/2017\/09\/IMG-20170908-WA0014-1-194x300.jpg 194w, http:\/\/www.eloriente.net\/home\/wp-content\/uploads\/2017\/09\/IMG-20170908-WA0014-1-768x1187.jpg 768w, http:\/\/www.eloriente.net\/home\/wp-content\/uploads\/2017\/09\/IMG-20170908-WA0014-1.jpg 828w\" sizes=\"(max-width: 662px) 100vw, 662px\" \/><\/a><\/p>\n<p>&nbsp;<\/p>\n<p><a href=\"http:\/\/www.eloriente.net\/home\/wp-content\/uploads\/2017\/09\/IMG-20170908-WA0015.jpg\" rel=\"attachment wp-att-50185\"><img loading=\"lazy\" decoding=\"async\" class=\"alignnone size-large wp-image-50185\" src=\"http:\/\/www.eloriente.net\/home\/wp-content\/uploads\/2017\/09\/IMG-20170908-WA0015-662x1024.jpg\" alt=\"Antonio Cisneros Seculta sep-2017\" width=\"662\" height=\"1024\" srcset=\"http:\/\/www.eloriente.net\/home\/wp-content\/uploads\/2017\/09\/IMG-20170908-WA0015-662x1024.jpg 662w, http:\/\/www.eloriente.net\/home\/wp-content\/uploads\/2017\/09\/IMG-20170908-WA0015-194x300.jpg 194w, http:\/\/www.eloriente.net\/home\/wp-content\/uploads\/2017\/09\/IMG-20170908-WA0015-768x1187.jpg 768w, http:\/\/www.eloriente.net\/home\/wp-content\/uploads\/2017\/09\/IMG-20170908-WA0015.jpg 828w\" sizes=\"(max-width: 662px) 100vw, 662px\" \/><\/a><\/p>\n<p>&nbsp;<\/p>\n<p><a href=\"http:\/\/www.eloriente.net\/home\/wp-content\/uploads\/2017\/09\/IMG-20170908-WA0016.jpg\" rel=\"attachment wp-att-50186\"><img loading=\"lazy\" decoding=\"async\" class=\"alignnone size-large wp-image-50186\" src=\"http:\/\/www.eloriente.net\/home\/wp-content\/uploads\/2017\/09\/IMG-20170908-WA0016-662x1024.jpg\" alt=\"IMG-20170908-WA0016\" width=\"662\" height=\"1024\" srcset=\"http:\/\/www.eloriente.net\/home\/wp-content\/uploads\/2017\/09\/IMG-20170908-WA0016-662x1024.jpg 662w, http:\/\/www.eloriente.net\/home\/wp-content\/uploads\/2017\/09\/IMG-20170908-WA0016-194x300.jpg 194w, http:\/\/www.eloriente.net\/home\/wp-content\/uploads\/2017\/09\/IMG-20170908-WA0016-768x1187.jpg 768w, http:\/\/www.eloriente.net\/home\/wp-content\/uploads\/2017\/09\/IMG-20170908-WA0016.jpg 828w\" sizes=\"(max-width: 662px) 100vw, 662px\" \/><\/a><\/p>\n<p>Finalmente, el Concierto de Olivia Gorra en Oaxaca, tambi\u00e9n se reprogram\u00f3 para quedar de la siguiente manera:<\/p>\n<p><a href=\"http:\/\/www.eloriente.net\/home\/wp-content\/uploads\/2017\/09\/Olivia-Gorra-fundacio\u0301n-harp-septiembre-2017.jpg\" rel=\"attachment wp-att-50187\"><img loading=\"lazy\" decoding=\"async\" class=\"alignnone size-large wp-image-50187\" src=\"http:\/\/www.eloriente.net\/home\/wp-content\/uploads\/2017\/09\/Olivia-Gorra-fundacio\u0301n-harp-septiembre-2017-683x1024.jpg\" alt=\"Olivia Gorra fundacio\u0301n harp septiembre 2017\" width=\"683\" height=\"1024\" srcset=\"http:\/\/www.eloriente.net\/home\/wp-content\/uploads\/2017\/09\/Olivia-Gorra-fundacio\u0301n-harp-septiembre-2017-683x1024.jpg 683w, http:\/\/www.eloriente.net\/home\/wp-content\/uploads\/2017\/09\/Olivia-Gorra-fundacio\u0301n-harp-septiembre-2017-200x300.jpg 200w, http:\/\/www.eloriente.net\/home\/wp-content\/uploads\/2017\/09\/Olivia-Gorra-fundacio\u0301n-harp-septiembre-2017-768x1152.jpg 768w, http:\/\/www.eloriente.net\/home\/wp-content\/uploads\/2017\/09\/Olivia-Gorra-fundacio\u0301n-harp-septiembre-2017.jpg 800w\" sizes=\"(max-width: 683px) 100vw, 683px\" \/><\/a><\/p>\n<p><strong>OTRAS ENTRADAS:<\/strong><\/p>\n<div class=\"featuredpost\">\n<div class=\"flow_hide\">\n<h2 class=\"posttitle bigposttitle\"><a title=\"Enlace Permanente a SISMO: Terremoto en M\u00e9xico alerta Tsunami en costas\" href=\"http:\/\/www.eloriente.net\/home\/2017\/09\/08\/sismo-terremoto-mexico-alerta-tsunami-costas\/\" rel=\"bookmark\">SISMO: Terremoto en M\u00e9xico alerta Tsunami en costas<\/a><\/h2>\n<\/div>\n<p>Sismo\/eloriente.net 8 de septiembre de 2017 El grupo de trabajo del Servicio Sismol\u00f3gico Nacional confirm\u00f3 esta madrugada la magnitud del fort\u00edsimo sismo sentido a las 23:49:20 horas del\u2026<\/p>\n<p class=\"postmeta\"><span class=\"meta_date\">septiembre 8, 2017<\/span><\/p>\n<div class=\"toolbar-social\">\n<div class=\"social-widget\">\n<div id=\"sharing-widget\"><a class=\"button icon-share\">Compartir<\/a><\/div>\n<\/div>\n<\/div>\n<\/div>\n<div class=\"featuredpost\">\n<div class=\"flow_hide\"><a href=\"http:\/\/www.eloriente.net\/home\/2017\/09\/07\/no-puedes-dejar-ir-oaxaca-del-7-al-13-septiembre\/\" rel=\"bookmark\"><img decoding=\"async\" class=\"alignleft\" title=\"\u00a1No puedes dejar de ir en Oaxaca!; del 7 al 13 de septiembre\" src=\"http:\/\/www.eloriente.net\/home\/wp-content\/themes\/city-desk\/timthumb.php?src=http%3A%2F%2Fwww.eloriente.net%2Fhome%2Fwp-content%2Fuploads%2F2017%2F09%2F4531173828_ab6c644d5d_b.jpg&amp;q=90&amp;w=70&amp;h=45&amp;zc=1\" alt=\"\u00a1No puedes dejar de ir en Oaxaca!; del 7 al 13 de septiembre\" \/><\/a><\/p>\n<h2 class=\"posttitle \"><a title=\"Enlace Permanente a \u00a1No puedes dejar de ir en Oaxaca!; del 7 al 13 de septiembre\" href=\"http:\/\/www.eloriente.net\/home\/2017\/09\/07\/no-puedes-dejar-ir-oaxaca-del-7-al-13-septiembre\/\" rel=\"bookmark\">\u00a1No puedes dejar de ir en Oaxaca!; del 7 al 13 de septiembre<\/a><\/h2>\n<\/div>\n<p>(www.eloriente.net, M\u00e9xico. 7 de septiembre de 2017. Por: Jessica Lamadrid).- Como todas las semanas en EL ORIENTE.NET nos dimos a la tarea de seleccionar algunas de las actividades\u2026<\/p>\n<p class=\"postmeta\"><span class=\"meta_date\">septiembre 7, 2017<\/span><\/p>\n<\/div>\n\n\t\t\t  <div \n\t\t\t  \tclass = \"fb-comments\" \n\t\t\t  \tdata-href = \"http:\/\/www.eloriente.net\/home\/2017\/09\/08\/oaxaca-suspenden-actividades-recintos-culturales-sismo\/\"\n\t\t\t  \tdata-numposts = \"10\"\n\t\t\t\tdata-colorscheme = \"dark\"\n\t\t\t\tdata-order-by = \"social\"\n\t\t\t\tdata-mobile=true>\n\t\t\t  <\/div>\n\t\t  <style>\n\t\t\t.fb_iframe_widget_fluid_desktop iframe {\n\t\t\t    width: 100% !important;\n\t\t\t}\n\t\t  <\/style>\n\t\t  ","protected":false},"excerpt":{"rendered":"<p>Terremoto en Oaxaca (www.eloriente.net, M\u00e9xico, a 8 de septiembre de 2017, por: Sergio M\u00e9ndez).- Luego del sismo de la noche del jueves, los espacios culturales de la ciudad de Oaxaca y otros municipios ser\u00e1n sometidos a una exhaustiva revisi\u00f3n por parte de las autoridades de protecci\u00f3n civil, por lo que sus actividades \u00abse suspenden temporalmente\u00bb, [&hellip;]<\/p>\n","protected":false},"author":1,"featured_media":41672,"comment_status":"open","ping_status":"open","sticky":false,"template":"","format":"standard","meta":{"_jetpack_memberships_contains_paid_content":false,"footnotes":""},"categories":[8,29,32,63,10,23,464,31,12],"tags":[3933,3317,8328,1988,8330,8329],"class_list":["post-50181","post","type-post","status-publish","format-standard","has-post-thumbnail","hentry","category-agenda","category-capital","category-entradas","category-estados","category-lo-mas-reciente","category-municipios","category-oaxaca-estados","category-principal","category-todo-oaxaca-radio","tag-conciertos-oaxaca","tag-cultura-oaxaca","tag-olivia-gorra","tag-teatro-juarez","tag-teatro-macedonio-alcala","tag-tono-cisneros"],"jetpack_featured_media_url":"http:\/\/www.eloriente.net\/home\/wp-content\/uploads\/2016\/01\/Interior-Macedonio-Alcala\u0301.jpg","jetpack_sharing_enabled":true,"_links":{"self":[{"href":"http:\/\/www.eloriente.net\/home\/wp-json\/wp\/v2\/posts\/50181"}],"collection":[{"href":"http:\/\/www.eloriente.net\/home\/wp-json\/wp\/v2\/posts"}],"about":[{"href":"http:\/\/www.eloriente.net\/home\/wp-json\/wp\/v2\/types\/post"}],"author":[{"embeddable":true,"href":"http:\/\/www.eloriente.net\/home\/wp-json\/wp\/v2\/users\/1"}],"replies":[{"embeddable":true,"href":"http:\/\/www.eloriente.net\/home\/wp-json\/wp\/v2\/comments?post=50181"}],"version-history":[{"count":1,"href":"http:\/\/www.eloriente.net\/home\/wp-json\/wp\/v2\/posts\/50181\/revisions"}],"predecessor-version":[{"id":50188,"href":"http:\/\/www.eloriente.net\/home\/wp-json\/wp\/v2\/posts\/50181\/revisions\/50188"}],"wp:featuredmedia":[{"embeddable":true,"href":"http:\/\/www.eloriente.net\/home\/wp-json\/wp\/v2\/media\/41672"}],"wp:attachment":[{"href":"http:\/\/www.eloriente.net\/home\/wp-json\/wp\/v2\/media?parent=50181"}],"wp:term":[{"taxonomy":"category","embeddable":true,"href":"http:\/\/www.eloriente.net\/home\/wp-json\/wp\/v2\/categories?post=50181"},{"taxonomy":"post_tag","embeddable":true,"href":"http:\/\/www.eloriente.net\/home\/wp-json\/wp\/v2\/tags?post=50181"}],"curies":[{"name":"wp","href":"https:\/\/api.w.org\/{rel}","templated":true}]}}