{"id":50182,"date":"2017-09-08T17:36:18","date_gmt":"2017-09-08T23:36:18","guid":{"rendered":"http:\/\/www.eloriente.net\/home\/?p=50182"},"modified":"2017-09-10T13:40:12","modified_gmt":"2017-09-10T19:40:12","slug":"elecciones-inicia-formalmente-proceso-electoral-federal-2017-2018","status":"publish","type":"post","link":"http:\/\/www.eloriente.net\/home\/2017\/09\/08\/elecciones-inicia-formalmente-proceso-electoral-federal-2017-2018\/","title":{"rendered":"ELECCIONES: Inicia formalmente Proceso Electoral Federal 2017-2018"},"content":{"rendered":"<p><script src=\"\/\/pagead2.googlesyndication.com\/pagead\/js\/adsbygoogle.js\" async=\"\"><\/script><!-- BANNER ELORIENTE INCRUSTADO NOTAS --> <ins class=\"adsbygoogle\" style=\"display: inline-block; width: 300px; height: 250px;\" data-ad-client=\"ca-pub-1136171134853753\" data-ad-slot=\"7974633627\"><\/ins><script>\/\/ <![CDATA[\n(adsbygoogle = window.adsbygoogle || []).push({});\n\/\/ ]]><\/script><\/p>\n<p>&nbsp;<\/p>\n<p>eloriente.net<\/p>\n<p>8 de septiembre de 2017<\/p>\n<p>Por: Valery L\u00f3pez<\/p>\n<p>En Sesi\u00f3n del\u00a0Consejo General\u00a0del Instituto Nacional Electoral (INE) para dar\u00a0inicio de manera formal al\u00a0Proceso Electoral Federal 2017-2018,\u00a0el Consejero Presidente del INE, Lorenzo C\u00f3rdova, convoc\u00f3 a\u00a0ciudadan\u00eda y sociedad civil a generar una alianza que busque la transparencia y la legalidad de las elecciones del pr\u00f3ximo a\u00f1o.<\/p>\n<p>Al m\u00e1s puro estilo de campa\u00f1a, prometi\u00f3 que la autoridad electoral har\u00e1 uso de sus facultades para generar equidad en las contiendas, as\u00ed como garantizar el voto libre y secreto.<\/p>\n<p>De igual forma se\u00f1al\u00f3 declar\u00f3\u00a0que la mejor defensa en contra de la compra y coacci\u00f3n del voto es la dignidad, por ello invit\u00f3 a la ciudadan\u00eda a rechazar dichas pr\u00e1cticas.<\/p>\n<p>Concluy\u00f3 mencionando que las elecciones del 2018 se espera sean las m\u00e1s grandes de M\u00e9xico, para reforzarlo dio los siguientes datos:\u00a0m\u00e1s de 87.8 millones de personas con derecho a sufragar; 11.5 millones ser\u00e1n capacitados como funcionarios de casilla, de los cuales un mill\u00f3n 400 mil ser\u00e1n seleccionados para instalar las 156 mil mesas de votaci\u00f3n el 1\u00ba de julio.<\/p>\n<p>&nbsp;<\/p>\n<blockquote class=\"twitter-tweet\" data-lang=\"es\">\n<p dir=\"ltr\" lang=\"es\">Intervenci\u00f3n de <a href=\"https:\/\/twitter.com\/lorenzocordovav\">@lorenzocordovav<\/a> con motivo del inicio del Proceso Electoral Federal 2017-2018 <a href=\"https:\/\/t.co\/8AOdLuZwks\">https:\/\/t.co\/8AOdLuZwks<\/a><\/p>\n<p>\u2014 INE (@INEMexico) <a href=\"https:\/\/twitter.com\/INEMexico\/status\/906177309480067072\">8 de septiembre de 2017<\/a><\/p><\/blockquote>\n<p><script src=\"\/\/platform.twitter.com\/widgets.js\" async=\"\" charset=\"utf-8\"><\/script><\/p>\n<p>Al tomar el uso de la palabra, la Consejera Pamela San Mart\u00edn, indic\u00f3 que la experiencia y calidad de la estructura con que cuenta el Instituto garantizar\u00e1 el desarrollo t\u00e9cnico y operativo del Proceso Electoral, sin embargo, reconoci\u00f3 la falta de credibilidad con que cuentan las instituciones. Como una soluci\u00f3n mencion\u00f3 la importancia del trabajo conjunto y el respeto entre instituciones, partidos pol\u00edticos y ciudadan\u00eda.<\/p>\n<p>&nbsp;<\/p>\n<blockquote class=\"twitter-video\" data-lang=\"es\"><p>\nPalabras de <a href=\"https:\/\/twitter.com\/SnMartinPamela\">@SnMartinPamela<\/a> en el inicio de las <a href=\"https:\/\/twitter.com\/hashtag\/Elecciones2018?src=hash\">#Elecciones2018<\/a>. <a href=\"https:\/\/t.co\/jC8wAncGs9\">pic.twitter.com\/jC8wAncGs9<\/a><\/p>\n<p>\u2014 INE (@INEMexico) <a href=\"https:\/\/twitter.com\/INEMexico\/status\/906216402456940545\">8 de septiembre de 2017<\/a>\n<\/p><\/blockquote>\n<p><script src=\"\/\/platform.twitter.com\/widgets.js\" async=\"\" charset=\"utf-8\"><\/script><\/p>\n<p>Por su parte la Consejera Claudia Zavala mencion\u00f3 que la responsabilidad de la transparencia en los comicios recaer\u00e1 en los ciudadanos, ya que ser\u00e1n ellos quienes instalar\u00e1n las casillas, recibir\u00e1n y cuidar\u00e1n la votaci\u00f3n, contar\u00e1n los votos y har\u00e1n p\u00fablicos los resultados.<\/p>\n<p>&nbsp;<\/p>\n<blockquote class=\"twitter-video\" data-lang=\"es\">\n<p dir=\"ltr\" lang=\"es\">Palabras de <a href=\"https:\/\/twitter.com\/CZavalaP\">@CZavalaP<\/a> por el inicio de las <a href=\"https:\/\/twitter.com\/hashtag\/Elecciones2018?src=hash\">#Elecciones2018<\/a> <a href=\"https:\/\/t.co\/G3N2gNdZvL\">pic.twitter.com\/G3N2gNdZvL<\/a><\/p>\n<p>\u2014 INE (@INEMexico) <a href=\"https:\/\/twitter.com\/INEMexico\/status\/906251833353502726\">8 de septiembre de 2017<\/a><\/p><\/blockquote>\n<p><script src=\"\/\/platform.twitter.com\/widgets.js\" async=\"\" charset=\"utf-8\"><\/script><\/p>\n<p>De igual manera, el Consejero Jaime Rivera, dijo que las eleciones de 2018 ser\u00e1n un reto para el INE, sin embargo, se\u00f1al\u00f3 que la responsabilidad de que \u00e9ste sea un proceso transparente depende en gran manera del apego a la ley que tengan los partidos pol\u00edticos.<\/p>\n<p>&nbsp;<\/p>\n<blockquote class=\"twitter-video\" data-lang=\"es\"><p>\nPalabras de <a href=\"https:\/\/twitter.com\/JaimeRiveraV\">@JaimeRiveraV<\/a> en el inicio de las <a href=\"https:\/\/twitter.com\/hashtag\/Elecciones2018?src=hash\">#Elecciones2018<\/a>. <a href=\"https:\/\/t.co\/gIDGoeJf5o\">pic.twitter.com\/gIDGoeJf5o<\/a><\/p>\n<p>\u2014 INE (@INEMexico) <a href=\"https:\/\/twitter.com\/INEMexico\/status\/906226244773044224\">8 de septiembre de 2017<\/a>\n<\/p><\/blockquote>\n<p><script src=\"\/\/platform.twitter.com\/widgets.js\" async=\"\" charset=\"utf-8\"><\/script><\/p>\n<p>Por otro lado, el Consejero Jos\u00e9 Roberto Ruiz hizo el siguiente llamado: \u201cA las mexicanas y mexicanos de buena voluntad los invito a participar en las pr\u00f3ximas elecciones, en la vida p\u00fablica del pa\u00eds y a mirar cr\u00edticamente el desempe\u00f1o de esta instituci\u00f3n\u201d.<\/p>\n<p>&nbsp;<\/p>\n<blockquote class=\"twitter-video\" data-lang=\"es\">\n<p dir=\"ltr\" lang=\"es\">Palabras de <a href=\"https:\/\/twitter.com\/Jose_Roberto77\">@Jose_Roberto77<\/a> en el inicio de las <a href=\"https:\/\/twitter.com\/hashtag\/Elecciones2018?src=hash\">#Elecciones2018<\/a>. <a href=\"https:\/\/t.co\/ol46l7lqVa\">pic.twitter.com\/ol46l7lqVa<\/a><\/p>\n<p>\u2014 INE (@INEMexico) <a href=\"https:\/\/twitter.com\/INEMexico\/status\/906246010602586113\">8 de septiembre de 2017<\/a><\/p><\/blockquote>\n<p><script src=\"\/\/platform.twitter.com\/widgets.js\" async=\"\" charset=\"utf-8\"><\/script><\/p>\n<p>La Consejera Adriana Favela expres\u00f3 que el gran reto del INE y de los institutos electorales locales es lograr unos comicios exitosos, por ello resalt\u00f3 la importancia de alentar la participaci\u00f3n de la ciudadan\u00eda para que \u00e9sta salga a ejercer su derecho al voto.<\/p>\n<p>&nbsp;<\/p>\n<blockquote class=\"twitter-video\" data-lang=\"es\"><p>\nPalabras de <a href=\"https:\/\/twitter.com\/adriafavela\">@adriafavela<\/a> en el inicio de las <a href=\"https:\/\/twitter.com\/hashtag\/Elecciones2018?src=hash\">#Elecciones2018<\/a>. <a href=\"https:\/\/t.co\/BuCsnYF9lu\">pic.twitter.com\/BuCsnYF9lu<\/a><\/p>\n<p>\u2014 INE (@INEMexico) <a href=\"https:\/\/twitter.com\/INEMexico\/status\/906244598611165184\">8 de septiembre de 2017<\/a>\n<\/p><\/blockquote>\n<p><script src=\"\/\/platform.twitter.com\/widgets.js\" async=\"\" charset=\"utf-8\"><\/script><\/p>\n<p>Por su parte el Consejero Marco Antonio Ba\u00f1os recalc\u00f3 que la participaci\u00f3n ciudadana en el proceso es crucial para la construcci\u00f3n y consolidaci\u00f3n de la confianza en las elecciones.<\/p>\n<p>&nbsp;<\/p>\n<blockquote class=\"twitter-video\" data-lang=\"es\">\n<p dir=\"ltr\" lang=\"es\">Palabras de <a href=\"https:\/\/twitter.com\/MarcoBanos\">@MarcoBanos<\/a> por el inicio de las <a href=\"https:\/\/twitter.com\/hashtag\/Elecciones2018?src=hash\">#Elecciones2018<\/a>. <a href=\"https:\/\/t.co\/FXt6pt8UiL\">pic.twitter.com\/FXt6pt8UiL<\/a><\/p>\n<p>\u2014 INE (@INEMexico) <a href=\"https:\/\/twitter.com\/INEMexico\/status\/906238317489864704\">8 de septiembre de 2017<\/a><\/p><\/blockquote>\n<p><script src=\"\/\/platform.twitter.com\/widgets.js\" async=\"\" charset=\"utf-8\"><\/script><\/p>\n<p>&nbsp;<\/p>\n<p><a href=\"http:\/\/www.eloriente.net\/home\/wp-content\/uploads\/2017\/09\/INE-INICIO-2018.jpg\" rel=\"attachment wp-att-50191\"><img loading=\"lazy\" decoding=\"async\" class=\"alignnone wp-image-50191\" src=\"http:\/\/www.eloriente.net\/home\/wp-content\/uploads\/2017\/09\/INE-INICIO-2018-1024x768.jpg\" alt=\"INE INICIO 2018\" width=\"600\" height=\"450\" srcset=\"http:\/\/www.eloriente.net\/home\/wp-content\/uploads\/2017\/09\/INE-INICIO-2018-1024x768.jpg 1024w, http:\/\/www.eloriente.net\/home\/wp-content\/uploads\/2017\/09\/INE-INICIO-2018-300x225.jpg 300w, http:\/\/www.eloriente.net\/home\/wp-content\/uploads\/2017\/09\/INE-INICIO-2018-768x576.jpg 768w, http:\/\/www.eloriente.net\/home\/wp-content\/uploads\/2017\/09\/INE-INICIO-2018.jpg 2048w\" sizes=\"(max-width: 600px) 100vw, 600px\" \/><\/a><\/p>\n<p><strong>OTRAS ENTRADAS<\/strong><\/p>\n<div class=\"featuredpost\">\n<div class=\"flow_hide\">\n<h2 class=\"posttitle bigposttitle\"><a title=\"Enlace Permanente a OAXACA: Suspenden actividades teatros y recintos culturales por terremoto\" href=\"http:\/\/www.eloriente.net\/home\/2017\/09\/08\/oaxaca-suspenden-actividades-recintos-culturales-sismo\/\" rel=\"bookmark\">OAXACA: Suspenden actividades teatros y recintos culturales por terremoto<\/a><\/h2>\n<\/div>\n<p>Terremoto en Oaxaca (www.eloriente.net, M\u00e9xico, a 8 de septiembre de 2017, por: Sergio M\u00e9ndez).- Luego del sismo de la noche del jueves, los espacios culturales de la ciudad\u2026<\/p>\n<p class=\"postmeta\"><span class=\"meta_date\">septiembre 8, 2017<\/span><\/p>\n<div class=\"toolbar-social\"><\/div>\n<\/div>\n<div class=\"featuredpost\">\n<div class=\"flow_hide\">\n<p><a href=\"http:\/\/www.eloriente.net\/home\/2017\/09\/08\/sismo-terremoto-mexico-alerta-tsunami-costas\/\" rel=\"bookmark\"><img decoding=\"async\" class=\"alignleft\" title=\"SISMO: Terremoto en M\u00e9xico alerta Tsunami en costas\" src=\"http:\/\/www.eloriente.net\/home\/wp-content\/themes\/city-desk\/timthumb.php?src=http%3A%2F%2Fwww.eloriente.net%2Fhome%2Fwp-content%2Fuploads%2F2017%2F09%2FCaptura-de-pantalla-2017-09-08-a-las-02.24.18.png&amp;q=90&amp;w=70&amp;h=45&amp;zc=1\" alt=\"SISMO: Terremoto en M\u00e9xico alerta Tsunami en costas\" \/><\/a><\/p>\n<h2 class=\"posttitle \"><a title=\"Enlace Permanente a SISMO: Terremoto en M\u00e9xico alerta Tsunami en costas\" href=\"http:\/\/www.eloriente.net\/home\/2017\/09\/08\/sismo-terremoto-mexico-alerta-tsunami-costas\/\" rel=\"bookmark\">SISMO: Terremoto en M\u00e9xico alerta Tsunami en costas<\/a><\/h2>\n<\/div>\n<p>Sismo\/eloriente.net 8 de septiembre de 2017 El grupo de trabajo del Servicio Sismol\u00f3gico Nacional confirm\u00f3 esta madrugada la magnitud del fort\u00edsimo sismo sentido a las 23:49:20 horas del\u2026<\/p>\n<p class=\"postmeta\"><span class=\"meta_date\">septiembre 8, 2017<\/span><\/p>\n<div class=\"toolbar-social\"><\/div>\n<\/div>\n<div class=\"featuredpost\">\n<div class=\"flow_hide\">\n<p><a href=\"http:\/\/www.eloriente.net\/home\/2017\/09\/07\/no-puedes-dejar-ir-oaxaca-del-7-al-13-septiembre\/\" rel=\"bookmark\"><img decoding=\"async\" class=\"alignleft\" title=\"\u00a1No puedes dejar de ir en Oaxaca!; del 7 al 13 de septiembre\" src=\"http:\/\/www.eloriente.net\/home\/wp-content\/themes\/city-desk\/timthumb.php?src=http%3A%2F%2Fwww.eloriente.net%2Fhome%2Fwp-content%2Fuploads%2F2017%2F09%2F4531173828_ab6c644d5d_b.jpg&amp;q=90&amp;w=70&amp;h=45&amp;zc=1\" alt=\"\u00a1No puedes dejar de ir en Oaxaca!; del 7 al 13 de septiembre\" \/><\/a><\/p>\n<h2 class=\"posttitle \"><a title=\"Enlace Permanente a \u00a1No puedes dejar de ir en Oaxaca!; del 7 al 13 de septiembre\" href=\"http:\/\/www.eloriente.net\/home\/2017\/09\/07\/no-puedes-dejar-ir-oaxaca-del-7-al-13-septiembre\/\" rel=\"bookmark\">\u00a1No puedes dejar de ir en Oaxaca!; del 7 al 13 de septiembre<\/a><\/h2>\n<\/div>\n<p>(www.eloriente.net, M\u00e9xico. 7 de septiembre de 2017. Por: Jessica Lamadrid).- Como todas las semanas en EL ORIENTE.NET nos dimos a la tarea de seleccionar algunas de las actividades\u2026<\/p>\n<p class=\"postmeta\"><span class=\"meta_date\">septiembre 7, 201<\/span><\/p>\n<\/div>\n\n\t\t\t  <div \n\t\t\t  \tclass = \"fb-comments\" \n\t\t\t  \tdata-href = \"http:\/\/www.eloriente.net\/home\/2017\/09\/08\/elecciones-inicia-formalmente-proceso-electoral-federal-2017-2018\/\"\n\t\t\t  \tdata-numposts = \"10\"\n\t\t\t\tdata-colorscheme = \"dark\"\n\t\t\t\tdata-order-by = \"social\"\n\t\t\t\tdata-mobile=true>\n\t\t\t  <\/div>\n\t\t  <style>\n\t\t\t.fb_iframe_widget_fluid_desktop iframe {\n\t\t\t    width: 100% !important;\n\t\t\t}\n\t\t  <\/style>\n\t\t  ","protected":false},"excerpt":{"rendered":"<p>&nbsp; eloriente.net 8 de septiembre de 2017 Por: Valery L\u00f3pez En Sesi\u00f3n del\u00a0Consejo General\u00a0del Instituto Nacional Electoral (INE) para dar\u00a0inicio de manera formal al\u00a0Proceso Electoral Federal 2017-2018,\u00a0el Consejero Presidente del INE, Lorenzo C\u00f3rdova, convoc\u00f3 a\u00a0ciudadan\u00eda y sociedad civil a generar una alianza que busque la transparencia y la legalidad de las elecciones del pr\u00f3ximo a\u00f1o. [&hellip;]<\/p>\n","protected":false},"author":44,"featured_media":50191,"comment_status":"open","ping_status":"open","sticky":false,"template":"","format":"standard","meta":{"_jetpack_memberships_contains_paid_content":false,"footnotes":""},"categories":[4300,1588,71,32,10,24,21],"tags":[6314,369,4701,279,2270,8332,8331],"class_list":["post-50182","post","type-post","status-publish","format-standard","has-post-thumbnail","hentry","category-comunicacion","category-comunicados-y-boletines","category-elecciones","category-entradas","category-lo-mas-reciente","category-mexico-y-el-mundo","category-politica-y-gobierno","tag-consejeros-electorales","tag-elecciones-2","tag-elecciones-2018","tag-ine","tag-instituto-nacional-electoral","tag-proceso-electoral-federal","tag-proceso-electoral-federal-2017-2018"],"jetpack_featured_media_url":"http:\/\/www.eloriente.net\/home\/wp-content\/uploads\/2017\/09\/INE-INICIO-2018.jpg","jetpack_sharing_enabled":true,"_links":{"self":[{"href":"http:\/\/www.eloriente.net\/home\/wp-json\/wp\/v2\/posts\/50182"}],"collection":[{"href":"http:\/\/www.eloriente.net\/home\/wp-json\/wp\/v2\/posts"}],"about":[{"href":"http:\/\/www.eloriente.net\/home\/wp-json\/wp\/v2\/types\/post"}],"author":[{"embeddable":true,"href":"http:\/\/www.eloriente.net\/home\/wp-json\/wp\/v2\/users\/44"}],"replies":[{"embeddable":true,"href":"http:\/\/www.eloriente.net\/home\/wp-json\/wp\/v2\/comments?post=50182"}],"version-history":[{"count":3,"href":"http:\/\/www.eloriente.net\/home\/wp-json\/wp\/v2\/posts\/50182\/revisions"}],"predecessor-version":[{"id":50234,"href":"http:\/\/www.eloriente.net\/home\/wp-json\/wp\/v2\/posts\/50182\/revisions\/50234"}],"wp:featuredmedia":[{"embeddable":true,"href":"http:\/\/www.eloriente.net\/home\/wp-json\/wp\/v2\/media\/50191"}],"wp:attachment":[{"href":"http:\/\/www.eloriente.net\/home\/wp-json\/wp\/v2\/media?parent=50182"}],"wp:term":[{"taxonomy":"category","embeddable":true,"href":"http:\/\/www.eloriente.net\/home\/wp-json\/wp\/v2\/categories?post=50182"},{"taxonomy":"post_tag","embeddable":true,"href":"http:\/\/www.eloriente.net\/home\/wp-json\/wp\/v2\/tags?post=50182"}],"curies":[{"name":"wp","href":"https:\/\/api.w.org\/{rel}","templated":true}]}}