{"id":50283,"date":"2017-09-14T07:34:29","date_gmt":"2017-09-14T13:34:29","guid":{"rendered":"http:\/\/www.eloriente.net\/home\/?p=50283"},"modified":"2017-09-15T11:15:12","modified_gmt":"2017-09-15T17:15:12","slug":"no-puedes-dejar-ir-oaxaca-del-14-al-20-septiembre","status":"publish","type":"post","link":"http:\/\/www.eloriente.net\/home\/2017\/09\/14\/no-puedes-dejar-ir-oaxaca-del-14-al-20-septiembre\/","title":{"rendered":"\u00a1No puedes dejar de ir en Oaxaca!; del 14 al 20 de septiembre"},"content":{"rendered":"<p><script src=\"\/\/pagead2.googlesyndication.com\/pagead\/js\/adsbygoogle.js\" async=\"\"><\/script><!-- BANNER ELORIENTE INCRUSTADO NOTAS --> <ins class=\"adsbygoogle\" style=\"display: inline-block; width: 300px; height: 250px;\" data-ad-client=\"ca-pub-1136171134853753\" data-ad-slot=\"7974633627\"><\/ins><script>\/\/ <![CDATA[\n(adsbygoogle = window.adsbygoogle || []).push({});\n\/\/ ]]><\/script><\/p>\n<p>(www.eloriente.net, M\u00e9xico. 7 de septiembre de 2017. Por: Jessica Lamadrid).- A pesar de las circunstancias por las cuales atraviesa nuestro estado, los centros culturales de la ciudad no han parado sus actividades y programas para esta semana. En cambio, algunos han destinado la realizaci\u00f3n de dichas actividades como una forma de conseguir apoyo para los damnificados en el Istmo de Tehuantepec.<\/p>\n<p>Aqu\u00ed te compartimos las 5 recomendaciones de actividades culturales de la semana que conforman la agenda cultural que va del 14 al 20 de septiembre:<\/p>\n<h2>1.- Anatom\u00eda de un Sismo<\/h2>\n<p>Despu\u00e9s del sismo ocurrido el 7 de septiembre se hizo presente una gran cantidad de informaci\u00f3n falsa relacionada a este tipo de fen\u00f3menos, ante esta situaci\u00f3n el Consejo Oaxaque\u00f1o de Ciencia y Tecnolog\u00eda (COCYT) en colaboraci\u00f3n con el Servicio Sismol\u00f3gico Nacional (SSN) organiz\u00f3 la conferencia magistral: \u00abAnatom\u00eda de un sismo. Mitos y Verdades\u00bb.<\/p>\n<p>Esta conferencia esta programada para este 14 de septiembre en el auditorio del <a href=\"https:\/\/www.facebook.com\/ArchivoGeneralDelEstadoDeOaxaca\/?hc_ref=ARSc0T2sKnGJHidTq9woPOZpwYPc4QEa8whMcjugv0DFlimuMzMOGv5RNPnRUPV2g80&amp;fref=nf\" target=\"_blank\">Archivo General del Estado de Oaxaca<\/a> a las 12 horas y ser\u00e1 impartida por el <a href=\"http:\/\/www.geofisica.unam.mx\/sismologia\/index.php\/users\/view\/6\" target=\"_blank\">Doctor Arturo Iglesias Mendoza<\/a>, investigador \u00a0del Departamento de Sismolog\u00eda \u00a0del Servicio Sismol\u00f3gico Nacional y editor de su <a href=\"http:\/\/usuarios.geofisica.unam.mx\/arturo\/\" target=\"_blank\">p\u00e1gina web\u00a0<\/a>\u00a0en la que comparte informaci\u00f3n relevante sobre la actividad s\u00edsmica.<\/p>\n<p>Te recordamos que el Archivo General se encuentra ubicado en la calle\u00a0Santos Degollado n\u00famero 400 de la Colonia Centro. El acceso es libre al p\u00fablico.<\/p>\n<p><a href=\"http:\/\/www.eloriente.net\/home\/wp-content\/uploads\/2017\/09\/unnamed.jpg\" rel=\"attachment wp-att-50284\"><img loading=\"lazy\" decoding=\"async\" class=\" wp-image-50284 aligncenter\" src=\"http:\/\/www.eloriente.net\/home\/wp-content\/uploads\/2017\/09\/unnamed.jpg\" alt=\"Anatom\u00eda de un sismo\" width=\"475\" height=\"734\" srcset=\"http:\/\/www.eloriente.net\/home\/wp-content\/uploads\/2017\/09\/unnamed.jpg 588w, http:\/\/www.eloriente.net\/home\/wp-content\/uploads\/2017\/09\/unnamed-194x300.jpg 194w\" sizes=\"(max-width: 475px) 100vw, 475px\" \/><\/a><\/p>\n<p>&nbsp;<\/p>\n<p>&nbsp;<\/p>\n<h2>2.- \u00a0Curso de Pr\u00e1ctica Orquestal<\/h2>\n<p>La <a href=\"https:\/\/www.facebook.com\/direccionbellasartes\/\" target=\"_blank\">Facultad de Bellas Artes de la UABJO <\/a>ofrece para esta semana el \u00abCurso de Pr\u00e1ctica Orquestal\u00bb impartido por el maestro Vladimir Sagaydo, quien\u00a0dirigi\u00f3 la Orquesta Sinf\u00f3nica de Kalinigrado\u00a0(Rusia) con obras de Mozart, Beethoven, Schubert y Strauss. Adem\u00e1s de esto fue ganador del premio \u201cEsperanza de Rusia\u201d otorgado por las instituciones culturales y educativas.<\/p>\n<p>Desde que empez\u00f3 su estancia en M\u00e9xico en el 2010 ha dirigido la Orquesta Filarm\u00f3nica de Sonora, la Orquesta Sinf\u00f3nica de Aguascalientes, la Orquesta Sinf\u00f3nica Juvenil \u201cEduardo Mata\u201d; y actualmente se desempe\u00f1a como asistente musical de la Compa\u00f1\u00eda Nacional de \u00d3pera del INBA<\/p>\n<p><!-- BANNER PEQUE\u00d1O PARA ENTRENOTAS EL ORIENTE --><br \/>\n<ins class=\"adsbygoogle\" style=\"display: inline-block; width: 468px; height: 60px;\" data-ad-client=\"ca-pub-1136171134853753\" data-ad-slot=\"4953536424\"><\/ins><br \/>\n<script>\/\/ <![CDATA[\n(adsbygoogle = window.adsbygoogle || []).push({});\n\/\/ ]]><\/script><\/p>\n<p>La entrada al curso es libre para alumnos de la Facultad; para alumnos externos a la misma el cupo es limitado y \u00a0con un costo de 500 pesos. Te recordamos que las instalaciones de la Facultad se encuentran en el\u00a0<a href=\"http:\/\/share.here.com\/r\/mylocation\/e-eyJuYW1lIjoiRmFjdWx0YWQgZGUgQmVsbGFzIEFydGVzIC0gVUFCSk8iLCJhZGRyZXNzIjoiRXggQ29udmVudG8gZGUgU2FuIEpvc1x1MDBlOSwgUGxhemEgZGUgbGEgRGFuemEgc1wvbiwgT2F4YWNhIGRlIEp1XHUwMGUxcmV6IiwibGF0aXR1ZGUiOjE3LjA2MzgyMDcyNjYwNywibG9uZ2l0dWRlIjotOTYuNzI4OTk3MjMwNTMsInByb3ZpZGVyTmFtZSI6ImZhY2Vib29rIiwicHJvdmlkZXJJZCI6MTQ3NzcyMTc4NTg0OTg5M30=?link=addresses&amp;fb_locale=es_LA&amp;ref=facebook\" target=\"_blank\" rel=\"noopener\" data-lynx-mode=\"asynclazy\" data-lynx-uri=\"https:\/\/l.facebook.com\/l.php?u=http%3A%2F%2Fshare.here.com%2Fr%2Fmylocation%2Fe-eyJuYW1lIjoiRmFjdWx0YWQgZGUgQmVsbGFzIEFydGVzIC0gVUFCSk8iLCJhZGRyZXNzIjoiRXggQ29udmVudG8gZGUgU2FuIEpvc1x1MDBlOSwgUGxhemEgZGUgbGEgRGFuemEgc1wvbiwgT2F4YWNhIGRlIEp1XHUwMGUxcmV6IiwibGF0aXR1ZGUiOjE3LjA2MzgyMDcyNjYwNywibG9uZ2l0dWRlIjotOTYuNzI4OTk3MjMwNTMsInByb3ZpZGVyTmFtZSI6ImZhY2Vib29rIiwicHJvdmlkZXJJZCI6MTQ3NzcyMTc4NTg0OTg5M30%3D%3Flink%3Daddresses%26fb_locale%3Des_LA%26ref%3Dfacebook&amp;h=ATO4iEUBOxcdObCg4AO6LEu697fne1v_XX9Jnfg0yze1-SkM63LYv82fIhUyo5tMy7gAjq-z-5hi4-XIAvTKqO6aOtHSc8lF9zQjyUbx88IbukGP8cri-s3ssZSbWxFYoONS4N_p6HCPakz3f4E\">Ex Convento de San Jos\u00e9 localizado en la Plaza de la Danza<\/a>, Colonia Centro.<\/p>\n<p><a href=\"http:\/\/www.eloriente.net\/home\/wp-content\/uploads\/2017\/09\/21370911_1939315366357197_7406436782565628717_n.jpg\" rel=\"attachment wp-att-50285\"><img loading=\"lazy\" decoding=\"async\" class=\" wp-image-50285 aligncenter\" src=\"http:\/\/www.eloriente.net\/home\/wp-content\/uploads\/2017\/09\/21370911_1939315366357197_7406436782565628717_n.jpg\" alt=\"Bellas Artes Oaxaca\" width=\"472\" height=\"473\" srcset=\"http:\/\/www.eloriente.net\/home\/wp-content\/uploads\/2017\/09\/21370911_1939315366357197_7406436782565628717_n.jpg 959w, http:\/\/www.eloriente.net\/home\/wp-content\/uploads\/2017\/09\/21370911_1939315366357197_7406436782565628717_n-150x150.jpg 150w, http:\/\/www.eloriente.net\/home\/wp-content\/uploads\/2017\/09\/21370911_1939315366357197_7406436782565628717_n-300x300.jpg 300w, http:\/\/www.eloriente.net\/home\/wp-content\/uploads\/2017\/09\/21370911_1939315366357197_7406436782565628717_n-768x769.jpg 768w, http:\/\/www.eloriente.net\/home\/wp-content\/uploads\/2017\/09\/21370911_1939315366357197_7406436782565628717_n-50x50.jpg 50w, http:\/\/www.eloriente.net\/home\/wp-content\/uploads\/2017\/09\/21370911_1939315366357197_7406436782565628717_n-144x144.jpg 144w\" sizes=\"(max-width: 472px) 100vw, 472px\" \/><\/a><\/p>\n<p>Para mayores informes o inscripciones puedes ir a la coordinaci\u00f3n acad\u00e9mica de esta instituci\u00f3n o bien ponerte en contacto a trav\u00e9s del <a href=\"https:\/\/www.facebook.com\/direccionbellasartes\/?hc_ref=ARRkPbVi97DM1dNF7JrGtCGZG8nZh-OVBa_LGnTEo4bPsEXd1vzkSjLkaSNDkgUbGB0&amp;fref=gs&amp;dti=503862252957225&amp;hc_location=group\" target=\"_blank\">facebook oficial<\/a>. A continuaci\u00f3n te compartimos una interpretaci\u00f3n de Vladimir Sagaydo para que conozcas su trabajo:<\/p>\n<p><span class=\"embed-youtube\" style=\"text-align:center; display: block;\"><iframe loading=\"lazy\" class=\"youtube-player\" width=\"640\" height=\"360\" src=\"https:\/\/www.youtube.com\/embed\/6AA9AVumv5E?version=3&#038;rel=1&#038;showsearch=0&#038;showinfo=1&#038;iv_load_policy=1&#038;fs=1&#038;hl=es-ES&#038;autohide=2&#038;wmode=transparent\" allowfullscreen=\"true\" style=\"border:0;\" sandbox=\"allow-scripts allow-same-origin allow-popups allow-presentation allow-popups-to-escape-sandbox\"><\/iframe><\/span><\/p>\n<p>&nbsp;<\/p>\n<h2>3.- Voz Amorfa<\/h2>\n<p>El Museo de Arte Contempor\u00e1neo de Oaxaca (MACO) presentar\u00e1 la obra de danza-teatro \u00abVoz Amorfa\u00bb durante los d\u00edas 16 y 17 de septiembre con el objetivo de obtener v\u00edveres para los damnificados por el sismo, por lo que se pide los siguientes donativos a los asistentes a esta actividad:\u00a0cobijas, ropa, arroz, frijol, garbanzo, habas, ma\u00edz, cart\u00f3n y lona.<\/p>\n<p>La coreograf\u00eda y direcci\u00f3n general de la representaci\u00f3n esta a cargo de <a href=\"https:\/\/cdn.graphics.forbes.com.mx\/forbes2017\/interactivos\/creativos-2017\/aladino-r.-blanca.html\" target=\"_blank\">Aladino R. Blanca<\/a>\u00a0miembro de la compa\u00f1\u00eda internacional Sasha Waltz &amp; Guests, la idea original de esta obra es de la escritora Rosario Ordo\u00f1ez. \u00a0Este evento iniciar\u00e1 ambos d\u00edas a las 19 horas, en el MACO ubicado en la calle\u00a0<a href=\"http:\/\/share.here.com\/r\/mylocation\/e-eyJuYW1lIjoiTXVzZW8gZGUgQXJ0ZSBDb250ZW1wb3JcdTAwZTFuZW8gZGUgT2F4YWNhIiwiYWRkcmVzcyI6Ik1hY2Vkb25pbyBBbGNhbFx1MDBlMSAjMjAyLCBPYXhhY2EgZGUgSnVcdTAwZTFyZXoiLCJsYXRpdHVkZSI6MTcuMDcyMzM4OSwibG9uZ2l0dWRlIjotOTYuNzIyMDA3NiwicHJvdmlkZXJOYW1lIjoiZmFjZWJvb2siLCJwcm92aWRlcklkIjoxMTg1OTc1NTQ4MzMxNDd9?link=addresses&amp;fb_locale=es_LA&amp;ref=facebook\" target=\"_blank\" rel=\"noopener\" data-lynx-mode=\"asynclazy\" data-lynx-uri=\"https:\/\/l.facebook.com\/l.php?u=http%3A%2F%2Fshare.here.com%2Fr%2Fmylocation%2Fe-eyJuYW1lIjoiTXVzZW8gZGUgQXJ0ZSBDb250ZW1wb3JcdTAwZTFuZW8gZGUgT2F4YWNhIiwiYWRkcmVzcyI6Ik1hY2Vkb25pbyBBbGNhbFx1MDBlMSAjMjAyLCBPYXhhY2EgZGUgSnVcdTAwZTFyZXoiLCJsYXRpdHVkZSI6MTcuMDcyMzM4OSwibG9uZ2l0dWRlIjotOTYuNzIyMDA3NiwicHJvdmlkZXJOYW1lIjoiZmFjZWJvb2siLCJwcm92aWRlcklkIjoxMTg1OTc1NTQ4MzMxNDd9%3Flink%3Daddresses%26fb_locale%3Des_LA%26ref%3Dfacebook&amp;h=ATNF36Z5s-1-7ghOWNYUfbJ2SuARmNEB1iAjQMfe4gBCP0bywg_Z57Em3NSDOX2ErLnrtvvh33Y87p_ZQhW0YRR6-uMkMICUnTZQMqjcQHgOD31-w_610GR9eawvmhkiHWJP0CyLnApObFh0KzQ\">Macedonio Alcal\u00e1 n\u00famero 202<\/a>\u00a0de la Colonia Centro.<\/p>\n<p><a href=\"http:\/\/www.eloriente.net\/home\/wp-content\/uploads\/2017\/09\/21728561_2099010756791807_8920510583254276749_n.jpg\" rel=\"attachment wp-att-50286\"><img loading=\"lazy\" decoding=\"async\" class=\" wp-image-50286 aligncenter\" src=\"http:\/\/www.eloriente.net\/home\/wp-content\/uploads\/2017\/09\/21728561_2099010756791807_8920510583254276749_n.jpg\" alt=\"MACO Sep\" width=\"496\" height=\"733\" srcset=\"http:\/\/www.eloriente.net\/home\/wp-content\/uploads\/2017\/09\/21728561_2099010756791807_8920510583254276749_n.jpg 650w, http:\/\/www.eloriente.net\/home\/wp-content\/uploads\/2017\/09\/21728561_2099010756791807_8920510583254276749_n-203x300.jpg 203w\" sizes=\"(max-width: 496px) 100vw, 496px\" \/><\/a><\/p>\n<p>Para que conozcas m\u00e1s sobre\u00a0<a href=\"https:\/\/cdn.graphics.forbes.com.mx\/forbes2017\/interactivos\/creativos-2017\/aladino-r.-blanca.html\" target=\"_blank\">Aladino R. Blanca<\/a>\u00a0 te compartimos una entrevista de este bailar\u00edn realizada en el 2014 sobre la obra que trabajo en ese a\u00f1o.<\/p>\n<p><span class=\"embed-youtube\" style=\"text-align:center; display: block;\"><iframe loading=\"lazy\" class=\"youtube-player\" width=\"640\" height=\"360\" src=\"https:\/\/www.youtube.com\/embed\/oH5TYQkLwR8?version=3&#038;rel=1&#038;showsearch=0&#038;showinfo=1&#038;iv_load_policy=1&#038;fs=1&#038;hl=es-ES&#038;autohide=2&#038;wmode=transparent\" allowfullscreen=\"true\" style=\"border:0;\" sandbox=\"allow-scripts allow-same-origin allow-popups allow-presentation allow-popups-to-escape-sandbox\"><\/iframe><\/span><\/p>\n<p>&nbsp;<\/p>\n<h2>4.- Oaxaca Coraz\u00f3n<\/h2>\n<p>Diversos artistas oaxaque\u00f1os y algunos invitados, presentar\u00e1n el pr\u00f3ximo 17 de septiembre el concierto \u201cOaxaca Coraz\u00f3n\u201d\u00a0con la intenci\u00f3n de recaudar fondos para apoyar a las comunidades afectadas por el terremoto,\u00a0concierto que se llevar\u00e1 a cabo el pr\u00f3ximo domingo 17 de septiembre a las 18:00 horas en el Auditorio Guelaguetza.<\/p>\n<p>En \u00e9l participar\u00e1n artistas como: Lila Downs, Susana Harp, Eugenia Le\u00f3n, Aida Cuevas, Tania Libertad, Geo Meneses, Ana D\u00edaz, Filipa Giordano, Natalia Cruz, Alejandra Robles, Natalia Toledo, Grupo Ra\u00edces, To\u00f1o Cisneros, la Banda de M\u00fasica del Estado, y algunos otros artistas que se siguen sumando a esta causa.<\/p>\n<p>Los boletos ser\u00e1n vendidos en las sucursales del <a href=\"https:\/\/www.facebook.com\/cafebrujula\/\" target=\"_blank\">Caf\u00e9 La Br\u00fajula<\/a>, los cuales tendr\u00e1n los siguientes precios: $50, $100, $400 y $500; todo dependiendo de la zona. Cabe resaltar que <a href=\"https:\/\/www.facebook.com\/fahhoaxaca\/\" target=\"_blank\">La Fundaci\u00f3n Alfredo Harp Hel\u00fa Oaxaca<\/a> donar\u00e1 un peso por cada uno recaudado del evento.<\/p>\n<p><a href=\"http:\/\/www.eloriente.net\/home\/wp-content\/uploads\/2017\/09\/Oaxaca-Corazo\u0301n.jpg\" rel=\"attachment wp-att-50275\"><img loading=\"lazy\" decoding=\"async\" class=\" wp-image-50275 aligncenter\" src=\"http:\/\/www.eloriente.net\/home\/wp-content\/uploads\/2017\/09\/Oaxaca-Corazo\u0301n.jpg\" alt=\"Oaxaca Corazo\u0301n\" width=\"463\" height=\"717\" srcset=\"http:\/\/www.eloriente.net\/home\/wp-content\/uploads\/2017\/09\/Oaxaca-Corazo\u0301n.jpg 620w, http:\/\/www.eloriente.net\/home\/wp-content\/uploads\/2017\/09\/Oaxaca-Corazo\u0301n-194x300.jpg 194w\" sizes=\"(max-width: 463px) 100vw, 463px\" \/><\/a><br \/>\n<iframe loading=\"lazy\" style=\"border: none; overflow: hidden;\" src=\"https:\/\/www.facebook.com\/plugins\/video.php?href=https%3A%2F%2Fwww.facebook.com%2Flamorenadelacosta%2Fvideos%2F10203758780806602%2F&amp;show_text=0&amp;width=560\" width=\"560\" height=\"315\" frameborder=\"0\" scrolling=\"no\" allowfullscreen=\"allowfullscreen\"><\/iframe><\/p>\n<p>&nbsp;<\/p>\n<h2>5.- Wild Style<\/h2>\n<p>Como parte de las actividades programas para este mes del Instituto de Artes Gr\u00e1ficas de Oaxaca (IAGO) se realizar\u00e1 este 19 de septiembre la proyecci\u00f3n del film estadounidense Wild Style producido en 1983 por el director <a href=\"http:\/\/charlieahearn.com\/\" target=\"_blank\">Charlie Ahearn<\/a> a las 19 horas en el IAGO Alcal\u00e1.<\/p>\n<p>Dicho film narra la historia de\u00a0Zoro el escritor de graffiti m\u00e1s activo de Nueva York despu\u00e9s de que su novia lo dejo, quien comienza a salir con The Union, un grupo de graffiteros que se dedican a pintar por encargo. Este nuevo panorama provoca que la prensa y las galer\u00edas de arte est\u00e9n interesadas en el mundo del graffiti.<\/p>\n<p>Aqu\u00ed\u00a0te dejamos el trailer de la pel\u00edcula para que te animes a ir a la proyecci\u00f3n.<\/p>\n<p><span class=\"embed-youtube\" style=\"text-align:center; display: block;\"><iframe loading=\"lazy\" class=\"youtube-player\" width=\"640\" height=\"360\" src=\"https:\/\/www.youtube.com\/embed\/Hee38-NV11E?version=3&#038;rel=1&#038;showsearch=0&#038;showinfo=1&#038;iv_load_policy=1&#038;fs=1&#038;hl=es-ES&#038;autohide=2&#038;wmode=transparent\" allowfullscreen=\"true\" style=\"border:0;\" sandbox=\"allow-scripts allow-same-origin allow-popups allow-presentation allow-popups-to-escape-sandbox\"><\/iframe><\/span><\/p>\n<p>Te recordamos que el IAGO se encuentra ubicado en la calle Macedonio Alcal\u00e1 n\u00famero 507 de la Colonia Centro. La entrada es gratuita.<\/p>\n<p><a href=\"http:\/\/www.eloriente.net\/home\/wp-content\/uploads\/2017\/09\/21430301_1691706674197034_8508685124657116222_n.jpg\" rel=\"attachment wp-att-50288\"><img loading=\"lazy\" decoding=\"async\" class=\" wp-image-50288 aligncenter\" src=\"http:\/\/www.eloriente.net\/home\/wp-content\/uploads\/2017\/09\/21430301_1691706674197034_8508685124657116222_n.jpg\" alt=\"IAGO SEP\" width=\"498\" height=\"331\" srcset=\"http:\/\/www.eloriente.net\/home\/wp-content\/uploads\/2017\/09\/21430301_1691706674197034_8508685124657116222_n.jpg 960w, http:\/\/www.eloriente.net\/home\/wp-content\/uploads\/2017\/09\/21430301_1691706674197034_8508685124657116222_n-300x200.jpg 300w, http:\/\/www.eloriente.net\/home\/wp-content\/uploads\/2017\/09\/21430301_1691706674197034_8508685124657116222_n-768x511.jpg 768w\" sizes=\"(max-width: 498px) 100vw, 498px\" \/><\/a><\/p>\n<h2><\/h2>\n<h2>OTRAS ENTRADAS<\/h2>\n<div class=\"featuredpost\">\n<div class=\"flow_hide\">\n<h2 class=\"posttitle bigposttitle\"><a title=\"Enlace Permanente a Talentos locales se unen en el concierto \u201cOaxaca Coraz\u00f3n\u201d para recaudar fondos\" href=\"http:\/\/www.eloriente.net\/home\/2017\/09\/12\/talentos-locales-se-unen-concierto-oaxaca-corazon-recaudar-fondos\/\" rel=\"bookmark\">Talentos locales se unen en el concierto \u201cOaxaca Coraz\u00f3n\u201d para recaudar fondos<\/a><\/h2>\n<\/div>\n<p>eloriente.net 12 de septiembre de 2017 \u201cOaxaca Coraz\u00f3n\u201d es el nombre del concierto que diversos artistas oaxaque\u00f1os y algunos invitados, presentar\u00e1n el pr\u00f3ximo 17 de\u2026<\/p>\n<p class=\"postmeta\"><span class=\"meta_date\">septiembre 12, 2017<\/span><\/p>\n<p class=\"postmeta\">\n<\/div>\n<div class=\"featuredpost\">\n<div class=\"flow_hide\">\n<p><a href=\"http:\/\/www.eloriente.net\/home\/2017\/09\/12\/5-vacantes-administracion-martesdevacantes-7\/\" rel=\"bookmark\"><img decoding=\"async\" class=\"alignleft\" title=\"5 Vacantes en Administraci\u00f3n #MartesDeVacantes\" src=\"http:\/\/www.eloriente.net\/home\/wp-content\/themes\/city-desk\/timthumb.php?src=http%3A%2F%2Fwww.eloriente.net%2Fhome%2Fwp-content%2Fuploads%2F2014%2F05%2Fmartes-de-vacantes.jpg&amp;q=90&amp;w=70&amp;h=45&amp;zc=1\" alt=\"5 Vacantes en Administraci\u00f3n #MartesDeVacantes\" \/><\/a><\/p>\n<h2 class=\"posttitle \"><a title=\"Enlace Permanente a 5 Vacantes en Administraci\u00f3n #MartesDeVacantes\" href=\"http:\/\/www.eloriente.net\/home\/2017\/09\/12\/5-vacantes-administracion-martesdevacantes-7\/\" rel=\"bookmark\">5 Vacantes en Administraci\u00f3n #MartesDeVacantes<\/a><\/h2>\n<\/div>\n<p>(www.eloriente.net, M\u00e9xico, a 12 de septiembre de 2017).- Conscientes de la importancia para la ciudadan\u00eda en general de la b\u00fasqueda de nuevas oportunidades de crecimiento profesional, ponemos\u2026<\/p>\n<p class=\"postmeta\"><span class=\"meta_date\">septiembre 12, 2017<\/span><\/p>\n<p class=\"postmeta\">\n<\/div>\n<div class=\"featuredpost\">\n<div class=\"flow_hide\">\n<p><a href=\"http:\/\/www.eloriente.net\/home\/2017\/09\/11\/videocolumna-educacion-cultura-turismo-sostenible-juan-antonio-gomez\/\" rel=\"bookmark\"><img decoding=\"async\" class=\"alignleft\" title=\"VIDEOCOLUMNA: Educaci\u00f3n, cultura y turismo sostenible. Por Juan Antonio G\u00f3mez\" src=\"http:\/\/www.eloriente.net\/home\/wp-content\/themes\/city-desk\/timthumb.php?src=http%3A%2F%2Fwww.eloriente.net%2Fhome%2Fwp-content%2Fuploads%2F2017%2F09%2FJUAN-ANTONIO-GO%CC%81MEZ-10-DE-SEPTIEMBRE-2017.jpg&amp;q=90&amp;w=70&amp;h=45&amp;zc=1\" alt=\"VIDEOCOLUMNA: Educaci\u00f3n, cultura y turismo sostenible. Por Juan Antonio G\u00f3mez\" \/><\/a><\/p>\n<h2 class=\"posttitle \"><a title=\"Enlace Permanente a VIDEOCOLUMNA: Educaci\u00f3n, cultura y turismo sostenible. Por Juan Antonio G\u00f3mez\" href=\"http:\/\/www.eloriente.net\/home\/2017\/09\/11\/videocolumna-educacion-cultura-turismo-sostenible-juan-antonio-gomez\/\" rel=\"bookmark\">VIDEOCOLUMNA: Educaci\u00f3n, cultura y turismo sostenible. Por Juan Antonio G\u00f3mez<\/a><\/h2>\n<\/div>\n<p>eloriente.net 11 de septiembre de 2017 \u201cEn materia de educaci\u00f3n los ambientes virtuales est\u00e1n presentes (24\/7\/365), hay quienes err\u00f3neamente los llaman la \u201ctecnolog\u00eda del futuro\u201d y sin\u2026<\/p>\n<p class=\"postmeta\"><span class=\"meta_date\">septiembre 11, 2017<\/span><\/p>\n<\/div>\n\n\t\t\t  <div \n\t\t\t  \tclass = \"fb-comments\" \n\t\t\t  \tdata-href = \"http:\/\/www.eloriente.net\/home\/2017\/09\/14\/no-puedes-dejar-ir-oaxaca-del-14-al-20-septiembre\/\"\n\t\t\t  \tdata-numposts = \"10\"\n\t\t\t\tdata-colorscheme = \"dark\"\n\t\t\t\tdata-order-by = \"social\"\n\t\t\t\tdata-mobile=true>\n\t\t\t  <\/div>\n\t\t  <style>\n\t\t\t.fb_iframe_widget_fluid_desktop iframe {\n\t\t\t    width: 100% !important;\n\t\t\t}\n\t\t  <\/style>\n\t\t  ","protected":false},"excerpt":{"rendered":"<p>(www.eloriente.net, M\u00e9xico. 7 de septiembre de 2017. Por: Jessica Lamadrid).- A pesar de las circunstancias por las cuales atraviesa nuestro estado, los centros culturales de la ciudad no han parado sus actividades y programas para esta semana. En cambio, algunos han destinado la realizaci\u00f3n de dichas actividades como una forma de conseguir apoyo para los [&hellip;]<\/p>\n","protected":false},"author":45,"featured_media":50289,"comment_status":"open","ping_status":"open","sticky":false,"template":"","format":"standard","meta":{"_jetpack_memberships_contains_paid_content":false,"footnotes":""},"categories":[8,32,16,4213,10,464,31],"tags":[8191,8368,8369,8370],"class_list":["post-50283","post","type-post","status-publish","format-standard","has-post-thumbnail","hentry","category-agenda","category-entradas","category-salud-y-estilo-de-vida","category-juchitan","category-lo-mas-reciente","category-oaxaca-estados","category-principal","tag-que-hacer-en-oaxaca-de-juarez","tag-5-actividades-culturales-en-oaxaca","tag-agenda-cultural-de-el-oriente","tag-recomendacion-de-actividades"],"jetpack_featured_media_url":"http:\/\/www.eloriente.net\/home\/wp-content\/uploads\/2017\/09\/classical-music-1838390_1920.jpg","jetpack_sharing_enabled":true,"_links":{"self":[{"href":"http:\/\/www.eloriente.net\/home\/wp-json\/wp\/v2\/posts\/50283"}],"collection":[{"href":"http:\/\/www.eloriente.net\/home\/wp-json\/wp\/v2\/posts"}],"about":[{"href":"http:\/\/www.eloriente.net\/home\/wp-json\/wp\/v2\/types\/post"}],"author":[{"embeddable":true,"href":"http:\/\/www.eloriente.net\/home\/wp-json\/wp\/v2\/users\/45"}],"replies":[{"embeddable":true,"href":"http:\/\/www.eloriente.net\/home\/wp-json\/wp\/v2\/comments?post=50283"}],"version-history":[{"count":5,"href":"http:\/\/www.eloriente.net\/home\/wp-json\/wp\/v2\/posts\/50283\/revisions"}],"predecessor-version":[{"id":50317,"href":"http:\/\/www.eloriente.net\/home\/wp-json\/wp\/v2\/posts\/50283\/revisions\/50317"}],"wp:featuredmedia":[{"embeddable":true,"href":"http:\/\/www.eloriente.net\/home\/wp-json\/wp\/v2\/media\/50289"}],"wp:attachment":[{"href":"http:\/\/www.eloriente.net\/home\/wp-json\/wp\/v2\/media?parent=50283"}],"wp:term":[{"taxonomy":"category","embeddable":true,"href":"http:\/\/www.eloriente.net\/home\/wp-json\/wp\/v2\/categories?post=50283"},{"taxonomy":"post_tag","embeddable":true,"href":"http:\/\/www.eloriente.net\/home\/wp-json\/wp\/v2\/tags?post=50283"}],"curies":[{"name":"wp","href":"https:\/\/api.w.org\/{rel}","templated":true}]}}