{"id":50357,"date":"2017-09-18T13:21:46","date_gmt":"2017-09-18T19:21:46","guid":{"rendered":"http:\/\/www.eloriente.net\/home\/?p=50357"},"modified":"2019-06-17T16:53:24","modified_gmt":"2019-06-17T22:53:24","slug":"la-cultura-irma-ciruelo-juan-pablo-vasconcelos","status":"publish","type":"post","link":"http:\/\/www.eloriente.net\/home\/2017\/09\/18\/la-cultura-irma-ciruelo-juan-pablo-vasconcelos\/","title":{"rendered":"ES LA CULTURA: Irma bajo el ciruelo. Por Juan Pablo Vasconcelos"},"content":{"rendered":"<p><script src=\"\/\/pagead2.googlesyndication.com\/pagead\/js\/adsbygoogle.js\" async=\"\"><\/script><!-- BANNER ELORIENTE INCRUSTADO NOTAS --> <ins class=\"adsbygoogle\" style=\"display: inline-block; width: 300px; height: 250px;\" data-ad-client=\"ca-pub-1136171134853753\" data-ad-slot=\"7974633627\"><\/ins><script>\/\/ <![CDATA[\n(adsbygoogle = window.adsbygoogle || []).push({});\n\/\/ ]]><\/script><\/p>\n<p>&nbsp;<\/p>\n<p>eloriente.net<\/p>\n<p>18 de septiembre de 2017<\/p>\n<p>Por Juan Pablo Vasconcelos<\/p>\n<p><a href=\"https:\/\/twitter.com\/JPVmx\" target=\"_blank\">@JPVmx<\/a><\/p>\n<p>&nbsp;<\/p>\n<p style=\"text-align: right;\"><i><span style=\"font-weight: 400;\">\u201cLa vi esperar. Ella solo sab\u00eda esperar.<\/span><\/i><\/p>\n<p style=\"text-align: right;\"><i><span style=\"font-weight: 400;\">Ten\u00eda la pierna herida con la piel abierta y exuberante. La zona viva avanzaba. Pero ella esperaba. \u00bfQu\u00e9?\u201d<\/span><\/i><\/p>\n<p>&nbsp;<\/p>\n<p><span style=\"font-weight: 400;\">Si no la interven\u00edan en 24 horas, la pierna derecha iba ser solo un recuerdo. Se miraba la herida como quien se concentra en entender el paisaje una tarde de verano. Mide la probable distancia entre el valle y la monta\u00f1a, distingue los rayos del sol que se cuelan entre las nubes m\u00e1s ligeras, y concluye que esta vez ninguna lluvia ha de caer sobre el pueblo. Todo se piensa en minutos perdidos, con una conciencia abstra\u00edda, ausente de las determinaciones del clima o de la naturaleza.<\/span><\/p>\n<p><span style=\"font-weight: 400;\">Aqu\u00ed ha de llover, caer una tromba, se elevar\u00e1n los niveles de los r\u00edos, y nada puede hacerse al respecto, se piensa mientras la tarde va determinando por s\u00ed misma su destino.<\/span><\/p>\n<p><span style=\"font-weight: 400;\">As\u00ed miraba Irma la herida que le avanzaba por la rodilla, subiendo hacia el muslo con decisi\u00f3n y cayendo hacia el tobillo con gravedad. Por dos frentes, la enfermedad ten\u00eda vida propia.<\/span><\/p>\n<p><span style=\"font-weight: 400;\">Le dijo a un vecino que estaba esperando ayuda. Ten\u00eda varios d\u00edas aguard\u00e1ndola. \u00c9l quiso convencerla de que no era suficiente esperar con disciplina y ciertos cuidados la llegada del remedio, sino que deb\u00eda ir a su b\u00fasqueda, provocar la atenci\u00f3n de alguien, incendiar las salas de espera de las cl\u00ednicas cercanas si fuera necesario, con tal de que no se hiciera demasiado tarde.<\/span><\/p>\n<p><span style=\"font-weight: 400;\">Pero ella permaneci\u00f3 sentada como si no escuchara ninguna de las posibilidades planteadas por el hombre. De hecho, no las escuchaba. No hab\u00eda aprendido a escuchar. Desde muy peque\u00f1a, la vida se le presentaba como la lluvia una tarde de verano, soportaba la llegada y los embates y las bondades del agua sin que pudiera tener ninguna intervenci\u00f3n sobre su destino.<\/span><\/p>\n<p><span style=\"font-weight: 400;\">Viv\u00eda su realidad, esperando.<\/span><\/p>\n<p><script src=\"\/\/pagead2.googlesyndication.com\/pagead\/js\/adsbygoogle.js\" async=\"\"><\/script><!-- BANNER PEQUE\u00d1O PARA ENTRENOTAS EL ORIENTE --> <ins class=\"adsbygoogle\" style=\"display: inline-block; width: 468px; height: 60px;\" data-ad-client=\"ca-pub-1136171134853753\" data-ad-slot=\"4953536424\"><\/ins><script>\/\/ <![CDATA[\n(adsbygoogle = window.adsbygoogle || []).push({});\n\/\/ ]]><\/script><\/p>\n<p><span style=\"font-weight: 400;\">Su familia no era diferente. Tuvo un padre \u2014fallecido hace un par de d\u00edas debido a la tragedia cernida sobre la comunidad\u2014 que se neg\u00f3 a salir de su casa cuando ya el terremoto abat\u00eda los closets y los trastes. No se movi\u00f3 de la mecedora. Pens\u00f3 en ese instante, una idea \u00a0que recorri\u00f3 la mente de muchas personas en el pueblo: \u201csi me toca ahora, me va a tocar, aunque me quite\u201d.<\/span><\/p>\n<p><span style=\"font-weight: 400;\">La idea es popular. Pero esa noche fue m\u00e1s contagiosa, invisiblemente contagiosa entre los pobladores. Quienes no salieron, en efecto les toc\u00f3 y no hab\u00eda nada por hacer. Su hora estaba marcada. Ellos solamente siguieron paso a paso el mapa estelar, divino, prefigurado, en el cual se tienen ya trazados todos los caminos, todos los atajos y, sobre todo, las conclusiones, los irremediables finales de todos los seres sobre la tierra.<\/span><\/p>\n<p><span style=\"font-weight: 400;\">Irma se salv\u00f3 de milagro y eso tambi\u00e9n ya estaba escrito.<\/span><\/p>\n<p><span style=\"font-weight: 400;\">Se hab\u00eda levantado de la cama unos minutos antes de que comenzara el sismo. No pod\u00eda dormir y fue al pozo por agua fresca. Justo cuando terminaba de vaciar el balde en la tinaja, comenz\u00f3 el movimiento. Se qued\u00f3 de pie, cuidando de no ser empujada hacia el bordo del agujero. No contaba con que una viga le caer\u00eda sobre la pierna derecha. Y no contaba pues hasta ahora no tiene idea de donde sali\u00f3 ni de donde vino ese proyectil. \u201cCuando te toca, te toca\u201d.<\/span><\/p>\n<p><span style=\"font-weight: 400;\">Unos minutos m\u00e1s tarde, este vecino y su familia llegaron a desatorarla. Hac\u00edan un recorrido por las casas cercanas buscando sobrevivientes. Les llam\u00f3 la atenci\u00f3n cuando hallaron a Irma, porque solo lloraba. Es decir, no grit\u00f3, no aull\u00f3, no ped\u00eda auxilio desaforadamente. Ella solo estaba llorando, m\u00e1s bien, sollozando, mientras el dolor le carcom\u00eda la extremidad y \u2014\u00bfqui\u00e9n puede saberlo?\u2014 la sensaci\u00f3n le sub\u00eda por el est\u00f3mago hasta el coraz\u00f3n.<\/span><\/p>\n<p><span style=\"font-weight: 400;\">De ni\u00f1a, de m\u00e1s ni\u00f1a, una sensaci\u00f3n parecida le atac\u00f3 la mente. Recolectaba ciruelas en el patio, pues le parec\u00eda una buena idea irlas a ofrecer en la puerta de la casa a los transe\u00fantes. Les quitar\u00eda el desgano por caminar con la boca reseca bajo el sol y se ganar\u00eda unas monedas para comprarse un refresco rojo.<\/span><\/p>\n<p><span style=\"font-weight: 400;\">Ya hab\u00eda recogido unas cuatro docenas. De hecho, los ciruelos eran raros en el pueblo pero en ese patio parec\u00edan haber encontrado su hogar y hasta pasaba por intencional la tirada tan numerosa de frutos al amanecer.<\/span><\/p>\n<p><span style=\"font-weight: 400;\">Irma, entusiasmada, coloc\u00f3 una mesita en el portal con una mantel de pl\u00e1stico de flores rojas y de fondo verde para hacer llamativo el nuevo negocio. Al principio, llegaron unos amigos y les regal\u00f3 unas pruebas y bondadosamente les obsequi\u00f3 la mitad de la compara. Pero luego, lleg\u00f3 su padre, quien no acept\u00f3 ninguna explicaci\u00f3n, le dijo que en su casa no estaban para pedir limosnas de nadie ni era necesario que su hija se buscara unas monedas de esa forma.<\/span><\/p>\n<p><span style=\"font-weight: 400;\">Forma. \u00bfDe esa forma? Durante varios d\u00edas, mientras le desaparec\u00edan los moretones de la reprimenda de su padre \u2014porque las palabras y gritos sol\u00edan ir acompa\u00f1ados siempre de varazos h\u00famedos\u2014 ella trataba de entender cu\u00e1l era la forma a la cual se refer\u00eda su padre. Si no estaba bien as\u00ed, c\u00f3mo pod\u00eda ganarse unas monedas sin que pareciera limosna.<\/span><\/p>\n<p><span style=\"font-weight: 400;\">Con tiento, volvi\u00f3 a la carga. Pero ahora, mercaba las ciruelas bajo pedido. Sin puesto de por medio, para que no volver a la forma indebida. <\/span><\/p>\n<p><span style=\"font-weight: 400;\">El pueblo era demasiado chico, sin embargo. El rumor lleg\u00f3 pronto a los o\u00eddos del hombre y ya tampoco vale la pena repetir la escena. Pero esta vez, \u00e9l le sum\u00f3 unas cuantas palabras, referidas al destino.<\/span><\/p>\n<p><span style=\"font-weight: 400;\">Ese rumbo marcado cuyo tiempo es inevitable. Cuyo libreto es incorregible. Para ella, su historia necesitaba pasar por la pobreza y ninguna idea de c\u00f3mo salir de esa condici\u00f3n era permisible. Se requer\u00eda ser pobre para vivir en esa casa. Se requer\u00eda esperar y no buscar. Era inevitable, porque as\u00ed le hab\u00eda tocado en la lista de vidas que al inicio de los tiempos se distribuy\u00f3 entre las mujeres y los hombres del planeta.<\/span><\/p>\n<p><span style=\"font-weight: 400;\">Es lo que hay, le dijo su padre.<\/span><\/p>\n<p><span style=\"font-weight: 400;\">Y ahora, a\u00f1os despu\u00e9s \u2014tampoco tantos\u2014, con \u00e9l muerto bajo los escombros, confirm\u00f3 todos los vaticinios. No pod\u00eda ser de otra manera. Y si el destino le ha marcado perder la pierna, pues que se haga la voluntad de lo se\u00f1alado. Nada puede hacerse al respecto, como no puede detenerse la lluvia en el verano.<\/span><\/p>\n<p><span style=\"font-weight: 400;\">Solo esperar.<\/span><\/p>\n<p><a href=\"http:\/\/www.eloriente.net\/home\/wp-content\/uploads\/2017\/09\/3238290407_fa2e41b8d8_b.jpg\" rel=\"attachment wp-att-50359\"><img loading=\"lazy\" decoding=\"async\" class=\"alignnone  wp-image-50359\" src=\"http:\/\/www.eloriente.net\/home\/wp-content\/uploads\/2017\/09\/3238290407_fa2e41b8d8_b-1024x615.jpg\" alt=\"\u00e1rbol sombra por @acane_s\" width=\"601\" height=\"361\" srcset=\"http:\/\/www.eloriente.net\/home\/wp-content\/uploads\/2017\/09\/3238290407_fa2e41b8d8_b.jpg 1024w, http:\/\/www.eloriente.net\/home\/wp-content\/uploads\/2017\/09\/3238290407_fa2e41b8d8_b-300x180.jpg 300w, http:\/\/www.eloriente.net\/home\/wp-content\/uploads\/2017\/09\/3238290407_fa2e41b8d8_b-768x461.jpg 768w\" sizes=\"(max-width: 601px) 100vw, 601px\" \/><\/a><\/p>\n<p><strong>OTRAS ENTRADAS<\/strong><\/p>\n<div class=\"featuredpost\">\n<div class=\"flow_hide\">\n<h2 class=\"posttitle bigposttitle\"><a title=\"Enlace Permanente a Recibe Istmo de Tehuantepec reconocimiento internacional de ecoturismo #UnOrienteVerde\" href=\"http:\/\/www.eloriente.net\/home\/2017\/09\/18\/recibe-istmo-tehuantepec-reconocimiento-internacional-ecoturismo-unorienteverde\/\" rel=\"bookmark\">Recibe Istmo de Tehuantepec reconocimiento internacional de ecoturismo #UnOrienteVerde<\/a><\/h2>\n<\/div>\n<p>(www.eloriente.net, M\u00e9xico. 18 de septiembre de 2017. Por: Jessica Lamadrid).- El eco-turismo es una de las mejores opciones para pasar unas agradables vacaciones con la familia, pareja o\u2026<\/p>\n<p class=\"postmeta\"><span class=\"meta_date\">septiembre 18, 2017<\/span><\/p>\n<div class=\"toolbar-social\"><\/div>\n<\/div>\n<div class=\"featuredpost\">\n<div class=\"flow_hide\">\n<p><a href=\"http:\/\/www.eloriente.net\/home\/2017\/09\/15\/me-quiero-quedar-vivir-oaxaca-mon-laferte\/\" rel=\"bookmark\"><img decoding=\"async\" class=\"alignleft\" title=\"\u201cMe quiero quedar a vivir en Oaxaca\u201d: Mon Laferte\" src=\"http:\/\/www.eloriente.net\/home\/wp-content\/themes\/city-desk\/timthumb.php?src=http%3A%2F%2Fwww.eloriente.net%2Fhome%2Fwp-content%2Fuploads%2F2017%2F09%2F28553838201_e7e5cdabe8_k.jpg&amp;q=90&amp;w=70&amp;h=45&amp;zc=1\" alt=\"\u201cMe quiero quedar a vivir en Oaxaca\u201d: Mon Laferte\" \/><\/a><\/p>\n<h2 class=\"posttitle \"><a title=\"Enlace Permanente a \u201cMe quiero quedar a vivir en Oaxaca\u201d: Mon Laferte\" href=\"http:\/\/www.eloriente.net\/home\/2017\/09\/15\/me-quiero-quedar-vivir-oaxaca-mon-laferte\/\" rel=\"bookmark\">\u201cMe quiero quedar a vivir en Oaxaca\u201d: Mon Laferte<\/a><\/h2>\n<\/div>\n<p>(www.eloriente.net, M\u00e9xico. 15 de septiembre de 2017. Por: Jessica Lamadrid).- La cantante chilena Mon Laferte durante su presentaci\u00f3n hecha el 26 de agosto de este a\u00f1o en el\u2026<\/p>\n<p class=\"postmeta\"><span class=\"meta_date\">septiembre 15, 2017<\/span><\/p>\n<div class=\"toolbar-social\"><\/div>\n<\/div>\n<div class=\"featuredpost\">\n<div class=\"flow_hide\">\n<p><a href=\"http:\/\/www.eloriente.net\/home\/2017\/09\/15\/conferencia-anatomia-sismo-mitos-realidades\/\" rel=\"bookmark\"><img decoding=\"async\" class=\"alignleft\" title=\"CONFERENCIA \u2013 Anatom\u00eda de un sismo: Mitos y Realidades\" src=\"http:\/\/www.eloriente.net\/home\/wp-content\/themes\/city-desk\/timthumb.php?src=http%3A%2F%2Fwww.eloriente.net%2Fhome%2Fwp-content%2Fuploads%2F2017%2F09%2FCONFERENCIA-ANATOMI%CC%81A-DE-UN-SISMO.jpg&amp;q=90&amp;w=70&amp;h=45&amp;zc=1\" alt=\"CONFERENCIA \u2013 Anatom\u00eda de un sismo: Mitos y Realidades\" \/><\/a><\/p>\n<h2 class=\"posttitle \"><a title=\"Enlace Permanente a CONFERENCIA \u2013 Anatom\u00eda de un sismo: Mitos y Realidades\" href=\"http:\/\/www.eloriente.net\/home\/2017\/09\/15\/conferencia-anatomia-sismo-mitos-realidades\/\" rel=\"bookmark\">CONFERENCIA \u2013 Anatom\u00eda de un sismo: Mitos y Realidades<\/a><\/h2>\n<\/div>\n<p>eloriente.net 15 de septiembre de 2017 El pasado 14 de septiembre se llev\u00f3 a cabo en el Auditorio del Archivo General del Estado de Oaxaca la conferencia\u2026<\/p>\n<p class=\"postmeta\"><span class=\"meta_date\">septiembre 15, 2017<\/span><\/p>\n<\/div>\n\n\t\t\t  <div \n\t\t\t  \tclass = \"fb-comments\" \n\t\t\t  \tdata-href = \"http:\/\/www.eloriente.net\/home\/2017\/09\/18\/la-cultura-irma-ciruelo-juan-pablo-vasconcelos\/\"\n\t\t\t  \tdata-numposts = \"10\"\n\t\t\t\tdata-colorscheme = \"dark\"\n\t\t\t\tdata-order-by = \"social\"\n\t\t\t\tdata-mobile=true>\n\t\t\t  <\/div>\n\t\t  <style>\n\t\t\t.fb_iframe_widget_fluid_desktop iframe {\n\t\t\t    width: 100% !important;\n\t\t\t}\n\t\t  <\/style>\n\t\t  ","protected":false},"excerpt":{"rendered":"<p>&nbsp; eloriente.net 18 de septiembre de 2017 Por Juan Pablo Vasconcelos @JPVmx &nbsp; \u201cLa vi esperar. Ella solo sab\u00eda esperar. Ten\u00eda la pierna herida con la piel abierta y exuberante. La zona viva avanzaba. Pero ella esperaba. \u00bfQu\u00e9?\u201d &nbsp; Si no la interven\u00edan en 24 horas, la pierna derecha iba ser solo un recuerdo. Se [&hellip;]<\/p>\n","protected":false},"author":13,"featured_media":50359,"comment_status":"open","ping_status":"open","sticky":false,"template":"","format":"standard","meta":{"_jetpack_memberships_contains_paid_content":false,"footnotes":""},"categories":[11,18,32,63,54,10504,3153,464],"tags":[241,477,7229,621,1285,821,2101,297,2566,8379,4303],"class_list":["post-50357","post","type-post","status-publish","format-standard","has-post-thumbnail","hentry","category-colaboradores","category-educacion-y-cultura","category-entradas","category-estados","category-juan-pablo-vasconcelos","category-las-ultimas-12","category-letras-educacion-y-cultura","category-oaxaca-estados","tag-cultura","tag-el-oriente","tag-es-la-cultura","tag-historias","tag-juan-pablo-vasconcelos-2","tag-juchitan","tag-letras","tag-literatura","tag-septiembre","tag-temblor","tag-terremoto"],"jetpack_featured_media_url":"http:\/\/www.eloriente.net\/home\/wp-content\/uploads\/2017\/09\/3238290407_fa2e41b8d8_b.jpg","jetpack_sharing_enabled":true,"_links":{"self":[{"href":"http:\/\/www.eloriente.net\/home\/wp-json\/wp\/v2\/posts\/50357"}],"collection":[{"href":"http:\/\/www.eloriente.net\/home\/wp-json\/wp\/v2\/posts"}],"about":[{"href":"http:\/\/www.eloriente.net\/home\/wp-json\/wp\/v2\/types\/post"}],"author":[{"embeddable":true,"href":"http:\/\/www.eloriente.net\/home\/wp-json\/wp\/v2\/users\/13"}],"replies":[{"embeddable":true,"href":"http:\/\/www.eloriente.net\/home\/wp-json\/wp\/v2\/comments?post=50357"}],"version-history":[{"count":1,"href":"http:\/\/www.eloriente.net\/home\/wp-json\/wp\/v2\/posts\/50357\/revisions"}],"predecessor-version":[{"id":50360,"href":"http:\/\/www.eloriente.net\/home\/wp-json\/wp\/v2\/posts\/50357\/revisions\/50360"}],"wp:featuredmedia":[{"embeddable":true,"href":"http:\/\/www.eloriente.net\/home\/wp-json\/wp\/v2\/media\/50359"}],"wp:attachment":[{"href":"http:\/\/www.eloriente.net\/home\/wp-json\/wp\/v2\/media?parent=50357"}],"wp:term":[{"taxonomy":"category","embeddable":true,"href":"http:\/\/www.eloriente.net\/home\/wp-json\/wp\/v2\/categories?post=50357"},{"taxonomy":"post_tag","embeddable":true,"href":"http:\/\/www.eloriente.net\/home\/wp-json\/wp\/v2\/tags?post=50357"}],"curies":[{"name":"wp","href":"https:\/\/api.w.org\/{rel}","templated":true}]}}