{"id":50390,"date":"2017-09-19T17:04:19","date_gmt":"2017-09-19T23:04:19","guid":{"rendered":"http:\/\/www.eloriente.net\/home\/?p=50390"},"modified":"2017-09-19T17:04:20","modified_gmt":"2017-09-19T23:04:20","slug":"terremoto-vuelve-luto-sismo-19-septiembre-oaxaca-control-murat","status":"publish","type":"post","link":"http:\/\/www.eloriente.net\/home\/2017\/09\/19\/terremoto-vuelve-luto-sismo-19-septiembre-oaxaca-control-murat\/","title":{"rendered":"TERREMOTO: Vuelve luto por sismo un 19 de septiembre; en #Oaxaca todo en control: Murat"},"content":{"rendered":"<p><script src=\"\/\/pagead2.googlesyndication.com\/pagead\/js\/adsbygoogle.js\" async=\"\"><\/script><!-- BANNER ELORIENTE INCRUSTADO NOTAS --> <ins class=\"adsbygoogle\" style=\"display: inline-block; width: 300px; height: 250px;\" data-ad-client=\"ca-pub-1136171134853753\" data-ad-slot=\"7974633627\"><\/ins><script>\/\/ <![CDATA[\n(adsbygoogle = window.adsbygoogle || []).push({});\n\/\/ ]]><\/script><br \/>\n(www.eloriente.net, M\u00e9xico, a 19 de septiembre de 2017, por: Sergio M\u00e9ndez).- \u00abSi sus viviendas presenta alg\u00fan da\u00f1o, rep\u00f3rtenlo inmediatamente a los servicios de protecci\u00f3n civil\u00bb, recomend\u00f3 esta tarde en conferencia de prensa Alejandro Murat Hinojosa, gobernador del estado de Oaxaca.<\/p>\n<p>Al presentar un reporte en instalaciones del palacio de gobierno municipal de Oaxaca de Ju\u00e1rez, inform\u00f3 que no se presentan mayores afectaciones en territorio local, excepto en la regi\u00f3n de la mixteca, donde hubo desperfectos en Huajuapan, tanto en el Palacio Municipal como en la iglesia y dos hospitales. Asimismo, un corte de electricidad en toda la zona.<br \/>\n<script src=\"\/\/pagead2.googlesyndication.com\/pagead\/js\/adsbygoogle.js\" async=\"\"><\/script><br \/>\n <!-- BANNER PEQUE\u00d1O PARA ENTRENOTAS EL ORIENTE --><br \/>\n <ins class=\"adsbygoogle\" style=\"display: inline-block; width: 468px; height: 60px;\" data-ad-client=\"ca-pub-1136171134853753\" data-ad-slot=\"4953536424\"><\/ins><br \/>\n<script>\/\/ <![CDATA[\n(adsbygoogle = window.adsbygoogle || []).push({});\n\/\/ ]]><\/script><br \/>\n&nbsp;<\/p>\n<p>Hay un fallecido producto del desplome de una iglesia en un poblado de misma regi\u00f3n de la mixteca.<\/p>\n<p>En el Istmo no report\u00f3 mayor afectaci\u00f3n.<\/p>\n<p>Por su parte, el presidente municipal de la capital, Jos\u00e9 Antonio Hern\u00e1ndez Fraguas, confirm\u00f3 diversos da\u00f1os en el edificio de Correos, en el centro de la ciudad, as\u00ed como en la Escuela Basilio Rojas, la Iglesia de La Compa\u00f1\u00eda\u2014donde se agravaron los da\u00f1os del sismo anterior\u2014, y campanario de la Iglesia de Cinco Se\u00f1ores.<\/p>\n<p>Se revisan reportes en el estadio de beisbol Eduardo Vasconcelos, as\u00ed como en el Hospital Civil y panteones.<\/p>\n<p>El Palacio Municipal fue revisado ya y se confirm\u00f3 por parte del primer concejal que no presenta ninguna afectaci\u00f3n de considerarse.<\/p>\n<p>Durante la conferencia, en la que tambi\u00e9n estuvo presente Alfonso Mart\u00ednez, Vocero del gobierno estatal y H\u00e9ctor Pablo Ram\u00edrez Puga, director de LICONSA, el mandatario orden\u00f3 la suspensi\u00f3n de clases en todo el estado.<\/p>\n<p>Asimismo, enfatiz\u00f3 el deseo de enviar un mensaje de gobernabilidad en Oaxaca, donde hay suministro suficiente de alimentos, luz, agua y seguridad.<\/p>\n<p>Despu\u00e9s de esta conferencia, los funcionarios se trasladaron personalmente a revisar la situaci\u00f3n en el Hospital Civil.<\/p>\n<p><a href=\"http:\/\/www.eloriente.net\/home\/wp-content\/uploads\/2017\/09\/murat-fraguas-sep192017-@alejandromurat.jpg\" rel=\"attachment wp-att-50391\"><img loading=\"lazy\" decoding=\"async\" class=\"alignnone  wp-image-50391\" src=\"http:\/\/www.eloriente.net\/home\/wp-content\/uploads\/2017\/09\/murat-fraguas-sep192017-@alejandromurat.jpg\" alt=\"murat fraguas sep192017 @alejandromurat\" width=\"500\" height=\"281\" srcset=\"http:\/\/www.eloriente.net\/home\/wp-content\/uploads\/2017\/09\/murat-fraguas-sep192017-@alejandromurat.jpg 872w, http:\/\/www.eloriente.net\/home\/wp-content\/uploads\/2017\/09\/murat-fraguas-sep192017-@alejandromurat-300x169.jpg 300w, http:\/\/www.eloriente.net\/home\/wp-content\/uploads\/2017\/09\/murat-fraguas-sep192017-@alejandromurat-768x432.jpg 768w\" sizes=\"(max-width: 500px) 100vw, 500px\" \/><\/a><\/p>\n<p><strong>OTRAS ENTRADAS:<\/strong><\/p>\n<div class=\"featuredpost\">\n<div class=\"flow_hide\">\n<h2 class=\"posttitle bigposttitle\"><a title=\"Enlace Permanente a 5 Vacantes en Derecho #MartesDeVacantes\" href=\"http:\/\/www.eloriente.net\/home\/2017\/09\/19\/5-vacantes-administracion-martesdevacantes-8\/\" rel=\"bookmark\">5 Vacantes en Derecho #MartesDeVacantes<\/a><\/h2>\n<\/div>\n<p>(www.eloriente.net, M\u00e9xico, a 19 de septiembre de 2017).- Conscientes de la importancia para la ciudadan\u00eda en general de la b\u00fasqueda de nuevas oportunidades de crecimiento profesional, ponemos\u2026<\/p>\n<p class=\"postmeta\"><span class=\"meta_date\">septiembre 19, 2017<\/span><\/p>\n<div class=\"toolbar-social\">\n<div class=\"social-widget\">\n<div id=\"sharing-widget\"><a class=\"button icon-share\">Compartir<\/a><\/div>\n<\/div>\n<\/div>\n<\/div>\n<div class=\"featuredpost\">\n<div class=\"flow_hide\"><a href=\"http:\/\/www.eloriente.net\/home\/2017\/09\/18\/videocolumna-paso-las-alarmas-sismicas-oaxaca-karina-baron\/\" rel=\"bookmark\"><img decoding=\"async\" class=\"alignleft\" title=\"VIDEOCOLUMNA: \u00bfQu\u00e9 pas\u00f3 con las alarmas s\u00edsmicas en Oaxaca? Por Karina Bar\u00f3n\" src=\"http:\/\/www.eloriente.net\/home\/wp-content\/themes\/city-desk\/timthumb.php?src=http%3A%2F%2Fwww.eloriente.net%2Fhome%2Fwp-content%2Fuploads%2F2017%2F09%2FKARINA-BARO%CC%81N-18-DE-SEPTIEMBRE-2017-2.jpg&amp;q=90&amp;w=70&amp;h=45&amp;zc=1\" alt=\"VIDEOCOLUMNA: \u00bfQu\u00e9 pas\u00f3 con las alarmas s\u00edsmicas en Oaxaca? Por Karina Bar\u00f3n\" \/><\/a><\/p>\n<h2 class=\"posttitle \"><a title=\"Enlace Permanente a VIDEOCOLUMNA: \u00bfQu\u00e9 pas\u00f3 con las alarmas s\u00edsmicas en Oaxaca? Por Karina Bar\u00f3n\" href=\"http:\/\/www.eloriente.net\/home\/2017\/09\/18\/videocolumna-paso-las-alarmas-sismicas-oaxaca-karina-baron\/\" rel=\"bookmark\">VIDEOCOLUMNA: \u00bfQu\u00e9 pas\u00f3 con las alarmas s\u00edsmicas en Oaxaca? Por Karina Bar\u00f3n<\/a><\/h2>\n<\/div>\n<p>eloriente.net 18 de septiembre de 2017 \u201cEl caso del presunto desv\u00edo en la compra y funcionamiento de las alertas s\u00edsmicas en Oaxaca, no puede quedarse en la\u2026<\/p>\n<p class=\"postmeta\"><span class=\"meta_date\">septiembre 18, 2017<\/span><\/p>\n<p class=\"postmeta\">\n<\/div>\n<p>&nbsp;<\/p>\n<p>&nbsp;<\/p>\n\n\t\t\t  <div \n\t\t\t  \tclass = \"fb-comments\" \n\t\t\t  \tdata-href = \"http:\/\/www.eloriente.net\/home\/2017\/09\/19\/terremoto-vuelve-luto-sismo-19-septiembre-oaxaca-control-murat\/\"\n\t\t\t  \tdata-numposts = \"10\"\n\t\t\t\tdata-colorscheme = \"dark\"\n\t\t\t\tdata-order-by = \"social\"\n\t\t\t\tdata-mobile=true>\n\t\t\t  <\/div>\n\t\t  <style>\n\t\t\t.fb_iframe_widget_fluid_desktop iframe {\n\t\t\t    width: 100% !important;\n\t\t\t}\n\t\t  <\/style>\n\t\t  ","protected":false},"excerpt":{"rendered":"<p>(www.eloriente.net, M\u00e9xico, a 19 de septiembre de 2017, por: Sergio M\u00e9ndez).- \u00abSi sus viviendas presenta alg\u00fan da\u00f1o, rep\u00f3rtenlo inmediatamente a los servicios de protecci\u00f3n civil\u00bb, recomend\u00f3 esta tarde en conferencia de prensa Alejandro Murat Hinojosa, gobernador del estado de Oaxaca. Al presentar un reporte en instalaciones del palacio de gobierno municipal de Oaxaca de Ju\u00e1rez, [&hellip;]<\/p>\n","protected":false},"author":1,"featured_media":50391,"comment_status":"open","ping_status":"open","sticky":false,"template":"","format":"standard","meta":{"_jetpack_memberships_contains_paid_content":false,"footnotes":""},"categories":[29,49,32,63,10,24,23,464,21,31],"tags":[4052,4050,1466,8326],"class_list":["post-50390","post","type-post","status-publish","format-standard","has-post-thumbnail","hentry","category-capital","category-destacadas","category-entradas","category-estados","category-lo-mas-reciente","category-mexico-y-el-mundo","category-municipios","category-oaxaca-estados","category-politica-y-gobierno","category-principal","tag-alejandro-murat","tag-jose-antonio-hernandez-fraguas","tag-proteccion-civil","tag-sismo-oaxaca"],"jetpack_featured_media_url":"http:\/\/www.eloriente.net\/home\/wp-content\/uploads\/2017\/09\/murat-fraguas-sep192017-@alejandromurat.jpg","jetpack_sharing_enabled":true,"_links":{"self":[{"href":"http:\/\/www.eloriente.net\/home\/wp-json\/wp\/v2\/posts\/50390"}],"collection":[{"href":"http:\/\/www.eloriente.net\/home\/wp-json\/wp\/v2\/posts"}],"about":[{"href":"http:\/\/www.eloriente.net\/home\/wp-json\/wp\/v2\/types\/post"}],"author":[{"embeddable":true,"href":"http:\/\/www.eloriente.net\/home\/wp-json\/wp\/v2\/users\/1"}],"replies":[{"embeddable":true,"href":"http:\/\/www.eloriente.net\/home\/wp-json\/wp\/v2\/comments?post=50390"}],"version-history":[{"count":1,"href":"http:\/\/www.eloriente.net\/home\/wp-json\/wp\/v2\/posts\/50390\/revisions"}],"predecessor-version":[{"id":50392,"href":"http:\/\/www.eloriente.net\/home\/wp-json\/wp\/v2\/posts\/50390\/revisions\/50392"}],"wp:featuredmedia":[{"embeddable":true,"href":"http:\/\/www.eloriente.net\/home\/wp-json\/wp\/v2\/media\/50391"}],"wp:attachment":[{"href":"http:\/\/www.eloriente.net\/home\/wp-json\/wp\/v2\/media?parent=50390"}],"wp:term":[{"taxonomy":"category","embeddable":true,"href":"http:\/\/www.eloriente.net\/home\/wp-json\/wp\/v2\/categories?post=50390"},{"taxonomy":"post_tag","embeddable":true,"href":"http:\/\/www.eloriente.net\/home\/wp-json\/wp\/v2\/tags?post=50390"}],"curies":[{"name":"wp","href":"https:\/\/api.w.org\/{rel}","templated":true}]}}