{"id":50393,"date":"2017-09-20T11:09:59","date_gmt":"2017-09-20T17:09:59","guid":{"rendered":"http:\/\/www.eloriente.net\/home\/?p=50393"},"modified":"2017-09-20T11:20:09","modified_gmt":"2017-09-20T17:20:09","slug":"mensajes-solidaridad-mexico-mundo","status":"publish","type":"post","link":"http:\/\/www.eloriente.net\/home\/2017\/09\/20\/mensajes-solidaridad-mexico-mundo\/","title":{"rendered":"Mensajes de solidaridad con M\u00e9xico en todo el mundo"},"content":{"rendered":"<p><script src=\"\/\/pagead2.googlesyndication.com\/pagead\/js\/adsbygoogle.js\" async=\"\"><\/script><!-- BANNER ELORIENTE INCRUSTADO NOTAS --> <ins class=\"adsbygoogle\" style=\"display: inline-block; width: 300px; height: 250px;\" data-ad-client=\"ca-pub-1136171134853753\" data-ad-slot=\"7974633627\"><\/ins><script>\/\/ <![CDATA[\n(adsbygoogle = window.adsbygoogle || []).push({});\n\/\/ ]]><\/script><\/p>\n<p>(www.eloriente.net, M\u00e9xico. 20 de septiembre de 2017. Por: Jessica Lamadrid).- Tras el terremoto vivido el 19 de septiembre de este a\u00f1o que afecto varios estados de la Rep\u00fablica Mexicana; diversas personalidades, fundaciones e instituciones han mostrado su apoyo a las personas que resultaron afectadas durante este suceso, la solidaridad se manifest\u00f3 desde mensajes positivos hasta donaciones y acciones que se hicieron con el fin de aportar recursos a quienes perdieron sus hogares.<\/p>\n<p><script src=\"\/\/pagead2.googlesyndication.com\/pagead\/js\/adsbygoogle.js\" async=\"\"><\/script><!-- BANNER PEQUE\u00d1O PARA ENTRENOTAS EL ORIENTE --> <ins class=\"adsbygoogle\" style=\"display: inline-block; width: 468px; height: 60px;\" data-ad-client=\"ca-pub-1136171134853753\" data-ad-slot=\"4953536424\"><\/ins><script>\/\/ <![CDATA[\n(adsbygoogle = window.adsbygoogle || []).push({});\n\/\/ ]]><\/script><\/p>\n<p>Una de estas personalidades fue\u00a0Sergio Michel P\u00e9rez Mendoza \u200b tambi\u00e9n conocido como Checo P\u00e9rez, conductor de Formula 1, que anunci\u00f3 a trav\u00e9s de su cuenta de twitter que donar\u00eda 3 millones de pesos para apoyar a los damnificados y a esto se le sumaria lo recaudado por su fundaci\u00f3n, compartiendo una n\u00famero de cuenta bancaria.<\/p>\n<blockquote class=\"twitter-tweet\" data-width=\"550\" data-dnt=\"true\">\n<p lang=\"es\" dir=\"ltr\">Por cada $1 que <a href=\"https:\/\/twitter.com\/FundChecoPerez?ref_src=twsrc%5Etfw\">@FundChecoPerez<\/a> reciba <a href=\"https:\/\/twitter.com\/Fund_CarlosSlim?ref_src=twsrc%5Etfw\">@Fund_CarlosSlim<\/a> donar\u00e1 $5. Yo dono 3 millones de pesos a la causa. \u00a1Ayudemos todos! <a href=\"https:\/\/twitter.com\/hashtag\/FuerzaM%C3%A9xico?src=hash&amp;ref_src=twsrc%5Etfw\">#FuerzaM\u00e9xico<\/a> <a href=\"https:\/\/t.co\/O2ZDJyvOI1\">pic.twitter.com\/O2ZDJyvOI1<\/a><\/p>\n<p>&mdash; Sergio P\u00e9rez (@SChecoPerez) <a href=\"https:\/\/twitter.com\/SChecoPerez\/status\/910371421565718529?ref_src=twsrc%5Etfw\">September 20, 2017<\/a><\/p><\/blockquote>\n<p><script async src=\"https:\/\/platform.twitter.com\/widgets.js\" charset=\"utf-8\"><\/script><\/p>\n<p>&nbsp;<\/p>\n<p>La Fundaci\u00f3n Carlos Slim adem\u00e1s de aportar en la fundaci\u00f3n de Checo P\u00e9rez ha informado que las donaciones recaudadas por medio de empresas telef\u00f3nicas donar\u00e1 5 pesos m\u00e1s de lo donado, adem\u00e1s de esto han abierto sus redes wi-fi para que las personas que lo necesiten puedan comunicarse usando internet o por medio de llamadas.<\/p>\n<blockquote class=\"twitter-tweet\" data-width=\"550\" data-dnt=\"true\">\n<p lang=\"es\" dir=\"ltr\">Se ampl\u00eda la campa\u00f1a de <a href=\"https:\/\/twitter.com\/hashtag\/AyudaAM%C3%A9xico?src=hash&amp;ref_src=twsrc%5Etfw\">#AyudaAM\u00e9xico<\/a> aportando $5 pesos por $1 peso donado en apoyo a v\u00edctimas del <a href=\"https:\/\/twitter.com\/hashtag\/sismo?src=hash&amp;ref_src=twsrc%5Etfw\">#sismo<\/a> <a href=\"https:\/\/t.co\/vkVyvJA3U8\">pic.twitter.com\/vkVyvJA3U8<\/a><\/p>\n<p>&mdash; Fundaci\u00f3nCarlosSlim (@Fund_CarlosSlim) <a href=\"https:\/\/twitter.com\/Fund_CarlosSlim\/status\/910525685046829057?ref_src=twsrc%5Etfw\">September 20, 2017<\/a><\/p><\/blockquote>\n<p><script async src=\"https:\/\/platform.twitter.com\/widgets.js\" charset=\"utf-8\"><\/script><\/p>\n<p>&nbsp;<\/p>\n<p>Grupo Salinas se ha unido tambi\u00e9n al apoyo de M\u00e9xico, haciendo que el recurso de Movimiento Azteca se destine a los damnificados de los dos sismos presentados durante el mes de septiembre.<\/p>\n<blockquote class=\"twitter-tweet\" data-width=\"550\" data-dnt=\"true\">\n<p lang=\"es\" dir=\"ltr\">.<a href=\"https:\/\/twitter.com\/gruposalinas?ref_src=twsrc%5Etfw\">@GrupoSalinas<\/a> se une a <a href=\"https:\/\/twitter.com\/hashtag\/M%C3%A9xico?src=hash&amp;ref_src=twsrc%5Etfw\">#M\u00e9xico<\/a>\ud83c\uddf2\ud83c\uddfd. Por cada peso de ayuda <a href=\"https:\/\/twitter.com\/movazteca?ref_src=twsrc%5Etfw\">@MovAzteca<\/a>, pondremos otro. <a href=\"https:\/\/twitter.com\/hashtag\/M%C3%A9xicoEst%C3%A1DePie?src=hash&amp;ref_src=twsrc%5Etfw\">#M\u00e9xicoEst\u00e1DePie<\/a> <a href=\"https:\/\/twitter.com\/hashtag\/FuerzaM%C3%A9xico?src=hash&amp;ref_src=twsrc%5Etfw\">#FuerzaM\u00e9xico<\/a> <a href=\"https:\/\/t.co\/s8XLxKG5Dv\">pic.twitter.com\/s8XLxKG5Dv<\/a><\/p>\n<p>&mdash; Don Ricardo Salinas Pliego (@RicardoBSalinas) <a href=\"https:\/\/twitter.com\/RicardoBSalinas\/status\/910530677858172928?ref_src=twsrc%5Etfw\">September 20, 2017<\/a><\/p><\/blockquote>\n<p><script async src=\"https:\/\/platform.twitter.com\/widgets.js\" charset=\"utf-8\"><\/script><\/p>\n<p>&nbsp;<\/p>\n<p>El Salvador como una muestra de solidaridad con nuestro pa\u00eds ha enviado a 25 rescatistas para salvar a personas atrapadas en los escombros.<\/p>\n<blockquote class=\"twitter-tweet\" data-width=\"550\" data-dnt=\"true\">\n<p lang=\"es\" dir=\"ltr\">Los 25 rescatistas van a <a href=\"https:\/\/twitter.com\/hashtag\/M%C3%A9xico?src=hash&amp;ref_src=twsrc%5Etfw\">#M\u00e9xico<\/a> en representaci\u00f3n de cada salvadore\u00f1os que se identifica con la Solidaridad. <a href=\"https:\/\/twitter.com\/hashtag\/USARElSalvador?src=hash&amp;ref_src=twsrc%5Etfw\">#USARElSalvador<\/a> <a href=\"https:\/\/t.co\/ruVKmqRMHJ\">pic.twitter.com\/ruVKmqRMHJ<\/a><\/p>\n<p>&mdash; Bomberos El Salvador \ud83e\uddd1\u200d\ud83d\ude92\ud83d\ude92\ud83c\uddf8\ud83c\uddfb (@BomberosSV) <a href=\"https:\/\/twitter.com\/BomberosSV\/status\/910496365733715969?ref_src=twsrc%5Etfw\">September 20, 2017<\/a><\/p><\/blockquote>\n<p><script async src=\"https:\/\/platform.twitter.com\/widgets.js\" charset=\"utf-8\"><\/script><\/p>\n<p>&nbsp;<\/p>\n<p>A trav\u00e9s de su cuenta de Twitter oficial el presidente de Honduras ha dado a conocer que el grupo Katrachos USAR se prepara para salir hacia M\u00e9xico para aportar ayuda humanitaria.<\/p>\n<blockquote class=\"twitter-tweet\" data-width=\"550\" data-dnt=\"true\">\n<p lang=\"es\" dir=\"ltr\">Honrando su vocaci\u00f3n de servicio y representando la solidaridad del pueblo hondure\u00f1o, equipo Katrachos USAR se prepara para partir a <a href=\"https:\/\/twitter.com\/hashtag\/M%C3%A9xico?src=hash&amp;ref_src=twsrc%5Etfw\">#M\u00e9xico<\/a> <a href=\"https:\/\/t.co\/W4Q7Wt9EAc\">pic.twitter.com\/W4Q7Wt9EAc<\/a><\/p>\n<p>&mdash; Juan Orlando H. (@JuanOrlandoH) <a href=\"https:\/\/twitter.com\/JuanOrlandoH\/status\/910511051766140928?ref_src=twsrc%5Etfw\">September 20, 2017<\/a><\/p><\/blockquote>\n<p><script async src=\"https:\/\/platform.twitter.com\/widgets.js\" charset=\"utf-8\"><\/script><\/p>\n<p>&nbsp;<\/p>\n<p>Otros pa\u00edses mostraron su solidaridad iluminando sus monumentos con los colores de la bandera mexicana, este fue el caso de Francia, Brasil y Estados Unidos.<\/p>\n<blockquote class=\"twitter-tweet\" data-width=\"550\" data-dnt=\"true\">\n<p lang=\"es\" dir=\"ltr\">Par\u00eds, Brasil y Nueva York muestran su solidaridad con <a href=\"https:\/\/twitter.com\/hashtag\/M%C3%A9xico?src=hash&amp;ref_src=twsrc%5Etfw\">#M\u00e9xico<\/a>. <a href=\"https:\/\/twitter.com\/hashtag\/Oaxaca?src=hash&amp;ref_src=twsrc%5Etfw\">#Oaxaca<\/a> <a href=\"https:\/\/twitter.com\/hashtag\/FuerzaM%C3%A9xico?src=hash&amp;ref_src=twsrc%5Etfw\">#FuerzaM\u00e9xico<\/a> <a href=\"https:\/\/twitter.com\/hashtag\/TerremotoEnM%C3%A9xico?src=hash&amp;ref_src=twsrc%5Etfw\">#TerremotoEnM\u00e9xico<\/a> <a href=\"https:\/\/t.co\/RgeOvhTGaS\">pic.twitter.com\/RgeOvhTGaS<\/a><\/p>\n<p>&mdash; Acierta Oaxaca (@AciertaOaxaca) <a href=\"https:\/\/twitter.com\/AciertaOaxaca\/status\/910500997893468160?ref_src=twsrc%5Etfw\">September 20, 2017<\/a><\/p><\/blockquote>\n<p><script async src=\"https:\/\/platform.twitter.com\/widgets.js\" charset=\"utf-8\"><\/script><\/p>\n<p>&nbsp;<\/p>\n<p>Por otro lado, en la zona afectada en la Ciudad de M\u00e9xico quienes se sumaron a las actividades de rescate cantaron un fragmento de la canci\u00f3n \u00abCielito Lindo\u00bb como una muestra de fuerza y unidad ante la terrible situaci\u00f3n.<\/p>\n<blockquote class=\"twitter-tweet\" data-width=\"550\" data-dnt=\"true\">\n<p lang=\"es\" dir=\"ltr\">Gente cantando el cielito lindo en la Ciudad de M\u00e9xico \ud83c\uddf2\ud83c\uddfd <a href=\"https:\/\/twitter.com\/hashtag\/M%C3%A9xico?src=hash&amp;ref_src=twsrc%5Etfw\">#M\u00e9xico<\/a> <a href=\"https:\/\/twitter.com\/hashtag\/FuerzaMexico?src=hash&amp;ref_src=twsrc%5Etfw\">#FuerzaMexico<\/a> <a href=\"https:\/\/twitter.com\/hashtag\/sismocdmx?src=hash&amp;ref_src=twsrc%5Etfw\">#sismocdmx<\/a> <a href=\"https:\/\/twitter.com\/hashtag\/sismo?src=hash&amp;ref_src=twsrc%5Etfw\">#sismo<\/a> <a href=\"https:\/\/twitter.com\/hashtag\/MexicanosFuertes?src=hash&amp;ref_src=twsrc%5Etfw\">#MexicanosFuertes<\/a> <a href=\"https:\/\/t.co\/Er6Ul8t12t\">https:\/\/t.co\/Er6Ul8t12t<\/a><\/p>\n<p>&mdash; Cultura en espa\u00f1ol \ud83d\udd25 (@skrt_lat) <a href=\"https:\/\/twitter.com\/skrt_lat\/status\/910359728915664897?ref_src=twsrc%5Etfw\">September 20, 2017<\/a><\/p><\/blockquote>\n<p><script async src=\"https:\/\/platform.twitter.com\/widgets.js\" charset=\"utf-8\"><\/script><\/p>\n<p>&nbsp;<\/p>\n<p>De igual manera, universitarios se reunieron en la Universidad Nacional Aut\u00f3noma de M\u00e9xico como brigadistas durante la noche del 19 de septiembre.<\/p>\n<blockquote class=\"twitter-tweet\" data-width=\"550\" data-dnt=\"true\">\n<p lang=\"es\" dir=\"ltr\">La UNAM logra reunir a 1,500 universitarios que se fueron de brigadistas. Ma\u00f1ana a partir de las 5 am se requerir\u00e1n m\u00e1s voluntarios <a href=\"https:\/\/twitter.com\/hashtag\/m%C3%A9xico?src=hash&amp;ref_src=twsrc%5Etfw\">#m\u00e9xico<\/a> <a href=\"https:\/\/t.co\/gWR7coE4xD\">pic.twitter.com\/gWR7coE4xD<\/a><\/p>\n<p>&mdash; UNAM Mobile (@UNAM_Mobile) <a href=\"https:\/\/twitter.com\/UNAM_Mobile\/status\/910347620668903425?ref_src=twsrc%5Etfw\">September 20, 2017<\/a><\/p><\/blockquote>\n<p><script async src=\"https:\/\/platform.twitter.com\/widgets.js\" charset=\"utf-8\"><\/script><\/p>\n<p>&nbsp;<\/p>\n<p>Las muestras de solidaridad en nuestro pa\u00eds contin\u00faan y cada vez m\u00e1s personas, instituciones y empresas se suman, una de ellas es la Consultar\u00eda Vela la cual se encuentra dando ayuda a la poblaci\u00f3n en general para determinar si las grietas que presentan sus casas son de riesgo o no.<\/p>\n<blockquote class=\"twitter-tweet\" data-width=\"550\" data-dnt=\"true\">\n<p lang=\"es\" dir=\"ltr\">Estamos dando asesoria. RT <a href=\"https:\/\/twitter.com\/hashtag\/RevisaMiGrieta?src=hash&amp;ref_src=twsrc%5Etfw\">#RevisaMiGrieta<\/a> <a href=\"https:\/\/twitter.com\/hashtag\/FuerzaMexico?src=hash&amp;ref_src=twsrc%5Etfw\">#FuerzaMexico<\/a> <a href=\"https:\/\/twitter.com\/hashtag\/sismo?src=hash&amp;ref_src=twsrc%5Etfw\">#sismo<\/a> <a href=\"https:\/\/twitter.com\/hashtag\/MexicoUnido?src=hash&amp;ref_src=twsrc%5Etfw\">#MexicoUnido<\/a> <a href=\"https:\/\/twitter.com\/hashtag\/AyudaCDMX?src=hash&amp;ref_src=twsrc%5Etfw\">#AyudaCDMX<\/a> <a href=\"https:\/\/twitter.com\/hashtag\/mexicoenpie?src=hash&amp;ref_src=twsrc%5Etfw\">#mexicoenpie<\/a> <a href=\"https:\/\/twitter.com\/hashtag\/PrayForMexico?src=hash&amp;ref_src=twsrc%5Etfw\">#PrayForMexico<\/a> <a href=\"https:\/\/t.co\/sgKSKud8BQ\">pic.twitter.com\/sgKSKud8BQ<\/a><\/p>\n<p>&mdash; Arquitectura (@ConsultoriaVela) <a href=\"https:\/\/twitter.com\/ConsultoriaVela\/status\/910535539635322880?ref_src=twsrc%5Etfw\">September 20, 2017<\/a><\/p><\/blockquote>\n<p><script async src=\"https:\/\/platform.twitter.com\/widgets.js\" charset=\"utf-8\"><\/script><\/p>\n<p>&nbsp;<\/p>\n<p>Celebridades mexicanas tambi\u00e9n hablaron sobre lo sucedido, uno de ellos fue el futbolista mexicano conocido como el Chicharito Hern\u00e1ndez.<\/p>\n<blockquote class=\"twitter-tweet\" data-width=\"550\" data-dnt=\"true\">\n<p lang=\"es\" dir=\"ltr\">Conmocionado por lo que est\u00e1 pasando en mi \ud83c\uddf2\ud83c\uddfd! Tenemos que unirnos para ayudar como sea posible! Mucha fuerza para todos! <a href=\"https:\/\/twitter.com\/hashtag\/FuerzaM%C3%A9xico?src=hash&amp;ref_src=twsrc%5Etfw\">#FuerzaM\u00e9xico<\/a> \ud83d\ude4f\ud83c\udffd\ud83d\ude14<\/p>\n<p>&mdash; Javier \u201cChicharito\u201d Hernandez (@CH14_) <a href=\"https:\/\/twitter.com\/CH14_\/status\/910258412482699266?ref_src=twsrc%5Etfw\">September 19, 2017<\/a><\/p><\/blockquote>\n<p><script async src=\"https:\/\/platform.twitter.com\/widgets.js\" charset=\"utf-8\"><\/script><\/p>\n<p>&nbsp;<\/p>\n<p>Guillermo del Toro puso a disposici\u00f3n su cuenta twitter a quienes necesitaran publicar mensajes como una forma de apoyar a las personas.<\/p>\n<blockquote class=\"twitter-tweet\" data-width=\"550\" data-dnt=\"true\">\n<p lang=\"es\" dir=\"ltr\">A cualquiera en Mexico que necesite publicar mensajes urgentes puede hacerlo por medio de mi cuenta. Solo agregue <a href=\"https:\/\/twitter.com\/RealGDT?ref_src=twsrc%5Etfw\">@RealGDT<\/a> y yo apoyare.<\/p>\n<p>&mdash; Guillermo del Toro (@RealGDT) <a href=\"https:\/\/twitter.com\/RealGDT\/status\/910254474186371072?ref_src=twsrc%5Etfw\">September 19, 2017<\/a><\/p><\/blockquote>\n<p><script async src=\"https:\/\/platform.twitter.com\/widgets.js\" charset=\"utf-8\"><\/script><\/p>\n<p>&nbsp;<\/p>\n<p>El actor Gael Garc\u00eda Bernal env\u00edo un mensaje de apoyo el d\u00eda de ayer y el d\u00eda de hoy.<\/p>\n<blockquote class=\"twitter-tweet\" data-width=\"550\" data-dnt=\"true\">\n<p lang=\"es\" dir=\"ltr\">El triunfo del esp\u00edritu humano es la bondad y la concordia. Sigamos juntos ayudando como se necesite. Viene una resaca larga. <a href=\"https:\/\/twitter.com\/hashtag\/FuerzaM%C3%A9xico?src=hash&amp;ref_src=twsrc%5Etfw\">#FuerzaM\u00e9xico<\/a><\/p>\n<p>&mdash; Gael Garc\u00eda Bernal (@GaelGarciaB) <a href=\"https:\/\/twitter.com\/GaelGarciaB\/status\/910503716037578752?ref_src=twsrc%5Etfw\">September 20, 2017<\/a><\/p><\/blockquote>\n<p><script async src=\"https:\/\/platform.twitter.com\/widgets.js\" charset=\"utf-8\"><\/script><\/p>\n<p>&nbsp;<\/p>\n<p>Personajes reconocidos internacionalmente hablaron tambi\u00e9n sobre el suceso en nuestro pa\u00eds, tal fue el caso de Malala ganadora del Premio Novel de la Paz<\/p>\n<blockquote class=\"twitter-tweet\" data-width=\"550\" data-dnt=\"true\">\n<p lang=\"es\" dir=\"ltr\">Estoy rezando por M\u00e9xico \/ sending my prayers to M\u00e9xico. \u2764\ufe0f\ud83c\uddf2\ud83c\uddfd\u2764\ufe0f<\/p>\n<p>&mdash; Malala Yousafzai (@Malala) <a href=\"https:\/\/twitter.com\/Malala\/status\/910270627982036992?ref_src=twsrc%5Etfw\">September 19, 2017<\/a><\/p><\/blockquote>\n<p><script async src=\"https:\/\/platform.twitter.com\/widgets.js\" charset=\"utf-8\"><\/script><\/p>\n<p>&nbsp;<\/p>\n<p>A estos mensajes se sum\u00f3 la tenista Garbi\u00f1e Muguruza.<\/p>\n<blockquote class=\"twitter-tweet\" data-width=\"550\" data-dnt=\"true\">\n<p lang=\"es\" dir=\"ltr\">Acost\u00e1ndome viendo las tristes noticias que llegan desde M\u00e9xico. <br \/>Todo mi cari\u00f1o y apoyo a las v\u00edctimas.<a href=\"https:\/\/twitter.com\/hashtag\/FuerzaMexico?src=hash&amp;ref_src=twsrc%5Etfw\">#FuerzaMexico<\/a> \ud83c\uddf2\ud83c\uddfd<\/p>\n<p>&mdash; Garbi\u00f1e Muguruza (@GarbiMuguruza) <a href=\"https:\/\/twitter.com\/GarbiMuguruza\/status\/910512907611512834?ref_src=twsrc%5Etfw\">September 20, 2017<\/a><\/p><\/blockquote>\n<p><script async src=\"https:\/\/platform.twitter.com\/widgets.js\" charset=\"utf-8\"><\/script><\/p>\n<p>&nbsp;<\/p>\n<h1>OTRAS ENTRADAS<\/h1>\n<div class=\"featuredpost\">\n<div class=\"flow_hide\">\n<h2 class=\"posttitle bigposttitle\"><a title=\"Enlace Permanente a TERREMOTO: Vuelve luto por sismo un 19 de septiembre; en #Oaxaca todo en control: Murat\" href=\"http:\/\/www.eloriente.net\/home\/2017\/09\/19\/terremoto-vuelve-luto-sismo-19-septiembre-oaxaca-control-murat\/\" rel=\"bookmark\">TERREMOTO: Vuelve luto por sismo un 19 de septiembre; en #Oaxaca todo en control: Murat<\/a><\/h2>\n<\/div>\n<p>(www.eloriente.net, M\u00e9xico, a 19 de septiembre de 2017, por: Sergio M\u00e9ndez).- \u201cSi sus viviendas presenta alg\u00fan da\u00f1o, rep\u00f3rtenlo inmediatamente a los servicios de protecci\u00f3n civil\u201d, recomend\u00f3 esta tarde\u2026<\/p>\n<p class=\"postmeta\"><span class=\"meta_date\">septiembre 19, 2017<\/span><\/p>\n<p class=\"postmeta\">\n<\/div>\n<div class=\"featuredpost\">\n<div class=\"flow_hide\">\n<p><a href=\"http:\/\/www.eloriente.net\/home\/2017\/09\/19\/5-vacantes-administracion-martesdevacantes-8\/\" rel=\"bookmark\"><img decoding=\"async\" class=\"alignleft\" title=\"5 Vacantes en Derecho #MartesDeVacantes\" src=\"http:\/\/www.eloriente.net\/home\/wp-content\/themes\/city-desk\/timthumb.php?src=http%3A%2F%2Fwww.eloriente.net%2Fhome%2Fwp-content%2Fuploads%2F2014%2F05%2Fmartes-de-vacantes.jpg&amp;q=90&amp;w=70&amp;h=45&amp;zc=1\" alt=\"5 Vacantes en Derecho #MartesDeVacantes\" \/><\/a><\/p>\n<h2 class=\"posttitle \"><a title=\"Enlace Permanente a 5 Vacantes en Derecho #MartesDeVacantes\" href=\"http:\/\/www.eloriente.net\/home\/2017\/09\/19\/5-vacantes-administracion-martesdevacantes-8\/\" rel=\"bookmark\">5 Vacantes en Derecho #MartesDeVacantes<\/a><\/h2>\n<\/div>\n<p>(www.eloriente.net, M\u00e9xico, a 19 de septiembre de 2017).- Conscientes de la importancia para la ciudadan\u00eda en general de la b\u00fasqueda de nuevas oportunidades de crecimiento profesional, ponemos\u2026<\/p>\n<p class=\"postmeta\"><span class=\"meta_date\">septiembre 19, 2017<\/span><\/p>\n<p class=\"postmeta\">\n<\/div>\n<div class=\"featuredpost\">\n<div class=\"flow_hide\">\n<p><a href=\"http:\/\/www.eloriente.net\/home\/2017\/09\/18\/videocolumna-paso-las-alarmas-sismicas-oaxaca-karina-baron\/\" rel=\"bookmark\"><img decoding=\"async\" class=\"alignleft\" title=\"VIDEOCOLUMNA: \u00bfQu\u00e9 pas\u00f3 con las alarmas s\u00edsmicas en Oaxaca? Por Karina Bar\u00f3n\" src=\"http:\/\/www.eloriente.net\/home\/wp-content\/themes\/city-desk\/timthumb.php?src=http%3A%2F%2Fwww.eloriente.net%2Fhome%2Fwp-content%2Fuploads%2F2017%2F09%2FKARINA-BARO%CC%81N-18-DE-SEPTIEMBRE-2017-2.jpg&amp;q=90&amp;w=70&amp;h=45&amp;zc=1\" alt=\"VIDEOCOLUMNA: \u00bfQu\u00e9 pas\u00f3 con las alarmas s\u00edsmicas en Oaxaca? Por Karina Bar\u00f3n\" \/><\/a><\/p>\n<h2 class=\"posttitle \"><a title=\"Enlace Permanente a VIDEOCOLUMNA: \u00bfQu\u00e9 pas\u00f3 con las alarmas s\u00edsmicas en Oaxaca? Por Karina Bar\u00f3n\" href=\"http:\/\/www.eloriente.net\/home\/2017\/09\/18\/videocolumna-paso-las-alarmas-sismicas-oaxaca-karina-baron\/\" rel=\"bookmark\">VIDEOCOLUMNA: \u00bfQu\u00e9 pas\u00f3 con las alarmas s\u00edsmicas en Oaxaca? Por Karina Bar\u00f3n<\/a><\/h2>\n<\/div>\n<p>eloriente.net 18 de septiembre de 2017 \u201cEl caso del presunto desv\u00edo en la compra y funcionamiento de las alertas s\u00edsmicas en Oaxaca, no puede quedarse en la\u2026<\/p>\n<p class=\"postmeta\"><span class=\"meta_date\">septiembre 18, 2017<\/span><\/p>\n<\/div>\n\n\t\t\t  <div \n\t\t\t  \tclass = \"fb-comments\" \n\t\t\t  \tdata-href = \"http:\/\/www.eloriente.net\/home\/2017\/09\/20\/mensajes-solidaridad-mexico-mundo\/\"\n\t\t\t  \tdata-numposts = \"10\"\n\t\t\t\tdata-colorscheme = \"dark\"\n\t\t\t\tdata-order-by = \"social\"\n\t\t\t\tdata-mobile=true>\n\t\t\t  <\/div>\n\t\t  <style>\n\t\t\t.fb_iframe_widget_fluid_desktop iframe {\n\t\t\t    width: 100% !important;\n\t\t\t}\n\t\t  <\/style>\n\t\t  ","protected":false},"excerpt":{"rendered":"<p>(www.eloriente.net, M\u00e9xico. 20 de septiembre de 2017. Por: Jessica Lamadrid).- Tras el terremoto vivido el 19 de septiembre de este a\u00f1o que afecto varios estados de la Rep\u00fablica Mexicana; diversas personalidades, fundaciones e instituciones han mostrado su apoyo a las personas que resultaron afectadas durante este suceso, la solidaridad se manifest\u00f3 desde mensajes positivos hasta [&hellip;]<\/p>\n","protected":false},"author":45,"featured_media":50394,"comment_status":"open","ping_status":"open","sticky":false,"template":"","format":"standard","meta":{"_jetpack_memberships_contains_paid_content":false,"footnotes":""},"categories":[49,64,32,10,24,464,65],"tags":[8405,8404,8403],"class_list":["post-50393","post","type-post","status-publish","format-standard","has-post-thumbnail","hentry","category-destacadas","category-distrito-federal","category-entradas","category-lo-mas-reciente","category-mexico-y-el-mundo","category-oaxaca-estados","category-puebla","tag-famosos-apoyan-a-mexico-despues-del-sismo-de-7-1","tag-sismo-del-19-de-septiembre-de-2017","tag-solidaridad-con-mexico"],"jetpack_featured_media_url":"http:\/\/www.eloriente.net\/home\/wp-content\/uploads\/2017\/09\/367002402_2e856df991_b.jpg","jetpack_sharing_enabled":true,"_links":{"self":[{"href":"http:\/\/www.eloriente.net\/home\/wp-json\/wp\/v2\/posts\/50393"}],"collection":[{"href":"http:\/\/www.eloriente.net\/home\/wp-json\/wp\/v2\/posts"}],"about":[{"href":"http:\/\/www.eloriente.net\/home\/wp-json\/wp\/v2\/types\/post"}],"author":[{"embeddable":true,"href":"http:\/\/www.eloriente.net\/home\/wp-json\/wp\/v2\/users\/45"}],"replies":[{"embeddable":true,"href":"http:\/\/www.eloriente.net\/home\/wp-json\/wp\/v2\/comments?post=50393"}],"version-history":[{"count":5,"href":"http:\/\/www.eloriente.net\/home\/wp-json\/wp\/v2\/posts\/50393\/revisions"}],"predecessor-version":[{"id":50407,"href":"http:\/\/www.eloriente.net\/home\/wp-json\/wp\/v2\/posts\/50393\/revisions\/50407"}],"wp:featuredmedia":[{"embeddable":true,"href":"http:\/\/www.eloriente.net\/home\/wp-json\/wp\/v2\/media\/50394"}],"wp:attachment":[{"href":"http:\/\/www.eloriente.net\/home\/wp-json\/wp\/v2\/media?parent=50393"}],"wp:term":[{"taxonomy":"category","embeddable":true,"href":"http:\/\/www.eloriente.net\/home\/wp-json\/wp\/v2\/categories?post=50393"},{"taxonomy":"post_tag","embeddable":true,"href":"http:\/\/www.eloriente.net\/home\/wp-json\/wp\/v2\/tags?post=50393"}],"curies":[{"name":"wp","href":"https:\/\/api.w.org\/{rel}","templated":true}]}}