{"id":50463,"date":"2017-09-25T09:55:08","date_gmt":"2017-09-25T15:55:08","guid":{"rendered":"http:\/\/www.eloriente.net\/home\/?p=50463"},"modified":"2017-09-25T10:02:01","modified_gmt":"2017-09-25T16:02:01","slug":"la-cultura-decirnos-la-verdad-juan-pablo-vasconcelos","status":"publish","type":"post","link":"http:\/\/www.eloriente.net\/home\/2017\/09\/25\/la-cultura-decirnos-la-verdad-juan-pablo-vasconcelos\/","title":{"rendered":"ES LA CULTURA: Decirnos la verdad, por Juan Pablo Vasconcelos"},"content":{"rendered":"<p><script src=\"\/\/pagead2.googlesyndication.com\/pagead\/js\/adsbygoogle.js\" async=\"\"><\/script><!-- BANNER ELORIENTE INCRUSTADO NOTAS --> <ins class=\"adsbygoogle\" style=\"display: inline-block; width: 300px; height: 250px;\" data-ad-client=\"ca-pub-1136171134853753\" data-ad-slot=\"7974633627\"><\/ins><script>\/\/ <![CDATA[\n(adsbygoogle = window.adsbygoogle || []).push({});\n\/\/ ]]><\/script><\/p>\n<p style=\"text-align: right;\"><strong><em>\u201cA veces no es atractivo, pero siempre es necesario.<\/em><\/strong><\/p>\n<p style=\"text-align: right;\"><strong><em>El gobierno debe ser sincero y decirle la verdad a los damnificados: la recuperaci\u00f3n tardar\u00e1. Llevar\u00e1 m\u00e1s tiempo del deseable\u201d.<\/em><\/strong><\/p>\n<p style=\"text-align: justify;\"><strong>Decirnos la verdad<\/strong><\/p>\n<p style=\"text-align: justify;\">(www.eloriente.net, M\u00e9xico, a 25 de septiembre de 2017, por: Juan Pablo Vasconcelos <a href=\"https:\/\/twitter.com\/JPVmx\" target=\"_blank\">@JPVmx<\/a>).-\u00a0Ser\u00e1n al menos diez a\u00f1os los que han de pasar antes de poder mirarnos a los ojos con cierto alivio. El desastre que se ha cernido sobre M\u00e9xico este septiembre no ha sido el \u00fanico en el mundo ni ser\u00e1 el \u00faltimo. Por lo mismo, la experiencia internacional se\u00f1ala que ese lapso, diez a\u00f1os, es un tiempo razonable para estimar una cierta recuperaci\u00f3n en las zonas devastadas. No es una regla, pero es un horizonte.<\/p>\n<p style=\"text-align: justify;\">Los casos de los sismos de Chile en febrero de 2010; Nueva Zelanda en febrero y Jap\u00f3n en marzo, ambos de 2011, as\u00ed lo confirman. Contemplan, adem\u00e1s, otra verdad que necesitamos decirnos: la etapa de planeaci\u00f3n o preparaci\u00f3n para la reconstrucci\u00f3n, solo comienza uno o dos meses despu\u00e9s de la tragedia, luego de la rehabilitaci\u00f3n inicial y urgente de los servicios p\u00fablicos y la construcci\u00f3n de viviendas temporales.<\/p>\n<p style=\"text-align: justify;\">La planeaci\u00f3n tambi\u00e9n lleva su tiempo, dependiendo de los factores y el contexto imperante. En Jap\u00f3n, cerca de 9 meses. En Chile 6 y en Nueva Zelanda 7.<a href=\"#_ftn1\" name=\"_ftnref1\">[1]<\/a> Es decir, este proceso necesita espacio y paciencia, lo cual no quiere decir ausencia de eficacia o sentido de urgencia, sino cuidado y visi\u00f3n de futuro.<\/p>\n<p style=\"text-align: justify;\">De nada servir\u00eda reconstruir r\u00e1pido y mal.<\/p>\n<p style=\"text-align: justify;\">Un nuevo movimiento tel\u00farico o una andanada pluvial terminar\u00eda, en esas condiciones, por volver a repetir la destrucci\u00f3n. Por eso, se necesita llevar a cabo un proceso de preparaci\u00f3n y estudio muy cuidadoso.<\/p>\n<p style=\"text-align: justify;\">Es verdad: hoy no se tiene ni paciencia ni humor para esperar. Pero tambi\u00e9n lo es, que gran parte de nuestros problemas devienen de esa falta de sentido de orden, de favorecer la urgencia y no el plazo extendido. Todos queremos salir del problema a como d\u00e9 lugar, sin ofrecer alternativas sustentables. Pero en su momento, todos pagaremos las consecuencias de este deseo desmedido.<\/p>\n<p style=\"text-align: justify;\">Si ha de reconstruirse, tiene que ser para mejor.<\/p>\n<p style=\"text-align: justify;\"><strong>Reconstruir mejor.<\/strong><\/p>\n<p style=\"text-align: justify;\">Esta es la divisa necesaria. Las autoridades, las organizaciones, ciudadanos, medios de comunicaci\u00f3n, necesitamos mostrar sensibilidad y apostar a ella.<\/p>\n<p style=\"text-align: justify;\">No acudir al camino f\u00e1cil de la promesa en el caso de los gobernantes, porque tarde o temprano caer\u00e1n en el enga\u00f1o y la gente en la decepci\u00f3n. No acudir en la denostaci\u00f3n por rating en la v\u00eda de los medios, porque no abonan en nada a los derechos de sus audiencias y, por el contrario, solo se da\u00f1a el inter\u00e9s p\u00fablico y se genera un ambiente hostil, donde lo necesario es fundar condiciones de armon\u00eda y cooperaci\u00f3n.<\/p>\n<p><script src=\"\/\/pagead2.googlesyndication.com\/pagead\/js\/adsbygoogle.js\" async=\"\"><\/script><!-- BANNER PEQUE\u00d1O PARA ENTRENOTAS EL ORIENTE --> <ins class=\"adsbygoogle\" style=\"display: inline-block; width: 468px; height: 60px;\" data-ad-client=\"ca-pub-1136171134853753\" data-ad-slot=\"4953536424\"><\/ins><script>\/\/ <![CDATA[\n(adsbygoogle = window.adsbygoogle || []).push({});\n\/\/ ]]><\/script><\/p>\n<p style=\"text-align: justify;\">Decirnos la verdad y trabajar por ella, aunque a veces incomode.<\/p>\n<p style=\"text-align: justify;\">De alguna manera, esto nos har\u00e1 m\u00e1s fuertes en aspectos inimaginables. Y la necesidad de hacernos m\u00e1s resistentes y menos vulnerables es la gran ense\u00f1anza del desastre de las \u00faltimas semanas.<\/p>\n<p style=\"text-align: justify;\">Somos vulnerables. Tremendamente vulnerables.<\/p>\n<p style=\"text-align: justify;\">Nos caen grandes cantidades de lluvias y los r\u00edos se nos desbordan. Nos mueven los sismos, a pesar de que nos sabemos en tierra s\u00edsmica, y la ignorancia muy pronto gana terreno propalando un sinn\u00famero de rumores, poniendo en evidencia nuestra falta de preparaci\u00f3n para actuar en estos casos. Nos azota el desastre y empezamos de cero cada vez.<\/p>\n<p style=\"text-align: justify;\">Imposible seguir as\u00ed. \u00bfHasta cu\u00e1ndo suceder\u00e1 algo que nos haga entenderlo? Pues ya ha sucedido. Los terremotos del 7 y del 19, tienen la fuerza no solo de mover los cimientos urbanos, sino tambi\u00e9n de sacudir los cimientos personales. Nos est\u00e1n haciendo entender que debemos provocar un cambio profundo. Un cambio social, econ\u00f3mico, pol\u00edtico y cultural de gran profundidad, que nos permita vivir el siglo XXI con cierta tranquilidad y mayor armon\u00eda.<\/p>\n<p style=\"text-align: justify;\">Estamos parados, tras los terremotos, en un espacio de oportunidad de cambio.<\/p>\n<p style=\"text-align: justify;\">Necesitamos verlo, hacerlo consciente.<\/p>\n<p style=\"text-align: justify;\">Lo que est\u00e1 sucediendo en M\u00e9xico, particularmente en Oaxaca, no ha sido \u00fanicamente un fen\u00f3meno natural sino tambi\u00e9n es un fen\u00f3meno social, que est\u00e1 transformando las relaciones, las perspectivas, las formas de participaci\u00f3n, los poderes. Estamos viendo reacciones de personas y grupos que nunca nos esperamos, desde quienes ofrendan su vida por los dem\u00e1s hasta quienes reflexionan sobre el sentido de su existencia despu\u00e9s de perderlo todo.<\/p>\n<p style=\"text-align: justify;\"><strong>Este fen\u00f3meno social provocado por el desastre, necesita movernos al cambio social y despu\u00e9s al desarrollo.<\/strong><\/p>\n<p style=\"text-align: justify;\">As\u00ed puede resumirse la venturosa ruta a la cual podemos embarcarnos.<\/p>\n<p style=\"text-align: justify;\">La peor, ser\u00eda caminar a la inversa, querer regresar al sitio en que est\u00e1bamos antes el desastre. Anquilosados en la pobreza, la desafortunada planeaci\u00f3n urbana, la apat\u00eda y la desorganizaci\u00f3n ciudadana, la obediencia absoluta al poder oficial.<\/p>\n<p style=\"text-align: justify;\">Lo peor ser\u00eda querer repetir las mismas f\u00f3rmulas a nuestras vidas, cuando ya hemos comprobado que no funcionan.<\/p>\n<p style=\"text-align: justify;\">Que los j\u00f3venes no dejen las calles, que los vecinos se organicen para algo m\u00e1s que para distribuir los encargos de la fiesta del pueblo, que las universidades eduquen en valores e identidad, que las instituciones act\u00faen con visi\u00f3n de estado y con capacidad para responder a los riesgos, que entendamos que salvarnos unos a otros es una responsabilidad mutua, humana.<\/p>\n<p style=\"text-align: justify;\">Que los gobernantes nunca m\u00e1s traten al pueblo como si fuera un grupo de menores.<\/p>\n<p style=\"text-align: justify;\">Ojal\u00e1 nunca nos hubiera sucedido esta tragedia y la p\u00e9rdida de vidas. Pero ya estando en estas circunstancias, la \u00fanica manera de honrar su memoria y honrar la vida que nos queda, es fortalecernos a nosotros mismos, a nuestras familias y a la comunidad.<\/p>\n<p style=\"text-align: justify;\"><strong>Nos queda, cambiar.<\/strong><\/p>\n<p style=\"text-align: justify;\"><strong>Forjar ciudades menos vulnerables, resilientes, cultas, hermanadas.<\/strong><\/p>\n<p style=\"text-align: justify;\"><a href=\"http:\/\/www.eloriente.net\/home\/wp-content\/uploads\/2017\/09\/soldado-tragedia-sismo-sep-2017.jpg\" rel=\"attachment wp-att-50466\"><img loading=\"lazy\" decoding=\"async\" class=\"alignnone  wp-image-50466\" src=\"http:\/\/www.eloriente.net\/home\/wp-content\/uploads\/2017\/09\/soldado-tragedia-sismo-sep-2017-683x1024.jpg\" alt=\"soldado tragedia sismo sep 2017\" width=\"500\" height=\"750\" srcset=\"http:\/\/www.eloriente.net\/home\/wp-content\/uploads\/2017\/09\/soldado-tragedia-sismo-sep-2017-683x1024.jpg 683w, http:\/\/www.eloriente.net\/home\/wp-content\/uploads\/2017\/09\/soldado-tragedia-sismo-sep-2017-200x300.jpg 200w, http:\/\/www.eloriente.net\/home\/wp-content\/uploads\/2017\/09\/soldado-tragedia-sismo-sep-2017-768x1152.jpg 768w, http:\/\/www.eloriente.net\/home\/wp-content\/uploads\/2017\/09\/soldado-tragedia-sismo-sep-2017.jpg 800w\" sizes=\"(max-width: 500px) 100vw, 500px\" \/><\/a><\/p>\n<p style=\"text-align: justify;\">REFERENCIA:<\/p>\n<p style=\"text-align: justify;\"><a href=\"#_ftnref1\" name=\"_ftn1\">[1]<\/a> Siembieda, William. \u201cEl Camino hacia la recuperaci\u00f3n: c\u00f3mo Jap\u00f3n, Nueva Zelanda y Chile enfrentan sus desaf\u00edos de desastres\u201d, Revista Planeo, Instituto de Estudios Urbanos, y Territoriales, Chile, Mayo 2012. <a href=\"http:\/\/revistaplaneo.cl\/2012\/05\/01\/el-camino-hacia-la-recuperacion-como-japon-nueva-zelanda-y-chile-enfrentan-sus-desafios-de-desastres\/\">http:\/\/revistaplaneo.cl\/2012\/05\/01\/el-camino-hacia-la-recuperacion-como-japon-nueva-zelanda-y-chile-enfrentan-sus-desafios-de-desastres\/<\/a><\/p>\n<p style=\"text-align: justify;\"><strong>OTRAS ENTRADAS:<\/strong><\/p>\n<h2 class=\"posttitle bigposttitle\"><a title=\"Enlace Permanente a \u00bfQu\u00e9 es el D\u00eda Internacional del derecho de Acceso Universal a la Informaci\u00f3n?\" href=\"http:\/\/www.eloriente.net\/home\/2017\/09\/25\/dia-internacional-del-derecho-acceso-universal-la-informacion\/\" rel=\"bookmark\">\u00bfQu\u00e9 es el D\u00eda Internacional del derecho de Acceso Universal a la Informaci\u00f3n?<\/a><\/h2>\n<p>eloriente.net 23 de septiembre de 2017 Por Valery L\u00f3pez El 28 de septiembre fue proclamado como el D\u00eda Internacional del derecho de\u2026<\/p>\n<p class=\"postmeta\"><span class=\"meta_date\">septiembre 25, 2017<\/span><\/p>\n<div class=\"toolbar-social\">\n<div class=\"social-widget\">\n<div id=\"sharing-widget\"><a class=\"button icon-share\">Compartir<\/a><\/div>\n<\/div>\n<\/div>\n\n\t\t\t  <div \n\t\t\t  \tclass = \"fb-comments\" \n\t\t\t  \tdata-href = \"http:\/\/www.eloriente.net\/home\/2017\/09\/25\/la-cultura-decirnos-la-verdad-juan-pablo-vasconcelos\/\"\n\t\t\t  \tdata-numposts = \"10\"\n\t\t\t\tdata-colorscheme = \"dark\"\n\t\t\t\tdata-order-by = \"social\"\n\t\t\t\tdata-mobile=true>\n\t\t\t  <\/div>\n\t\t  <style>\n\t\t\t.fb_iframe_widget_fluid_desktop iframe {\n\t\t\t    width: 100% !important;\n\t\t\t}\n\t\t  <\/style>\n\t\t  ","protected":false},"excerpt":{"rendered":"<p>\u201cA veces no es atractivo, pero siempre es necesario. El gobierno debe ser sincero y decirle la verdad a los damnificados: la recuperaci\u00f3n tardar\u00e1. Llevar\u00e1 m\u00e1s tiempo del deseable\u201d. Decirnos la verdad (www.eloriente.net, M\u00e9xico, a 25 de septiembre de 2017, por: Juan Pablo Vasconcelos @JPVmx).-\u00a0Ser\u00e1n al menos diez a\u00f1os los que han de pasar antes [&hellip;]<\/p>\n","protected":false},"author":13,"featured_media":50466,"comment_status":"open","ping_status":"open","sticky":false,"template":"","format":"standard","meta":{"_jetpack_memberships_contains_paid_content":false,"footnotes":""},"categories":[11,49,32,63,54,10,464],"tags":[8423,1466,6993,8422],"class_list":["post-50463","post","type-post","status-publish","format-standard","has-post-thumbnail","hentry","category-colaboradores","category-destacadas","category-entradas","category-estados","category-juan-pablo-vasconcelos","category-lo-mas-reciente","category-oaxaca-estados","tag-plan-reconstruccion","tag-proteccion-civil","tag-sismos-mexico","tag-terremoto-ciudad-de-mexico"],"jetpack_featured_media_url":"http:\/\/www.eloriente.net\/home\/wp-content\/uploads\/2017\/09\/soldado-tragedia-sismo-sep-2017.jpg","jetpack_sharing_enabled":true,"_links":{"self":[{"href":"http:\/\/www.eloriente.net\/home\/wp-json\/wp\/v2\/posts\/50463"}],"collection":[{"href":"http:\/\/www.eloriente.net\/home\/wp-json\/wp\/v2\/posts"}],"about":[{"href":"http:\/\/www.eloriente.net\/home\/wp-json\/wp\/v2\/types\/post"}],"author":[{"embeddable":true,"href":"http:\/\/www.eloriente.net\/home\/wp-json\/wp\/v2\/users\/13"}],"replies":[{"embeddable":true,"href":"http:\/\/www.eloriente.net\/home\/wp-json\/wp\/v2\/comments?post=50463"}],"version-history":[{"count":3,"href":"http:\/\/www.eloriente.net\/home\/wp-json\/wp\/v2\/posts\/50463\/revisions"}],"predecessor-version":[{"id":50467,"href":"http:\/\/www.eloriente.net\/home\/wp-json\/wp\/v2\/posts\/50463\/revisions\/50467"}],"wp:featuredmedia":[{"embeddable":true,"href":"http:\/\/www.eloriente.net\/home\/wp-json\/wp\/v2\/media\/50466"}],"wp:attachment":[{"href":"http:\/\/www.eloriente.net\/home\/wp-json\/wp\/v2\/media?parent=50463"}],"wp:term":[{"taxonomy":"category","embeddable":true,"href":"http:\/\/www.eloriente.net\/home\/wp-json\/wp\/v2\/categories?post=50463"},{"taxonomy":"post_tag","embeddable":true,"href":"http:\/\/www.eloriente.net\/home\/wp-json\/wp\/v2\/tags?post=50463"}],"curies":[{"name":"wp","href":"https:\/\/api.w.org\/{rel}","templated":true}]}}