{"id":50469,"date":"2017-09-25T10:32:43","date_gmt":"2017-09-25T16:32:43","guid":{"rendered":"http:\/\/www.eloriente.net\/home\/?p=50469"},"modified":"2017-09-25T10:32:43","modified_gmt":"2017-09-25T16:32:43","slug":"cultura-oaxaca-cine-suspende-funciones","status":"publish","type":"post","link":"http:\/\/www.eloriente.net\/home\/2017\/09\/25\/cultura-oaxaca-cine-suspende-funciones\/","title":{"rendered":"CULTURA: Oaxaca Cine suspende funciones"},"content":{"rendered":"<p><script src=\"\/\/pagead2.googlesyndication.com\/pagead\/js\/adsbygoogle.js\" async=\"\"><\/script><!-- BANNER ELORIENTE INCRUSTADO NOTAS --> <ins class=\"adsbygoogle\" style=\"display: inline-block; width: 300px; height: 250px;\" data-ad-client=\"ca-pub-1136171134853753\" data-ad-slot=\"7974633627\"><\/ins><script>\/\/ <![CDATA[\n(adsbygoogle = window.adsbygoogle || []).push({});\n\/\/ ]]><\/script><br \/>\n(www.eloriente.net, M\u00e9xico, a 25 de septiembre de 2017, por: Sergio M\u00e9ndez).- \u00abLas funciones que ten\u00edamos previstas para los d\u00edas 25, 26 y 27 de septiembre, correspondientes al Foro Internacional de Cine de la Cineteca Nacional, quedan suspendidas\u00bb, se\u00f1ala en un comunicado esta ma\u00f1ana Oaxaca Cine.<\/p>\n<p>Como sabemos, la asociaci\u00f3n civil con ese nombre realiza sus funciones de manera tradicional en el Teatro Macedonio Alcal\u00e1, mismo que se encuentra cerrado en estos momentos en espera de las revisiones y dict\u00e1menes correspondientes por parte de protecci\u00f3n civil.<\/p>\n<p>De hecho, a unas horas del sismo del pasado 7 de septiembre, las autoridades estatales anunciaron este cierre y la inmediata revisi\u00f3n de los centros e inmuebles dedicados al arte y a la cultura en la capital, sin que hasta la fecha se conozca m\u00e1s sobre la situaci\u00f3n que guardan los mismos.<\/p>\n<p><a href=\"http:\/\/www.eloriente.net\/home\/2017\/09\/08\/oaxaca-suspenden-actividades-recintos-culturales-sismo\/\" target=\"_blank\">Como lo comparti\u00f3 ELORIENTE.NET<\/a> en su oportunidad: \u00abEn cuanto a otros espacios culturales, la dependencia (Secretar\u00eda de las Culturas y Artes de Oaxaca) inform\u00f3 que: No presentan a la vista da\u00f1os mayores la Biblioteca P\u00fablica Central, la Hemeroteca P\u00fablica N\u00e9stor S\u00e1nchez, la Coordinaci\u00f3n de Bibliotecas P\u00fablicas Municipales, el Museo de los Pintores Oaxaque\u00f1os, el Centro de Artes San Agust\u00edn, la Casa de la Cultura Oaxaque\u00f1a, el Museo Estatal de Arte Popular de Oaxaca, el Museo de Arte Contempor\u00e1neo y las oficinas centrales de la Seculta, pero a\u00fan se espera el dictamen de Protecci\u00f3n Civil para dar una versi\u00f3n final\u201d.<br \/>\n<script src=\"\/\/pagead2.googlesyndication.com\/pagead\/js\/adsbygoogle.js\" async=\"\"><\/script><!-- BANNER PEQUE\u00d1O PARA ENTRENOTAS EL ORIENTE --> <ins class=\"adsbygoogle\" style=\"display: inline-block; width: 468px; height: 60px;\" data-ad-client=\"ca-pub-1136171134853753\" data-ad-slot=\"4953536424\"><\/ins><script>\/\/ <![CDATA[\n(adsbygoogle = window.adsbygoogle || []).push({});\n\/\/ ]]><\/script><br \/>\nOaxaca Cine reitera en el comunicado de este d\u00eda, al que se hace referencia que ser\u00e1n precisamente tanto la SECULTA como la Direcci\u00f3n del Teatro Alcal\u00e1, las instancias que informar\u00e1n en su momento sobre el estado del Teatro y cu\u00e1ndo se reiniciar\u00e1n las actividades del mismo.<\/p>\n<p>En cuanto a la III Muestra de Cine y Radio Comunitaria en Mesoam\u00e9rica, informan que la funci\u00f3n inaugural se llevar\u00e1 a cabo \u00a0en el Museo de Arte Contempor\u00e1neo.<\/p>\n<p>A continuaci\u00f3n el texto \u00edntegro:<\/p>\n<p><a href=\"http:\/\/www.eloriente.net\/home\/wp-content\/uploads\/2017\/09\/Oaxaca-Cine-comunicado-septiembre-2017.png\" rel=\"attachment wp-att-50470\"><img loading=\"lazy\" decoding=\"async\" class=\"alignnone size-full wp-image-50470\" src=\"http:\/\/www.eloriente.net\/home\/wp-content\/uploads\/2017\/09\/Oaxaca-Cine-comunicado-septiembre-2017.png\" alt=\"Oaxaca Cine comunicado septiembre 2017\" width=\"554\" height=\"607\" srcset=\"http:\/\/www.eloriente.net\/home\/wp-content\/uploads\/2017\/09\/Oaxaca-Cine-comunicado-septiembre-2017.png 554w, http:\/\/www.eloriente.net\/home\/wp-content\/uploads\/2017\/09\/Oaxaca-Cine-comunicado-septiembre-2017-274x300.png 274w\" sizes=\"(max-width: 554px) 100vw, 554px\" \/><\/a><\/p>\n<p><strong>OTRAS ENTRADAS:<\/strong><\/p>\n<div id=\"post-50181\" class=\"entry loop-default border_bottom_30 post-50181 post type-post status-publish format-standard has-post-thumbnail hentry category-agenda category-capital category-entradas category-estados category-lo-mas-reciente category-municipios category-oaxaca-estados category-principal category-todo-oaxaca-radio tag-conciertos-oaxaca tag-cultura-oaxaca tag-olivia-gorra tag-teatro-juarez tag-teatro-macedonio-alcala tag-tono-cisneros\">\n<h2 class=\"entry_title\"><a title=\"Enlace Permanente a OAXACA: Suspenden actividades teatros y recintos culturales por terremoto\" href=\"http:\/\/www.eloriente.net\/home\/2017\/09\/08\/oaxaca-suspenden-actividades-recintos-culturales-sismo\/\" rel=\"bookmark\">OAXACA: Suspenden actividades teatros y recintos culturales por terremoto<\/a><\/h2>\n<p><a href=\"http:\/\/www.eloriente.net\/home\/2017\/09\/08\/oaxaca-suspenden-actividades-recintos-culturales-sismo\/\" rel=\"bookmark\"><img decoding=\"async\" class=\"alignleft\" title=\"OAXACA: Suspenden actividades teatros y recintos culturales por terremoto\" src=\"http:\/\/www.eloriente.net\/home\/wp-content\/themes\/city-desk\/timthumb.php?src=http%3A%2F%2Fwww.eloriente.net%2Fhome%2Fwp-content%2Fuploads%2F2016%2F01%2FInterior-Macedonio-Alcala%CC%81.jpg&amp;q=90&amp;w=160&amp;h=106&amp;zc=1\" alt=\"OAXACA: Suspenden actividades teatros y recintos culturales por terremoto\" \/><\/a>Terremoto en Oaxaca (www.eloriente.net, M\u00e9xico, a 8 de septiembre de 2017, por: Sergio M\u00e9ndez).- Luego del sismo de la noche del jueves, los espacios culturales de la ciudad de Oaxaca y otros municipios ser\u00e1n sometidos a una exhaustiva revisi\u00f3n por parte de las autoridades de protecci\u00f3n civil, por lo que sus actividades \u201cse suspenden temporalmente\u201d, [\u2026]<\/p>\n<div class=\"toolbar-social\">\n<div class=\"social-widget\">\n<div id=\"sharing-widget\"><a class=\"button icon-share\">Compartir<\/a><\/div>\n<\/div>\n<\/div>\n<p class=\"postmeta\"><span class=\"meta_date\">septiembre 8, 2017<\/span><\/p>\n<\/div>\n<div id=\"post-50176\" class=\"entry loop-default border_bottom_30 post-50176 post type-post status-publish format-standard has-post-thumbnail hentry category-canal-4-especiales category-capital category-entradas category-estados category-juchitan category-lo-mas-reciente category-mexico-y-el-mundo category-municipios category-oaxaca-estados category-principal tag-proteccion-civil tag-servicio-sismologico tag-sismo-oaxaca tag-temblor-oaxaca tag-terremoto-mexico\">\n<h2 class=\"entry_title\"><a title=\"Enlace Permanente a SISMO: Terremoto en M\u00e9xico alerta Tsunami en costas\" href=\"http:\/\/www.eloriente.net\/home\/2017\/09\/08\/sismo-terremoto-mexico-alerta-tsunami-costas\/\" rel=\"bookmark\">SISMO: Terremoto en M\u00e9xico alerta Tsunami en costas<\/a><\/h2>\n<p><a href=\"http:\/\/www.eloriente.net\/home\/2017\/09\/08\/sismo-terremoto-mexico-alerta-tsunami-costas\/\" rel=\"bookmark\"><img decoding=\"async\" class=\"alignleft\" title=\"SISMO: Terremoto en M\u00e9xico alerta Tsunami en costas\" src=\"http:\/\/www.eloriente.net\/home\/wp-content\/themes\/city-desk\/timthumb.php?src=http%3A%2F%2Fwww.eloriente.net%2Fhome%2Fwp-content%2Fuploads%2F2017%2F09%2FCaptura-de-pantalla-2017-09-08-a-las-02.24.18.png&amp;q=90&amp;w=160&amp;h=106&amp;zc=1\" alt=\"SISMO: Terremoto en M\u00e9xico alerta Tsunami en costas\" \/><\/a>Sismo\/eloriente.net 8 de septiembre de 2017 El grupo de trabajo del Servicio Sismol\u00f3gico Nacional confirm\u00f3 esta madrugada la magnitud del fort\u00edsimo sismo sentido a las 23:49:20 horas del jueves: 8.4, intensidad que seg\u00fan registros ha sido el m\u00e1s intenso de cuantos se han tenido registros en M\u00e9xico. Las coordenadas del epicentro son 14.95 latitud N [\u2026]<\/p>\n<div class=\"toolbar-social\">\n<div class=\"social-widget\">\n<div id=\"sharing-widget\"><a class=\"button icon-share\">Compartir<\/a><\/div>\n<\/div>\n<\/div>\n<p class=\"postmeta\"><span class=\"meta_date\">septiembre 8, 2017<\/span><\/p>\n<\/div>\n<p>&nbsp;<\/p>\n\n\t\t\t  <div \n\t\t\t  \tclass = \"fb-comments\" \n\t\t\t  \tdata-href = \"http:\/\/www.eloriente.net\/home\/2017\/09\/25\/cultura-oaxaca-cine-suspende-funciones\/\"\n\t\t\t  \tdata-numposts = \"10\"\n\t\t\t\tdata-colorscheme = \"dark\"\n\t\t\t\tdata-order-by = \"social\"\n\t\t\t\tdata-mobile=true>\n\t\t\t  <\/div>\n\t\t  <style>\n\t\t\t.fb_iframe_widget_fluid_desktop iframe {\n\t\t\t    width: 100% !important;\n\t\t\t}\n\t\t  <\/style>\n\t\t  ","protected":false},"excerpt":{"rendered":"<p>(www.eloriente.net, M\u00e9xico, a 25 de septiembre de 2017, por: Sergio M\u00e9ndez).- \u00abLas funciones que ten\u00edamos previstas para los d\u00edas 25, 26 y 27 de septiembre, correspondientes al Foro Internacional de Cine de la Cineteca Nacional, quedan suspendidas\u00bb, se\u00f1ala en un comunicado esta ma\u00f1ana Oaxaca Cine. Como sabemos, la asociaci\u00f3n civil con ese nombre realiza sus [&hellip;]<\/p>\n","protected":false},"author":1,"featured_media":33925,"comment_status":"open","ping_status":"open","sticky":false,"template":"","format":"standard","meta":{"_jetpack_memberships_contains_paid_content":false,"footnotes":""},"categories":[32,63,464,12],"tags":[8424,2366,3747,8392,8330],"class_list":["post-50469","post","type-post","status-publish","format-standard","has-post-thumbnail","hentry","category-entradas","category-estados","category-oaxaca-estados","category-todo-oaxaca-radio","tag-cine-en-oaxaca","tag-oaxaca-cine","tag-patrimonio-cultural-oaxaca","tag-sismos-oaxaca","tag-teatro-macedonio-alcala"],"jetpack_featured_media_url":"http:\/\/www.eloriente.net\/home\/wp-content\/uploads\/2014\/11\/OaxacaCine.jpg","jetpack_sharing_enabled":true,"_links":{"self":[{"href":"http:\/\/www.eloriente.net\/home\/wp-json\/wp\/v2\/posts\/50469"}],"collection":[{"href":"http:\/\/www.eloriente.net\/home\/wp-json\/wp\/v2\/posts"}],"about":[{"href":"http:\/\/www.eloriente.net\/home\/wp-json\/wp\/v2\/types\/post"}],"author":[{"embeddable":true,"href":"http:\/\/www.eloriente.net\/home\/wp-json\/wp\/v2\/users\/1"}],"replies":[{"embeddable":true,"href":"http:\/\/www.eloriente.net\/home\/wp-json\/wp\/v2\/comments?post=50469"}],"version-history":[{"count":1,"href":"http:\/\/www.eloriente.net\/home\/wp-json\/wp\/v2\/posts\/50469\/revisions"}],"predecessor-version":[{"id":50471,"href":"http:\/\/www.eloriente.net\/home\/wp-json\/wp\/v2\/posts\/50469\/revisions\/50471"}],"wp:featuredmedia":[{"embeddable":true,"href":"http:\/\/www.eloriente.net\/home\/wp-json\/wp\/v2\/media\/33925"}],"wp:attachment":[{"href":"http:\/\/www.eloriente.net\/home\/wp-json\/wp\/v2\/media?parent=50469"}],"wp:term":[{"taxonomy":"category","embeddable":true,"href":"http:\/\/www.eloriente.net\/home\/wp-json\/wp\/v2\/categories?post=50469"},{"taxonomy":"post_tag","embeddable":true,"href":"http:\/\/www.eloriente.net\/home\/wp-json\/wp\/v2\/tags?post=50469"}],"curies":[{"name":"wp","href":"https:\/\/api.w.org\/{rel}","templated":true}]}}