{"id":50472,"date":"2017-09-25T12:21:41","date_gmt":"2017-09-25T18:21:41","guid":{"rendered":"http:\/\/www.eloriente.net\/home\/?p=50472"},"modified":"2017-09-25T12:30:00","modified_gmt":"2017-09-25T18:30:00","slug":"acceso-la-informacion-sector-medio-ambiente-mexico-unorienteverde","status":"publish","type":"post","link":"http:\/\/www.eloriente.net\/home\/2017\/09\/25\/acceso-la-informacion-sector-medio-ambiente-mexico-unorienteverde\/","title":{"rendered":"Acceso a la informaci\u00f3n en el sector de medio ambiente en M\u00e9xico #UnOrienteVerde"},"content":{"rendered":"<p><script src=\"\/\/pagead2.googlesyndication.com\/pagead\/js\/adsbygoogle.js\" async=\"\"><\/script><!-- BANNER ELORIENTE INCRUSTADO NOTAS --> <ins class=\"adsbygoogle\" style=\"display: inline-block; width: 300px; height: 250px;\" data-ad-client=\"ca-pub-1136171134853753\" data-ad-slot=\"7974633627\"><\/ins><script>\/\/ <![CDATA[\n(adsbygoogle = window.adsbygoogle || []).push({});\n\/\/ ]]><\/script><\/p>\n<p>(www.eloriente.net, M\u00e9xico. 25 de septiembre de 2017. Por: Jessica Lamadrid).- Todos los seres humanos tenemos el derecho a la informaci\u00f3n al ser fundamental para el conocimiento de lo que ocurre a nuestro alrededor, tema que ser\u00e1 abordado durante esta semana en EL ORIENTE.NET debido a su importancia social y al estar en marco del <a href=\"http:\/\/www.eloriente.net\/home\/2017\/09\/25\/dia-internacional-del-derecho-acceso-universal-la-informacion\/\" target=\"_blank\">D\u00eda Internacional del Derecho al Acceso Universal a la Informaci\u00f3n<\/a>.<\/p>\n<p>Como una forma de cumplir con esta responsabilidad las instituciones gubernamentales de nuestro pa\u00eds se encuentran obligadas a brindar a los ciudadanos datos acerca del manejo de sus recursos. La instancia designada a supervisar el libre flujo de informaci\u00f3n en M\u00e9xico es el<a href=\"http:\/\/inicio.ifai.org.mx\/SitePages\/ifai.aspx\" target=\"_blank\"> Instituto Nacional de Transparencia, Acceso a la Informaci\u00f3n y Protecci\u00f3n de Datos Personales (INAI)<\/a>, la cual, peri\u00f3dicamente califica el desempe\u00f1o de las instituciones en la transparencia al momento de otorgar informaci\u00f3n fundamental de sus labores a la poblaci\u00f3n.<\/p>\n<p>En cuestiones del manejo de los recursos ambientales de M\u00e9xico aplica el mismo deber, por eso <a href=\"https:\/\/www.gob.mx\/conagua\" target=\"_blank\">CONAGUA<\/a> y <a href=\"https:\/\/www.gob.mx\/semarnat\" target=\"_blank\">SEMARNAT<\/a> deben publicar peri\u00f3dicamente a trav\u00e9s de sus plataformas digitales los programas que manejan, sus actividades y logros; as\u00ed mismo se debe publicar la \u00a0manera en que se distribuy\u00f3 el recurso monetario. Por eso ambas instituciones tienen en sus p\u00e1ginas web, tres apartados fundamentales para cumplir con este requisito de ley, los cuales son: acciones y programas, documentos y transparencia.<\/p>\n<p><script src=\"\/\/pagead2.googlesyndication.com\/pagead\/js\/adsbygoogle.js\" async=\"\"><\/script><!-- BANNER PEQUE\u00d1O PARA ENTRENOTAS EL ORIENTE --> <ins class=\"adsbygoogle\" style=\"display: inline-block; width: 468px; height: 60px;\" data-ad-client=\"ca-pub-1136171134853753\" data-ad-slot=\"4953536424\"><\/ins><script>\/\/ <![CDATA[\n(adsbygoogle = window.adsbygoogle || []).push({});\n\/\/ ]]><\/script><\/p>\n<p><a href=\"http:\/\/www.eloriente.net\/home\/wp-content\/uploads\/2017\/09\/semarnat.png\" rel=\"attachment wp-att-50478\"><img loading=\"lazy\" decoding=\"async\" class=\" wp-image-50478 aligncenter\" src=\"http:\/\/www.eloriente.net\/home\/wp-content\/uploads\/2017\/09\/semarnat-1024x349.png\" alt=\"semarnat\" width=\"555\" height=\"189\" srcset=\"http:\/\/www.eloriente.net\/home\/wp-content\/uploads\/2017\/09\/semarnat-1024x349.png 1024w, http:\/\/www.eloriente.net\/home\/wp-content\/uploads\/2017\/09\/semarnat-300x102.png 300w, http:\/\/www.eloriente.net\/home\/wp-content\/uploads\/2017\/09\/semarnat-768x262.png 768w, http:\/\/www.eloriente.net\/home\/wp-content\/uploads\/2017\/09\/semarnat.png 1277w\" sizes=\"(max-width: 555px) 100vw, 555px\" \/><\/a><\/p>\n<h5><em> \u00a0Imagen: Portal de SEMARNAT<\/em><\/h5>\n<p>En estos apartados se dan a conocer las actividades que se realizan en el pa\u00eds para la conservaci\u00f3n y uso del patrimonio natural, as\u00ed como los programas que ponen en marcha las instituciones. Ligado a esto se encuentra el apartado de documentos, secci\u00f3n se donde se pone a disposici\u00f3n del p\u00fablico im\u00e1genes de documentos oficiales que corroboran lo publicado en el apartado anterior.<\/p>\n<p>Por \u00faltimo, la parte de transparencia da a conocer la leyes por las cuales deben dar informaci\u00f3n relacionada a los siguientes temas: el manejo de recursos econ\u00f3micos, la participaci\u00f3n ciudadana, indicadores de programas, entre otros.<\/p>\n<p><a href=\"http:\/\/www.eloriente.net\/home\/wp-content\/uploads\/2017\/09\/conagua.png\" rel=\"attachment wp-att-50479\"><img loading=\"lazy\" decoding=\"async\" class=\" wp-image-50479 aligncenter\" src=\"http:\/\/www.eloriente.net\/home\/wp-content\/uploads\/2017\/09\/conagua-1024x440.png\" alt=\"conagua\" width=\"557\" height=\"239\" srcset=\"http:\/\/www.eloriente.net\/home\/wp-content\/uploads\/2017\/09\/conagua-1024x440.png 1024w, http:\/\/www.eloriente.net\/home\/wp-content\/uploads\/2017\/09\/conagua-300x129.png 300w, http:\/\/www.eloriente.net\/home\/wp-content\/uploads\/2017\/09\/conagua-768x330.png 768w, http:\/\/www.eloriente.net\/home\/wp-content\/uploads\/2017\/09\/conagua.png 1249w\" sizes=\"(max-width: 557px) 100vw, 557px\" \/><\/a><\/p>\n<h5>\u00a0<em>Imagen: Portal de CONAGUA, secci\u00f3n de Transparencia<\/em><\/h5>\n<p>En caso de que la informaci\u00f3n que buscas no se encuentra disponible en la p\u00e1gina oficial de la instituci\u00f3n, puedes solicitarla de manera directa en la <a href=\"https:\/\/www.infomex.org.mx\/gobiernofederal\/home.action\" target=\"_blank\">Plataforma Nacional de Transparencia,\u00a0<\/a>poniendo en tu solicitud de informaci\u00f3n lo que deseas saber\u00a0de forma clara y objetiva, obteniendo respuesta en un plazo de 15 d\u00edas h\u00e1biles.<\/p>\n<p>Para que tengas un acercamiento sobre este tipo de documentos otorgados a trav\u00e9s de la plataforma de transparencia, durante esta semana en EL ORIENTE.NET estaremos compartiendo algunos ejemplos.<\/p>\n<h1>OTRAS ENTRADAS<\/h1>\n<div class=\"featuredpost\">\n<div class=\"flow_hide\">\n<h2 class=\"posttitle bigposttitle\"><a title=\"Enlace Permanente a CULTURA: Oaxaca Cine suspende funciones\" href=\"http:\/\/www.eloriente.net\/home\/2017\/09\/25\/cultura-oaxaca-cine-suspende-funciones\/\" rel=\"bookmark\">CULTURA: Oaxaca Cine suspende funciones<\/a><\/h2>\n<\/div>\n<p>(www.eloriente.net, M\u00e9xico, a 25 de septiembre de 2017, por: Sergio M\u00e9ndez).- \u201cLas funciones que ten\u00edamos previstas para los d\u00edas 25, 26 y 27 de septiembre, correspondientes al Foro\u2026<\/p>\n<p class=\"postmeta\"><span class=\"meta_date\">septiembre 25, 2017<\/span><\/p>\n<p class=\"postmeta\">\n<\/div>\n<div class=\"featuredpost\">\n<div class=\"flow_hide\">\n<p><a href=\"http:\/\/www.eloriente.net\/home\/2017\/09\/25\/la-cultura-decirnos-la-verdad-juan-pablo-vasconcelos\/\" rel=\"bookmark\"><img decoding=\"async\" class=\"alignleft\" title=\"ES LA CULTURA: Decirnos la verdad, por Juan Pablo Vasconcelos\" src=\"http:\/\/www.eloriente.net\/home\/wp-content\/themes\/city-desk\/timthumb.php?src=http%3A%2F%2Fwww.eloriente.net%2Fhome%2Fwp-content%2Fuploads%2F2017%2F09%2Fsoldado-tragedia-sismo-sep-2017.jpg&amp;q=90&amp;w=70&amp;h=45&amp;zc=1\" alt=\"ES LA CULTURA: Decirnos la verdad, por Juan Pablo Vasconcelos\" \/><\/a><\/p>\n<h2 class=\"posttitle \"><a title=\"Enlace Permanente a ES LA CULTURA: Decirnos la verdad, por Juan Pablo Vasconcelos\" href=\"http:\/\/www.eloriente.net\/home\/2017\/09\/25\/la-cultura-decirnos-la-verdad-juan-pablo-vasconcelos\/\" rel=\"bookmark\">ES LA CULTURA: Decirnos la verdad, por Juan Pablo Vasconcelos<\/a><\/h2>\n<\/div>\n<p>\u201cA veces no es atractivo, pero siempre es necesario. El gobierno debe ser sincero y decirle la verdad a los damnificados: la recuperaci\u00f3n tardar\u00e1. Llevar\u00e1 m\u00e1s tiempo del\u2026<\/p>\n<p class=\"postmeta\"><span class=\"meta_date\">septiembre 25, 2017<\/span><\/p>\n<p class=\"postmeta\">\n<\/div>\n<div class=\"featuredpost\">\n<div class=\"flow_hide\">\n<p><a href=\"http:\/\/www.eloriente.net\/home\/2017\/09\/21\/gerardo-castellanos-presenta-cronica-secreta-del-barrio-marquesado\/\" rel=\"bookmark\"><img decoding=\"async\" class=\"alignleft\" title=\"Gerardo Castellanos presenta Cr\u00f3nica Secreta del Barrio El Marquesado\" src=\"http:\/\/www.eloriente.net\/home\/wp-content\/themes\/city-desk\/timthumb.php?src=http%3A%2F%2Fwww.eloriente.net%2Fhome%2Fwp-content%2Fuploads%2F2017%2F09%2FCRO%CC%81NICA-SECRETA-DEL-BARRIO-DE-EL-MARQUESADO-1-e1506023296648.jpeg&amp;q=90&amp;w=70&amp;h=45&amp;zc=1\" alt=\"Gerardo Castellanos presenta Cr\u00f3nica Secreta del Barrio El Marquesado\" \/><\/a><\/p>\n<h2 class=\"posttitle \"><a title=\"Enlace Permanente a Gerardo Castellanos presenta Cr\u00f3nica Secreta del Barrio El Marquesado\" href=\"http:\/\/www.eloriente.net\/home\/2017\/09\/21\/gerardo-castellanos-presenta-cronica-secreta-del-barrio-marquesado\/\" rel=\"bookmark\">Gerardo Castellanos presenta Cr\u00f3nica Secreta del Barrio El Marquesado<\/a><\/h2>\n<\/div>\n<p>eloriente.net 21 de septiembre de 2017 El pr\u00f3ximo domingo 24 de septiembre a las 12:00 horas, se llevar\u00e1 a cabo en la Antigua Estaci\u00f3n del Ferrocarril de\u2026<\/p>\n<p class=\"postmeta\"><span class=\"meta_date\">septiembre 21, 2017<\/span><\/p>\n<\/div>\n\n\t\t\t  <div \n\t\t\t  \tclass = \"fb-comments\" \n\t\t\t  \tdata-href = \"http:\/\/www.eloriente.net\/home\/2017\/09\/25\/acceso-la-informacion-sector-medio-ambiente-mexico-unorienteverde\/\"\n\t\t\t  \tdata-numposts = \"10\"\n\t\t\t\tdata-colorscheme = \"dark\"\n\t\t\t\tdata-order-by = \"social\"\n\t\t\t\tdata-mobile=true>\n\t\t\t  <\/div>\n\t\t  <style>\n\t\t\t.fb_iframe_widget_fluid_desktop iframe {\n\t\t\t    width: 100% !important;\n\t\t\t}\n\t\t  <\/style>\n\t\t  ","protected":false},"excerpt":{"rendered":"<p>(www.eloriente.net, M\u00e9xico. 25 de septiembre de 2017. Por: Jessica Lamadrid).- Todos los seres humanos tenemos el derecho a la informaci\u00f3n al ser fundamental para el conocimiento de lo que ocurre a nuestro alrededor, tema que ser\u00e1 abordado durante esta semana en EL ORIENTE.NET debido a su importancia social y al estar en marco del D\u00eda [&hellip;]<\/p>\n","protected":false},"author":45,"featured_media":50473,"comment_status":"open","ping_status":"open","sticky":false,"template":"","format":"standard","meta":{"_jetpack_memberships_contains_paid_content":false,"footnotes":""},"categories":[18,32,10,20,24],"tags":[3513,8425,8426,4032],"class_list":["post-50472","post","type-post","status-publish","format-standard","has-post-thumbnail","hentry","category-educacion-y-cultura","category-entradas","category-lo-mas-reciente","category-medio-ambiente","category-mexico-y-el-mundo","tag-conagua","tag-derecho-ala-informacion","tag-recursos-naturales","tag-semarnat"],"jetpack_featured_media_url":"http:\/\/www.eloriente.net\/home\/wp-content\/uploads\/2017\/09\/keyboard-2418525_1920.jpg","jetpack_sharing_enabled":true,"_links":{"self":[{"href":"http:\/\/www.eloriente.net\/home\/wp-json\/wp\/v2\/posts\/50472"}],"collection":[{"href":"http:\/\/www.eloriente.net\/home\/wp-json\/wp\/v2\/posts"}],"about":[{"href":"http:\/\/www.eloriente.net\/home\/wp-json\/wp\/v2\/types\/post"}],"author":[{"embeddable":true,"href":"http:\/\/www.eloriente.net\/home\/wp-json\/wp\/v2\/users\/45"}],"replies":[{"embeddable":true,"href":"http:\/\/www.eloriente.net\/home\/wp-json\/wp\/v2\/comments?post=50472"}],"version-history":[{"count":5,"href":"http:\/\/www.eloriente.net\/home\/wp-json\/wp\/v2\/posts\/50472\/revisions"}],"predecessor-version":[{"id":50492,"href":"http:\/\/www.eloriente.net\/home\/wp-json\/wp\/v2\/posts\/50472\/revisions\/50492"}],"wp:featuredmedia":[{"embeddable":true,"href":"http:\/\/www.eloriente.net\/home\/wp-json\/wp\/v2\/media\/50473"}],"wp:attachment":[{"href":"http:\/\/www.eloriente.net\/home\/wp-json\/wp\/v2\/media?parent=50472"}],"wp:term":[{"taxonomy":"category","embeddable":true,"href":"http:\/\/www.eloriente.net\/home\/wp-json\/wp\/v2\/categories?post=50472"},{"taxonomy":"post_tag","embeddable":true,"href":"http:\/\/www.eloriente.net\/home\/wp-json\/wp\/v2\/tags?post=50472"}],"curies":[{"name":"wp","href":"https:\/\/api.w.org\/{rel}","templated":true}]}}