{"id":50535,"date":"2017-09-27T11:44:43","date_gmt":"2017-09-27T17:44:43","guid":{"rendered":"http:\/\/www.eloriente.net\/home\/?p=50535"},"modified":"2017-09-27T17:46:14","modified_gmt":"2017-09-27T23:46:14","slug":"ocurrioel-19-septiembre-2017-mexico-instituto-geofisica-la-unam","status":"publish","type":"post","link":"http:\/\/www.eloriente.net\/home\/2017\/09\/27\/ocurrioel-19-septiembre-2017-mexico-instituto-geofisica-la-unam\/","title":{"rendered":"\u00bfQu\u00e9 ocurri\u00f3\tel 19 de septiembre de 2017 en M\u00e9xico?, por Instituto de Geof\u00edsica de la UNAM"},"content":{"rendered":"<p><script src=\"\/\/pagead2.googlesyndication.com\/pagead\/js\/adsbygoogle.js\" async=\"\"><\/script><!-- BANNER ELORIENTE INCRUSTADO NOTAS --> <ins class=\"adsbygoogle\" style=\"display: inline-block; width: 300px; height: 250px;\" data-ad-client=\"ca-pub-1136171134853753\" data-ad-slot=\"7974633627\"><\/ins><script>\/\/ <![CDATA[\n(adsbygoogle = window.adsbygoogle || []).push({});\n\/\/ ]]><\/script><\/p>\n<p>&nbsp;<\/p>\n<p>eloriente.net\/<a href=\"http:\/\/usuarios.geofisica.unam.mx\/cruz\/Nota_Divulgacion_Sismo_19092017.pdf\" target=\"_blank\">Geof\u00edsica UNAM<\/a><\/p>\n<p>27 de septiembre de 2017<\/p>\n<p>Mucho nos preguntamos si el sismo, de magnitud 7.1, fue m\u00e1s fuerte en la Ciudad de M\u00e9xico que el terremoto de magnitud 8.0 de 1985. S\u00f3lo por la enorme diferencia en magnitud de los dos eventos, uno podr\u00eda suponer que no. Esto tiene sentido, ya que el sismo de 1985 liber\u00f3 32 veces m\u00e1s energ\u00eda s\u00edsmica que el del 19 de septiembre de 2017. Sin embargo, en 1985, el epicentro fue muy lejano y bajo las costas del estado de Michoac\u00e1n, a m\u00e1s de 400 km de la capital, mientras que el 7.1 ocurri\u00f3 apenas 120 km al sur de la ciudad. Al propagarse, las ondas s\u00edsmicas se aten\u00faan r\u00e1pidamente. Por ello, a pesar de que la ruptura que gener\u00f3 las ondas s\u00edsmicas el martes pasado es mucho menor que la de 1985, las sacudidas en la Ciudad de M\u00e9xico fueron tan violentas. A continuaci\u00f3n, veremos porqu\u00e9.<\/p>\n<p><strong>\u00bfD\u00f3nde y por qu\u00e9 ocurri\u00f3 el sismo? <\/strong><\/p>\n<p>La ruptura del sismo del 19 de septiembre de 2017 ocurri\u00f3 dentro de la placa oce\u00e1nica de Cocos (i.e. sismo intraplaca), por debajo del continente, a una profundidad de 57 km (Figura 1). Si bien este tipo de sismo no es el m\u00e1s com\u00fan en M\u00e9xico, de ninguna manera es extraordinario. En la Figura 1 se muestran los epicentros y profundidades de algunos sismos similares, incluyendo el del pasado martes. Estas rupturas se producen a profundidades mayores que los t\u00edpicos sismos de subducci\u00f3n como el de 1985, que tiene lugar bajo las costas del Pac\u00edfico mexicano sobre la interfaz de contacto entre las placas tect\u00f3nicas de Cocos y de Norteam\u00e9rica (l\u00ednea roja, Figura 1). Los sismos intraplaca, de profundidad intermedia, se producen por esfuerzos extensivos a lo largo de la placa de Cocos. Las fallas geol\u00f3gicas asociadas a estos sismos se conoces con el nombre de \u00abfallas normales\u00bb. Es preciso mencionar que estudios realizados para sismos intraplaca en M\u00e9xico muestran que, por a\u00f1o, la probabilidad de que la intensidad de las sacudidas en la Ciudad de M\u00e9xico debidas a este tipo de terremotos sea grande es muy similar a la de los sismos t\u00edpicos de subducci\u00f3n, como el de 1985, entre otros. Esto implica que el peligro s\u00edsmico en la capital, asociado a los sismos intraplaca (como los del 7 y 19 de septiembre de 2017), es tan grande como el de los sismos m\u00e1s comunes que ocurren bajo las costas del Pac\u00edfico mexicano<\/p>\n<p><a href=\"http:\/\/www.eloriente.net\/home\/wp-content\/uploads\/2017\/09\/figura-1.png\" rel=\"attachment wp-att-50536\"><img loading=\"lazy\" decoding=\"async\" class=\"alignnone wp-image-50536\" src=\"http:\/\/www.eloriente.net\/home\/wp-content\/uploads\/2017\/09\/figura-1-898x1024.png\" alt=\"figura 1\" width=\"600\" height=\"684\" srcset=\"http:\/\/www.eloriente.net\/home\/wp-content\/uploads\/2017\/09\/figura-1-898x1024.png 898w, http:\/\/www.eloriente.net\/home\/wp-content\/uploads\/2017\/09\/figura-1-263x300.png 263w, http:\/\/www.eloriente.net\/home\/wp-content\/uploads\/2017\/09\/figura-1-768x876.png 768w, http:\/\/www.eloriente.net\/home\/wp-content\/uploads\/2017\/09\/figura-1-1024x1168.png 1024w, http:\/\/www.eloriente.net\/home\/wp-content\/uploads\/2017\/09\/figura-1.png 1198w\" sizes=\"(max-width: 600px) 100vw, 600px\" \/><\/a><\/p>\n<p>Figura 1 Localizaciones del sismo de magnitud 7.1 del 19 de septiembre de 2017 (color rojo) y algunos otros del mismo tipo en la regi\u00f3n. Las \u00abpelotas de playa\u00bb ilustran la orientaci\u00f3n de las fallas y la direcci\u00f3n en que deslizaron. Todas estas son fallas de tipo normal.<\/p>\n<p><script src=\"\/\/pagead2.googlesyndication.com\/pagead\/js\/adsbygoogle.js\" async=\"\"><\/script><!-- BANNER PEQUE\u00d1O PARA ENTRENOTAS EL ORIENTE --> <ins class=\"adsbygoogle\" style=\"display: inline-block; width: 468px; height: 60px;\" data-ad-client=\"ca-pub-1136171134853753\" data-ad-slot=\"4953536424\"><\/ins><script>\/\/ <![CDATA[\n(adsbygoogle = window.adsbygoogle || []).push({});\n\/\/ ]]><\/script><\/p>\n<p>\u00bfPor qu\u00e9 tantos da\u00f1os?<\/p>\n<p>Gracias a la vasta red de aceler\u00f3grafos y sism\u00f3metros que registraron ambos terremotos en la Ciudad de M\u00e9xico, y a los esfuerzos de muchos sism\u00f3logos e 3\/9 ingenieros mexicanos, hoy hemos entendido mejor qu\u00e9 ocurri\u00f3. Uno de los ingredientes que usan los ingenieros civiles para calcular las estructuras de los edificios de la CDMX es la aceleraci\u00f3n m\u00e1xima (Amax) del suelo producida por las ondas s\u00edsmicas. En 1985, la Amax en Ciudad Universitaria (CU), que est\u00e1 en suelo firme (Figura 2), fue de 30 gal (1 gal = 1 cm\/s2), mientras que la Amax del 19 de septiembre de 2017 fue de 57 gal. Es decir que el suelo en la zona cercana a CU experiment\u00f3 una sacudida dos veces mayor que en 1985.<\/p>\n<p>Puedes revisar el reporte completo en el lector que te dejamos aqu\u00ed abajo.<\/p>\n<p><iframe title=\"\u00bfQu\u00e9 ocurri\u00f3 el 19 de septiembre de 2017 en M\u00e9xico?\" src=\"https:\/\/e.issuu.com\/embed.html?u=staffcom&#038;d=nota_divulgacion_sismo_19092017\" style=\"border:none; width: 640px; height: 491px;\" allow=\"clipboard-write,allow-top-navigation,allow-top-navigation-by-user-activation,allow-downloads,allow-scripts,allow-same-origin,allow-popups,allow-modals,allow-popups-to-escape-sandbox,allow-forms\"  allowfullscreen=\"true\"><\/iframe><\/p>\n<p><a href=\"http:\/\/www.eloriente.net\/home\/wp-content\/uploads\/2017\/09\/geofisica-unam.jpg\" rel=\"attachment wp-att-50541\"><img loading=\"lazy\" decoding=\"async\" class=\"alignnone wp-image-50541\" src=\"http:\/\/www.eloriente.net\/home\/wp-content\/uploads\/2017\/09\/geofisica-unam-1024x742.jpg\" alt=\"geofisica unam\" width=\"600\" height=\"435\" srcset=\"http:\/\/www.eloriente.net\/home\/wp-content\/uploads\/2017\/09\/geofisica-unam-1024x742.jpg 1024w, http:\/\/www.eloriente.net\/home\/wp-content\/uploads\/2017\/09\/geofisica-unam-300x217.jpg 300w, http:\/\/www.eloriente.net\/home\/wp-content\/uploads\/2017\/09\/geofisica-unam-768x556.jpg 768w, http:\/\/www.eloriente.net\/home\/wp-content\/uploads\/2017\/09\/geofisica-unam.jpg 1280w\" sizes=\"(max-width: 600px) 100vw, 600px\" \/><\/a><\/p>\n<p><strong>OTRAS ENTRADAS<\/strong><\/p>\n<div class=\"featuredpost\">\n<div class=\"flow_hide\">\n<h2 class=\"posttitle bigposttitle\"><a title=\"Enlace Permanente a Presentan convocatoria para el Premio Estatal del Deporte 2017\" href=\"http:\/\/www.eloriente.net\/home\/2017\/09\/26\/presentan-convocatoria-premio-estatal-del-deporte-2017\/\" rel=\"bookmark\">Presentan convocatoria para el Premio Estatal del Deporte 2017<\/a><\/h2>\n<\/div>\n<p>eloriente.net\/TerritorioScore 26 de septiembre 2017 La Comisi\u00f3n Estatal de Cultura F\u00edsica y Deporte present\u00f3 la convocatoria para el Premio Estatal del Deporte 2017, dirigida a las asociaciones\u2026<\/p>\n<p class=\"postmeta\"><span class=\"meta_date\">septiembre 26, 2017<\/span><\/p>\n<div class=\"toolbar-social\"><\/div>\n<\/div>\n<div class=\"featuredpost\">\n<div class=\"flow_hide\">\n<p><a href=\"http:\/\/www.eloriente.net\/home\/2017\/09\/26\/cultura-oaxaca-filmfest-suspende-actividades\/\" rel=\"bookmark\"><img decoding=\"async\" class=\"alignleft\" title=\"CULTURA: Oaxaca Film Fest suspende sus actividades\" src=\"http:\/\/www.eloriente.net\/home\/wp-content\/themes\/city-desk\/timthumb.php?src=http%3A%2F%2Fwww.eloriente.net%2Fhome%2Fwp-content%2Fuploads%2F2017%2F09%2F22007351_1533919893317882_646747427749022839_n.jpg&amp;q=90&amp;w=70&amp;h=45&amp;zc=1\" alt=\"CULTURA: Oaxaca Film Fest suspende sus actividades\" \/><\/a><\/p>\n<h2 class=\"posttitle \"><a title=\"Enlace Permanente a CULTURA: Oaxaca Film Fest suspende sus actividades\" href=\"http:\/\/www.eloriente.net\/home\/2017\/09\/26\/cultura-oaxaca-filmfest-suspende-actividades\/\" rel=\"bookmark\">CULTURA: Oaxaca Film Fest suspende sus actividades<\/a><\/h2>\n<\/div>\n<p>(www.eloriente.net, M\u00e9xico. 26 de septiembre de 2017. Por: Jessica Lamadrid).- Los organizadores de Oaxaca FilmFest han dado a conocer por medio de su p\u00e1gina oficial y redes sociales\u2026<\/p>\n<p class=\"postmeta\"><span class=\"meta_date\">septiembre 26, 2017<\/span><\/p>\n<div class=\"toolbar-social\"><\/div>\n<\/div>\n<div class=\"featuredpost\">\n<div class=\"flow_hide\">\n<h2 class=\"posttitle \"><a title=\"Enlace Permanente a Fundaci\u00f3n Chedraui dona 1,000 despensas a la Sierra Mixe\" href=\"http:\/\/www.eloriente.net\/home\/2017\/09\/26\/fundacion-chedraui-dona-1000-despensas-la-sierra-mixe\/\" rel=\"bookmark\">Fundaci\u00f3n Chedraui dona 1,000 despensas a la Sierra Mixe<\/a><\/h2>\n<\/div>\n<p>(www.eloriente.net, M\u00e9xico. 26 de septiembre de 2017. Por: Jessica Lamadrid).- Los terribles acontecimientos por los cuales atraviesa nuestro estado y el pa\u00eds, han permitido que se muestren grandes\u2026<\/p>\n<p class=\"postmeta\"><span class=\"meta_date\">septiembre 26, 2017<\/span><\/p>\n<\/div>\n\n\t\t\t  <div \n\t\t\t  \tclass = \"fb-comments\" \n\t\t\t  \tdata-href = \"http:\/\/www.eloriente.net\/home\/2017\/09\/27\/ocurrioel-19-septiembre-2017-mexico-instituto-geofisica-la-unam\/\"\n\t\t\t  \tdata-numposts = \"10\"\n\t\t\t\tdata-colorscheme = \"dark\"\n\t\t\t\tdata-order-by = \"social\"\n\t\t\t\tdata-mobile=true>\n\t\t\t  <\/div>\n\t\t  <style>\n\t\t\t.fb_iframe_widget_fluid_desktop iframe {\n\t\t\t    width: 100% !important;\n\t\t\t}\n\t\t  <\/style>\n\t\t  ","protected":false},"excerpt":{"rendered":"<p>&nbsp; eloriente.net\/Geof\u00edsica UNAM 27 de septiembre de 2017 Mucho nos preguntamos si el sismo, de magnitud 7.1, fue m\u00e1s fuerte en la Ciudad de M\u00e9xico que el terremoto de magnitud 8.0 de 1985. S\u00f3lo por la enorme diferencia en magnitud de los dos eventos, uno podr\u00eda suponer que no. Esto tiene sentido, ya que el [&hellip;]<\/p>\n","protected":false},"author":44,"featured_media":50541,"comment_status":"open","ping_status":"open","sticky":false,"template":"","format":"standard","meta":{"_jetpack_memberships_contains_paid_content":false,"footnotes":""},"categories":[3,4300,1588,18,32,13,35,10,84],"tags":[8439,8438,2566,8349,8379,4303,683],"class_list":["post-50535","post","type-post","status-publish","format-standard","has-post-thumbnail","hentry","category-canal-1-tu-aula","category-comunicacion","category-comunicados-y-boletines","category-educacion-y-cultura","category-entradas","category-especiales","category-secciones-oriente","category-lo-mas-reciente","category-universidades","tag-17-de-septiembre-de-2017","tag-instituto-de-geofisica-de-la-unam","tag-septiembre","tag-sismo","tag-temblor","tag-terremoto","tag-unam"],"jetpack_featured_media_url":"http:\/\/www.eloriente.net\/home\/wp-content\/uploads\/2017\/09\/geofisica-unam.jpg","jetpack_sharing_enabled":true,"_links":{"self":[{"href":"http:\/\/www.eloriente.net\/home\/wp-json\/wp\/v2\/posts\/50535"}],"collection":[{"href":"http:\/\/www.eloriente.net\/home\/wp-json\/wp\/v2\/posts"}],"about":[{"href":"http:\/\/www.eloriente.net\/home\/wp-json\/wp\/v2\/types\/post"}],"author":[{"embeddable":true,"href":"http:\/\/www.eloriente.net\/home\/wp-json\/wp\/v2\/users\/44"}],"replies":[{"embeddable":true,"href":"http:\/\/www.eloriente.net\/home\/wp-json\/wp\/v2\/comments?post=50535"}],"version-history":[{"count":2,"href":"http:\/\/www.eloriente.net\/home\/wp-json\/wp\/v2\/posts\/50535\/revisions"}],"predecessor-version":[{"id":50555,"href":"http:\/\/www.eloriente.net\/home\/wp-json\/wp\/v2\/posts\/50535\/revisions\/50555"}],"wp:featuredmedia":[{"embeddable":true,"href":"http:\/\/www.eloriente.net\/home\/wp-json\/wp\/v2\/media\/50541"}],"wp:attachment":[{"href":"http:\/\/www.eloriente.net\/home\/wp-json\/wp\/v2\/media?parent=50535"}],"wp:term":[{"taxonomy":"category","embeddable":true,"href":"http:\/\/www.eloriente.net\/home\/wp-json\/wp\/v2\/categories?post=50535"},{"taxonomy":"post_tag","embeddable":true,"href":"http:\/\/www.eloriente.net\/home\/wp-json\/wp\/v2\/tags?post=50535"}],"curies":[{"name":"wp","href":"https:\/\/api.w.org\/{rel}","templated":true}]}}