{"id":50642,"date":"2017-10-02T11:19:31","date_gmt":"2017-10-02T17:19:31","guid":{"rendered":"http:\/\/www.eloriente.net\/home\/?p=50642"},"modified":"2017-10-03T13:38:42","modified_gmt":"2017-10-03T19:38:42","slug":"videocolumna-turismo-cabezas-blancas-juan-antonio-gomez","status":"publish","type":"post","link":"http:\/\/www.eloriente.net\/home\/2017\/10\/02\/videocolumna-turismo-cabezas-blancas-juan-antonio-gomez\/","title":{"rendered":"VIDEOCOLUMNA: Turismo de cabezas blancas. Por Juan Antonio G\u00f3mez"},"content":{"rendered":"<p><script src=\"\/\/pagead2.googlesyndication.com\/pagead\/js\/adsbygoogle.js\" async=\"\"><\/script><!-- BANNER ELORIENTE INCRUSTADO NOTAS --> <ins class=\"adsbygoogle\" style=\"display: inline-block; width: 300px; height: 250px;\" data-ad-client=\"ca-pub-1136171134853753\" data-ad-slot=\"7974633627\"><\/ins><script>\/\/ <![CDATA[\n(adsbygoogle = window.adsbygoogle || []).push({});\n\/\/ ]]><\/script><\/p>\n<p>&nbsp;<\/p>\n<p>eloriente.net<\/p>\n<p>2 de octubre de 2017<\/p>\n<p>\u00abSiendo el turismo una disciplina multidisciplinaria, existe en la actualidad un segmento muy importante dentro de la industria del ocio, el entretenimiento y la recreaci\u00f3n, con una cifra en aumento de forma muy considerable en los \u00faltimos a\u00f1os en todo el mundo. Me refiero al turismo de adultos mayores, con un poder adquisitivo muy alto, acumulado durante muchos a\u00f1os de trabajo laboral y con una gran disposici\u00f3n de aprovechar el tiempo libre.\u00bb<\/p>\n<p>Te invitamos a ver esta nueva videocolumna de\u00a0<a class=\"profileLink\" href=\"https:\/\/www.facebook.com\/JuanAntonioGomezCardenas?fref=mentions\" data-hovercard=\"\/ajax\/hovercard\/user.php?id=1178523739&amp;extragetparams=%7B%22fref%22%3A%22mentions%22%7D\" data-hovercard-prefer-more-content-show=\"1\">Juan Antonio G\u00f3mez C\u00e1rdenas<\/a>, donde nos hablar\u00e1 m\u00e1s sobre el turismo de los adultos mayores.<\/p>\n<p><iframe loading=\"lazy\" style=\"border: none; overflow: hidden;\" src=\"https:\/\/www.facebook.com\/plugins\/video.php?href=https%3A%2F%2Fwww.facebook.com%2F443535572345554%2Fvideos%2F1697299053635860%2F&amp;show_text=0&amp;width=560\" width=\"560\" height=\"315\" frameborder=\"0\" scrolling=\"no\" allowfullscreen=\"allowfullscreen\"><\/iframe><\/p>\n<p><script src=\"\/\/pagead2.googlesyndication.com\/pagead\/js\/adsbygoogle.js\" async=\"\"><\/script><!-- BANNER PEQUE\u00d1O PARA ENTRENOTAS EL ORIENTE --> <ins class=\"adsbygoogle\" style=\"display: inline-block; width: 468px; height: 60px;\" data-ad-client=\"ca-pub-1136171134853753\" data-ad-slot=\"4953536424\"><\/ins><script>\/\/ <![CDATA[\n(adsbygoogle = window.adsbygoogle || []).push({});\n\/\/ ]]><\/script><\/p>\n<p>Juan Antonio G\u00f3mez C\u00e1rdenas es Licenciado en Turismo por la Universidad de Guadalajara. Cuenta tambi\u00e9n con una Maestr\u00eda en Educaci\u00f3n por el Instituto Tecnol\u00f3gico de Estudios Superiores de Monterrey.<\/p>\n<p>Fue Jefe del Departamento de Capacitaci\u00f3n y Desarrollo Tur\u00edstico de la Secretaria de Turismo del H. Ayuntamiento de Oaxaca de Ju\u00e1rez. Actualmente es Presidente de la Asociaci\u00f3n Mexicana de Profesionistas y T\u00e9cnicos en Turismo A.C. Oaxaca.<\/p>\n<p><a href=\"http:\/\/www.eloriente.net\/home\/wp-content\/uploads\/2017\/10\/JUAN-ANTONIO-GO\u0301MEZ-1-DE-OCTUBRE-2017.jpg\" rel=\"attachment wp-att-50643\"><img loading=\"lazy\" decoding=\"async\" class=\"alignnone  wp-image-50643\" src=\"http:\/\/www.eloriente.net\/home\/wp-content\/uploads\/2017\/10\/JUAN-ANTONIO-GO\u0301MEZ-1-DE-OCTUBRE-2017-1024x576.jpg\" alt=\"JUAN ANTONIO GO\u0301MEZ 1 DE OCTUBRE 2017\" width=\"600\" height=\"338\" srcset=\"http:\/\/www.eloriente.net\/home\/wp-content\/uploads\/2017\/10\/JUAN-ANTONIO-GO\u0301MEZ-1-DE-OCTUBRE-2017-1024x576.jpg 1024w, http:\/\/www.eloriente.net\/home\/wp-content\/uploads\/2017\/10\/JUAN-ANTONIO-GO\u0301MEZ-1-DE-OCTUBRE-2017-300x169.jpg 300w, http:\/\/www.eloriente.net\/home\/wp-content\/uploads\/2017\/10\/JUAN-ANTONIO-GO\u0301MEZ-1-DE-OCTUBRE-2017-768x432.jpg 768w, http:\/\/www.eloriente.net\/home\/wp-content\/uploads\/2017\/10\/JUAN-ANTONIO-GO\u0301MEZ-1-DE-OCTUBRE-2017.jpg 1920w\" sizes=\"(max-width: 600px) 100vw, 600px\" \/><\/a><\/p>\n<p><strong>OTRAS VIDEOCOLUMNAS<\/strong><\/p>\n<div id=\"post-50611\" class=\"entry loop-default border_bottom_30 post-50611 post type-post status-publish format-standard has-post-thumbnail hentry category-viernesdefelicidad category-educacion-y-cultura category-entradas category-salud-y-estilo-de-vida category-lo-mas-reciente category-ursula-woolrich category-videoblogs tag-viernesdefelicidad-2 tag-battista-borsato tag-ursula-woolrich tag-viernes-de-felicidad tag-vivir-los-conflictos-y-mantenerse-en-el-sufrimiento\">\n<h2 class=\"entry_title\"><a title=\"Enlace Permanente a VIDEOCOLUMNA: Vivir los conflictos y mantenerse en el sufrimiento (Parte 2). Por \u00darsula Woolrich\" href=\"http:\/\/www.eloriente.net\/home\/2017\/09\/29\/videocolumna-vivir-los-conflictos-mantenerse-sufrimiento-parte-2-ursula-woolrich\/\" rel=\"bookmark\">VIDEOCOLUMNA: Vivir los conflictos y mantenerse en el sufrimiento (Parte 2). Por \u00darsula Woolrich<\/a><\/h2>\n<p><a href=\"http:\/\/www.eloriente.net\/home\/2017\/09\/29\/videocolumna-vivir-los-conflictos-mantenerse-sufrimiento-parte-2-ursula-woolrich\/\" rel=\"bookmark\"><img decoding=\"async\" class=\"alignleft\" title=\"VIDEOCOLUMNA: Vivir los conflictos y mantenerse en el sufrimiento (Parte 2). Por \u00darsula Woolrich\" src=\"http:\/\/www.eloriente.net\/home\/wp-content\/themes\/city-desk\/timthumb.php?src=http%3A%2F%2Fwww.eloriente.net%2Fhome%2Fwp-content%2Fuploads%2F2017%2F09%2FU%CC%81RSULA-WOOLRICH-29-DE-SEPTIEMBRE-2017.jpg&amp;q=90&amp;w=160&amp;h=106&amp;zc=1\" alt=\"VIDEOCOLUMNA: Vivir los conflictos y mantenerse en el sufrimiento (Parte 2). Por \u00darsula Woolrich\" \/><\/a>\u00a0 eloriente.net 29 de septiembre de 2017 Hola, estamos en la segunda parte de la videocolumna, \u201cVivir los conflictos y mantenerse en el sufrimiento\u201d En esta ocasi\u00f3n\u00a0Ursula Woolrich\u00a0nos platica sobre la raz\u00f3n del sufrimiento en la vida de pareja. \u00darsula Woolrich es Psic\u00f3loga con estudios de maestr\u00eda en educaci\u00f3n superior. Diplomada en programaci\u00f3n neuroling\u00fc\u00edstica, docente [\u2026]<\/p>\n<p class=\"postmeta\"><span class=\"meta_date\">septiembre 29, 2017<\/span><\/p>\n<\/div>\n<div id=\"post-50603\" class=\"entry loop-default border_bottom_30 post-50603 post type-post status-publish format-standard has-post-thumbnail hentry category-alejandro-cruz-pimentel-videoblogs category-congreso-y-justicia category-entradas category-estados category-oaxaca-estados category-politica-y-gobierno category-videoblogs tag-alejandro-cruz-pimentel tag-opinion tag-sistema-nacional-anticorrupcion tag-sna tag-videocolumna\">\n<h2 class=\"entry_title\"><a title=\"Enlace Permanente a VIDEOCOLUMNA: El SNA desde una perspectiva ciudadana. Por Alejandro Cruz Pimentel\" href=\"http:\/\/www.eloriente.net\/home\/2017\/09\/28\/videocolumna-sna-desde-una-perspectiva-ciudadana-alejandro-cruz-pimentel\/\" rel=\"bookmark\">VIDEOCOLUMNA: El SNA desde una perspectiva ciudadana. Por Alejandro Cruz Pimentel<\/a><\/h2>\n<p><a href=\"http:\/\/www.eloriente.net\/home\/2017\/09\/28\/videocolumna-sna-desde-una-perspectiva-ciudadana-alejandro-cruz-pimentel\/\" rel=\"bookmark\"><img decoding=\"async\" class=\"alignleft\" title=\"VIDEOCOLUMNA: El SNA desde una perspectiva ciudadana. Por Alejandro Cruz Pimentel\" src=\"http:\/\/www.eloriente.net\/home\/wp-content\/themes\/city-desk\/timthumb.php?src=http%3A%2F%2Fwww.eloriente.net%2Fhome%2Fwp-content%2Fuploads%2F2017%2F09%2FALEJANDRO-CRUZ-PIMENTEL-28-DE-SEPTIEMBRE-2017.jpg&amp;q=90&amp;w=160&amp;h=106&amp;zc=1\" alt=\"VIDEOCOLUMNA: El SNA desde una perspectiva ciudadana. Por Alejandro Cruz Pimentel\" \/><\/a>\u00a0 eloriente.net 28 de septiembre de 2017 \u201cDesde principios del siglo XXI, con la alternancia en el poder ejecutivo federal, se lograron importantes avances para fortalecer la transparencia y la rendici\u00f3n de cuentas. Sin embargo, cada iniciativa se cre\u00f3 en un sentido correcto pero carec\u00edan de una visi\u00f3n integral, se construy\u00f3 un andamiaje institucional desfragmentado, [\u2026]<\/p>\n<p class=\"postmeta\"><span class=\"meta_date\">septiembre 28, 2017<\/span><\/p>\n<\/div>\n<div id=\"post-50498\" class=\"entry loop-default border_bottom_30 post-50498 post type-post status-publish format-standard has-post-thumbnail hentry category-lunesdepolitica category-comunicacion category-congreso-y-justicia category-entradas category-estados category-karina-baron category-oaxaca-estados category-politica-y-gobierno category-videoblogs tag-desastres tag-donaciones tag-gobierno tag-karina-baron tag-morena tag-oaxaca tag-politica tag-reconstruccion tag-rescate tag-septiembre tag-sismos\">\n<h2 class=\"entry_title\"><a title=\"Enlace Permanente a VIDEOCOLUMNA: Todas y todos los diputados federales de Morena, donaremos un mes de sueldo. Por Karina Bar\u00f3n\" href=\"http:\/\/www.eloriente.net\/home\/2017\/09\/25\/videocolumna-todas-todos-los-diputados-federales-morena-donaremos-mes-sueldo-karina-baron\/\" rel=\"bookmark\">VIDEOCOLUMNA: Todas y todos los diputados federales de Morena, donaremos un mes de sueldo. Por Karina Bar\u00f3n<\/a><\/h2>\n<p><a href=\"http:\/\/www.eloriente.net\/home\/2017\/09\/25\/videocolumna-todas-todos-los-diputados-federales-morena-donaremos-mes-sueldo-karina-baron\/\" rel=\"bookmark\"><img decoding=\"async\" class=\"alignleft\" title=\"VIDEOCOLUMNA: Todas y todos los diputados federales de Morena, donaremos un mes de sueldo. Por Karina Bar\u00f3n\" src=\"http:\/\/www.eloriente.net\/home\/wp-content\/themes\/city-desk\/timthumb.php?src=http%3A%2F%2Fwww.eloriente.net%2Fhome%2Fwp-content%2Fuploads%2F2017%2F09%2FKARINA-BARO%CC%81N-25-DE-SEPTIEMBRE-2017.jpg&amp;q=90&amp;w=160&amp;h=106&amp;zc=1\" alt=\"VIDEOCOLUMNA: Todas y todos los diputados federales de Morena, donaremos un mes de sueldo. Por Karina Bar\u00f3n\" \/><\/a>\u00a0 eloriente.net 25 de septiembre de 2017 \u201cSin rodeos. Todas y todos los diputados federales de Morena, donaremos un mes de sueldo en apoyo a los damnificados de los reciente terremotos en M\u00e9xico. Adem\u00e1s, particularmente en Oaxaca, cada diputado local deber\u00e1 entregar para dos meses de dieta o sueldo.\u201d Si quieres saber m\u00e1s sobre esta [\u2026]<\/p>\n<p class=\"postmeta\"><span class=\"meta_date\">septiembre 25, 2017<\/span><\/p>\n<\/div>\n\n\t\t\t  <div \n\t\t\t  \tclass = \"fb-comments\" \n\t\t\t  \tdata-href = \"http:\/\/www.eloriente.net\/home\/2017\/10\/02\/videocolumna-turismo-cabezas-blancas-juan-antonio-gomez\/\"\n\t\t\t  \tdata-numposts = \"10\"\n\t\t\t\tdata-colorscheme = \"dark\"\n\t\t\t\tdata-order-by = \"social\"\n\t\t\t\tdata-mobile=true>\n\t\t\t  <\/div>\n\t\t  <style>\n\t\t\t.fb_iframe_widget_fluid_desktop iframe {\n\t\t\t    width: 100% !important;\n\t\t\t}\n\t\t  <\/style>\n\t\t  ","protected":false},"excerpt":{"rendered":"<p>&nbsp; eloriente.net 2 de octubre de 2017 \u00abSiendo el turismo una disciplina multidisciplinaria, existe en la actualidad un segmento muy importante dentro de la industria del ocio, el entretenimiento y la recreaci\u00f3n, con una cifra en aumento de forma muy considerable en los \u00faltimos a\u00f1os en todo el mundo. Me refiero al turismo de adultos [&hellip;]<\/p>\n","protected":false},"author":44,"featured_media":50643,"comment_status":"open","ping_status":"open","sticky":false,"template":"","format":"standard","meta":{"_jetpack_memberships_contains_paid_content":false,"footnotes":""},"categories":[49,18,32,7858,10,24,19,98],"tags":[1994,8464,7859,8465,109,8466,6224],"class_list":["post-50642","post","type-post","status-publish","format-standard","has-post-thumbnail","hentry","category-destacadas","category-educacion-y-cultura","category-entradas","category-juan-antonio-gomez","category-lo-mas-reciente","category-mexico-y-el-mundo","category-turismo-y-negocios","category-videoblogs","tag-adultos-mayores","tag-ancianos","tag-juan-antonio-gomez","tag-tercera-edad","tag-turismo","tag-turismo-de-la-tercera-edad","tag-videocolumna"],"jetpack_featured_media_url":"http:\/\/www.eloriente.net\/home\/wp-content\/uploads\/2017\/10\/JUAN-ANTONIO-GO\u0301MEZ-1-DE-OCTUBRE-2017.jpg","jetpack_sharing_enabled":true,"_links":{"self":[{"href":"http:\/\/www.eloriente.net\/home\/wp-json\/wp\/v2\/posts\/50642"}],"collection":[{"href":"http:\/\/www.eloriente.net\/home\/wp-json\/wp\/v2\/posts"}],"about":[{"href":"http:\/\/www.eloriente.net\/home\/wp-json\/wp\/v2\/types\/post"}],"author":[{"embeddable":true,"href":"http:\/\/www.eloriente.net\/home\/wp-json\/wp\/v2\/users\/44"}],"replies":[{"embeddable":true,"href":"http:\/\/www.eloriente.net\/home\/wp-json\/wp\/v2\/comments?post=50642"}],"version-history":[{"count":1,"href":"http:\/\/www.eloriente.net\/home\/wp-json\/wp\/v2\/posts\/50642\/revisions"}],"predecessor-version":[{"id":50645,"href":"http:\/\/www.eloriente.net\/home\/wp-json\/wp\/v2\/posts\/50642\/revisions\/50645"}],"wp:featuredmedia":[{"embeddable":true,"href":"http:\/\/www.eloriente.net\/home\/wp-json\/wp\/v2\/media\/50643"}],"wp:attachment":[{"href":"http:\/\/www.eloriente.net\/home\/wp-json\/wp\/v2\/media?parent=50642"}],"wp:term":[{"taxonomy":"category","embeddable":true,"href":"http:\/\/www.eloriente.net\/home\/wp-json\/wp\/v2\/categories?post=50642"},{"taxonomy":"post_tag","embeddable":true,"href":"http:\/\/www.eloriente.net\/home\/wp-json\/wp\/v2\/tags?post=50642"}],"curies":[{"name":"wp","href":"https:\/\/api.w.org\/{rel}","templated":true}]}}