{"id":50670,"date":"2017-10-03T01:37:03","date_gmt":"2017-10-03T07:37:03","guid":{"rendered":"http:\/\/www.eloriente.net\/home\/?p=50670"},"modified":"2017-10-02T18:18:47","modified_gmt":"2017-10-03T00:18:47","slug":"5-vacantes-educacion-pedagogia-martesdevacantes-4","status":"publish","type":"post","link":"http:\/\/www.eloriente.net\/home\/2017\/10\/03\/5-vacantes-educacion-pedagogia-martesdevacantes-4\/","title":{"rendered":"5 vacantes en Educaci\u00f3n y Pedagog\u00eda #MartesDeVacantes"},"content":{"rendered":"<p><script src=\"\/\/pagead2.googlesyndication.com\/pagead\/js\/adsbygoogle.js\" async=\"\"><\/script><!-- BANNER ELORIENTE INCRUSTADO NOTAS --> <ins class=\"adsbygoogle\" style=\"display: inline-block; width: 300px; height: 250px;\" data-ad-client=\"ca-pub-1136171134853753\" data-ad-slot=\"7974633627\"><\/ins><script>\/\/ <![CDATA[\n(adsbygoogle = window.adsbygoogle || []).push({});\n\/\/ ]]><\/script><\/p>\n<p>&nbsp;<\/p>\n<p>(www.eloriente.net, M\u00e9xico, a 3 de\u00a0octubre de 2017).- Conscientes de la importancia para la ciudadan\u00eda en general de la b\u00fasqueda de nuevas oportunidades de crecimiento profesional, ponemos a tu disposici\u00f3n semanalmente ofertas de empleo disponibles por profesi\u00f3n en cualquier parte de M\u00e9xico y del mundo o, cuando as\u00ed lo amerita, exclusivamente en Oaxaca.<\/p>\n<p>En esta ocasi\u00f3n, ELORIENTE.NET comparte cinco vacantes en Docencia.<\/p>\n<p>Si deseas aplicar para alguna de las vacantes, deber\u00e1s darle clic al t\u00edtulo de esta y te llevar\u00e1 al sitio que te pondr\u00e1 en contacto con los empleadores. No olvides comentar que la oportunidad la has encontrado con nosotros en el Martes de Vacantes de ELORIENTE.NET. \u00a1\u00c9xito!<\/p>\n<p><a href=\"https:\/\/www.occ.com.mx\/empleo\/oferta\/10205090\/-en-Oaxaca?returnURL=https%3A%2F%2Fwww.occ.com.mx%2Fempleos-en-oaxaca%2Fpedagog%25C3%25ADa%231\" target=\"_blank\"><strong>1.- AUXILIAR DE SERVICIOS ESCOLARES<\/strong><\/a><\/p>\n<p><strong>Escolaridad:<\/strong> Licenciatura en Educaci\u00f3n, Pedagog\u00eda o similares<\/p>\n<p><strong>G\u00e9nero:<\/strong> Indistinto<\/p>\n<p><strong>Requisitos:<\/strong> Edad entre 25 y 35 a\u00f1os. Radicar en la ciudad de Oaxaca. Experiencia de un a\u00f1o en tramites antes IEEPO y dependencias relacionadas a la educaci\u00f3n. Habilidades de comunicaci\u00f3n, organizaci\u00f3n y sentido com\u00fan. Nivel de ingl\u00e9s medio<\/p>\n<p><strong>Funciones:<\/strong> Elaboraci\u00f3n de documentaci\u00f3n relacionada con alumnos.<\/p>\n<p><strong>Salario:<\/strong> No mostrado por la compa\u00f1\u00eda<\/p>\n<p><strong>Horario<\/strong>: Tiempo completo (no especificado)<\/p>\n<p><a href=\"https:\/\/www.empleo.gob.mx\/3244285-oferta-de-empleo-de-aistente-educativo-maria-jose-espacios-infanti\" target=\"_blank\"><strong>2.- ASISTENTE EDUCATIVO<\/strong><\/a><\/p>\n<p><strong>Escolaridad:<\/strong> Licenciatura en Pedagog\u00eda<\/p>\n<p><strong>G\u00e9nero:<\/strong> Indistinto<\/p>\n<p><strong>Requisitos:<\/strong> Experiencia m\u00ednima de un a\u00f1o. Trabajo en equipo. Capacidad de comunicaci\u00f3n.<\/p>\n<p><strong>Funciones:<\/strong> Funciones pedag\u00f3gicas asistenciales.<\/p>\n<p><strong>Salario:<\/strong> $3500 mensuales<\/p>\n<p><strong>Horario:<\/strong> Lunes a viernes de 7:00 a 17:00 horas<\/p>\n<p><a href=\"https:\/\/www.computrabajo.com.mx\/ofertas-de-trabajo\/oferta-de-trabajo-de-docente-de-ingles-con-dominio-de-otro-idioma-en-santa-cruz-xoxocotlan-9CB7209A34646622\" target=\"_blank\"><strong>3.- DOCENTE DE INGL\u00c9S<\/strong><\/a><\/p>\n<p><strong>Escolaridad:<\/strong> Licenciatura en Idiomas, Lenguas Extranjeras o af\u00edn.<\/p>\n<p><strong>G\u00e9nero:<\/strong> Indistinto.<\/p>\n<p><strong>Requisitos:<\/strong> Edad de entre 25 y 40 a\u00f1os. Experiencia m\u00ednima de un a\u00f1o. Disponibilidad de tiempo. Contar con certificaciones de ense\u00f1anza de alg\u00fan idioma.<\/p>\n<p><strong>Funciones:<\/strong> Ense\u00f1anza del idioma ingl\u00e9s.<\/p>\n<p><strong>Salario:<\/strong> A convenir<\/p>\n<p><strong>Horario:<\/strong> Por horas (no especificado)<\/p>\n<p><script src=\"\/\/pagead2.googlesyndication.com\/pagead\/js\/adsbygoogle.js\" async=\"\"><\/script><!-- BANNER PEQUE\u00d1O PARA ENTRENOTAS EL ORIENTE --> <ins class=\"adsbygoogle\" style=\"display: inline-block; width: 468px; height: 60px;\" data-ad-client=\"ca-pub-1136171134853753\" data-ad-slot=\"4953536424\"><\/ins><script>\/\/ <![CDATA[\n(adsbygoogle = window.adsbygoogle || []).push({});\n\/\/ ]]><\/script><\/p>\n<p><a href=\"https:\/\/www.empleo.gob.mx\/3256559-oferta-de-empleo-de-pedagogo-liceo-federico-froebel-oaxaca\" target=\"_blank\"><strong>4.- PEDAGOGO<\/strong><\/a><\/p>\n<p><strong>Escolaridad:<\/strong> Licenciatura en Pedagog\u00eda<\/p>\n<p><strong>G\u00e9nero:<\/strong> Indistinto<\/p>\n<p><strong>Requisitos:<\/strong> Experiencia m\u00ednima de uno a\u00f1o. Excelente ortograf\u00eda y redacci\u00f3n. Buen manejo de la paqueter\u00eda de Office.<\/p>\n<p><strong>Funciones:<\/strong> Observaciones de grupo, revisi\u00f3n de planeaciones, desarrollo de capacitaciones, aplicaci\u00f3n de ex\u00e1menes de secundaria y preparatoria<\/p>\n<p><strong>Salario:<\/strong> $5000 mensuales<\/p>\n<p><strong>Horario:<\/strong> Lunes a viernes de 7:00 a 15:00 horas. S\u00e1bado de 8:00 a 15:00<\/p>\n<p><a href=\"https:\/\/www.computrabajo.com.mx\/ofertas-de-trabajo\/oferta-de-trabajo-de-maestro-de-ingles-tec-istmo--viernes-sabado-y-domingo-en-heroica-ciudad-de-juchitan-de-zaragoza-B46A6696549E81D1\" target=\"_blank\"><strong>5.- MAESTRO DE INGL\u00c9S<\/strong><\/a><\/p>\n<p><strong>Escolaridad:<\/strong> Licenciatura en Lenguas Extranjeras<\/p>\n<p><strong>G\u00e9nero:<\/strong> Indistinto<\/p>\n<p><strong>Requisitos<\/strong>: Edad de 20 a\u00f1os en adelante. Disponibilidad de tiempo. Excelente presentaci\u00f3n. TOEFL m\u00ednimo de 550 puntos.<\/p>\n<p><strong>Funciones:<\/strong> Cumplimiento de los objetivos de aprendizaje del programa de estudios de Harmon Hall. Implementaci\u00f3n del programa de estudios. Cumplimientos de los procesos del programa acad\u00e9mico.<\/p>\n<p><strong>Salario:<\/strong> $6000 mensuales<\/p>\n<p><strong>Horario:<\/strong> Por horas (no especificado)<\/p>\n<p><a href=\"http:\/\/www.eloriente.net\/home\/wp-content\/uploads\/2014\/05\/martes-de-vacantes.jpg\" rel=\"attachment wp-att-25869\"><img loading=\"lazy\" decoding=\"async\" class=\"alignnone wp-image-25869\" src=\"http:\/\/www.eloriente.net\/home\/wp-content\/uploads\/2014\/05\/martes-de-vacantes.jpg\" alt=\"martes de vacantes\" width=\"547\" height=\"363\" srcset=\"http:\/\/www.eloriente.net\/home\/wp-content\/uploads\/2014\/05\/martes-de-vacantes.jpg 1024w, http:\/\/www.eloriente.net\/home\/wp-content\/uploads\/2014\/05\/martes-de-vacantes-300x199.jpg 300w\" sizes=\"(max-width: 547px) 100vw, 547px\" \/><\/a><\/p>\n<p><strong>OTRAS ENTRADAS<\/strong><\/p>\n<div class=\"featuredpost\">\n<div class=\"flow_hide\">\n<h2 class=\"posttitle bigposttitle\"><a title=\"Enlace Permanente a OAXACA: Autoridades del Istmo reclaman al gobierno \u201cdeficiente coordinaci\u00f3n\u201d\" href=\"http:\/\/www.eloriente.net\/home\/2017\/10\/02\/oaxaca-autoridades-del-istmo-reclaman-al-gobierno-deficiente-coordinacion\/\" rel=\"bookmark\">OAXACA: Autoridades del Istmo reclaman al gobierno \u201cdeficiente coordinaci\u00f3n\u201d<\/a><\/h2>\n<\/div>\n<p>(www.eloriente.net, M\u00e9xico, a 2 de octubre de 2017, por: Sergio M\u00e9ndez).- Este d\u00eda, 6 presidentas y presidentes municipales del Istmo de Tehuantepec, incluidas las primeras concejales de Tehuantepec\u2026<\/p>\n<p class=\"postmeta\"><span class=\"meta_date\">octubre 2, 2017<\/span><\/p>\n<div class=\"toolbar-social\"><\/div>\n<\/div>\n<div class=\"featuredpost\">\n<div class=\"flow_hide\"><a href=\"http:\/\/www.eloriente.net\/home\/2017\/10\/02\/garantizara-congreso-los-integrantes-del-nuevo-osfeo-verdad-sean-los-mas-aptos-adrian-ortiz\/\" rel=\"bookmark\"><img decoding=\"async\" class=\"alignleft\" title=\"\u00bfC\u00f3mo garantizar\u00e1 el Congreso que los integrantes del nuevo OSFEO, de verdad sean los m\u00e1s aptos? Por Adri\u00e1n Ortiz\" src=\"http:\/\/www.eloriente.net\/home\/wp-content\/themes\/city-desk\/timthumb.php?src=http%3A%2F%2Fwww.eloriente.net%2Fhome%2Fwp-content%2Fuploads%2F2017%2F10%2Fcongreso-oaxaca.jpg&amp;q=90&amp;w=70&amp;h=45&amp;zc=1\" alt=\"\u00bfC\u00f3mo garantizar\u00e1 el Congreso que los integrantes del nuevo OSFEO, de verdad sean los m\u00e1s aptos? Por Adri\u00e1n Ortiz\" \/><\/a><\/p>\n<h2 class=\"posttitle \"><a title=\"Enlace Permanente a \u00bfC\u00f3mo garantizar\u00e1 el Congreso que los integrantes del nuevo OSFEO, de verdad sean los m\u00e1s aptos? Por Adri\u00e1n Ortiz\" href=\"http:\/\/www.eloriente.net\/home\/2017\/10\/02\/garantizara-congreso-los-integrantes-del-nuevo-osfeo-verdad-sean-los-mas-aptos-adrian-ortiz\/\" rel=\"bookmark\">\u00bfC\u00f3mo garantizar\u00e1 el Congreso que los integrantes del nuevo OSFEO, de verdad sean los m\u00e1s aptos? Por Adri\u00e1n Ortiz<\/a><\/h2>\n<\/div>\n<p>(www.eloriente.net, M\u00e9xico, a 2 de octubre de 2017, por Adri\u00e1n Ortiz Romero\/Al Margen).- La semana pasada la Comisi\u00f3n de Vigilancia de la Auditor\u00eda Superior emiti\u00f3 la convocatoria\u2026<\/p>\n<p class=\"postmeta\"><span class=\"meta_date\">octubre 2, 2017<\/span><\/p>\n<div class=\"toolbar-social\"><\/div>\n<\/div>\n<div class=\"featuredpost\">\n<div class=\"flow_hide\"><a href=\"http:\/\/www.eloriente.net\/home\/2017\/10\/02\/la-cultura-vinedo-nos-une-juan-pablo-vasconcelos\/\" rel=\"bookmark\"><img decoding=\"async\" class=\"alignleft\" title=\"ES LA CULTURA: El Vi\u00f1edo que nos Une. Por Juan Pablo Vasconcelos\" src=\"http:\/\/www.eloriente.net\/home\/wp-content\/themes\/city-desk\/timthumb.php?src=http%3A%2F%2Fwww.eloriente.net%2Fhome%2Fwp-content%2Fuploads%2F2017%2F10%2Fback-to-burgundy_2-h_2017.jpg&amp;q=90&amp;w=70&amp;h=45&amp;zc=1\" alt=\"ES LA CULTURA: El Vi\u00f1edo que nos Une. Por Juan Pablo Vasconcelos\" \/><\/a><\/p>\n<h2 class=\"posttitle \"><a title=\"Enlace Permanente a ES LA CULTURA: El Vi\u00f1edo que nos Une. Por Juan Pablo Vasconcelos\" href=\"http:\/\/www.eloriente.net\/home\/2017\/10\/02\/la-cultura-vinedo-nos-une-juan-pablo-vasconcelos\/\" rel=\"bookmark\">ES LA CULTURA: El Vi\u00f1edo que nos Une. Por Juan Pablo Vasconcelos<\/a><\/h2>\n<\/div>\n<p>eloriente.net 2 de octubre de 2017 Por Juan Pablo Vasconcelos @JPVmx \u00a0 \u201cHa pasado el Tour de Cine Franc\u00e9s. Dej\u00f3, como siempre, un halo de arte y\u2026<\/p>\n<p class=\"postmeta\"><span class=\"meta_date\">octubre 2, 2017<\/span><\/p>\n<\/div>\n\n\t\t\t  <div \n\t\t\t  \tclass = \"fb-comments\" \n\t\t\t  \tdata-href = \"http:\/\/www.eloriente.net\/home\/2017\/10\/03\/5-vacantes-educacion-pedagogia-martesdevacantes-4\/\"\n\t\t\t  \tdata-numposts = \"10\"\n\t\t\t\tdata-colorscheme = \"dark\"\n\t\t\t\tdata-order-by = \"social\"\n\t\t\t\tdata-mobile=true>\n\t\t\t  <\/div>\n\t\t  <style>\n\t\t\t.fb_iframe_widget_fluid_desktop iframe {\n\t\t\t    width: 100% !important;\n\t\t\t}\n\t\t  <\/style>\n\t\t  ","protected":false},"excerpt":{"rendered":"<p>&nbsp; (www.eloriente.net, M\u00e9xico, a 3 de\u00a0octubre de 2017).- Conscientes de la importancia para la ciudadan\u00eda en general de la b\u00fasqueda de nuevas oportunidades de crecimiento profesional, ponemos a tu disposici\u00f3n semanalmente ofertas de empleo disponibles por profesi\u00f3n en cualquier parte de M\u00e9xico y del mundo o, cuando as\u00ed lo amerita, exclusivamente en Oaxaca. En esta [&hellip;]<\/p>\n","protected":false},"author":44,"featured_media":25869,"comment_status":"open","ping_status":"open","sticky":false,"template":"","format":"standard","meta":{"_jetpack_memberships_contains_paid_content":false,"footnotes":""},"categories":[942,32,63,464,31,19],"tags":[4080,184,2420,8476],"class_list":["post-50670","post","type-post","status-publish","format-standard","has-post-thumbnail","hentry","category-martesdevacantes","category-entradas","category-estados","category-oaxaca-estados","category-principal","category-turismo-y-negocios","tag-martesdevacantes","tag-educacion","tag-martes-de-vacantes","tag-pedagoia"],"jetpack_featured_media_url":"http:\/\/www.eloriente.net\/home\/wp-content\/uploads\/2014\/05\/martes-de-vacantes.jpg","jetpack_sharing_enabled":true,"_links":{"self":[{"href":"http:\/\/www.eloriente.net\/home\/wp-json\/wp\/v2\/posts\/50670"}],"collection":[{"href":"http:\/\/www.eloriente.net\/home\/wp-json\/wp\/v2\/posts"}],"about":[{"href":"http:\/\/www.eloriente.net\/home\/wp-json\/wp\/v2\/types\/post"}],"author":[{"embeddable":true,"href":"http:\/\/www.eloriente.net\/home\/wp-json\/wp\/v2\/users\/44"}],"replies":[{"embeddable":true,"href":"http:\/\/www.eloriente.net\/home\/wp-json\/wp\/v2\/comments?post=50670"}],"version-history":[{"count":1,"href":"http:\/\/www.eloriente.net\/home\/wp-json\/wp\/v2\/posts\/50670\/revisions"}],"predecessor-version":[{"id":50671,"href":"http:\/\/www.eloriente.net\/home\/wp-json\/wp\/v2\/posts\/50670\/revisions\/50671"}],"wp:featuredmedia":[{"embeddable":true,"href":"http:\/\/www.eloriente.net\/home\/wp-json\/wp\/v2\/media\/25869"}],"wp:attachment":[{"href":"http:\/\/www.eloriente.net\/home\/wp-json\/wp\/v2\/media?parent=50670"}],"wp:term":[{"taxonomy":"category","embeddable":true,"href":"http:\/\/www.eloriente.net\/home\/wp-json\/wp\/v2\/categories?post=50670"},{"taxonomy":"post_tag","embeddable":true,"href":"http:\/\/www.eloriente.net\/home\/wp-json\/wp\/v2\/tags?post=50670"}],"curies":[{"name":"wp","href":"https:\/\/api.w.org\/{rel}","templated":true}]}}