{"id":50693,"date":"2017-10-03T17:19:09","date_gmt":"2017-10-03T23:19:09","guid":{"rendered":"http:\/\/www.eloriente.net\/home\/?p=50693"},"modified":"2017-10-03T17:19:09","modified_gmt":"2017-10-03T23:19:09","slug":"editorial-istmo-ya-2018","status":"publish","type":"post","link":"http:\/\/www.eloriente.net\/home\/2017\/10\/03\/editorial-istmo-ya-2018\/","title":{"rendered":"EDITORIAL: En el Istmo ya es 2018"},"content":{"rendered":"<p><script src=\"\/\/pagead2.googlesyndication.com\/pagead\/js\/adsbygoogle.js\" async=\"\"><\/script><!-- BANNER ELORIENTE INCRUSTADO NOTAS --> <ins class=\"adsbygoogle\" style=\"display: inline-block; width: 300px; height: 250px;\" data-ad-client=\"ca-pub-1136171134853753\" data-ad-slot=\"7974633627\"><\/ins><script>\/\/ <![CDATA[\n(adsbygoogle = window.adsbygoogle || []).push({});\n\/\/ ]]><\/script><br \/>\neloriente.net<\/p>\n<p><em><strong>La Editorial del Martes<\/strong><\/em><\/p>\n<p>3 de octubre de 2017<\/p>\n<p><strong>No quer\u00edamos, pero ya es 2018<\/strong><\/p>\n<p>La <a href=\"http:\/\/www.eloriente.net\/home\/2017\/10\/02\/oaxaca-autoridades-del-istmo-reclaman-al-gobierno-deficiente-coordinacion\/\" target=\"_blank\">carta enviada al presidente <\/a>Enrique Pe\u00f1a Nieto, por parte de diversas autoridades municipales del Istmo de Tehuantepec, tiene una relevancia fundamental, simplemente por el hecho de que entre las firmantes est\u00e1n las primeras concejales de <strong>Tehuantepec y <a href=\"http:\/\/www.eloriente.net\/home\/2017\/09\/18\/breves-datos-acercarse-la-region-del-istmo\/\" target=\"_blank\">Juchit\u00e1n<\/a><\/strong>, dos de las principales ciudades de Oaxaca.<\/p>\n<p>Sin embargo, tambi\u00e9n lo es \u2014pecar\u00edamos de ingenuidad si no lo hacemos notar\u2014, que la filiaci\u00f3n partidista de las mismas ha influido, al menos en la determinaci\u00f3n de hacer p\u00fablicas sus observaciones al proceso de atenci\u00f3n de la emergencia por parte del gobierno.<\/p>\n<p>De la misma forma, muy temprano en el desastre, el propio gobernador de Oaxaca, Alejandro Murat, acus\u00f3 recibo de numerosas giras de actores pol\u00edticos en la regi\u00f3n, e incluso amenaz\u00f3 con hacer caer todo el peso de su gobierno si continuaban con la intenci\u00f3n de <a href=\"http:\/\/www.eloriente.net\/home\/2017\/09\/12\/editorial-del-martes-estado-ocupado\/\" target=\"_blank\">\u00ablucrar pol\u00edticamente\u00bb <\/a>con la tragedia.<\/p>\n<p>A ese mismo llamado, se sum\u00f3 la esposa del gobernador, Ivette Mor\u00e1n, quien pronto public\u00f3 un video con similar intenci\u00f3n condenatoria.<\/p>\n<p>Es decir, desde las primeras horas, la tentaci\u00f3n de capitalizar la ayuda y la atenci\u00f3n para la recuperaci\u00f3n del sismo del 7 y luego del 19, ha sido palpable.<\/p>\n<p>En esa l\u00f3gica, se inscribe finalmente la condena por la \u00abineficiente coordinaci\u00f3n\u00bb que acusan las presidencias municipales.<\/p>\n<p>Pero tambi\u00e9n el nombramiento de responsables federales en cada uno de los municipios, incluyendo la presencia de aspirantes directos a la candidatura presidencial pri\u00edsta, como <a href=\"http:\/\/www.eloriente.net\/home\/2017\/09\/12\/editorial-del-martes-estado-ocupado\/\" target=\"_blank\">Miguel \u00c1ngel Osorio Chong y Enrique de la Madrid Cordero<\/a>.<br \/>\n<script src=\"\/\/pagead2.googlesyndication.com\/pagead\/js\/adsbygoogle.js\" async=\"\"><\/script><br \/>\n <!-- BANNER PEQUE\u00d1O PARA ENTRENOTAS EL ORIENTE --><br \/>\n <ins class=\"adsbygoogle\" style=\"display: inline-block; width: 468px; height: 60px;\" data-ad-client=\"ca-pub-1136171134853753\" data-ad-slot=\"4953536424\"><\/ins><br \/>\n<script>\/\/ <![CDATA[\n(adsbygoogle = window.adsbygoogle || []).push({});\n\/\/ ]]><\/script><br \/>\nSin embargo, con lo que al parecer no contaban los actores y partidos pol\u00edticos, es con<strong> la idiosincracia y la forma particular de conducirse de la poblaci\u00f3n de esa regi\u00f3n del estado<\/strong>.<\/p>\n<p>El Istmo, como ya lo se\u00f1al\u00e1bamos hace algunas semanas, respira una forma propia de actuar, comportarse y responder a la tragedia, muy distinta a como fue por ejemplo la manera de reaccionar de la gente de la Ciudad de M\u00e9xico.<\/p>\n<p><strong>La poblaci\u00f3n del Istmo obedece a una raigambre diversa<\/strong> y su <a href=\"http:\/\/www.eloriente.net\/home\/2013\/02\/23\/conflicto-en-el-istmo-no-es-monocromatico\/\" target=\"_blank\">pluralismo pol\u00edtico<\/a> y cultural la hace digna de una atenci\u00f3n no solo especial sino espec\u00edfica. Es decir, no se puede actuar en el Istmo como se actuar\u00eda en cualquier otra regi\u00f3n del pa\u00eds, nos atrevemos a decir.<\/p>\n<p>Por eso mismo, preocupa la forma en que el presidente Pe\u00f1a Nieto y a\u00fan otras instancias, est\u00e1n abordando la tarea de la reconstrucci\u00f3n.<\/p>\n<p>Por un lado, al anunciar <strong>la entrega de recurso l\u00edquido<\/strong> a trav\u00e9s de tarjetas para la rehabilitaci\u00f3n o reconstrucci\u00f3n de viviendas y, por el otro, con ejercicios externos o ajenos para atender una regi\u00f3n sumamente celosa de su propio devenir.<\/p>\n<p>En el primer caso, las \u00faltimas cifras dadas a conocer oficialmente es que s\u00f3lo en Juchit\u00e1n, para poner una muestra, sufrieron afectaciones 14,814 viviendas, de las cuales 7,195 sufrieron da\u00f1os totales \u2014en todo el estado se rebasan las 20 mil viviendas\u2014.<\/p>\n<p>Se les entregar\u00eda a cada una cierta cantidad (120 mil pesos) para efectos de la recuperaci\u00f3n.<\/p>\n<p>Sin embargo, las primeras reacciones de la ciudadan\u00eda, que conoce de las caracter\u00edsticas locales, han sido en el sentido de que se requiere un candado o <strong>alg\u00fan procedimiento severo para asegurar que este recurso estar\u00eda destin\u00e1ndose efectivamente en la rehabilitaci\u00f3n se\u00f1alada.<\/strong><\/p>\n<p>El pa\u00eds no est\u00e1 para entregar recursos a diestra y siniestra, m\u00e1s a\u00fan, sin contar con padrones y censos de car\u00e1cter p\u00fablico con nombres y apellidos \u2014en este sentido Rosario Robles, secretaria de desarrollo social, se comprometi\u00f3 a publicar esta informaci\u00f3n en algunas horas al portal de transparencia.<\/p>\n<p>Y por el otro, fue <strong>en el Palacio de Oaxaca donde se anunci\u00f3 la formaci\u00f3n de una Estrategia<\/strong> para la Reconstrucci\u00f3n y, sin contar con una estad\u00edstica definitiva, ser\u00eda bueno saber <strong>\u00bfcu\u00e1ntas personas de las presentes son oriundas de la regi\u00f3n y las poblaciones afectadas?<\/strong><\/p>\n<p>Conociendo las reacciones naturales de la poblaci\u00f3n, los consejos \u00abextranjeros\u00bb, externos, distantes, extra\u00f1os, definitivamente no tendr\u00e1n el soporte de las comunidades afectadas.<\/p>\n<p>Son alrededor de 120 mil personas las que contin\u00faan con necesidad de apoyo urgente en Oaxaca. Lo importante es no bajar la guardia y seguir al tanto de la reconstrucci\u00f3n. Pero tambi\u00e9n <strong>es necesario hacerlo bien.<\/strong><\/p>\n<p>Ya diversas voces se\u00f1alan que el uso de ciertos materiales, la ausencia de estudios de suelo u otros instrumentos t\u00e9cnicos, est\u00e1n siendo obviados por la exigencia medi\u00e1tica y urgencia de la gente por una respuesta pronta.<\/p>\n<p>Sin embargo,<strong> es responsabilidad del gobierno apelar a la serenidad y a la resiliencia<\/strong>, es decir, a construir comunidades m\u00e1s fuertes y menos vulnerables para el mediano y largo plazo.<\/p>\n<p>De no ser as\u00ed, no ser\u00e1 sencillo predecir otra tragedia.<\/p>\n<p><a href=\"http:\/\/www.eloriente.net\/home\/wp-content\/uploads\/2017\/10\/@rafaelpacciano-presentacion-estrategia-reconstruccion-3oct17.jpg\" rel=\"attachment wp-att-50694\"><img loading=\"lazy\" decoding=\"async\" class=\"alignnone  wp-image-50694\" src=\"http:\/\/www.eloriente.net\/home\/wp-content\/uploads\/2017\/10\/@rafaelpacciano-presentacion-estrategia-reconstruccion-3oct17.jpg\" alt=\"@rafaelpacciano presentacion estrategia reconstruccion 3oct17\" width=\"551\" height=\"349\" srcset=\"http:\/\/www.eloriente.net\/home\/wp-content\/uploads\/2017\/10\/@rafaelpacciano-presentacion-estrategia-reconstruccion-3oct17.jpg 1008w, http:\/\/www.eloriente.net\/home\/wp-content\/uploads\/2017\/10\/@rafaelpacciano-presentacion-estrategia-reconstruccion-3oct17-300x190.jpg 300w, http:\/\/www.eloriente.net\/home\/wp-content\/uploads\/2017\/10\/@rafaelpacciano-presentacion-estrategia-reconstruccion-3oct17-768x487.jpg 768w\" sizes=\"(max-width: 551px) 100vw, 551px\" \/><\/a><\/p>\n<p><em>Imagen:\u00a0<a class=\"account-group js-account-group js-action-profile js-user-profile-link js-nav\" href=\"https:\/\/twitter.com\/RafaelPacchiano\" data-user-id=\"51950797\"><span class=\"username u-dir\" dir=\"ltr\" data-aria-label-part=\"\">@<b>RafaelPacchiano<\/b><\/span><\/a> <\/em><\/p>\n<p>&nbsp;<\/p>\n<p><strong>Da\u00f1os al Patrimonio Cultural<\/strong><\/p>\n<p>Esta semana, <a href=\"http:\/\/www.eloriente.net\/home\/2017\/10\/02\/la-situacion-del-patrimonio-cultural-danado-los-sismos-oaxaca\/\" target=\"_blank\">ELORIENTE.NET<\/a> ha puesto y seguir\u00e1 imprimiendo especial \u00e9nfasis en la revisi\u00f3n de los da\u00f1os que ha sufrido el patrimonio cultural de la Rep\u00fablica y en particular en Oaxaca. Ya pueden revisarse <a href=\"http:\/\/www.eloriente.net\/home\/2017\/09\/27\/50537\/\" target=\"_blank\">los materiales producidos al respecto<\/a>, principalmente referidos a zonas arqueol\u00f3gicas, templos, conventos y otros edificios.<\/p>\n<p>La secretaria de cultura federal, Mar\u00eda Cristina Garc\u00eda Cepeda, efectu\u00f3 este 3 de octubre una actualizaci\u00f3n de las afectaciones se\u00f1aladas en:<\/p>\n<p>305 Monumentos Hist\u00f3ricos<\/p>\n<p>7 Zonas Arqueol\u00f3gicas<\/p>\n<p>12 Museos y centros culturales<\/p>\n<p>1 Monumento Art\u00edstico<\/p>\n<p>M\u00e1s de un total de 320 edificaciones afectadas.<\/p>\n<p>La reconstrucci\u00f3n de este patrimonio, como ya hemos insistido, deber\u00e1 ser acompa\u00f1ada de la mano de expertos, as\u00ed como con la participaci\u00f3n cercana de las propias comunidades. En el primer caso, <a href=\"http:\/\/www.eloriente.net\/home\/2017\/10\/03\/convocatoria-integrate-la-restauracion-del-patrimonio-cultural-mexico\/\" target=\"_blank\">ya se encuentra publicada una convocatoria para arquitectos<\/a> y restauradores para que se unan a la recuperaci\u00f3n.<\/p>\n<p>Sin embargo, tambi\u00e9n resulta de primera importancia que el patrimonio cultural intangible o inmaterial se atienda en las estrategias por venir.<\/p>\n<p>Sobra decir que en este tiempo de apertura y participaci\u00f3n colectiva, no caben tampoco en lo cultural el protagonismo excesivo ni la exclusividad en la representaci\u00f3n de la comunidad art\u00edstica, como ha sucedido en varias ocasiones en el pasado.<\/p>\n<p>Si hay un sector que merece respeto y apertura, es precisamente el sector cultural.<\/p>\n<p><em><strong>direccioneditorial@eloriente.net<\/strong><\/em><\/p>\n<p><strong>OTRAS ENTRADAS:<\/strong><\/p>\n<div class=\"featuredpost\">\n<div class=\"flow_hide\">\n<h2 class=\"posttitle bigposttitle\"><a title=\"Enlace Permanente a Convocatoria: Int\u00e9grate a la restauraci\u00f3n del patrimonio cultural de M\u00e9xico\" href=\"http:\/\/www.eloriente.net\/home\/2017\/10\/03\/convocatoria-integrate-la-restauracion-del-patrimonio-cultural-mexico\/\" rel=\"bookmark\">Convocatoria: Int\u00e9grate a la restauraci\u00f3n del patrimonio cultural de M\u00e9xico<\/a><\/h2>\n<\/div>\n<p>(www.eloriente.net, M\u00e9xico. 3 de octubre de 2017. Por: Jessica Lamadrid).- La Secretar\u00eda de Cultura ha dirigido una convocatoria a\u00a0los profesionistas en arquitectura, ingenier\u00eda civil, restauraci\u00f3n, estructuras y urbanismo\u00a0a\u2026<\/p>\n<p class=\"postmeta\"><span class=\"meta_date\">octubre 3, 2017<\/span><\/p>\n<div class=\"toolbar-social\">\n<div class=\"social-widget\">\n<div id=\"sharing-widget\"><a class=\"button icon-share\">Compartir<\/a><\/div>\n<\/div>\n<\/div>\n<\/div>\n<div class=\"featuredpost\">\n<div class=\"flow_hide\"><a href=\"http:\/\/www.eloriente.net\/home\/2017\/10\/03\/50676\/\" rel=\"bookmark\"><img decoding=\"async\" class=\"alignleft\" title=\"OAXACA: Eviten demoler construcciones que a\u00fan pueden salvarse: Bustamante del Valle\" src=\"http:\/\/www.eloriente.net\/home\/wp-content\/themes\/city-desk\/timthumb.php?src=http%3A%2F%2Fwww.eloriente.net%2Fhome%2Fwp-content%2Fuploads%2F2017%2F10%2FJOSE-LUIS-BUSTAMANTE-DEL-VALLE-HOTEL-AZUL-youtube.jpg&amp;q=90&amp;w=70&amp;h=45&amp;zc=1\" alt=\"OAXACA: Eviten demoler construcciones que a\u00fan pueden salvarse: Bustamante del Valle\" \/><\/a><\/p>\n<h2 class=\"posttitle \"><a title=\"Enlace Permanente a OAXACA: Eviten demoler construcciones que a\u00fan pueden salvarse: Bustamante del Valle\" href=\"http:\/\/www.eloriente.net\/home\/2017\/10\/03\/50676\/\" rel=\"bookmark\">OAXACA: Eviten demoler construcciones que a\u00fan pueden salvarse: Bustamante del Valle<\/a><\/h2>\n<\/div>\n<p>(www.eloriente.net, M\u00e9xico, a 3 de octubre de 2017, por: Sergio M\u00e9ndez).- \u201cDurante estos d\u00edas he palpado la gran solidaridad del pueblo mexicano para Oaxaca\u201d, se\u00f1al\u00f3 esta ma\u00f1ana Jos\u00e9\u2026<\/p>\n<p class=\"postmeta\"><span class=\"meta_date\">octubre 3, 2017<\/span><\/p>\n<\/div>\n\n\t\t\t  <div \n\t\t\t  \tclass = \"fb-comments\" \n\t\t\t  \tdata-href = \"http:\/\/www.eloriente.net\/home\/2017\/10\/03\/editorial-istmo-ya-2018\/\"\n\t\t\t  \tdata-numposts = \"10\"\n\t\t\t\tdata-colorscheme = \"dark\"\n\t\t\t\tdata-order-by = \"social\"\n\t\t\t\tdata-mobile=true>\n\t\t\t  <\/div>\n\t\t  <style>\n\t\t\t.fb_iframe_widget_fluid_desktop iframe {\n\t\t\t    width: 100% !important;\n\t\t\t}\n\t\t  <\/style>\n\t\t  ","protected":false},"excerpt":{"rendered":"<p>eloriente.net La Editorial del Martes 3 de octubre de 2017 No quer\u00edamos, pero ya es 2018 La carta enviada al presidente Enrique Pe\u00f1a Nieto, por parte de diversas autoridades municipales del Istmo de Tehuantepec, tiene una relevancia fundamental, simplemente por el hecho de que entre las firmantes est\u00e1n las primeras concejales de Tehuantepec y Juchit\u00e1n, [&hellip;]<\/p>\n","protected":false},"author":1,"featured_media":50694,"comment_status":"open","ping_status":"open","sticky":false,"template":"","format":"standard","meta":{"_jetpack_memberships_contains_paid_content":false,"footnotes":""},"categories":[29,9,32,63,31],"tags":[4052,3317,8470,8275,8441,8478,8484],"class_list":["post-50693","post","type-post","status-publish","format-standard","has-post-thumbnail","hentry","category-capital","category-editorial","category-entradas","category-estados","category-principal","tag-alejandro-murat","tag-cultura-oaxaca","tag-istmo-oaxaca","tag-la-editorial-del-martes","tag-maria-cristina-garcia-cepeda","tag-reconstruccion-oaxaca","tag-rosario-robles"],"jetpack_featured_media_url":"http:\/\/www.eloriente.net\/home\/wp-content\/uploads\/2017\/10\/@rafaelpacciano-presentacion-estrategia-reconstruccion-3oct17.jpg","jetpack_sharing_enabled":true,"_links":{"self":[{"href":"http:\/\/www.eloriente.net\/home\/wp-json\/wp\/v2\/posts\/50693"}],"collection":[{"href":"http:\/\/www.eloriente.net\/home\/wp-json\/wp\/v2\/posts"}],"about":[{"href":"http:\/\/www.eloriente.net\/home\/wp-json\/wp\/v2\/types\/post"}],"author":[{"embeddable":true,"href":"http:\/\/www.eloriente.net\/home\/wp-json\/wp\/v2\/users\/1"}],"replies":[{"embeddable":true,"href":"http:\/\/www.eloriente.net\/home\/wp-json\/wp\/v2\/comments?post=50693"}],"version-history":[{"count":1,"href":"http:\/\/www.eloriente.net\/home\/wp-json\/wp\/v2\/posts\/50693\/revisions"}],"predecessor-version":[{"id":50695,"href":"http:\/\/www.eloriente.net\/home\/wp-json\/wp\/v2\/posts\/50693\/revisions\/50695"}],"wp:featuredmedia":[{"embeddable":true,"href":"http:\/\/www.eloriente.net\/home\/wp-json\/wp\/v2\/media\/50694"}],"wp:attachment":[{"href":"http:\/\/www.eloriente.net\/home\/wp-json\/wp\/v2\/media?parent=50693"}],"wp:term":[{"taxonomy":"category","embeddable":true,"href":"http:\/\/www.eloriente.net\/home\/wp-json\/wp\/v2\/categories?post=50693"},{"taxonomy":"post_tag","embeddable":true,"href":"http:\/\/www.eloriente.net\/home\/wp-json\/wp\/v2\/tags?post=50693"}],"curies":[{"name":"wp","href":"https:\/\/api.w.org\/{rel}","templated":true}]}}