{"id":50821,"date":"2017-10-09T18:31:01","date_gmt":"2017-10-10T00:31:01","guid":{"rendered":"http:\/\/www.eloriente.net\/home\/?p=50821"},"modified":"2017-10-09T18:31:01","modified_gmt":"2017-10-10T00:31:01","slug":"videocolumna-sur-no-puede-ya-quedar-olvido-karina-baron","status":"publish","type":"post","link":"http:\/\/www.eloriente.net\/home\/2017\/10\/09\/videocolumna-sur-no-puede-ya-quedar-olvido-karina-baron\/","title":{"rendered":"VIDEOCOLUMNA: El sur no puede ya quedar en el olvido. Por Karina Bar\u00f3n"},"content":{"rendered":"<p><script src=\"\/\/pagead2.googlesyndication.com\/pagead\/js\/adsbygoogle.js\" async=\"\"><\/script><!-- BANNER ELORIENTE INCRUSTADO NOTAS --> <ins class=\"adsbygoogle\" style=\"display: inline-block; width: 300px; height: 250px;\" data-ad-client=\"ca-pub-1136171134853753\" data-ad-slot=\"7974633627\"><\/ins><script>\/\/ <![CDATA[\n(adsbygoogle = window.adsbygoogle || []).push({});\n\/\/ ]]><\/script><\/p>\n<p>&nbsp;<\/p>\n<p>eloriente.net<\/p>\n<p>9 de octubre de 2017<\/p>\n<p>\u00abEstoy regresando de la Cuenca del Papalopan. Una vez m\u00e1s, pude constatar lo vulnerables que est\u00e1n<br \/>\nnuestras comunidades y nuestra gente ante cualquier tipo de amenaza.<br \/>\nSe llame terremoto, lluvia o inundaciones. En La Soledad, Santa Mar\u00eda Jacatepec, por ejemplo, las ni\u00f1as y ni\u00f1os de la primaria biling\u00fce est\u00e1n en peligro constante e inminente, pues su escuela est\u00e1 construida en una zona de alto riesgo.\u00bb<\/p>\n<p>En esta ocasi\u00f3n Karina Bar\u00f3n\u200b nos platica sobre c\u00f3mo ha sido golpeada y olvidaba la regi\u00f3n de la Cuenca del Papaloapan, y qu\u00e9 es lo que se est\u00e1 haciendo para que su gente no sea olvidada.<\/p>\n<p><iframe loading=\"lazy\" style=\"border: none; overflow: hidden;\" src=\"https:\/\/www.facebook.com\/plugins\/video.php?href=https%3A%2F%2Fwww.facebook.com%2F443535572345554%2Fvideos%2F1706754479356984%2F&amp;show_text=0&amp;width=560\" width=\"560\" height=\"315\" frameborder=\"0\" scrolling=\"no\" allowfullscreen=\"allowfullscreen\"><\/iframe><\/p>\n<p><script src=\"\/\/pagead2.googlesyndication.com\/pagead\/js\/adsbygoogle.js\" async=\"\"><\/script><!-- BANNER PEQUE\u00d1O PARA ENTRENOTAS EL ORIENTE --> <ins class=\"adsbygoogle\" style=\"display: inline-block; width: 468px; height: 60px;\" data-ad-client=\"ca-pub-1136171134853753\" data-ad-slot=\"4953536424\"><\/ins><script>\/\/ <![CDATA[\n(adsbygoogle = window.adsbygoogle || []).push({});\n\/\/ ]]><\/script><\/p>\n<p>Karina Bar\u00f3n es Licenciada en Derecho por la Universidad Aut\u00f3noma Benito Ju\u00e1rez de Oaxaca, fue dirigente nacional de la Uni\u00f3n General Obrero, Campesina y Popular A.C. (UGOCP), integrante de la Coordinaci\u00f3n Estatal de Nueva Izquierda en Oaxaca.<\/p>\n<p>Actualmente es integrante de la Comisi\u00f3n de Agricultura y Sistemas de Riego, Secretaria de las comisiones de Desarrollo Social y Asuntos Frontera Sur-Sureste, y Presidenta de la Comisi\u00f3n de seguimiento al Programa Especial Concurrente Anexo 11.1\u00a0en la C\u00e1mara de Diputados.<\/p>\n<p><a href=\"http:\/\/www.eloriente.net\/home\/wp-content\/uploads\/2017\/10\/KARINA-BARO\u0301N-9-DE-OCTUBRE-2017.jpg\" rel=\"attachment wp-att-50822\"><img loading=\"lazy\" decoding=\"async\" class=\"alignnone wp-image-50822\" src=\"http:\/\/www.eloriente.net\/home\/wp-content\/uploads\/2017\/10\/KARINA-BARO\u0301N-9-DE-OCTUBRE-2017-1024x576.jpg\" alt=\"KARINA BARO\u0301N 9 DE OCTUBRE 2017\" width=\"602\" height=\"339\" srcset=\"http:\/\/www.eloriente.net\/home\/wp-content\/uploads\/2017\/10\/KARINA-BARO\u0301N-9-DE-OCTUBRE-2017-1024x576.jpg 1024w, http:\/\/www.eloriente.net\/home\/wp-content\/uploads\/2017\/10\/KARINA-BARO\u0301N-9-DE-OCTUBRE-2017-300x169.jpg 300w, http:\/\/www.eloriente.net\/home\/wp-content\/uploads\/2017\/10\/KARINA-BARO\u0301N-9-DE-OCTUBRE-2017-768x432.jpg 768w, http:\/\/www.eloriente.net\/home\/wp-content\/uploads\/2017\/10\/KARINA-BARO\u0301N-9-DE-OCTUBRE-2017.jpg 1920w\" sizes=\"(max-width: 602px) 100vw, 602px\" \/><\/a><\/p>\n<p><strong>OTRAS VIDEOCOLUMNAS<\/strong><\/p>\n<div id=\"post-50819\" class=\"entry loop-default border_bottom_30 post-50819 post type-post status-publish format-standard has-post-thumbnail hentry category-educacion-y-cultura category-entradas category-estados category-juan-antonio-gomez category-oaxaca-estados category-turismo-y-negocios category-videoblogs tag-alternativas tag-el-oriente tag-juan-antonio-gomez tag-sociologia tag-turismo tag-turista tag-underground tag-videocolumna\">\n<h2 class=\"entry_title\"><a title=\"Enlace Permanente a VIDEOCOLUMNA: Desde un enfoque sociol\u00f3gico los turistas son persona. Por Juan Antonio G\u00f3mez\" href=\"http:\/\/www.eloriente.net\/home\/2017\/10\/09\/videocolumna-desde-enfoque-sociologico-los-turistas-persona-juan-antonio-gomez\/\" rel=\"bookmark\">VIDEOCOLUMNA: Desde un enfoque sociol\u00f3gico los turistas son persona. Por Juan Antonio G\u00f3mez<\/a><\/h2>\n<p><a href=\"http:\/\/www.eloriente.net\/home\/2017\/10\/09\/videocolumna-desde-enfoque-sociologico-los-turistas-persona-juan-antonio-gomez\/\" rel=\"bookmark\"><img decoding=\"async\" class=\"alignleft\" title=\"VIDEOCOLUMNA: Desde un enfoque sociol\u00f3gico los turistas son persona. Por Juan Antonio G\u00f3mez\" src=\"http:\/\/www.eloriente.net\/home\/wp-content\/themes\/city-desk\/timthumb.php?src=http%3A%2F%2Fwww.eloriente.net%2Fhome%2Fwp-content%2Fuploads%2F2017%2F10%2FJUAN-ANTONIO-GO%CC%81MEZ-8-DE-OCTUBRE-2017.jpg&amp;q=90&amp;w=160&amp;h=106&amp;zc=1\" alt=\"VIDEOCOLUMNA: Desde un enfoque sociol\u00f3gico los turistas son persona. Por Juan Antonio G\u00f3mez\" \/><\/a>\u00a0 eloriente.net 9 de octubre de 2017 \u201cSe ha constatado de forma reiterativa que, una vez que el turista ha decidido estar en nuestro destino, es capaz de profundizar y descubrir muchos productos alternos que no estaban en un primer momento consideradas con la fuerza que merecen, su experiencia nos aporta una visi\u00f3n a veces [\u2026]<\/p>\n<div class=\"toolbar-social\"><\/div>\n<p class=\"postmeta\"><span class=\"meta_date\">octubre 9, 2017<\/span><\/p>\n<\/div>\n<div id=\"post-50767\" class=\"entry loop-default border_bottom_30 post-50767 post type-post status-publish format-standard has-post-thumbnail hentry category-viernesdefelicidad category-educacion-y-cultura category-entradas category-salud-y-estilo-de-vida category-lo-mas-reciente category-ursula-woolrich category-videoblogs tag-viernesdefelicidad-2 tag-battista-borsato tag-bienestar tag-el-oriente tag-pareja tag-relacion tag-ursula-woolrich tag-videocolumna tag-viernes-de-felicidad tag-vivir-los-conflictos\">\n<h2 class=\"entry_title\"><a title=\"Enlace Permanente a VIDEOCOLUMNA: Vivir los conflictos y mantenerse en el sufrimiento (Parte 3). Por \u00darsula Woolrich\" href=\"http:\/\/www.eloriente.net\/home\/2017\/10\/06\/videocolumna-vivir-los-conflictos-mantenerse-sufrimiento-parte-3-ursula-woolrich\/\" rel=\"bookmark\">VIDEOCOLUMNA: Vivir los conflictos y mantenerse en el sufrimiento (Parte 3). Por \u00darsula Woolrich<\/a><\/h2>\n<p><a href=\"http:\/\/www.eloriente.net\/home\/2017\/10\/06\/videocolumna-vivir-los-conflictos-mantenerse-sufrimiento-parte-3-ursula-woolrich\/\" rel=\"bookmark\"><img decoding=\"async\" class=\"alignleft\" title=\"VIDEOCOLUMNA: Vivir los conflictos y mantenerse en el sufrimiento (Parte 3). Por \u00darsula Woolrich\" src=\"http:\/\/www.eloriente.net\/home\/wp-content\/themes\/city-desk\/timthumb.php?src=http%3A%2F%2Fwww.eloriente.net%2Fhome%2Fwp-content%2Fuploads%2F2017%2F10%2FU%CC%81RSULA-WOOLRICH-6-DE-OCTUBRE-2017.jpg&amp;q=90&amp;w=160&amp;h=106&amp;zc=1\" alt=\"VIDEOCOLUMNA: Vivir los conflictos y mantenerse en el sufrimiento (Parte 3). Por \u00darsula Woolrich\" \/><\/a>\u00a0 eloriente.net 6 de octubre de 2017 Acomp\u00e1\u00f1anos a ver esta nueva videocolumna de\u00a0Ursula Woolrich, que es la tercera parte del cap\u00edtulo \u201cVivir los conflictos y mantenerse en el sufrimiento\u201d. Aqu\u00ed nos habla sobre por qu\u00e9 se generan los conflictos en la pareja y c\u00f3mo superarlos. \u00darsula Woolrich es Psic\u00f3loga con estudios de maestr\u00eda en [\u2026]<\/p>\n<div class=\"toolbar-social\"><\/div>\n<p class=\"postmeta\"><span class=\"meta_date\">octubre 6, 2017<\/span><\/p>\n<\/div>\n<div id=\"post-50669\" class=\"entry loop-default border_bottom_30 post-50669 post type-post status-publish format-standard has-post-thumbnail hentry category-comunicados-y-boletines category-congreso-y-justicia category-entradas category-estados category-karina-baron category-oaxaca-estados category-politica-y-gobierno category-videoblogs tag-apoyos tag-karina-baron tag-ley tag-sismos tag-videocolumna\">\n<h2 class=\"entry_title\"><a title=\"Enlace Permanente a VIDEOCOLUMNA: Sin Ley no puede haber apoyos. Por Karina Bar\u00f3n\" href=\"http:\/\/www.eloriente.net\/home\/2017\/10\/02\/videocolumna-sin-ley-no-puede-haber-apoyos-karina-baron\/\" rel=\"bookmark\">VIDEOCOLUMNA: Sin Ley no puede haber apoyos. Por Karina Bar\u00f3n<\/a><\/h2>\n<p><a href=\"http:\/\/www.eloriente.net\/home\/2017\/10\/02\/videocolumna-sin-ley-no-puede-haber-apoyos-karina-baron\/\" rel=\"bookmark\"><img decoding=\"async\" class=\"alignleft\" title=\"VIDEOCOLUMNA: Sin Ley no puede haber apoyos. Por Karina Bar\u00f3n\" src=\"http:\/\/www.eloriente.net\/home\/wp-content\/themes\/city-desk\/timthumb.php?src=http%3A%2F%2Fwww.eloriente.net%2Fhome%2Fwp-content%2Fuploads%2F2017%2F10%2FKARINA-BARO%CC%81N-2-DE-OCTUBRE-2017.jpg&amp;q=90&amp;w=160&amp;h=106&amp;zc=1\" alt=\"VIDEOCOLUMNA: Sin Ley no puede haber apoyos. Por Karina Bar\u00f3n\" \/><\/a>\u00a0 eloriente.net 2 de octubre de 2017 \u201cLa reconstrucci\u00f3n de M\u00e9xico no es asunto de pesos y centavos. No se equivoquen. Por encima de todo, est\u00e1n fundamentalmente las personas. Quienes lo han perdido todo, incluso la tranquilidad y la certidumbre de su futuro. Por eso, resulta ofensivo que muchos l\u00edderes est\u00e9n solo preocupados por cuidar [\u2026]<\/p>\n<div class=\"toolbar-social\"><\/div>\n<p class=\"postmeta\"><span class=\"meta_date\">octubre 2, 2017<\/span><\/p>\n<\/div>\n\n\t\t\t  <div \n\t\t\t  \tclass = \"fb-comments\" \n\t\t\t  \tdata-href = \"http:\/\/www.eloriente.net\/home\/2017\/10\/09\/videocolumna-sur-no-puede-ya-quedar-olvido-karina-baron\/\"\n\t\t\t  \tdata-numposts = \"10\"\n\t\t\t\tdata-colorscheme = \"dark\"\n\t\t\t\tdata-order-by = \"social\"\n\t\t\t\tdata-mobile=true>\n\t\t\t  <\/div>\n\t\t  <style>\n\t\t\t.fb_iframe_widget_fluid_desktop iframe {\n\t\t\t    width: 100% !important;\n\t\t\t}\n\t\t  <\/style>\n\t\t  ","protected":false},"excerpt":{"rendered":"<p>&nbsp; eloriente.net 9 de octubre de 2017 \u00abEstoy regresando de la Cuenca del Papalopan. Una vez m\u00e1s, pude constatar lo vulnerables que est\u00e1n nuestras comunidades y nuestra gente ante cualquier tipo de amenaza. Se llame terremoto, lluvia o inundaciones. En La Soledad, Santa Mar\u00eda Jacatepec, por ejemplo, las ni\u00f1as y ni\u00f1os de la primaria biling\u00fce [&hellip;]<\/p>\n","protected":false},"author":44,"featured_media":50822,"comment_status":"open","ping_status":"open","sticky":false,"template":"","format":"standard","meta":{"_jetpack_memberships_contains_paid_content":false,"footnotes":""},"categories":[1588,91,32,63,6324,464,21,98],"tags":[6233,8524,2112,477,4418,265,197,6224],"class_list":["post-50821","post","type-post","status-publish","format-standard","has-post-thumbnail","hentry","category-comunicados-y-boletines","category-congreso-y-justicia","category-entradas","category-estados","category-karina-baron","category-oaxaca-estados","category-politica-y-gobierno","category-videoblogs","tag-ayuda","tag-cuenca-del-papaloapan","tag-desastres","tag-el-oriente","tag-karina-baron","tag-legislacion","tag-opinion","tag-videocolumna"],"jetpack_featured_media_url":"http:\/\/www.eloriente.net\/home\/wp-content\/uploads\/2017\/10\/KARINA-BARO\u0301N-9-DE-OCTUBRE-2017.jpg","jetpack_sharing_enabled":true,"_links":{"self":[{"href":"http:\/\/www.eloriente.net\/home\/wp-json\/wp\/v2\/posts\/50821"}],"collection":[{"href":"http:\/\/www.eloriente.net\/home\/wp-json\/wp\/v2\/posts"}],"about":[{"href":"http:\/\/www.eloriente.net\/home\/wp-json\/wp\/v2\/types\/post"}],"author":[{"embeddable":true,"href":"http:\/\/www.eloriente.net\/home\/wp-json\/wp\/v2\/users\/44"}],"replies":[{"embeddable":true,"href":"http:\/\/www.eloriente.net\/home\/wp-json\/wp\/v2\/comments?post=50821"}],"version-history":[{"count":1,"href":"http:\/\/www.eloriente.net\/home\/wp-json\/wp\/v2\/posts\/50821\/revisions"}],"predecessor-version":[{"id":50825,"href":"http:\/\/www.eloriente.net\/home\/wp-json\/wp\/v2\/posts\/50821\/revisions\/50825"}],"wp:featuredmedia":[{"embeddable":true,"href":"http:\/\/www.eloriente.net\/home\/wp-json\/wp\/v2\/media\/50822"}],"wp:attachment":[{"href":"http:\/\/www.eloriente.net\/home\/wp-json\/wp\/v2\/media?parent=50821"}],"wp:term":[{"taxonomy":"category","embeddable":true,"href":"http:\/\/www.eloriente.net\/home\/wp-json\/wp\/v2\/categories?post=50821"},{"taxonomy":"post_tag","embeddable":true,"href":"http:\/\/www.eloriente.net\/home\/wp-json\/wp\/v2\/tags?post=50821"}],"curies":[{"name":"wp","href":"https:\/\/api.w.org\/{rel}","templated":true}]}}