{"id":51034,"date":"2017-10-18T16:59:27","date_gmt":"2017-10-18T22:59:27","guid":{"rendered":"http:\/\/www.eloriente.net\/home\/?p=51034"},"modified":"2017-10-19T17:36:16","modified_gmt":"2017-10-19T23:36:16","slug":"propuesta-pago-base-los-cfdi-alfredo-puente-castellanos","status":"publish","type":"post","link":"http:\/\/www.eloriente.net\/home\/2017\/10\/18\/propuesta-pago-base-los-cfdi-alfredo-puente-castellanos\/","title":{"rendered":"Propuesta de pago con base en los CFDI. Por Alfredo Puente Castellanos"},"content":{"rendered":"<p><script src=\"\/\/pagead2.googlesyndication.com\/pagead\/js\/adsbygoogle.js\" async=\"\"><\/script><!-- BANNER ELORIENTE INCRUSTADO NOTAS --> <ins class=\"adsbygoogle\" style=\"display: inline-block; width: 300px; height: 250px;\" data-ad-client=\"ca-pub-1136171134853753\" data-ad-slot=\"7974633627\"><\/ins><script>\/\/ <![CDATA[\n(adsbygoogle = window.adsbygoogle || []).push({});\n\/\/ ]]><\/script><\/p>\n<p>&nbsp;<\/p>\n<p>eloriente.net<\/p>\n<p>18 de octubre de 2017<\/p>\n<p>Por Alfredo Puente Castellanos<\/p>\n<p><span style=\"font-weight: 400;\">El pasado 10 de octubre el Servicio de Administraci\u00f3n Tributaria \u2014SAT\u2014 public\u00f3 en el Diario Oficial de la Federaci\u00f3n \u2014DOF\u2014 la Cuarta Resoluci\u00f3n de Modificaci\u00f3n a la Resoluci\u00f3n Miscel\u00e1nea Fiscal para 2017, en la que se reforman y adicionan reglas diversas.<\/span><\/p>\n<p><span style=\"font-weight: 400;\">Dentro de las reglas es importante considerar la <\/span><b>Regla 2.8.5.5<\/b><span style=\"font-weight: 400;\"> Propuesta de pago con base en los CFDI que obran en poder de la autoridad, ya que prev\u00e9 la posibilidad de que el SAT tomando el cuenta los CFDI expedidos por los contribuyentes, realice propuestas de pago o emita declaraciones prellenadas \u00a0a fin de regularizar una situaci\u00f3n que a juicio de la autoridad implica el pago de impuestos.<\/span><\/p>\n<p><span style=\"font-weight: 400;\">Recordemos que el SAT a trav\u00e9s de sus autoridades ha venido realizando un trabajo de explotaci\u00f3n, an\u00e1lisis y emisi\u00f3n de actos de autoridad con base en las diversas fuentes que cuenta para ello y, que la tecnolog\u00eda ha venido a reforzar, a saber la declaraciones electr\u00f3nicas, informativas de los contribuyentes y terceros con ellos relacionados, la contabilidad electr\u00f3nica y por supuesto los CFDI o facturas electr\u00f3nicas, entre otros aspectos, por lo que no debe extra\u00f1ar que ahora veamos actos de autoridad en los que formulan propuestas de pago con base en los comprobantes fiscales emitidos por los contribuyentes.<\/span><\/p>\n<p><script src=\"\/\/pagead2.googlesyndication.com\/pagead\/js\/adsbygoogle.js\" async=\"\"><\/script><!-- BANNER PEQUE\u00d1O PARA ENTRENOTAS EL ORIENTE --> <ins class=\"adsbygoogle\" style=\"display: inline-block; width: 468px; height: 60px;\" data-ad-client=\"ca-pub-1136171134853753\" data-ad-slot=\"4953536424\"><\/ins><script>\/\/ <![CDATA[\n(adsbygoogle = window.adsbygoogle || []).push({});\n\/\/ ]]><\/script><\/p>\n<p><span style=\"font-weight: 400;\">Veamos algunos aspectos de la referida regla:<\/span><\/p>\n<ol>\n<li style=\"font-weight: 400;\"><span style=\"font-weight: 400;\">La regla se emite al amparo del inciso a), Fracci\u00f3n I de la Fracci\u00f3n I del art\u00edculo 33 del C\u00f3digo Fiscal de la Federaci\u00f3n \u2014CFF\u2014 estos es, el esp\u00edritu que mueve a la autoridad fiscal a emitir la regla lo es explicar las disposiciones fiscales.<\/span><\/li>\n<li style=\"font-weight: 400;\"><span style=\"font-weight: 400;\">Consideremos que la regla prev\u00e9 la emisi\u00f3n de propuestas de pago o emisi\u00f3n de declaraciones prellenadas con base en la informaci\u00f3n de los CFDI emitidos.<\/span><\/li>\n<li style=\"font-weight: 400;\"><span style=\"font-weight: 400;\">El contenido de la regla est\u00e1 dirigida los contribuyentes omisos en el cumplimiento de obligaciones de ISR, es decir la presentaci\u00f3n de declaraciones provisionales o aquellos que a\u00fan no han presentado la declaraci\u00f3n del ejercicio.<\/span><\/li>\n<li style=\"font-weight: 400;\"><span style=\"font-weight: 400;\">La autoridad emitir\u00e1 una propuesta o declaraci\u00f3n prellenada, as\u00ed como la l\u00ednea de captura con la que el contribuyente podr\u00e1 realizar el pago en la instituci\u00f3n financiera autorizada, o bien, a trav\u00e9s de su portal bancario. La vigencia de la l\u00ednea de captura, ser\u00e1 la que se se\u00f1ale en la propuesta de pago o bien en la declaraci\u00f3n prellenada.<\/span><\/li>\n<li style=\"font-weight: 400;\"><span style=\"font-weight: 400;\">Para el caso de las propuestas o declaraciones prellenadas del ejercicio el contribuyente podr\u00e1 optar por pagar hasta en 6 parcialidades sin necesidad de garantizar el inter\u00e9s fiscal.<\/span><\/li>\n<\/ol>\n<p><span style=\"font-weight: 400;\">En virtud de lo anterior, es importante considerar que los documentos que comentamos implican un c\u00e1lculo de impuestos realizado por la autoridad sin reconocer deducci\u00f3n alguna, adem\u00e1s de que subsiste el derecho del contribuyente a no tomar en cuenta la propuesta o invitaci\u00f3n y proceder a realizar la autodeterminaci\u00f3n del impuesto correspondiente con las deducciones autorizadas que cuente y tenga debidamente amparadas con sus CFDI.<\/span><\/p>\n<p>Estamos para servirles en este y otros temas adicionales que le permitan hacer frente sus compromisos fiscales de la mejor manera.<\/p>\n<p><a href=\"http:\/\/www.eloriente.net\/home\/wp-content\/uploads\/2017\/10\/8085797844_f401f7c107_b.jpg\" rel=\"attachment wp-att-51037\"><img loading=\"lazy\" decoding=\"async\" class=\"alignnone  wp-image-51037\" src=\"http:\/\/www.eloriente.net\/home\/wp-content\/uploads\/2017\/10\/8085797844_f401f7c107_b-1024x683.jpg\" alt=\"Finanzas\" width=\"586\" height=\"391\" srcset=\"http:\/\/www.eloriente.net\/home\/wp-content\/uploads\/2017\/10\/8085797844_f401f7c107_b.jpg 1024w, http:\/\/www.eloriente.net\/home\/wp-content\/uploads\/2017\/10\/8085797844_f401f7c107_b-300x200.jpg 300w, http:\/\/www.eloriente.net\/home\/wp-content\/uploads\/2017\/10\/8085797844_f401f7c107_b-768x512.jpg 768w\" sizes=\"(max-width: 586px) 100vw, 586px\" \/><\/a><\/p>\n<p><strong>OTRAS ENTRADAS<\/strong><\/p>\n<div class=\"featuredpost\">\n<div class=\"flow_hide\">\n<h2 class=\"posttitle bigposttitle\"><a title=\"Enlace Permanente a VIDEOCOLUMNA: La importancia de la responsabilidad c\u00edvica en la ciudadan\u00eda. Por Alejandro Cruz\" href=\"http:\/\/www.eloriente.net\/home\/2017\/10\/19\/videocolumna-la-importancia-la-responsabilidad-civica-la-ciudadania-alejandro-cruz\/\" rel=\"bookmark\">VIDEOCOLUMNA: La importancia de la responsabilidad c\u00edvica en la ciudadan\u00eda. Por Alejandro Cruz<\/a><\/h2>\n<\/div>\n<p>eloriente.net 19 de octubre de 2017 \u201cNo basta ser ciudadanos nada m\u00e1s, no basta nacer en un territorio, tampoco cumplir los requisitos para serlo, necesitamos acci\u00f3n. Necesitamos\u2026<\/p>\n<p class=\"postmeta\"><span class=\"meta_date\">octubre 19, 2017<\/span><\/p>\n<div class=\"toolbar-social\"><\/div>\n<\/div>\n<div class=\"featuredpost\">\n<div class=\"flow_hide\"><a href=\"http:\/\/www.eloriente.net\/home\/2017\/10\/19\/oferta-cecad-uabjo-taller-etapa-juicio-oral\/\" rel=\"bookmark\"><img decoding=\"async\" class=\"alignleft\" title=\"OAXACA: Oferta CECAD UABJO Taller: Etapa de Juicio Oral\" src=\"http:\/\/www.eloriente.net\/home\/wp-content\/themes\/city-desk\/timthumb.php?src=http%3A%2F%2Fwww.eloriente.net%2Fhome%2Fwp-content%2Fuploads%2F2017%2F10%2Fcartel-juicio-oral-e1508344960731.jpg&amp;q=90&amp;w=70&amp;h=45&amp;zc=1\" alt=\"OAXACA: Oferta CECAD UABJO Taller: Etapa de Juicio Oral\" \/><\/a><\/p>\n<h2 class=\"posttitle \"><a title=\"Enlace Permanente a OAXACA: Oferta CECAD UABJO Taller: Etapa de Juicio Oral\" href=\"http:\/\/www.eloriente.net\/home\/2017\/10\/19\/oferta-cecad-uabjo-taller-etapa-juicio-oral\/\" rel=\"bookmark\">OAXACA: Oferta CECAD UABJO Taller: Etapa de Juicio Oral<\/a><\/h2>\n<\/div>\n<p>(www.eloriente.net, M\u00e9xico, a 19 de octubre de 2017. Por: Jessica Lamadrid).- \u00a0El Centro de Educaci\u00f3n Continua, Abierta y a Distancia (CECAD) de la UABJO;\u00a0cumpliendo con su labor de\u2026<\/p>\n<p class=\"postmeta\"><span class=\"meta_date\">octubre 19, 2017<\/span><\/p>\n<div class=\"toolbar-social\"><\/div>\n<\/div>\n<div class=\"featuredpost\">\n<div class=\"flow_hide\"><a href=\"http:\/\/www.eloriente.net\/home\/2017\/10\/19\/audio-inso-publica-palabra-natural-levantar-ixtepec\/\" rel=\"bookmark\"><img decoding=\"async\" class=\"alignleft\" title=\"AUDIO: INSO publica \u201cPalabra Natural\u201d, Levantar Ixtepec\" src=\"http:\/\/www.eloriente.net\/home\/wp-content\/themes\/city-desk\/timthumb.php?src=http%3A%2F%2Fwww.eloriente.net%2Fhome%2Fwp-content%2Fuploads%2F2017%2F10%2FIxtepec-por-Peter-Haden.jpg&amp;q=90&amp;w=70&amp;h=45&amp;zc=1\" alt=\"AUDIO: INSO publica \u201cPalabra Natural\u201d, Levantar Ixtepec\" \/><\/a><\/p>\n<h2 class=\"posttitle \"><a title=\"Enlace Permanente a AUDIO: INSO publica \u201cPalabra Natural\u201d, Levantar Ixtepec\" href=\"http:\/\/www.eloriente.net\/home\/2017\/10\/19\/audio-inso-publica-palabra-natural-levantar-ixtepec\/\" rel=\"bookmark\">AUDIO: INSO publica \u201cPalabra Natural\u201d, Levantar Ixtepec<\/a><\/h2>\n<\/div>\n<p>eloriente.net\/INSO 19 de octubre de 2017 El Instituto de la Naturaleza y la Sociedad de Oaxaca A.C. (INSO), nos presenta nuevamente su programa de 5 minutos titulado\u2026<\/p>\n<p class=\"postmeta\"><span class=\"meta_date\">octubre 19, 2017<\/span><\/p>\n<\/div>\n\n\t\t\t  <div \n\t\t\t  \tclass = \"fb-comments\" \n\t\t\t  \tdata-href = \"http:\/\/www.eloriente.net\/home\/2017\/10\/18\/propuesta-pago-base-los-cfdi-alfredo-puente-castellanos\/\"\n\t\t\t  \tdata-numposts = \"10\"\n\t\t\t\tdata-colorscheme = \"dark\"\n\t\t\t\tdata-order-by = \"social\"\n\t\t\t\tdata-mobile=true>\n\t\t\t  <\/div>\n\t\t  <style>\n\t\t\t.fb_iframe_widget_fluid_desktop iframe {\n\t\t\t    width: 100% !important;\n\t\t\t}\n\t\t  <\/style>\n\t\t  ","protected":false},"excerpt":{"rendered":"<p>&nbsp; eloriente.net 18 de octubre de 2017 Por Alfredo Puente Castellanos El pasado 10 de octubre el Servicio de Administraci\u00f3n Tributaria \u2014SAT\u2014 public\u00f3 en el Diario Oficial de la Federaci\u00f3n \u2014DOF\u2014 la Cuarta Resoluci\u00f3n de Modificaci\u00f3n a la Resoluci\u00f3n Miscel\u00e1nea Fiscal para 2017, en la que se reforman y adicionan reglas diversas. Dentro de las [&hellip;]<\/p>\n","protected":false},"author":44,"featured_media":51037,"comment_status":"open","ping_status":"open","sticky":false,"template":"","format":"standard","meta":{"_jetpack_memberships_contains_paid_content":false,"footnotes":""},"categories":[2435,7774,624,32,16,10,19],"tags":[8588,7775,4414,1121,976,197],"class_list":["post-51034","post","type-post","status-publish","format-standard","has-post-thumbnail","hentry","category-miercolesdeeconomia","category-alfredo-puente-castellanos","category-articulistas","category-entradas","category-salud-y-estilo-de-vida","category-lo-mas-reciente","category-turismo-y-negocios","tag-alfredo-puente","tag-alfredo-puente-castellanos","tag-articulo","tag-finanzas","tag-impuestos","tag-opinion"],"jetpack_featured_media_url":"http:\/\/www.eloriente.net\/home\/wp-content\/uploads\/2017\/10\/8085797844_f401f7c107_b.jpg","jetpack_sharing_enabled":true,"_links":{"self":[{"href":"http:\/\/www.eloriente.net\/home\/wp-json\/wp\/v2\/posts\/51034"}],"collection":[{"href":"http:\/\/www.eloriente.net\/home\/wp-json\/wp\/v2\/posts"}],"about":[{"href":"http:\/\/www.eloriente.net\/home\/wp-json\/wp\/v2\/types\/post"}],"author":[{"embeddable":true,"href":"http:\/\/www.eloriente.net\/home\/wp-json\/wp\/v2\/users\/44"}],"replies":[{"embeddable":true,"href":"http:\/\/www.eloriente.net\/home\/wp-json\/wp\/v2\/comments?post=51034"}],"version-history":[{"count":1,"href":"http:\/\/www.eloriente.net\/home\/wp-json\/wp\/v2\/posts\/51034\/revisions"}],"predecessor-version":[{"id":51038,"href":"http:\/\/www.eloriente.net\/home\/wp-json\/wp\/v2\/posts\/51034\/revisions\/51038"}],"wp:featuredmedia":[{"embeddable":true,"href":"http:\/\/www.eloriente.net\/home\/wp-json\/wp\/v2\/media\/51037"}],"wp:attachment":[{"href":"http:\/\/www.eloriente.net\/home\/wp-json\/wp\/v2\/media?parent=51034"}],"wp:term":[{"taxonomy":"category","embeddable":true,"href":"http:\/\/www.eloriente.net\/home\/wp-json\/wp\/v2\/categories?post=51034"},{"taxonomy":"post_tag","embeddable":true,"href":"http:\/\/www.eloriente.net\/home\/wp-json\/wp\/v2\/tags?post=51034"}],"curies":[{"name":"wp","href":"https:\/\/api.w.org\/{rel}","templated":true}]}}