{"id":51087,"date":"2017-10-23T09:32:38","date_gmt":"2017-10-23T15:32:38","guid":{"rendered":"http:\/\/www.eloriente.net\/home\/?p=51087"},"modified":"2017-10-30T17:06:47","modified_gmt":"2017-10-30T23:06:47","slug":"la-cultura-festivales-culturales-mexico-cerrar-2017-juan-pablo-vasconcelos","status":"publish","type":"post","link":"http:\/\/www.eloriente.net\/home\/2017\/10\/23\/la-cultura-festivales-culturales-mexico-cerrar-2017-juan-pablo-vasconcelos\/","title":{"rendered":"ES LA CULTURA: Festivales culturales en M\u00e9xico para cerrar 2017, por Juan Pablo Vasconcelos"},"content":{"rendered":"<p><script src=\"\/\/pagead2.googlesyndication.com\/pagead\/js\/adsbygoogle.js\" async=\"\"><\/script><!-- BANNER ELORIENTE INCRUSTADO NOTAS --> <ins class=\"adsbygoogle\" style=\"display: inline-block; width: 300px; height: 250px;\" data-ad-client=\"ca-pub-1136171134853753\" data-ad-slot=\"7974633627\"><\/ins><script>\/\/ <![CDATA[\n(adsbygoogle = window.adsbygoogle || []).push({});\n\/\/ ]]><\/script><br \/>\n<strong>Es la Cultura<\/strong><\/p>\n<p style=\"text-align: right;\"><em>\u201cLos festivales culturales son un intento por comprender(nos).<\/em><\/p>\n<p style=\"text-align: right;\"><em>Por eso, tanto hoy como la siguiente entrega, te presento algunos festivales y encuentros que se efect\u00faan en M\u00e9xico para concluir el a\u00f1o\u201d<\/em><\/p>\n<p><strong>Festivales Culturales en M\u00e9xico para cerrar 2018<\/strong><\/p>\n<p>(www.eloriente.net, M\u00e9xico, a 23 de octubre de 2017, por: Juan Pablo Vasconcelos <a href=\"https:\/\/twitter.com\/JPVmx\" target=\"_blank\">@JPVmx<\/a>).-\u00a0Hemos sobrevivido en el mundo porque est\u00e1 en nosotros el sentido de b\u00fasqueda.<\/p>\n<p>Oteamos, como salvajes cazadores, buscando explicaciones sobre lo que nos pasa, tratando de hallarle sentido al dolor que padecemos, a la alegr\u00eda estallada, a los distanciamientos con nuestros semejantes, al hambre.<\/p>\n<p>Tratamos de encontrar explicaci\u00f3n a todo, incluso a las posiciones de los astros o a las miradas insomnes de los ar\u00e1cnidos. Somos seres de sentido.<\/p>\n<p>Ser\u00e1 por eso que nos fascinan desde ni\u00f1os las historias contadas con la luz apagada, porque nos basta el sonido de las palabras para encender el orden antiguo de nuestra imaginaci\u00f3n.<\/p>\n<p>Buscamos y en ese hecho se justifican los horizontes, las expectativas, las ilusiones y utop\u00edas, todos aquellos sustantivos que habitan en el futuro. De alguna manera, \u2018buscar\u2019 es siempre un verbo futurista, que le inyecta ansiedad, energ\u00eda y anticipaci\u00f3n a nuestras vidas.<\/p>\n<p>Y hablo hasta ahora solamente de esa b\u00fasqueda interior, que siempre es madre de la otra forma de exploraci\u00f3n \u2014dig\u00e1mosle \u2018objetiva\u2019\u2014 que le ha permitido al hombre y a la mujer, por ejemplo, encontrar modos de subsistencia donde no los hab\u00eda, poner los pies en la luna, derrotar las mareas y los oc\u00e9anos nada m\u00e1s para ampliar su dominaci\u00f3n y desafiar los l\u00edmites.<\/p>\n<p>Bien visto, uno se levanta cada d\u00eda para explorar 24 horas en lo desconocido.<\/p>\n<p>Uno parte a visitar a un amigo con la esperanza de encontrar rincones ocultos de uno mismo.<\/p>\n<p>Se llega al trabajo para perseguir objetivos.<\/p>\n<p>Pero, \u00bfqui\u00e9n me lo dijo hace algunos d\u00edas?: lo que hace falta en la vida son menos \u2018buscadores\u2019 y m\u00e1s \u2018encontradores\u2019.<\/p>\n<p>Quiz\u00e1 se refer\u00eda a la vieja consigna de que, para encontrar, hay que querer encontrar. Deslumbrarse con las hallazgos peque\u00f1os, con las iluminaciones cotidianas. Acostumbrarse a sonre\u00edr y entonces la alegr\u00eda tan perseguida se nos revela; habituarse a mirar atentamente y entonces la persona a tu lado, antes desapercibida, se hace grande por el milagro de tu atenci\u00f3n.<\/p>\n<p>Veo a ciertas actividades, encuentros y festivales culturales como un lugar donde tienen oportunidad de coincidir buscadores de sentido, \u2018perseguidores\u2019 \u2014para utilizar la palabra que rescatara el gran Julio Cort\u00e1zar.<\/p>\n<p>Acudimos all\u00ed, quienes deseamos encontrar un nuevo espejo como un escritor; una maestra para ense\u00f1arnos a respirar; alguien que cante en un tono tan emp\u00e1tico para nuestra alma, que por un momento se convierta en nuestro traductor interior, en el parlante del universo profundo que vivimos.<\/p>\n<p>Los <a href=\"http:\/\/www.eloriente.net\/home\/2017\/08\/14\/la-cultura-nada-termina-comienza-juan-pablo-vasconcelos\/\" target=\"_blank\">festivales culturales<\/a> no son una suma de actividades ni la simple sistematizaci\u00f3n de ocurrencias.<\/p>\n<p>Los buenos, resultan un intento de comprender.<\/p>\n<p>Es el lugar donde \u2014previa lectura de las inquietudes, intereses, expresiones, emociones, de un sector o de una localidad\u2014 se pretende reunir a quienes hacen su propia interpretaci\u00f3n, su personal exploraci\u00f3n, su trabajo, sobre aquellos asuntos.<\/p>\n<p>Los festivales resultan as\u00ed un punto de encuentro entre conciencias y sentires, que antes permanecieron dispersos por el mundo.<br \/>\n<script src=\"\/\/pagead2.googlesyndication.com\/pagead\/js\/adsbygoogle.js\" async=\"\"><\/script><!-- BANNER PEQUE\u00d1O PARA ENTRENOTAS EL ORIENTE --> <ins class=\"adsbygoogle\" style=\"display: inline-block; width: 468px; height: 60px;\" data-ad-client=\"ca-pub-1136171134853753\" data-ad-slot=\"4953536424\"><\/ins><script>\/\/ <![CDATA[\n(adsbygoogle = window.adsbygoogle || []).push({});\n\/\/ ]]><\/script><\/p>\n<p><iframe loading=\"lazy\" src=\"https:\/\/player.vimeo.com\/video\/225330527\" width=\"450\" height=\"360\" frameborder=\"0\" allowfullscreen=\"allowfullscreen\"><\/iframe><\/p>\n<p><a href=\"https:\/\/vimeo.com\/225330527\">Festival Internacional Cervantino 2017<\/a> from <a href=\"https:\/\/vimeo.com\/user68700218\">Festival Cervantino<\/a> on <a href=\"https:\/\/vimeo.com\">Vimeo<\/a>.<\/p>\n<p>&nbsp;<\/p>\n<p><strong><a href=\"http:\/\/www.eloriente.net\/home\/2016\/12\/28\/cultura-festivales-culturales-mexico-disfrutar-2017\/\" target=\"_blank\">Festival Internacional Cervantino<\/a><\/strong><\/p>\n<p>Por concluir el 29 de octubre pr\u00f3ximo (dio inicio el pasado d\u00eda 11), el Cervantino tiene como invitado especial este a\u00f1o a Francia. Admirado pa\u00eds donde todas las discusiones \u2014incluso las pol\u00edticas\u2014 pasan en alg\u00fan punto por el pensamiento. Su revoluci\u00f3n influy\u00f3 y sigue influyendo en la vida p\u00fablica de los Estados del mundo, lo mismo su arte, su filosof\u00eda, su est\u00e9tica.<\/p>\n<p>De hecho, la semana que termin\u00f3 se llev\u00f3 a cabo el Foro Revoluci\u00f3n Cultural y transformaciones urbanas, pero este lunes 23 de octubre toma la palabra el Coloquio Revoluci\u00f3n(es), que pondr\u00e1 \u00e9nfasis en esos movimientos y periodos de cambio absoluto. Cambios que por cierto no son privativos de los gobiernos o reg\u00edmenes, sino tambi\u00e9n suceden en las artes, las ciencias, las ciudades.<\/p>\n<p>Por eso, el Coloquio tendr\u00e1 conferencias y charlas sobre \u201cRevoluciones Musicales, de Monteverdi a Ligeti\u201d impartida por Geoffroy Jourdain, director del coro Les Cris de Par\u00eds; \u201cRevoluciones en las ciencias\u201d, por Jos\u00e9 Franco, profesor de Astronom\u00eda de nuestra UNAM; o bien de las \u201cRevoluciones est\u00e9ticas de la danza\u201d con Aymar Crosnier, director adjunto del Centre National de la Danse en Par\u00eds, por mencionar algunos casos.<\/p>\n<p>Sobre esta \u00faltima disciplina, la danza, totalmente destacable la presencia esta semana de un proyecto digno de atenci\u00f3n: Caravane, que es un proyecto itinerante franc\u00e9s del Centro Nacional de la Danza, que pretende encontrar a los actores con el p\u00fablico, presentando recursos pedag\u00f3gicos, art\u00edsticos, patrimoniales y profesionales. Mathilde Monnier, en especial, impartir\u00e1 un taller sobre su repertorio.<\/p>\n<p>Ser\u00e1 emocionante, finalmente, en las callejas de la Guanajuato emblem\u00e1tica, escuchar la lectura en voz alta de manifiestos revolucionarios. Desde el referido al movimiento surrealista hasta el del crack, de escritores mexicanos contempor\u00e1neos como Volpi o Ch\u00e1vez Casta\u00f1eda. Asimismo, el concierto de la Orquesta Sinf\u00f3nica Nacional, con la direcci\u00f3n hu\u00e9sped del querido Jos\u00e9 Luis Castillo, interpretando m\u00fasica de las pel\u00edculas de Stanley Kubrick.<\/p>\n<p><strong><a href=\"http:\/\/www.eloriente.net\/home\/2017\/10\/19\/juevesdecine-inicia-15o-festival-internacional-cine-morelia-coco\/\">Festival Internacional de Cine de Morelia (FICM)<\/a><\/strong><\/p>\n<p>Era urgente hablar ya de Morelia por el cine y la cultura, en vez de tocarla con el p\u00e9talo caliente de la violencia. El festival ya est\u00e1 en su 15\u00aa edici\u00f3n \u2014del 20 al 29 de octubre\u2014 y en total se han reunido m\u00e1s de 100 realizadores mexicanos presentando su trabajo.<\/p>\n<p>Morelia se ha convertido en la selecci\u00f3n nacional del cine mexicano.<\/p>\n<p>Esta vez, nos sugiere adem\u00e1s participar como espectadores, si no nos es posible asistir a Michoac\u00e1n: 28 cortometrajes estar\u00e1n disponibles en l\u00ednea y gratis desde el 20 de octubre hasta el 12 de noviembre de 2017.<\/p>\n<p>En su canal de Youtube, se podr\u00e1n ver con el detenimiento que merecen cortos documentales, de ficci\u00f3n, animados y una secci\u00f3n michoacana. Luego, se podr\u00e1 emitir un voto en el micrositio del FICM para elegir qui\u00e9n ser\u00e1 el ganador del Premio de la Selecci\u00f3n de Cortometraje en L\u00ednea.<\/p>\n<p>Todo lo anterior, en adici\u00f3n a los estrenos nacionales e internacionales que se han preparado, donde destacan (para mi gusto): Happy End de Michael Haneke; The Other Side of Hope de Aki Kaurism\u00e4ki; On Body and Soul de Ildiko Enyedi (ganadora de Oso de Oro de Berl\u00edn); as\u00ed como Suburbicon de George Clooney.<\/p>\n<p>Nuestro viaje en la pr\u00f3xima entrega seguir\u00e1 por M\u00e9rida, Guadalajara, Ciudad de M\u00e9xico y Oaxaca.<\/p>\n<p><a href=\"http:\/\/www.eloriente.net\/home\/wp-content\/uploads\/2017\/10\/manifesto-Manifesto-Dirige-Julian-Rosefeldt-web-oct2017.jpg\" rel=\"attachment wp-att-51089\"><img loading=\"lazy\" decoding=\"async\" class=\"alignnone wp-image-51089\" src=\"http:\/\/www.eloriente.net\/home\/wp-content\/uploads\/2017\/10\/manifesto-Manifesto-Dirige-Julian-Rosefeldt-web-oct2017.jpg\" alt=\"manifesto Manifesto Dirige- Julian Rosefeldt web oct2017\" width=\"450\" height=\"309\" srcset=\"http:\/\/www.eloriente.net\/home\/wp-content\/uploads\/2017\/10\/manifesto-Manifesto-Dirige-Julian-Rosefeldt-web-oct2017.jpg 728w, http:\/\/www.eloriente.net\/home\/wp-content\/uploads\/2017\/10\/manifesto-Manifesto-Dirige-Julian-Rosefeldt-web-oct2017-300x206.jpg 300w\" sizes=\"(max-width: 450px) 100vw, 450px\" \/><\/a><\/p>\n<h6><strong>Imagen: Manifesto.\u00a0Dirige: Julian Rosefeldt<\/strong><\/h6>\n<p>Los cortometrajes disponibles durante las fechas se\u00f1aladas arriba:<\/p>\n<p><span class=\"embed-youtube\" style=\"text-align:center; display: block;\"><iframe loading=\"lazy\" class=\"youtube-player\" width=\"640\" height=\"360\" src=\"https:\/\/www.youtube.com\/embed?version=3&#038;rel=1&#038;showsearch=0&#038;showinfo=1&#038;iv_load_policy=1&#038;fs=1&#038;hl=es-ES&#038;autohide=2&#038;wmode=transparent&#038;listType=playlist&#038;list=PL-xDBKm5J0qDDkgW1taB37ldtf2zV305L\" allowfullscreen=\"true\" style=\"border:0;\" sandbox=\"allow-scripts allow-same-origin allow-popups allow-presentation allow-popups-to-escape-sandbox\"><\/iframe><\/span><br \/>\n<script src=\"\/\/pagead2.googlesyndication.com\/pagead\/js\/adsbygoogle.js\" async=\"\"><\/script><br \/>\n <ins class=\"adsbygoogle\" style=\"display: block; text-align: center;\" data-ad-layout=\"in-article\" data-ad-format=\"fluid\" data-ad-client=\"ca-pub-1136171134853753\" data-ad-slot=\"8578966557\"><\/ins><\/p>\n<p>DA CLICK AQU\u00cd PARA VER SEGUNDA PARTE:<\/p>\n<h4 class=\"entry_title\"><a href=\"http:\/\/www.eloriente.net\/home\/2017\/10\/30\/la-cultura-festivales-culturales-cerrar-2017-2-juan-pablo-vasconcelos\/\" target=\"_blank\">ES LA CULTURA: Festivales culturales en M\u00e9xico para cerrar 2017, por Juan Pablo Vasconcelos<\/a><\/h4>\n<p><script>\/\/ <![CDATA[\n(adsbygoogle = window.adsbygoogle || []).push({});\n\/\/ ]]><\/script><br \/>\n<strong>OTRAS ENTRADAS:<\/strong><\/p>\n<div id=\"post-50908\" class=\"entry loop-default border_bottom_30 post-50908 post type-post status-publish format-standard has-post-thumbnail hentry category-colaboradores category-entradas category-estados category-juan-pablo-vasconcelos category-lo-mas-reciente category-mexico-y-el-mundo category-principal tag-bienestar-subjetivo tag-cultura-mexico tag-cultura-oaxaca tag-ficcion tag-juan-pablo-vasconcelos-2\">\n<h2 class=\"entry_title\"><a title=\"Enlace Permanente a ES LA CULTURA: La historia que nos contamos, por Juan Pablo Vasconcelos\" href=\"http:\/\/www.eloriente.net\/home\/2017\/10\/16\/la-cultura-la-historia-nos-contamos-juan-pablo-vasconcelos\/\" rel=\"bookmark\">ES LA CULTURA: La historia que nos contamos, por Juan Pablo Vasconcelos<\/a><\/h2>\n<p><a href=\"http:\/\/www.eloriente.net\/home\/2017\/10\/16\/la-cultura-la-historia-nos-contamos-juan-pablo-vasconcelos\/\" rel=\"bookmark\"><img decoding=\"async\" class=\"alignleft\" title=\"ES LA CULTURA: La historia que nos contamos, por Juan Pablo Vasconcelos\" src=\"http:\/\/www.eloriente.net\/home\/wp-content\/themes\/city-desk\/timthumb.php?src=http%3A%2F%2Fwww.eloriente.net%2Fhome%2Fwp-content%2Fuploads%2F2017%2F10%2FBOCETO-MODA-portfoliomashanovikova.blogspot.mx-16oct17-1-e1508166193185.jpg&amp;q=90&amp;w=160&amp;h=106&amp;zc=1\" alt=\"ES LA CULTURA: La historia que nos contamos, por Juan Pablo Vasconcelos\" \/><\/a>La Historia que nos contamos \u201cEscuchamos que el ser humano y el mundo no tienen l\u00edmites. Pero nos pasamos la vida mir\u00e1ndonos el ombligo, limit\u00e1ndonos a nosotros.\u201d (www.eloriente.net, M\u00e9xico, a 16 de octubre de 2017, por: Juan Pablo Vasconcelos @JPVmx).-\u00a0La situaci\u00f3n es particularmente grave en el caso de los pueblos. Yo conozco uno que no [\u2026]<\/p>\n<div class=\"toolbar-social\">\n<div class=\"social-widget\">\n<div id=\"sharing-widget\"><a class=\"button icon-share\">Compartir<\/a><\/div>\n<\/div>\n<\/div>\n<p class=\"postmeta\"><span class=\"meta_date\">octubre 16, 2017<\/span><\/p>\n<\/div>\n<div id=\"post-50788\" class=\"entry loop-default border_bottom_30 post-50788 post type-post status-publish format-standard has-post-thumbnail hentry category-colaboradores category-destacadas category-entradas category-estados category-juan-pablo-vasconcelos category-oaxaca-estados category-principal tag-ensayos-literarios tag-filosofia tag-filosofia-p tag-politica\">\n<h2 class=\"entry_title\"><a title=\"Enlace Permanente a El pa\u00eds personal, por Juan Pablo Vasconcelos\" href=\"http:\/\/www.eloriente.net\/home\/2017\/10\/09\/pais-personal-juan-pablo-vasconcelos\/\" rel=\"bookmark\">El pa\u00eds personal, por Juan Pablo Vasconcelos<\/a><\/h2>\n<p><a href=\"http:\/\/www.eloriente.net\/home\/2017\/10\/09\/pais-personal-juan-pablo-vasconcelos\/\" rel=\"bookmark\"><img decoding=\"async\" class=\"alignleft\" title=\"El pa\u00eds personal, por Juan Pablo Vasconcelos\" src=\"http:\/\/www.eloriente.net\/home\/wp-content\/themes\/city-desk\/timthumb.php?src=http%3A%2F%2Fwww.eloriente.net%2Fhome%2Fwp-content%2Fuploads%2F2017%2F10%2FCuetzalan-puebla-www.visitmexico.com-oct17.jpg&amp;q=90&amp;w=160&amp;h=106&amp;zc=1\" alt=\"El pa\u00eds personal, por Juan Pablo Vasconcelos\" \/><\/a>Es la Cultura \u201c\u00bfC\u00f3mo es el M\u00e9xico que tienes en la mente? \u00bfCu\u00e1l es su car\u00e1cter, su paisaje, sus matices, las situaciones que te hacen amarlo o rechazarlo, entenderlo, desearlo? As\u00ed como lo comprendes en tu ser, as\u00ed es tu pa\u00eds\u201d. El pa\u00eds personal Juan Pablo Vasconcelos @JPVmx El d\u00eda tiene 24 horas. Pero el [\u2026]<\/p>\n<div class=\"toolbar-social\">\n<div class=\"social-widget\">\n<div id=\"sharing-widget\"><a class=\"button icon-share\">Compartir<\/a><\/div>\n<\/div>\n<\/div>\n<p class=\"postmeta\"><span class=\"meta_date\">octubre 9, 2017<\/span><\/p>\n<\/div>\n<div id=\"post-50646\" class=\"entry loop-default border_bottom_30 post-50646 post type-post status-publish format-standard has-post-thumbnail hentry category-juevesdecineyseries category-cine category-colaboradores category-comunicacion category-educacion-y-cultura category-entradas category-estados category-juan-pablo-vasconcelos category-oaxaca-estados tag-cine tag-el-oriente tag-el-vinedo-que-nos-une tag-es-la-cultura tag-francia tag-juan-pablo-vasconcelos-2 tag-tour-de-cine-frances tag-vinedo\">\n<h2 class=\"entry_title\"><a title=\"Enlace Permanente a ES LA CULTURA: El Vi\u00f1edo que nos Une. Por Juan Pablo Vasconcelos\" href=\"http:\/\/www.eloriente.net\/home\/2017\/10\/02\/la-cultura-vinedo-nos-une-juan-pablo-vasconcelos\/\" rel=\"bookmark\">ES LA CULTURA: El Vi\u00f1edo que nos Une. Por Juan Pablo Vasconcelos<\/a><\/h2>\n<p><a href=\"http:\/\/www.eloriente.net\/home\/2017\/10\/02\/la-cultura-vinedo-nos-une-juan-pablo-vasconcelos\/\" rel=\"bookmark\"><img decoding=\"async\" class=\"alignleft\" title=\"ES LA CULTURA: El Vi\u00f1edo que nos Une. Por Juan Pablo Vasconcelos\" src=\"http:\/\/www.eloriente.net\/home\/wp-content\/themes\/city-desk\/timthumb.php?src=http%3A%2F%2Fwww.eloriente.net%2Fhome%2Fwp-content%2Fuploads%2F2017%2F10%2Fback-to-burgundy_2-h_2017.jpg&amp;q=90&amp;w=160&amp;h=106&amp;zc=1\" alt=\"ES LA CULTURA: El Vi\u00f1edo que nos Une. Por Juan Pablo Vasconcelos\" \/><\/a>\u00a0 eloriente.net 2 de octubre de 2017 Por Juan Pablo Vasconcelos @JPVmx \u00a0 \u201cHa pasado el Tour de Cine Franc\u00e9s. Dej\u00f3, como siempre, un halo de arte y sensualidad a su paso. Esta cinta, El Vi\u00f1edo que nos Une, impregn\u00f3 adem\u00e1s la sala con aroma a vino y ciertas notas a tierra\u201d. Jean se asoma [\u2026]<\/p>\n<div class=\"toolbar-social\">\n<div class=\"social-widget\">\n<div id=\"sharing-widget\"><a class=\"button icon-share\">Compartir<\/a><\/div>\n<\/div>\n<\/div>\n<\/div>\n\n\t\t\t  <div \n\t\t\t  \tclass = \"fb-comments\" \n\t\t\t  \tdata-href = \"http:\/\/www.eloriente.net\/home\/2017\/10\/23\/la-cultura-festivales-culturales-mexico-cerrar-2017-juan-pablo-vasconcelos\/\"\n\t\t\t  \tdata-numposts = \"10\"\n\t\t\t\tdata-colorscheme = \"dark\"\n\t\t\t\tdata-order-by = \"social\"\n\t\t\t\tdata-mobile=true>\n\t\t\t  <\/div>\n\t\t  <style>\n\t\t\t.fb_iframe_widget_fluid_desktop iframe {\n\t\t\t    width: 100% !important;\n\t\t\t}\n\t\t  <\/style>\n\t\t  ","protected":false},"excerpt":{"rendered":"<p>Es la Cultura \u201cLos festivales culturales son un intento por comprender(nos). Por eso, tanto hoy como la siguiente entrega, te presento algunos festivales y encuentros que se efect\u00faan en M\u00e9xico para concluir el a\u00f1o\u201d Festivales Culturales en M\u00e9xico para cerrar 2018 (www.eloriente.net, M\u00e9xico, a 23 de octubre de 2017, por: Juan Pablo Vasconcelos @JPVmx).-\u00a0Hemos sobrevivido [&hellip;]<\/p>\n","protected":false},"author":1,"featured_media":51089,"comment_status":"open","ping_status":"open","sticky":false,"template":"","format":"standard","meta":{"_jetpack_memberships_contains_paid_content":false,"footnotes":""},"categories":[624,49,32,13,10,24],"tags":[5315,8603,8604,8605,2825,1285],"class_list":["post-51087","post","type-post","status-publish","format-standard","has-post-thumbnail","hentry","category-articulistas","category-destacadas","category-entradas","category-especiales","category-lo-mas-reciente","category-mexico-y-el-mundo","tag-cultura-mexico","tag-festival-cervantino","tag-festival-de-cine-de-morelia","tag-festivales-de-mexico","tag-ficm","tag-juan-pablo-vasconcelos-2"],"jetpack_featured_media_url":"http:\/\/www.eloriente.net\/home\/wp-content\/uploads\/2017\/10\/manifesto-Manifesto-Dirige-Julian-Rosefeldt-web-oct2017.jpg","jetpack_sharing_enabled":true,"_links":{"self":[{"href":"http:\/\/www.eloriente.net\/home\/wp-json\/wp\/v2\/posts\/51087"}],"collection":[{"href":"http:\/\/www.eloriente.net\/home\/wp-json\/wp\/v2\/posts"}],"about":[{"href":"http:\/\/www.eloriente.net\/home\/wp-json\/wp\/v2\/types\/post"}],"author":[{"embeddable":true,"href":"http:\/\/www.eloriente.net\/home\/wp-json\/wp\/v2\/users\/1"}],"replies":[{"embeddable":true,"href":"http:\/\/www.eloriente.net\/home\/wp-json\/wp\/v2\/comments?post=51087"}],"version-history":[{"count":5,"href":"http:\/\/www.eloriente.net\/home\/wp-json\/wp\/v2\/posts\/51087\/revisions"}],"predecessor-version":[{"id":51213,"href":"http:\/\/www.eloriente.net\/home\/wp-json\/wp\/v2\/posts\/51087\/revisions\/51213"}],"wp:featuredmedia":[{"embeddable":true,"href":"http:\/\/www.eloriente.net\/home\/wp-json\/wp\/v2\/media\/51089"}],"wp:attachment":[{"href":"http:\/\/www.eloriente.net\/home\/wp-json\/wp\/v2\/media?parent=51087"}],"wp:term":[{"taxonomy":"category","embeddable":true,"href":"http:\/\/www.eloriente.net\/home\/wp-json\/wp\/v2\/categories?post=51087"},{"taxonomy":"post_tag","embeddable":true,"href":"http:\/\/www.eloriente.net\/home\/wp-json\/wp\/v2\/tags?post=51087"}],"curies":[{"name":"wp","href":"https:\/\/api.w.org\/{rel}","templated":true}]}}