{"id":51316,"date":"2017-11-05T11:15:45","date_gmt":"2017-11-05T17:15:45","guid":{"rendered":"http:\/\/www.eloriente.net\/home\/?p=51316"},"modified":"2017-11-05T11:20:25","modified_gmt":"2017-11-05T17:20:25","slug":"los-lideres-no-se-imponen-se-eligen-jarumy-mendez","status":"publish","type":"post","link":"http:\/\/www.eloriente.net\/home\/2017\/11\/05\/los-lideres-no-se-imponen-se-eligen-jarumy-mendez\/","title":{"rendered":"Los l\u00edderes no se imponen, se eligen. Por Jarumy M\u00e9ndez"},"content":{"rendered":"<p><script src=\"\/\/pagead2.googlesyndication.com\/pagead\/js\/adsbygoogle.js\" async=\"\"><\/script><!-- BANNER ELORIENTE INCRUSTADO NOTAS --> <ins class=\"adsbygoogle\" style=\"display: inline-block; width: 300px; height: 250px;\" data-ad-client=\"ca-pub-1136171134853753\" data-ad-slot=\"7974633627\"><\/ins><script>\/\/ <![CDATA[\n(adsbygoogle = window.adsbygoogle || []).push({});\n\/\/ ]]><\/script><\/p>\n<p><em><strong>Indicio Esmeralda<\/strong><\/em>, por <a href=\"http:\/\/www.eloriente.net\/home\/category\/colaboradores\/jarumy-esmeralda-mendez-reyes\/\" target=\"_blank\">Jarumy Esmeralda M\u00e9ndez Reyes<\/a><\/p>\n<p>(www.eloriente.net, M\u00e9xico, a 5 de noviembre de 2017).- Construir liderazgos bajo principios y reglas democr\u00e1ticos es el reto que enfrentamos los mexicanos. La pol\u00edtica vino a desvirtuar el liderazgo al obviar una m\u00e1xima: \u201cse hereda el poder pol\u00edtico pero no el liderazgo\u201d. Ah\u00ed radica la crisis del sistema de partidos, tenemos Presidentes de partidos pol\u00edticos pero no l\u00edderes partidistas, hay poder pero no liderazgo partidista.<\/p>\n<p>Salvo ic\u00f3nicas excepciones en M\u00e9xico, como fundadores e ide\u00f3logos de partidos que en el pasado dieron sentido a sus instituciones, hoy los partidos pol\u00edticos han hecho de su atributo esencial, el acceso de los ciudadanos al ejerci\u00f3 del poder p\u00fablico, un desfile de poderes f\u00e1cticos principalmente del poder econ\u00f3mico alej\u00e1ndolos de las causas sociales. Los partidos est\u00e1n lejos de formar cuadros de liderazgos que nos permitan salir de la crisis partidista en que vivimos.<\/p>\n<p>Hay tres requisitos que hacen falta a nuestros pol\u00edticos y que consolidan a los liderazgos sociales y pol\u00edticos: la b\u00fasqueda del bien com\u00fan, responder a las circunstancias del momento y gozar de credibilidad, lo que implica llevar una vida honorable y transparente.<\/p>\n<p>La b\u00fasqueda del bien com\u00fan necesita de procesos de discusi\u00f3n de ideas y de proyectos sobre lo que el pueblo quiere, lo que necesita y lo que se puede lograr. En M\u00e9xico, el bien com\u00fan est\u00e1 fragmentado en m\u00faltiples visiones: debemos considerar por lo menos, 11 partidos pol\u00edticos, los independientes y los apol\u00edticos, m\u00e1s de dos siglos de que se fund\u00f3 la naci\u00f3n y seguimos sin ponernos de acuerdo.<\/p>\n<p>Las circunstancias del momento exigen mayor consenso, transparencia y canales de participaci\u00f3n. Los ciudadanos quieren alejarse, cerrar los o\u00eddos y la mente a pol\u00edticos acartonados, con frases comunes y con vidas ostentosas e inaccesibles fuera de tiempos electorales, quieren pol\u00edticos frescos que no representen un sistema autoritario, vertical y burocr\u00e1tico, es decir, relacionarse con los pol\u00edticos como lo hacen con sus amigos y compa\u00f1eros de trabajo, sin barreras y sin tapujos. Cuestionarles sus decisiones y sus soluciones. Es una nueva din\u00e1mica de interacci\u00f3n que la era de las redes sociales ha modificado en nuestras vidas; la forma de relacionarse con nuestros padres, maestros y dem\u00e1s figuras de autoridad se han democratizado con el uso de las nuevas tecnolog\u00edas.<br \/>\n<script src=\"\/\/pagead2.googlesyndication.com\/pagead\/js\/adsbygoogle.js\" async=\"\"><\/script><br \/>\n <ins class=\"adsbygoogle\" style=\"display: block; text-align: center;\" data-ad-layout=\"in-article\" data-ad-format=\"fluid\" data-ad-client=\"ca-pub-1136171134853753\" data-ad-slot=\"8578966557\"><\/ins><br \/>\n<script>\/\/ <![CDATA[\n(adsbygoogle\u00a0=\u00a0window.adsbygoogle\u00a0||\u00a0[]).push({});\n\/\/ ]]><\/script><br \/>\nNi b\u00fasqueda del bien com\u00fan, ni capacidad para entender las circunstancias del momento, ni mucho menos credibilidad observamos de cara a la pr\u00f3xima elecci\u00f3n.<br \/>\n2018, a\u00f1o electoral, est\u00e1 a la vuelta de la esquina y lo que augura para nuestro pa\u00eds no es alentador, m\u00e1s bien una guerra de imposiciones.<\/p>\n<p>Los partidos pol\u00edticos han iniciado sus estrategias como aqu\u00e9l que aprende a sumar y hace cuentas con los dedos de las manos, unos para saber si les da alcanzar la silla presidencial y otros para mantener su registro. Pero las cuentas no salen, el escepticismo crece y los tiempos se acortan. Comienzan las conspiraciones: alianzas, divisiones, todo lo que permita debilitar al enemigo y fortalecerse a s\u00ed mismos. Es la Ley de la jungla\u2026es pol\u00edtica o\u00edmos en las calles.<\/p>\n<p>Morena comenz\u00f3 hace tiempo una campa\u00f1a de \u201cpurificaci\u00f3n\u201d, a la que sum\u00f3 a personajes sombr\u00edos pero arrepentidos que ahora son la esperanza de M\u00e9xico. Andr\u00e9s Manuel los ha exhibido como cr\u00e1neos a las afueras de su templo como se\u00f1al de muerte y resurrecci\u00f3n, ninguno sin lograr ser ungido para ser candidato a algo por Morena. Y se ha deslindado como Pilatos de los personajes de Morena acusados de corrupci\u00f3n. A Morena le sigue de cerca el sello de la \u201chipocres\u00eda\u201d, todos estos actos que merman su credibilidad y confianza.<\/p>\n<p>El PAN, PRD y MC decidieron unirse en un Frente Democr\u00e1tico Ciudadano por M\u00e9xico, la izquierda y la derecha juntos, siguiendo el artilugio de que la uni\u00f3n hace la fuerza. Pero este frente solo evidenci\u00f3 la b\u00fasqueda del poder por el poder alejado abismalmente de la b\u00fasqueda del bien com\u00fan. Ni democr\u00e1tico ni ciudadano. Cerr\u00f3 los candados de una c\u00fapula conformada por Barrales, Anaya y Delgado que nunca preguntaron a sus militantes sobre la conformaci\u00f3n del frente.<\/p>\n<p>En el caso particular de Acci\u00f3n Nacional, la llegada de Ricardo Anaya a su dirigencia mostr\u00f3 las debilidades del sistema de partidos para hacer que el partido ostentado como el m\u00e1s democr\u00e1tico se dibujara al interior como vertical y unilateral, acallando las voces de sus militantes hasta desmembrarlo, por un lado con la salida de Margarita Zavala y por el otro, con la rispidez ante Rafael Moreno Valle, presidente de la Comisi\u00f3n Pol\u00edtica de ese partido quien ha evidenciado la falta de espacio y procesos transparentes para participar en la mesa de las decisiones. La falta de inclusi\u00f3n y consenso es la distinci\u00f3n de este frente que demuestra anticipadamente su forma autoritaria y la ausencia de ingobernabilidad en el remoto caso de llegar a gobernar.<\/p>\n<p>El Partido Revolucionario Institucional trabaja su mejor carta, mostrar orden y disciplina al interior lo que le asegura que al exterior nadie le cuestione sus decisiones. Es, en la actualidad, m\u00e1s institucional que revolucionario. M\u00e1s que trabajo en casa su estrategia es hacer trabajo en casa ajena, pues salir por el voto ciudadano suena m\u00e1s que complicado ante un sexenio en el que pesaron m\u00e1s los desaciertos del Presidente para conducirse en p\u00fablico que las acciones de gobierno. Es el m\u00e1s cercano a su militancia, pero el m\u00e1s alejado de la ciudadan\u00eda.<\/p>\n<p>En el Partido Verde ha visto esta realidad y entiende las circunstancias del momento: \u201cLos l\u00edderes no se imponen, se eligen\u201d, por eso, antes de contender para la Presidencia, ha decidido responder a las demandas ciudadanas comenzando en casa y abrir por primera vez en la historia partidista, un proceso democr\u00e1tico para elegir al l\u00edder de partido. Entender la importancia de elegir a un l\u00edder partidista, es entender la importancia de la vida democr\u00e1tica en M\u00e9xico.<\/p>\n<p>Pero a\u00fan m\u00e1s importante, el Partido Verde ha entendido que la esencia democr\u00e1tica est\u00e1 en los m\u00e9todos, no en el qu\u00e9 sino en el c\u00f3mo, porque es ah\u00ed d\u00f3nde se respetan principios como la pluralidad, el di\u00e1logo, el consenso, el respeto, todos principios democr\u00e1ticos.<\/p>\n<p>Han comenzado as\u00ed, una serie de debates entre los candidatos registrados: Beatriz Manrique, Carlos Puente y Arturo \u00c1lvarez Angli que ha permitido una interacci\u00f3n abierta y frontal con los ciudadanos abriendo un espacio a trav\u00e9s de las redes sociales para que puedan expresar sus cuestionamientos y comentarios sobre los principales retos y propuestas que tiene el partido. Finalmente, ser\u00e1 a trav\u00e9s de encuesta abierta a la ciudadan\u00eda como se elegir\u00e1 al l\u00edder del Partido Verde.<\/p>\n<p>La crisis de los partidos obedece a una falta de capacidad de sus dirigentes para entender el presente, porque ese entendimiento implica un cambio de fondo y no solo de forma, el Verde est\u00e1 poniendo el ejemplo.<\/p>\n<p><strong><em>Subsecretaria de Normatividad Ecol\u00f3gica y Gesti\u00f3n Ambiental<\/em><\/strong><\/p>\n<p><strong><em>@jarumymendez<\/em><\/strong><\/p>\n<figure id=\"attachment_51318\" aria-describedby=\"caption-attachment-51318\" style=\"width: 551px\" class=\"wp-caption alignnone\"><a href=\"http:\/\/www.eloriente.net\/home\/wp-content\/uploads\/2017\/11\/@partidoverdemex-debate-2017-columna-Jarumy-Me\u0301ndez.jpg\" rel=\"attachment wp-att-51318\"><img loading=\"lazy\" decoding=\"async\" class=\" wp-image-51318\" src=\"http:\/\/www.eloriente.net\/home\/wp-content\/uploads\/2017\/11\/@partidoverdemex-debate-2017-columna-Jarumy-Me\u0301ndez-1024x613.jpg\" alt=\"Imagen: @partidoverdemex\" width=\"551\" height=\"330\" srcset=\"http:\/\/www.eloriente.net\/home\/wp-content\/uploads\/2017\/11\/@partidoverdemex-debate-2017-columna-Jarumy-Me\u0301ndez-1024x613.jpg 1024w, http:\/\/www.eloriente.net\/home\/wp-content\/uploads\/2017\/11\/@partidoverdemex-debate-2017-columna-Jarumy-Me\u0301ndez-300x180.jpg 300w, http:\/\/www.eloriente.net\/home\/wp-content\/uploads\/2017\/11\/@partidoverdemex-debate-2017-columna-Jarumy-Me\u0301ndez-768x460.jpg 768w, http:\/\/www.eloriente.net\/home\/wp-content\/uploads\/2017\/11\/@partidoverdemex-debate-2017-columna-Jarumy-Me\u0301ndez.jpg 1200w\" sizes=\"(max-width: 551px) 100vw, 551px\" \/><\/a><figcaption id=\"caption-attachment-51318\" class=\"wp-caption-text\"><strong><em>Imagen: @partidoverdemex<\/em><\/strong><\/figcaption><\/figure>\n<p>&nbsp;<\/p>\n<p>REFERENCIA:<\/p>\n<blockquote class=\"twitter-tweet\" data-lang=\"es\">\n<p dir=\"ltr\" lang=\"es\">As\u00ed los debates en <a href=\"https:\/\/twitter.com\/partidoverdemex?ref_src=twsrc%5Etfw\">@partidoverdemex<\/a> para elegir a su l\u00edder.<br \/>\nLa pr\u00e1ctica debe alcanzar otras formaciones rumbo a <a href=\"https:\/\/twitter.com\/hashtag\/Elecciones2018?src=hash&amp;ref_src=twsrc%5Etfw\">#Elecciones2018<\/a>?<a href=\"https:\/\/twitter.com\/El_Oriente?ref_src=twsrc%5Etfw\">@El_Oriente<\/a> <a href=\"https:\/\/t.co\/GNDV66v2Mp\">https:\/\/t.co\/GNDV66v2Mp<\/a><\/p>\n<p>\u2014 Elecciones Oaxaca (@EleccionesOax) <a href=\"https:\/\/twitter.com\/EleccionesOax\/status\/927222121549398016?ref_src=twsrc%5Etfw\">5 de noviembre de 2017<\/a><\/p><\/blockquote>\n<p><script src=\"https:\/\/platform.twitter.com\/widgets.js\" async=\"\" charset=\"utf-8\"><\/script><\/p>\n<p><script src=\"\/\/pagead2.googlesyndication.com\/pagead\/js\/adsbygoogle.js\" async=\"\"><\/script><br \/>\n<ins class=\"adsbygoogle\" style=\"display: block;\" data-ad-format=\"autorelaxed\" data-ad-client=\"ca-pub-1136171134853753\" data-ad-slot=\"4595267748\"><\/ins><br \/>\n<script>\/\/ <![CDATA[\n(adsbygoogle\u00a0=\u00a0window.adsbygoogle\u00a0||\u00a0[]).push({});\n\/\/ ]]><\/script><\/p>\n\n\t\t\t  <div \n\t\t\t  \tclass = \"fb-comments\" \n\t\t\t  \tdata-href = \"http:\/\/www.eloriente.net\/home\/2017\/11\/05\/los-lideres-no-se-imponen-se-eligen-jarumy-mendez\/\"\n\t\t\t  \tdata-numposts = \"10\"\n\t\t\t\tdata-colorscheme = \"dark\"\n\t\t\t\tdata-order-by = \"social\"\n\t\t\t\tdata-mobile=true>\n\t\t\t  <\/div>\n\t\t  <style>\n\t\t\t.fb_iframe_widget_fluid_desktop iframe {\n\t\t\t    width: 100% !important;\n\t\t\t}\n\t\t  <\/style>\n\t\t  ","protected":false},"excerpt":{"rendered":"<p>Indicio Esmeralda, por Jarumy Esmeralda M\u00e9ndez Reyes (www.eloriente.net, M\u00e9xico, a 5 de noviembre de 2017).- Construir liderazgos bajo principios y reglas democr\u00e1ticos es el reto que enfrentamos los mexicanos. La pol\u00edtica vino a desvirtuar el liderazgo al obviar una m\u00e1xima: \u201cse hereda el poder pol\u00edtico pero no el liderazgo\u201d. Ah\u00ed radica la crisis del sistema [&hellip;]<\/p>\n","protected":false},"author":46,"featured_media":51318,"comment_status":"open","ping_status":"open","sticky":false,"template":"","format":"standard","meta":{"_jetpack_memberships_contains_paid_content":false,"footnotes":""},"categories":[2434,11,32,8473,10,21],"tags":[8672,3653,8557,6129,2989,3538],"class_list":["post-51316","post","type-post","status-publish","format-standard","has-post-thumbnail","hentry","category-lunesdepolitica","category-colaboradores","category-entradas","category-jarumy-esmeralda-mendez-reyes","category-lo-mas-reciente","category-politica-y-gobierno","tag-debates","tag-elecciones-mexico","tag-jarumy-mendez","tag-partido-verde-ecologista-de-mexico","tag-partidos-politicos","tag-pvem"],"jetpack_featured_media_url":"http:\/\/www.eloriente.net\/home\/wp-content\/uploads\/2017\/11\/@partidoverdemex-debate-2017-columna-Jarumy-Me\u0301ndez.jpg","jetpack_sharing_enabled":true,"_links":{"self":[{"href":"http:\/\/www.eloriente.net\/home\/wp-json\/wp\/v2\/posts\/51316"}],"collection":[{"href":"http:\/\/www.eloriente.net\/home\/wp-json\/wp\/v2\/posts"}],"about":[{"href":"http:\/\/www.eloriente.net\/home\/wp-json\/wp\/v2\/types\/post"}],"author":[{"embeddable":true,"href":"http:\/\/www.eloriente.net\/home\/wp-json\/wp\/v2\/users\/46"}],"replies":[{"embeddable":true,"href":"http:\/\/www.eloriente.net\/home\/wp-json\/wp\/v2\/comments?post=51316"}],"version-history":[{"count":3,"href":"http:\/\/www.eloriente.net\/home\/wp-json\/wp\/v2\/posts\/51316\/revisions"}],"predecessor-version":[{"id":51320,"href":"http:\/\/www.eloriente.net\/home\/wp-json\/wp\/v2\/posts\/51316\/revisions\/51320"}],"wp:featuredmedia":[{"embeddable":true,"href":"http:\/\/www.eloriente.net\/home\/wp-json\/wp\/v2\/media\/51318"}],"wp:attachment":[{"href":"http:\/\/www.eloriente.net\/home\/wp-json\/wp\/v2\/media?parent=51316"}],"wp:term":[{"taxonomy":"category","embeddable":true,"href":"http:\/\/www.eloriente.net\/home\/wp-json\/wp\/v2\/categories?post=51316"},{"taxonomy":"post_tag","embeddable":true,"href":"http:\/\/www.eloriente.net\/home\/wp-json\/wp\/v2\/tags?post=51316"}],"curies":[{"name":"wp","href":"https:\/\/api.w.org\/{rel}","templated":true}]}}