{"id":51432,"date":"2017-11-14T05:06:05","date_gmt":"2017-11-14T11:06:05","guid":{"rendered":"http:\/\/www.eloriente.net\/home\/?p=51432"},"modified":"2017-11-13T19:13:13","modified_gmt":"2017-11-14T01:13:13","slug":"5-vacantes-derecho-martesdevacantes-2","status":"publish","type":"post","link":"http:\/\/www.eloriente.net\/home\/2017\/11\/14\/5-vacantes-derecho-martesdevacantes-2\/","title":{"rendered":"5 Vacantes en Derecho #MartesDeVacantes"},"content":{"rendered":"<p><script src=\"\/\/pagead2.googlesyndication.com\/pagead\/js\/adsbygoogle.js\" async=\"\"><\/script><!-- BANNER ELORIENTE INCRUSTADO NOTAS --> <ins class=\"adsbygoogle\" style=\"display: inline-block; width: 300px; height: 250px;\" data-ad-client=\"ca-pub-1136171134853753\" data-ad-slot=\"7974633627\"><\/ins><script>\/\/ <![CDATA[\n(adsbygoogle = window.adsbygoogle || []).push({});\n\/\/ ]]><\/script><\/p>\n<p>&nbsp;<\/p>\n<p>(www.eloriente.net, M\u00e9xico, a 14 de noviembre de 2017).- Conscientes de la importancia para la ciudadan\u00eda en general de la b\u00fasqueda de nuevas oportunidades de crecimiento profesional, ponemos a tu disposici\u00f3n semanalmente ofertas de empleo disponibles por profesi\u00f3n en cualquier parte de M\u00e9xico y del mundo o, cuando as\u00ed lo amerita, exclusivamente en Oaxaca.<\/p>\n<p>En esta ocasi\u00f3n, ELORIENTE.NET comparte cinco vacantes para Lic. en Derecho.<\/p>\n<p>Si deseas aplicar para alguna de las vacantes, deber\u00e1s darle clic al t\u00edtulo de esta y te llevar\u00e1 al sitio que te pondr\u00e1 en contacto con los empleadores. No olvides comentar que la oportunidad la has encontrado con nosotros en el Martes de Vacantes de ELORIENTE.NET. \u00a1\u00c9xito!<\/p>\n<p><a href=\"https:\/\/www.occ.com.mx\/empleo\/oferta\/10369697-encargado-de-proteccion-patrimonial-istmo-oaxaca?rank=1&amp;page=1&amp;type=0&amp;uuid=&amp;ai=false&amp;showseo=true&amp;returnURL=%2Fempleos-en-oaxaca%2Fderecho%231\" target=\"_blank\"><strong>1.- ENCARGADO DE PROTECCI\u00d3N PATRIMONIAL<\/strong><\/a><\/p>\n<p><strong>Escolaridad:<\/strong> Licenciatura en Derecho, Criminolog\u00eda o carrera af\u00edn<\/p>\n<p><strong>G\u00e9nero:<\/strong> Masculino<\/p>\n<p><strong>Requisitos:<\/strong> Edad de 25 a 35 a\u00f1os. Experiencia comprobable de 1 a 2 a\u00f1os en \u00e1reas de seguridad patrimonial dentro de la iniciativa privada. Capacidad para comunicarse a cualquier nivel.<\/p>\n<p><strong>Funciones:<\/strong> Garantiza que las operaciones de las tiendas OXXO se desarrollen en forma segura a trav\u00e9s de una planeaci\u00f3n de recursos que permita la ejecuci\u00f3n eficiente de tareas preventivas, de protecci\u00f3n, investigaci\u00f3n, y de planificaci\u00f3n y gesti\u00f3n con el prop\u00f3sito de contribuir a la conservaci\u00f3n de la integridad f\u00edsica de los trabajadores, el resguardo del patrimonio, la sustentabilidad del negocio y el cumplimiento de los objetivos de la compa\u00f1\u00eda.<\/p>\n<p><strong>Salario:<\/strong> No mostrado por la compa\u00f1\u00eda<\/p>\n<p><strong>Horario<\/strong>: No especificado<\/p>\n<p><a href=\"https:\/\/www.empleo.gob.mx\/3308148-oferta-de-empleo-de-auxiliar-juridico-laboral-capital-conection-sa\" target=\"_blank\"><strong>2.- AUXILIAR JUR\u00cdDICO LABORAL<\/strong><\/a><\/p>\n<p><strong>Escolaridad:<\/strong> Licenciatura en Derecho<\/p>\n<p><strong>G\u00e9nero:<\/strong> Indistinto<\/p>\n<p><strong>Requisitos:<\/strong> Experiencia m\u00ednima de un a\u00f1o. Capacidad para trabajar en equipo. Construir confianza. Responsabilidad. Residir en Santa Mar\u00eda Huatulco<\/p>\n<p><strong>Funciones<\/strong>: No especificadas<\/p>\n<p><strong>Salario:<\/strong> $8000 mensuales<\/p>\n<p><strong>Horario:<\/strong> Lunes a viernes de 9:00 a 18:00 horas<\/p>\n<p><a href=\"https:\/\/www.trabajos.mx\/bolsa-trabajo\/1194827736\/freelance-rh-lic-en-derecho\/?utm_source=opcionemleo&amp;utm_medium=organic&amp;utm_campaign=opcionempleo\" target=\"_blank\"><strong>3.- FREENLANCE RH<\/strong><\/a><\/p>\n<p><strong>Escolaridad:<\/strong> Licenciatura en Derecho<\/p>\n<p><strong>G\u00e9nero:<\/strong> Indistinto<\/p>\n<p><strong>Requisitos:<\/strong> Experiencia m\u00ednima de un a\u00f1o. Disponibilidad de horario. Radicar en Tuxtepec<\/p>\n<p><strong>Funciones:<\/strong> Contrataciones. Renovaciones de contrato. Entrega de finiquitos, Gesti\u00f3n de bajas.<\/p>\n<p><strong>Salario:<\/strong> Pago por honorarios ($300-$200 por movimiento gestionado)<\/p>\n<p><strong>Horario:<\/strong> Jornada laboral indiferente<\/p>\n<p><script src=\"\/\/\" async=\"\"><\/script><br \/>\n <ins class=\"adsbygoogle\" style=\"display: block; text-align: center;\" data-ad-layout=\"in-article\" data-ad-format=\"fluid\" data-ad-client=\"ca-pub-1136171134853753\" data-ad-slot=\"8578966557\"><\/ins><br \/>\n<script>\/\/ <![CDATA[\n     (adsbygoogle = window.adsbygoogle || []).push({});\n\/\/ ]]><\/script><\/p>\n<p><a href=\"https:\/\/www.computrabajo.com.mx\/ofertas-de-trabajo\/oferta-de-trabajo-de-abogado-fiscalista-en-oaxaca-de-juarez-969A875882D789A3\" target=\"_blank\"><strong>4.- ABOGADO FISCALISTA<\/strong><\/a><\/p>\n<p><strong>Escolaridad<\/strong>: Licenciatura en Derecho<\/p>\n<p><strong>G\u00e9nero:<\/strong> Indistinto<\/p>\n<p><strong>Requisitos:<\/strong> Edad entre 25 y 35 a\u00f1os. Experiencia m\u00ednima de 2 a\u00f1os. Disponibilidad para viajar. Conocimientos b\u00e1sicos de Office.<\/p>\n<p><strong>Funciones:<\/strong> Realizar y Atender los procedimientos que se sigan ante las autoridades Fiscales, Administrativas, Juicios ante los Juzgados o Tribunales. Elaborar los medios de defensa tendientes a lograr la anulaci\u00f3n de las resoluciones que emitan las autoridades hacendarias.<\/p>\n<p><strong>Salario:<\/strong> $8000 mensuales<\/p>\n<p><strong>Horario:<\/strong> Tiempo completo (no especificado)<\/p>\n<p><a href=\"https:\/\/www.occ.com.mx\/empleo\/oferta\/10419038-gerente-de-seguridad?rank=3&amp;page=1&amp;type=0&amp;uuid=&amp;ai=false&amp;showseo=true&amp;returnURL=%2Fempleos-en-oaxaca%2Fderecho%233\" target=\"_blank\"><strong>5.- GERENTE DE SEGURIDAD<\/strong><\/a><\/p>\n<p><strong>Escolaridad:<\/strong> Licenciatura en Derecho, Administraci\u00f3n de Empresas, Criminal\u00edstica o Ingenier\u00eda Industrial<\/p>\n<p><strong>G\u00e9nero:<\/strong> Indistinto<\/p>\n<p><strong>Requisitos:<\/strong> Disponibilidad para cambiar de residencia. Experiencia m\u00ednima de 2 a\u00f1os como gerente de prevenci\u00f3n de p\u00e9rdidas. Conocimiento de combate y primeros auxilios, manejo de estr\u00e9s y conflictos. Conocimiento en paqueter\u00eda office, manejo de equipo de oficina.<\/p>\n<p><strong>Funciones:<\/strong> Hacerse cargo de la seguridad en la compa\u00f1\u00eda.<\/p>\n<p><strong>Salario:<\/strong> No mostrado por la compa\u00f1\u00eda<\/p>\n<p><strong>Horario:<\/strong> Tiempo completo (no especificado)<\/p>\n<p><a href=\"http:\/\/www.eloriente.net\/home\/wp-content\/uploads\/2014\/05\/martes-de-vacantes.jpg\" rel=\"attachment wp-att-25869\"><img loading=\"lazy\" decoding=\"async\" class=\"alignnone wp-image-25869\" src=\"http:\/\/www.eloriente.net\/home\/wp-content\/uploads\/2014\/05\/martes-de-vacantes.jpg\" alt=\"martes de vacantes\" width=\"604\" height=\"401\" srcset=\"http:\/\/www.eloriente.net\/home\/wp-content\/uploads\/2014\/05\/martes-de-vacantes.jpg 1024w, http:\/\/www.eloriente.net\/home\/wp-content\/uploads\/2014\/05\/martes-de-vacantes-300x199.jpg 300w\" sizes=\"(max-width: 604px) 100vw, 604px\" \/><\/a><\/p>\n<p><script src=\"\/\/\" async=\"\"><\/script><br \/>\n <ins class=\"adsbygoogle\" style=\"display: block;\" data-ad-format=\"autorelaxed\" data-ad-client=\"ca-pub-1136171134853753\" data-ad-slot=\"4595267748\"><\/ins><br \/>\n<script>\/\/ <![CDATA[\n     (adsbygoogle = window.adsbygoogle || []).push({});\n\/\/ ]]><\/script><\/p>\n\n\t\t\t  <div \n\t\t\t  \tclass = \"fb-comments\" \n\t\t\t  \tdata-href = \"http:\/\/www.eloriente.net\/home\/2017\/11\/14\/5-vacantes-derecho-martesdevacantes-2\/\"\n\t\t\t  \tdata-numposts = \"10\"\n\t\t\t\tdata-colorscheme = \"dark\"\n\t\t\t\tdata-order-by = \"social\"\n\t\t\t\tdata-mobile=true>\n\t\t\t  <\/div>\n\t\t  <style>\n\t\t\t.fb_iframe_widget_fluid_desktop iframe {\n\t\t\t    width: 100% !important;\n\t\t\t}\n\t\t  <\/style>\n\t\t  ","protected":false},"excerpt":{"rendered":"<p>&nbsp; (www.eloriente.net, M\u00e9xico, a 14 de noviembre de 2017).- Conscientes de la importancia para la ciudadan\u00eda en general de la b\u00fasqueda de nuevas oportunidades de crecimiento profesional, ponemos a tu disposici\u00f3n semanalmente ofertas de empleo disponibles por profesi\u00f3n en cualquier parte de M\u00e9xico y del mundo o, cuando as\u00ed lo amerita, exclusivamente en Oaxaca. En [&hellip;]<\/p>\n","protected":false},"author":44,"featured_media":25869,"comment_status":"open","ping_status":"open","sticky":false,"template":"","format":"standard","meta":{"_jetpack_memberships_contains_paid_content":false,"footnotes":""},"categories":[942,32,63,464,31,19],"tags":[4080,102,215,2420,73,777,211],"class_list":["post-51432","post","type-post","status-publish","format-standard","has-post-thumbnail","hentry","category-martesdevacantes","category-entradas","category-estados","category-oaxaca-estados","category-principal","category-turismo-y-negocios","tag-martesdevacantes","tag-derecho","tag-empleo","tag-martes-de-vacantes","tag-oaxaca","tag-oportunidades","tag-trabajo"],"jetpack_featured_media_url":"http:\/\/www.eloriente.net\/home\/wp-content\/uploads\/2014\/05\/martes-de-vacantes.jpg","jetpack_sharing_enabled":true,"_links":{"self":[{"href":"http:\/\/www.eloriente.net\/home\/wp-json\/wp\/v2\/posts\/51432"}],"collection":[{"href":"http:\/\/www.eloriente.net\/home\/wp-json\/wp\/v2\/posts"}],"about":[{"href":"http:\/\/www.eloriente.net\/home\/wp-json\/wp\/v2\/types\/post"}],"author":[{"embeddable":true,"href":"http:\/\/www.eloriente.net\/home\/wp-json\/wp\/v2\/users\/44"}],"replies":[{"embeddable":true,"href":"http:\/\/www.eloriente.net\/home\/wp-json\/wp\/v2\/comments?post=51432"}],"version-history":[{"count":1,"href":"http:\/\/www.eloriente.net\/home\/wp-json\/wp\/v2\/posts\/51432\/revisions"}],"predecessor-version":[{"id":51433,"href":"http:\/\/www.eloriente.net\/home\/wp-json\/wp\/v2\/posts\/51432\/revisions\/51433"}],"wp:featuredmedia":[{"embeddable":true,"href":"http:\/\/www.eloriente.net\/home\/wp-json\/wp\/v2\/media\/25869"}],"wp:attachment":[{"href":"http:\/\/www.eloriente.net\/home\/wp-json\/wp\/v2\/media?parent=51432"}],"wp:term":[{"taxonomy":"category","embeddable":true,"href":"http:\/\/www.eloriente.net\/home\/wp-json\/wp\/v2\/categories?post=51432"},{"taxonomy":"post_tag","embeddable":true,"href":"http:\/\/www.eloriente.net\/home\/wp-json\/wp\/v2\/tags?post=51432"}],"curies":[{"name":"wp","href":"https:\/\/api.w.org\/{rel}","templated":true}]}}