{"id":51526,"date":"2017-11-22T17:13:55","date_gmt":"2017-11-22T23:13:55","guid":{"rendered":"http:\/\/www.eloriente.net\/home\/?p=51526"},"modified":"2017-11-22T21:08:31","modified_gmt":"2017-11-23T03:08:31","slug":"26-noviembre-inicia-semana-las-culturas-la-sierra-juarez","status":"publish","type":"post","link":"http:\/\/www.eloriente.net\/home\/2017\/11\/22\/26-noviembre-inicia-semana-las-culturas-la-sierra-juarez\/","title":{"rendered":"26 de noviembre inicia Semana de las Culturas de la Sierra Ju\u00e1rez"},"content":{"rendered":"<p><script src=\"\/\/pagead2.googlesyndication.com\/pagead\/js\/adsbygoogle.js\" async=\"\"><\/script><!-- BANNER ELORIENTE INCRUSTADO NOTAS --> <ins class=\"adsbygoogle\" style=\"display: inline-block; width: 300px; height: 250px;\" data-ad-client=\"ca-pub-1136171134853753\" data-ad-slot=\"7974633627\"><\/ins><script>\/\/ <![CDATA[\n(adsbygoogle = window.adsbygoogle || []).push({});\n\/\/ ]]><\/script><\/p>\n<p>&nbsp;<\/p>\n<p>eloriente.net\/Agenda Guelatao<\/p>\n<p>22 de noviembre de 2017<\/p>\n<p><span style=\"font-weight: 400;\">Este 26 de noviembre inicia la d\u00e9cima <\/span><b>Semana de las Culturas de la Sierra Ju\u00e1rez<\/b><span style=\"font-weight: 400;\">, un evento organizado por la m\u00e1xima casa de estudios de la Sierra Norte, la <\/span><b>Universidad de la Sierra Ju\u00e1rez<\/b><span style=\"font-weight: 400;\"> (UNSIJ), \u00a0con la colaboraci\u00f3n de distintos grupos culturales, comunidades y personajes de la regi\u00f3n que viera nacer al Benem\u00e9rito de las Am\u00e9ricas. <\/span><\/p>\n<p>En un a\u00f1o donde el presupuesto destinado a actividades culturales se ha recortado en casi todos los \u00e1mbitos, sorprende que la UNSIJ, quien no dispone de un presupuesto espec\u00edfico para la realizaci\u00f3n de este evento, haga cada a\u00f1o mayor difusi\u00f3n e incremente el n\u00famero de actividades que se llevan a cabo dentro de dicho festival.<\/p>\n<p><span style=\"font-weight: 400;\">En esta edici\u00f3n participar\u00e1 de la <\/span><b>Banda de M\u00fasica del Centro de Integraci\u00f3n Social #8<\/b><span style=\"font-weight: 400;\"> de San Bartolom\u00e9 Zoogocho, quienes recientemente estuvieron presentes en el concierto \u201cEstamos Unidos Mexicanos\u201d y en el Gran Premio de M\u00e9xico de la Formula 1. Tambi\u00e9n se contar\u00e1 con la presencia de la <\/span><b>Byt Band, Blandas y Tlayudas<\/b><span style=\"font-weight: 400;\">: agrupaci\u00f3n alternativa oaxaque\u00f1a que se ha presentado en la Semana de las Juventudes en la Ciudad de M\u00e9xico, en el Reggae Fest Efecto Puerto Escondido, entre otros festivales importantes.<\/span><\/p>\n<p><script src=\"\/\/\" async=\"\"><\/script><br \/>\n <ins class=\"adsbygoogle\" style=\"display: block; text-align: center;\" data-ad-layout=\"in-article\" data-ad-format=\"fluid\" data-ad-client=\"ca-pub-1136171134853753\" data-ad-slot=\"8578966557\"><\/ins><br \/>\n<script>\/\/ <![CDATA[\n(adsbygoogle = window.adsbygoogle || []).push({});\n\/\/ ]]><\/script><\/p>\n<p><span style=\"font-weight: 400;\">Las actividades se desarrollar\u00e1n del domingo <\/span><b>26 de noviembre<\/b><span style=\"font-weight: 400;\"> al viernes <\/span><b>1\u00ba de diciembre<\/b><span style=\"font-weight: 400;\">, de 10:00 a 19:00 hrs. en las instalaciones de la Universidad de la Sierra Ju\u00e1rez, a la par habr\u00e1 una <\/span><b>expo venta de productos regionales<\/b><span style=\"font-weight: 400;\"> como barro rojo de Santa Mar\u00eda Tavehua, Huaraches de Villa Hidalgo Yal\u00e1lag, Moda \u00c9tnica de San Pedro Cajonos, Artesan\u00eda y Ropa de San Juan Juquila Vijanos.<\/span><\/p>\n<p><span style=\"font-weight: 400;\">Los alumnos de la UNSIJ dar\u00e1n muestra de su talento dentro de esta semana cultural con un concierto por parte de la rondalla de la universidad, una audici\u00f3n por parte de la banda de m\u00fasica universitaria, mientras que el grupo de teatro y danza \u201cPadiush Yugutule\u201d, a cargo de la M. en C. y estudiante de Bellas Artes Monserrat Gorgonio Ram\u00edrez, presentar\u00e1 el estreno de la obra \u201cHistoria del Rey Condoy\u201d. Cabe resaltar que \u201cPadiush Yugutule\u201d se ha presentado en diversas comunidades de la Sierra Ju\u00e1rez llevando su arte y folclor a las comunidades serranas, convirti\u00e9ndose en un impulsor de la cultura serrana. \u00a0<\/span><\/p>\n<p>Rafael Villag\u00f3mez, coordinador del evento, ha hecho extensiva la invitaci\u00f3n en nombre de la universidad a los habitantes de los pueblos cercanos, estudiantes, capitalinos y turistas, a que asistan y se involucren en los eventos que la UNSIJ ha preparado para todos.<\/p>\n<p><span style=\"font-weight: 400;\">Desde <\/span><b>Agenda Guelatao<\/b><span style=\"font-weight: 400;\"> aplaudimos y acompa\u00f1amos este esfuerzo, es por esa raz\u00f3n que la inauguraci\u00f3n se transmitir\u00e1 a trav\u00e9s de nuestro portal en Facebook el domingo pr\u00f3ximo a las 12:00 hrs.<\/span><\/p>\n<p><span style=\"font-weight: 400;\">Deseamos adem\u00e1s, \u00a0\u00e9xito en todas las actividades que se lleven a cabo en este importante evento cultural.<\/span><\/p>\n<figure id=\"attachment_51527\" aria-describedby=\"caption-attachment-51527\" style=\"width: 595px\" class=\"wp-caption alignnone\"><a href=\"http:\/\/www.eloriente.net\/home\/wp-content\/uploads\/2017\/11\/cartel-UNSIJ.jpg\" rel=\"attachment wp-att-51527\"><img loading=\"lazy\" decoding=\"async\" class=\" wp-image-51527\" src=\"http:\/\/www.eloriente.net\/home\/wp-content\/uploads\/2017\/11\/cartel-UNSIJ-685x1024.jpg\" alt=\"Cartel40x60-rebase2mm\" width=\"595\" height=\"889\" srcset=\"http:\/\/www.eloriente.net\/home\/wp-content\/uploads\/2017\/11\/cartel-UNSIJ-685x1024.jpg 685w, http:\/\/www.eloriente.net\/home\/wp-content\/uploads\/2017\/11\/cartel-UNSIJ-201x300.jpg 201w, http:\/\/www.eloriente.net\/home\/wp-content\/uploads\/2017\/11\/cartel-UNSIJ-768x1148.jpg 768w, http:\/\/www.eloriente.net\/home\/wp-content\/uploads\/2017\/11\/cartel-UNSIJ-1024x1531.jpg 1024w\" sizes=\"(max-width: 595px) 100vw, 595px\" \/><\/a><figcaption id=\"caption-attachment-51527\" class=\"wp-caption-text\">Cartel40x60-rebase2mm<\/figcaption><\/figure>\n<p><script src=\"\/\/\" async=\"\"><\/script><br \/>\n <ins class=\"adsbygoogle\" style=\"display: block;\" data-ad-format=\"autorelaxed\" data-ad-client=\"ca-pub-1136171134853753\" data-ad-slot=\"4595267748\"><\/ins><br \/>\n<script>\/\/ <![CDATA[\n(adsbygoogle = window.adsbygoogle || []).push({});\n\/\/ ]]><\/script><\/p>\n\n\t\t\t  <div \n\t\t\t  \tclass = \"fb-comments\" \n\t\t\t  \tdata-href = \"http:\/\/www.eloriente.net\/home\/2017\/11\/22\/26-noviembre-inicia-semana-las-culturas-la-sierra-juarez\/\"\n\t\t\t  \tdata-numposts = \"10\"\n\t\t\t\tdata-colorscheme = \"dark\"\n\t\t\t\tdata-order-by = \"social\"\n\t\t\t\tdata-mobile=true>\n\t\t\t  <\/div>\n\t\t  <style>\n\t\t\t.fb_iframe_widget_fluid_desktop iframe {\n\t\t\t    width: 100% !important;\n\t\t\t}\n\t\t  <\/style>\n\t\t  ","protected":false},"excerpt":{"rendered":"<p>&nbsp; eloriente.net\/Agenda Guelatao 22 de noviembre de 2017 Este 26 de noviembre inicia la d\u00e9cima Semana de las Culturas de la Sierra Ju\u00e1rez, un evento organizado por la m\u00e1xima casa de estudios de la Sierra Norte, la Universidad de la Sierra Ju\u00e1rez (UNSIJ), \u00a0con la colaboraci\u00f3n de distintos grupos culturales, comunidades y personajes de la [&hellip;]<\/p>\n","protected":false},"author":44,"featured_media":51527,"comment_status":"open","ping_status":"open","sticky":false,"template":"","format":"standard","meta":{"_jetpack_memberships_contains_paid_content":false,"footnotes":""},"categories":[8,4300,1588,18,32,63,23,83,464],"tags":[8744,4077,73,8742,2285],"class_list":["post-51526","post","type-post","status-publish","format-standard","has-post-thumbnail","hentry","category-agenda","category-comunicacion","category-comunicados-y-boletines","category-educacion-y-cultura","category-entradas","category-estados","category-municipios","category-musica-de-oaxaca","category-oaxaca-estados","tag-banda-zoogocho","tag-musica-de-oaxaca","tag-oaxaca","tag-semana-de-las-culturas-de-la-sierra-juarez","tag-sierra-juarez"],"jetpack_featured_media_url":"http:\/\/www.eloriente.net\/home\/wp-content\/uploads\/2017\/11\/cartel-UNSIJ.jpg","jetpack_sharing_enabled":true,"_links":{"self":[{"href":"http:\/\/www.eloriente.net\/home\/wp-json\/wp\/v2\/posts\/51526"}],"collection":[{"href":"http:\/\/www.eloriente.net\/home\/wp-json\/wp\/v2\/posts"}],"about":[{"href":"http:\/\/www.eloriente.net\/home\/wp-json\/wp\/v2\/types\/post"}],"author":[{"embeddable":true,"href":"http:\/\/www.eloriente.net\/home\/wp-json\/wp\/v2\/users\/44"}],"replies":[{"embeddable":true,"href":"http:\/\/www.eloriente.net\/home\/wp-json\/wp\/v2\/comments?post=51526"}],"version-history":[{"count":2,"href":"http:\/\/www.eloriente.net\/home\/wp-json\/wp\/v2\/posts\/51526\/revisions"}],"predecessor-version":[{"id":51533,"href":"http:\/\/www.eloriente.net\/home\/wp-json\/wp\/v2\/posts\/51526\/revisions\/51533"}],"wp:featuredmedia":[{"embeddable":true,"href":"http:\/\/www.eloriente.net\/home\/wp-json\/wp\/v2\/media\/51527"}],"wp:attachment":[{"href":"http:\/\/www.eloriente.net\/home\/wp-json\/wp\/v2\/media?parent=51526"}],"wp:term":[{"taxonomy":"category","embeddable":true,"href":"http:\/\/www.eloriente.net\/home\/wp-json\/wp\/v2\/categories?post=51526"},{"taxonomy":"post_tag","embeddable":true,"href":"http:\/\/www.eloriente.net\/home\/wp-json\/wp\/v2\/tags?post=51526"}],"curies":[{"name":"wp","href":"https:\/\/api.w.org\/{rel}","templated":true}]}}