{"id":51664,"date":"2017-12-04T12:24:09","date_gmt":"2017-12-04T18:24:09","guid":{"rendered":"http:\/\/www.eloriente.net\/home\/?p=51664"},"modified":"2017-12-04T13:10:35","modified_gmt":"2017-12-04T19:10:35","slug":"videocolumna-ciernes-consejo-participacion-ciudadana-alejandro-cruz-pimentel","status":"publish","type":"post","link":"http:\/\/www.eloriente.net\/home\/2017\/12\/04\/videocolumna-ciernes-consejo-participacion-ciudadana-alejandro-cruz-pimentel\/","title":{"rendered":"VIDEOCOLUMNA: En ciernes el Consejo de Participaci\u00f3n Ciudadana. Por Alejandro Cruz Pimentel"},"content":{"rendered":"<p><script src=\"\/\/pagead2.googlesyndication.com\/pagead\/js\/adsbygoogle.js\" async=\"\"><\/script><!-- BANNER ELORIENTE INCRUSTADO NOTAS --> <ins class=\"adsbygoogle\" style=\"display: inline-block; width: 300px; height: 250px;\" data-ad-client=\"ca-pub-1136171134853753\" data-ad-slot=\"7974633627\"><\/ins><script>\/\/ <![CDATA[\n(adsbygoogle = window.adsbygoogle || []).push({});\n\/\/ ]]><\/script><\/p>\n<p>&nbsp;<\/p>\n<p>eloriente.net<\/p>\n<p>4 de diciembre de 2017<\/p>\n<p>\u00abEn cuesti\u00f3n de plazos para la implementaci\u00f3n del Sistema Estatal Anticorrupci\u00f3n, vamos retrasados, por no decir que no es una prioridad. El 20 de mayo del presente a\u00f1o, se public\u00f3 mediante el Decreto 602, La Ley del Sistema Estatal de Combate a la Corrupci\u00f3n, en dos transitorios hab\u00eda fecha perentoria.<\/p>\n<p>En el segundo, que a m\u00e1s tardar el 17 de julio de 2017, el Congreso del Estado y los entes p\u00fablicos deber\u00edan expedir reformas, leyes y reglamentos, y realizar las adecuacione<span class=\"text_exposed_show\">s normativas correspondientes. En el tercero, que a m\u00e1s tardar el 30 de julio de 2017, el Congreso deber\u00e1 designar a los integrantes de la Comisi\u00f3n de Selecci\u00f3n. Ninguna fecha se cumpli\u00f3.\u00bb<\/span><\/p>\n<p>Esta semana\u00a0<a class=\"profileLink\" href=\"https:\/\/www.facebook.com\/acruzpi68?fref=mentions\" data-hovercard=\"\/ajax\/hovercard\/user.php?id=100001021602250&amp;extragetparams=%7B%22fref%22%3A%22mentions%22%7D\" data-hovercard-prefer-more-content-show=\"1\">Alejandro S Cruz Pimentel<\/a>\u00a0nos habla sobre el preocupante caso en el retraso para la implementaci\u00f3n del Sistema Estatal Anticorrupci\u00f3n y como esto puede afectar en la entrega de algunos recursos destinados a zonas afectadas por desastres naturales.<\/p>\n<p><iframe loading=\"lazy\" style=\"border: none; overflow: hidden;\" src=\"https:\/\/www.facebook.com\/plugins\/video.php?href=https%3A%2F%2Fwww.facebook.com%2F443535572345554%2Fvideos%2F1761882840510814%2F&amp;show_text=0&amp;width=560\" width=\"560\" height=\"315\" frameborder=\"0\" scrolling=\"no\" allowfullscreen=\"allowfullscreen\"><\/iframe><\/p>\n<p><script src=\"\/\/\" async=\"\"><\/script><br \/>\n <ins class=\"adsbygoogle\" style=\"display: block; text-align: center;\" data-ad-layout=\"in-article\" data-ad-format=\"fluid\" data-ad-client=\"ca-pub-1136171134853753\" data-ad-slot=\"8578966557\"><\/ins><br \/>\n<script>\/\/ <![CDATA[\n(adsbygoogle = window.adsbygoogle || []).push({});\n\/\/ ]]><\/script><\/p>\n<p>Alejandro Cruz Pimentel es egresado del Instituto Tecnol\u00f3gico de Oaxaca. Cuenta con el grado de Licenciatura de Ingeniero Industrial y Maestr\u00eda en Planificaci\u00f3n de Empresas y Desarrollo Regional.<\/p>\n<p>Ha laborado durante dos d\u00e9cadas en la administraci\u00f3n p\u00fablica.<\/p>\n<p>Cuenta con distintos Diplomados en Gobierno Abierto y Participativo; en Pol\u00edticas P\u00fablicas y Evaluaci\u00f3n; Administraci\u00f3n Municipal. Adem\u00e1s ha asistido a Seminarios Internacionales de Transparencia, Acceso a la Informaci\u00f3n y Combate a la corrupci\u00f3n. \u00a0Es consultor en obra p\u00fablica y adquisiciones gubernamentales.\u00a0Colaborador en varios medios de opini\u00f3n.\u00a0Profesor en la Maestr\u00eda de Gobierno y Pol\u00edticas P\u00fablicas en la Universidad Vasconcelos (UNIVAS).<\/p>\n<p><a href=\"http:\/\/www.eloriente.net\/home\/wp-content\/uploads\/2017\/12\/ALEJANDRO-CRUZ-2-DE-DICIEMBRE-2017.jpg\" rel=\"attachment wp-att-51666\"><img loading=\"lazy\" decoding=\"async\" class=\"alignnone wp-image-51666\" src=\"http:\/\/www.eloriente.net\/home\/wp-content\/uploads\/2017\/12\/ALEJANDRO-CRUZ-2-DE-DICIEMBRE-2017-1024x576.jpg\" alt=\"ALEJANDRO CRUZ 2 DE DICIEMBRE 2017\" width=\"597\" height=\"336\" srcset=\"http:\/\/www.eloriente.net\/home\/wp-content\/uploads\/2017\/12\/ALEJANDRO-CRUZ-2-DE-DICIEMBRE-2017-1024x576.jpg 1024w, http:\/\/www.eloriente.net\/home\/wp-content\/uploads\/2017\/12\/ALEJANDRO-CRUZ-2-DE-DICIEMBRE-2017-300x169.jpg 300w, http:\/\/www.eloriente.net\/home\/wp-content\/uploads\/2017\/12\/ALEJANDRO-CRUZ-2-DE-DICIEMBRE-2017-768x432.jpg 768w, http:\/\/www.eloriente.net\/home\/wp-content\/uploads\/2017\/12\/ALEJANDRO-CRUZ-2-DE-DICIEMBRE-2017.jpg 1920w\" sizes=\"(max-width: 597px) 100vw, 597px\" \/><\/a><\/p>\n<p><script src=\"\/\/\" async=\"\"><\/script><br \/>\n <ins class=\"adsbygoogle\" style=\"display: block;\" data-ad-format=\"autorelaxed\" data-ad-client=\"ca-pub-1136171134853753\" data-ad-slot=\"4595267748\"><\/ins><br \/>\n<script>\/\/ <![CDATA[\n(adsbygoogle = window.adsbygoogle || []).push({});\n\/\/ ]]><\/script><\/p>\n<p>&nbsp;<\/p>\n\n\t\t\t  <div \n\t\t\t  \tclass = \"fb-comments\" \n\t\t\t  \tdata-href = \"http:\/\/www.eloriente.net\/home\/2017\/12\/04\/videocolumna-ciernes-consejo-participacion-ciudadana-alejandro-cruz-pimentel\/\"\n\t\t\t  \tdata-numposts = \"10\"\n\t\t\t\tdata-colorscheme = \"dark\"\n\t\t\t\tdata-order-by = \"social\"\n\t\t\t\tdata-mobile=true>\n\t\t\t  <\/div>\n\t\t  <style>\n\t\t\t.fb_iframe_widget_fluid_desktop iframe {\n\t\t\t    width: 100% !important;\n\t\t\t}\n\t\t  <\/style>\n\t\t  ","protected":false},"excerpt":{"rendered":"<p>&nbsp; eloriente.net 4 de diciembre de 2017 \u00abEn cuesti\u00f3n de plazos para la implementaci\u00f3n del Sistema Estatal Anticorrupci\u00f3n, vamos retrasados, por no decir que no es una prioridad. El 20 de mayo del presente a\u00f1o, se public\u00f3 mediante el Decreto 602, La Ley del Sistema Estatal de Combate a la Corrupci\u00f3n, en dos transitorios hab\u00eda [&hellip;]<\/p>\n","protected":false},"author":36,"featured_media":51666,"comment_status":"open","ping_status":"open","sticky":false,"template":"","format":"standard","meta":{"_jetpack_memberships_contains_paid_content":false,"footnotes":""},"categories":[2829,6243,11,91,32,63,464,21,98],"tags":[4190,477,197,8763,6224],"class_list":["post-51664","post","type-post","status-publish","format-standard","has-post-thumbnail","hentry","category-alejandro-cruz-pimentel","category-alejandro-cruz-pimentel-videoblogs","category-colaboradores","category-congreso-y-justicia","category-entradas","category-estados","category-oaxaca-estados","category-politica-y-gobierno","category-videoblogs","tag-alejandro-cruz-pimentel","tag-el-oriente","tag-opinion","tag-sistema-estatal-anticorrupcion","tag-videocolumna"],"jetpack_featured_media_url":"http:\/\/www.eloriente.net\/home\/wp-content\/uploads\/2017\/12\/ALEJANDRO-CRUZ-2-DE-DICIEMBRE-2017.jpg","jetpack_sharing_enabled":true,"_links":{"self":[{"href":"http:\/\/www.eloriente.net\/home\/wp-json\/wp\/v2\/posts\/51664"}],"collection":[{"href":"http:\/\/www.eloriente.net\/home\/wp-json\/wp\/v2\/posts"}],"about":[{"href":"http:\/\/www.eloriente.net\/home\/wp-json\/wp\/v2\/types\/post"}],"author":[{"embeddable":true,"href":"http:\/\/www.eloriente.net\/home\/wp-json\/wp\/v2\/users\/36"}],"replies":[{"embeddable":true,"href":"http:\/\/www.eloriente.net\/home\/wp-json\/wp\/v2\/comments?post=51664"}],"version-history":[{"count":2,"href":"http:\/\/www.eloriente.net\/home\/wp-json\/wp\/v2\/posts\/51664\/revisions"}],"predecessor-version":[{"id":51667,"href":"http:\/\/www.eloriente.net\/home\/wp-json\/wp\/v2\/posts\/51664\/revisions\/51667"}],"wp:featuredmedia":[{"embeddable":true,"href":"http:\/\/www.eloriente.net\/home\/wp-json\/wp\/v2\/media\/51666"}],"wp:attachment":[{"href":"http:\/\/www.eloriente.net\/home\/wp-json\/wp\/v2\/media?parent=51664"}],"wp:term":[{"taxonomy":"category","embeddable":true,"href":"http:\/\/www.eloriente.net\/home\/wp-json\/wp\/v2\/categories?post=51664"},{"taxonomy":"post_tag","embeddable":true,"href":"http:\/\/www.eloriente.net\/home\/wp-json\/wp\/v2\/tags?post=51664"}],"curies":[{"name":"wp","href":"https:\/\/api.w.org\/{rel}","templated":true}]}}