{"id":51674,"date":"2017-12-04T14:22:06","date_gmt":"2017-12-04T20:22:06","guid":{"rendered":"http:\/\/www.eloriente.net\/home\/?p=51674"},"modified":"2017-12-04T17:29:15","modified_gmt":"2017-12-04T23:29:15","slug":"julia-carabias-primer-ambientalista-recibir-la-medalla-belisario-dominguez-jarumy-mendez","status":"publish","type":"post","link":"http:\/\/www.eloriente.net\/home\/2017\/12\/04\/julia-carabias-primer-ambientalista-recibir-la-medalla-belisario-dominguez-jarumy-mendez\/","title":{"rendered":"Julia Carabias. Primera ambientalista en recibir medalla Belisario Dom\u00ednguez. Por Jarumy M\u00e9ndez"},"content":{"rendered":"<p><script src=\"\/\/pagead2.googlesyndication.com\/pagead\/js\/adsbygoogle.js\" async=\"\"><\/script><!-- BANNER ELORIENTE INCRUSTADO NOTAS --> <ins class=\"adsbygoogle\" style=\"display: inline-block; width: 300px; height: 250px;\" data-ad-client=\"ca-pub-1136171134853753\" data-ad-slot=\"7974633627\"><\/ins><script>\/\/ <![CDATA[\n(adsbygoogle = window.adsbygoogle || []).push({});\n\/\/ ]]><\/script><\/p>\n<p style=\"text-align: right;\">(Julia Carabias)<\/p>\n<p>eloriente.net<\/p>\n<p>4 de diciembre de 2017<\/p>\n<p>Por Jarumy M\u00e9ndez<\/p>\n<p><span style=\"font-weight: 400;\">El pr\u00f3ximo martes el Pleno del Senado sesionar\u00e1 para aprobar la designaci\u00f3n de la Bi\u00f3loga Julia Carabias Lillo como galardonada con el m\u00e1ximo reconocimiento que otorga el Estado Mexicano: La medalla Belisario Dom\u00ednguez. <\/span><\/p>\n<p><span style=\"font-weight: 400;\">La presea, creada como un homenaje a quien fuera el principal opositor de Victoriano Huerta, recordado por sus celebres discursos en el senado defendiendo la libertad de expresi\u00f3n y quien finalmente fuera silenciado al privarle de la vida, ser\u00e1 otorgada por primera vez a una ambientalista. En la conferencia de prensa que ofreci\u00f3 la Comisi\u00f3n de la Medalla Belisario Dom\u00ednguez, el Senador Zo\u00e9 Robledo record\u00f3 a este hist\u00f3rico personaje como un hombre valiente, cuya valent\u00eda le convirti\u00f3 en alguien inc\u00f3modo para los intereses de su tiempo, y que fue precisamente la valent\u00eda que ha mostrado la Dra. Julia Carabias en la defensa de los recursos naturales de la naci\u00f3n, lo que la comisi\u00f3n observ\u00f3 para ser merecedora de este reconocimiento.<\/span><\/p>\n<p><span style=\"font-weight: 400;\">De un total de 49 propuestas recibidas, entre las que destacaron la escritora Elena Poniatowska, el empresario Carlos Slim\u00a0Hel\u00fa, la astr\u00f3noma Julieta Fierro; el Ej\u00e9rcito, la Marina y la Cruz Roja Mexicana; el poeta Carlos Pellicer, la acad\u00e9mica Ifigenia Mart\u00ednez y la escritora y diplom\u00e1tica Rosario Castellanos, la Comisi\u00f3n eligi\u00f3 a la Dra. Julia Carabias.<\/span><\/p>\n<p><span style=\"font-weight: 400;\">Este a\u00f1o se recibieron 19 propuestas de candidatas mujeres a recibir el premio, desde 1997 no se eleg\u00eda nuevamente a una mujer para tal distinci\u00f3n. E<\/span><span style=\"font-weight: 400;\">n su historia ha premiado a seis mujeres: la profesora Rosaura Zapata, que fue la primera en recibir la medalla en 1954; la actriz Mar\u00eda Teresa Montoya; las periodistas Mar\u00eda Hern\u00e1ndez Zarco y Mar\u00eda C\u00e1mara Vales; la pol\u00edtica Mar\u00eda Lavalle Urbina y la primera mujer Gobernadora de Sonora, Griselda \u00c1lvarez Ponce de Le\u00f3n.<\/span><\/p>\n<p><script src=\"\/\/\" async=\"\"><\/script><br \/>\n <ins class=\"adsbygoogle\" style=\"display: block; text-align: center;\" data-ad-layout=\"in-article\" data-ad-format=\"fluid\" data-ad-client=\"ca-pub-1136171134853753\" data-ad-slot=\"8578966557\"><\/ins><br \/>\n<script>\/\/ <![CDATA[\n(adsbygoogle = window.adsbygoogle || []).push({});\n\/\/ ]]><\/script><\/p>\n<p><span style=\"font-weight: 400;\">A todas ellas esperamos que se sume la acad\u00e9mica, ambientalista, cient\u00edfica y activista Julia Carabias, quien ha dedicado su vida y trayectoria a se\u00f1alar la importancia de la sustentabilidad \u00a0y en divulgar el conocimiento ambiental desde la Facultad de Ciencias de la UNAM, <\/span><span style=\"font-weight: 400;\">\u00a0as\u00ed como en otras instituciones acad\u00e9micas, en materia de ecolog\u00eda, manejo de recursos naturales, restauraci\u00f3n ambiental, conservaci\u00f3n de ecosistemas y pol\u00edticas p\u00fablicas.<\/span><span style=\"font-weight: 400;\"><br \/>\n<\/span><span style=\"font-weight: 400;\">Sus investigaciones se han publicado en m\u00e1s de una centena de textos entre libros, cap\u00edtulos de libros y art\u00edculos. As\u00ed como participado en innumerables foros nacionales e internacionales.<\/span><\/p>\n<p><span style=\"font-weight: 400;\">Destaca tambi\u00e9n, el haber fungido como <\/span><span style=\"font-weight: 400;\">Secretaria de Medio Ambiente, Recursos Naturales y Pesca en 1994 y haber sido<\/span><span style=\"font-weight: 400;\"> miembro de la Comisi\u00f3n sobre los Pa\u00edses en Desarrollo y el Cambio Global y presidente del Panel T\u00e9cnico Cient\u00edfico del Fondo Mundial Ambiental (GEF).\u00a0<\/span><\/p>\n<p><span style=\"font-weight: 400;\">La medalla, adem\u00e1s de ser un reconocimiento a su amplia trayectoria profesional y cient\u00edfica es el reconocimiento a una mujer valiente, que al igual que Belisario Dom\u00ednguez ha enfrentado a poderes e intereses pol\u00edticos y econ\u00f3micos que han puesto en peligro M\u00e9xico y su equilibrio ecol\u00f3gico. Su activismo le ha valido incluso que en 2015 fuera secuestrada intentando silenciarla y apartarla de la defensa de nuestra riqueza natural. <\/span><\/p>\n<p><span style=\"font-weight: 400;\">La Reserva de la Biosfera de Montes Azules, uno de pulmones mas importantes de Mesoam\u00e9rica, ha sido testigo de su activismo. Seg\u00fan uno de sus escritos, <\/span><span style=\"font-weight: 400;\">la Reserva de la Biosfera Montes Azules conserva la mitad de las selvas tropicales h\u00famedas que restan en M\u00e9xico, de las 12 millones de hect\u00e1reas originales hoy solo existe menos de un mill\u00f3n ubicadas en la Selva Lacandona y en los Chimalapas. Ah\u00ed se encuentran las \u00faltimas poblaciones sanas de especies en peligro de extinci\u00f3n, como el tapir, el jaguar, el jabal\u00ed de labios blancos y la guacamaya roja. La importancia de Montes Azules como \u00c1rea Natural Protegida radica en que contribuye a la regulaci\u00f3n del ciclo hidrol\u00f3gico, controlan inundaciones, generan agua dulce, producen suelos ricos en nutrientes, capturan carbono, mitigan el cambio clim\u00e1tico, entre muchas otras funciones.<\/span><\/p>\n<p><span style=\"font-weight: 400;\">As\u00ed, la doctora ha sentenciando textualmente : \u201c<\/span><span style=\"font-weight: 400;\">El conflicto en la Selva Lacandona es porque la ley no se respeta. Quienes persiguen intereses personales en contra del inter\u00e9s p\u00fablico alientan las invasiones, para luego exigir la regularizaci\u00f3n y por tanto la expropiaci\u00f3n\u201d.<\/span><\/p>\n<p><span style=\"font-weight: 400;\">De ah\u00ed que el designar a Julia Carabias como galardonada 2017 con la presea Belisario Dom\u00ednguez tenga un valor significativo en nuestro tiempo: primero por por tratarse del reconocimiento a una mujer, pues a pesar de existir una vasta cantidad de mujeres mexicanas que han aportado sus talentos a la naci\u00f3n, han sido muy pocas las reconocidas y visibilizadas por el Estado Mexicano a trav\u00e9s de esta medalla; segundo, porque su lucha ambiental cobra mayor relevancia ante un a\u00f1o dif\u00edcil en relaci\u00f3n con la naturaleza, un a\u00f1o en que los mexicanos hemos sufrido los golpes de la profundidad de la tierra o de la atm\u00f3sfera, y cuyos costos humanos y materiales son cuantiosos, record\u00e1ndonos que son consecuencia de contribuir al deterioro ambiental y rompimiento ecol\u00f3gico de nuestros entornos. Y finalmente, por su lucha constante, su activismo persistente es s\u00edmbolo un estilo de vida consagrado a las causas \u00e9ticas y c\u00edvicas, una forma ya antes sentenciada por Belisario Dom\u00ednguez \u201cS\u00ed cada uno de los mexicanos hiciera lo que les corresponde, la Patria estar\u00eda salvada\u201d<\/span><\/p>\n<h2>Julia Carabias<\/h2>\n<p><a href=\"http:\/\/www.eloriente.net\/home\/wp-content\/uploads\/2017\/12\/JULIA-CARABIAS.jpeg\" rel=\"attachment wp-att-51675\"><img loading=\"lazy\" decoding=\"async\" class=\"alignnone wp-image-51675\" src=\"http:\/\/www.eloriente.net\/home\/wp-content\/uploads\/2017\/12\/JULIA-CARABIAS-1024x576.jpeg\" alt=\"JULIA CARABIAS\" width=\"601\" height=\"338\" srcset=\"http:\/\/www.eloriente.net\/home\/wp-content\/uploads\/2017\/12\/JULIA-CARABIAS-1024x576.jpeg 1024w, http:\/\/www.eloriente.net\/home\/wp-content\/uploads\/2017\/12\/JULIA-CARABIAS-300x169.jpeg 300w, http:\/\/www.eloriente.net\/home\/wp-content\/uploads\/2017\/12\/JULIA-CARABIAS-768x432.jpeg 768w, http:\/\/www.eloriente.net\/home\/wp-content\/uploads\/2017\/12\/JULIA-CARABIAS.jpeg 2000w\" sizes=\"(max-width: 601px) 100vw, 601px\" \/><\/a><\/p>\n<p><script src=\"\/\/\" async=\"\"><\/script><br \/>\n <ins class=\"adsbygoogle\" style=\"display: block;\" data-ad-format=\"autorelaxed\" data-ad-client=\"ca-pub-1136171134853753\" data-ad-slot=\"4595267748\"><\/ins><br \/>\n<script>\/\/ <![CDATA[\n(adsbygoogle = window.adsbygoogle || []).push({});\n\/\/ ]]><\/script><\/p>\n\n\t\t\t  <div \n\t\t\t  \tclass = \"fb-comments\" \n\t\t\t  \tdata-href = \"http:\/\/www.eloriente.net\/home\/2017\/12\/04\/julia-carabias-primer-ambientalista-recibir-la-medalla-belisario-dominguez-jarumy-mendez\/\"\n\t\t\t  \tdata-numposts = \"10\"\n\t\t\t\tdata-colorscheme = \"dark\"\n\t\t\t\tdata-order-by = \"social\"\n\t\t\t\tdata-mobile=true>\n\t\t\t  <\/div>\n\t\t  <style>\n\t\t\t.fb_iframe_widget_fluid_desktop iframe {\n\t\t\t    width: 100% !important;\n\t\t\t}\n\t\t  <\/style>\n\t\t  ","protected":false},"excerpt":{"rendered":"<p>(Julia Carabias) eloriente.net 4 de diciembre de 2017 Por Jarumy M\u00e9ndez El pr\u00f3ximo martes el Pleno del Senado sesionar\u00e1 para aprobar la designaci\u00f3n de la Bi\u00f3loga Julia Carabias Lillo como galardonada con el m\u00e1ximo reconocimiento que otorga el Estado Mexicano: La medalla Belisario Dom\u00ednguez. La presea, creada como un homenaje a quien fuera el principal [&hellip;]<\/p>\n","protected":false},"author":46,"featured_media":51675,"comment_status":"open","ping_status":"open","sticky":false,"template":"","format":"standard","meta":{"_jetpack_memberships_contains_paid_content":false,"footnotes":""},"categories":[11,32,8473,10,20],"tags":[879,1260,8557,8800,8799,956,197],"class_list":["post-51674","post","type-post","status-publish","format-standard","has-post-thumbnail","hentry","category-colaboradores","category-entradas","category-jarumy-esmeralda-mendez-reyes","category-lo-mas-reciente","category-medio-ambiente","tag-columna","tag-conservacion","tag-jarumy-mendez","tag-julia-carabias","tag-medalla-belisario-dominguez","tag-medio-ambiente-2","tag-opinion"],"jetpack_featured_media_url":"http:\/\/www.eloriente.net\/home\/wp-content\/uploads\/2017\/12\/JULIA-CARABIAS.jpeg","jetpack_sharing_enabled":true,"_links":{"self":[{"href":"http:\/\/www.eloriente.net\/home\/wp-json\/wp\/v2\/posts\/51674"}],"collection":[{"href":"http:\/\/www.eloriente.net\/home\/wp-json\/wp\/v2\/posts"}],"about":[{"href":"http:\/\/www.eloriente.net\/home\/wp-json\/wp\/v2\/types\/post"}],"author":[{"embeddable":true,"href":"http:\/\/www.eloriente.net\/home\/wp-json\/wp\/v2\/users\/46"}],"replies":[{"embeddable":true,"href":"http:\/\/www.eloriente.net\/home\/wp-json\/wp\/v2\/comments?post=51674"}],"version-history":[{"count":2,"href":"http:\/\/www.eloriente.net\/home\/wp-json\/wp\/v2\/posts\/51674\/revisions"}],"predecessor-version":[{"id":51681,"href":"http:\/\/www.eloriente.net\/home\/wp-json\/wp\/v2\/posts\/51674\/revisions\/51681"}],"wp:featuredmedia":[{"embeddable":true,"href":"http:\/\/www.eloriente.net\/home\/wp-json\/wp\/v2\/media\/51675"}],"wp:attachment":[{"href":"http:\/\/www.eloriente.net\/home\/wp-json\/wp\/v2\/media?parent=51674"}],"wp:term":[{"taxonomy":"category","embeddable":true,"href":"http:\/\/www.eloriente.net\/home\/wp-json\/wp\/v2\/categories?post=51674"},{"taxonomy":"post_tag","embeddable":true,"href":"http:\/\/www.eloriente.net\/home\/wp-json\/wp\/v2\/tags?post=51674"}],"curies":[{"name":"wp","href":"https:\/\/api.w.org\/{rel}","templated":true}]}}