{"id":51855,"date":"2017-12-18T07:41:47","date_gmt":"2017-12-18T13:41:47","guid":{"rendered":"http:\/\/www.eloriente.net\/home\/?p=51855"},"modified":"2017-12-18T10:57:39","modified_gmt":"2017-12-18T16:57:39","slug":"lo-sucedio-oaxaca-2017","status":"publish","type":"post","link":"http:\/\/www.eloriente.net\/home\/2017\/12\/18\/lo-sucedio-oaxaca-2017\/","title":{"rendered":"Una revisi\u00f3n a lo que sucedi\u00f3 en Oaxaca durante 2017, por Valery L\u00f3pez"},"content":{"rendered":"<p><script src=\"\/\/pagead2.googlesyndication.com\/pagead\/js\/adsbygoogle.js\" async=\"\"><\/script><!-- BANNER ELORIENTE INCRUSTADO NOTAS --> <ins class=\"adsbygoogle\" style=\"display: inline-block; width: 300px; height: 250px;\" data-ad-client=\"ca-pub-1136171134853753\" data-ad-slot=\"7974633627\"><\/ins><script>\/\/ <![CDATA[\n(adsbygoogle = window.adsbygoogle || []).push({});\n\/\/ ]]><\/script><\/p>\n<p>&nbsp;<\/p>\n<p>18 de diciembre de 2017<\/p>\n<p>Por: Valery L\u00f3pez<\/p>\n<p>En escasos 20 d\u00edas estaremos despidiendo el 2017. un a\u00f1o en el que sucedieron muchas cosas en Oaxaca. El primero de una nueva administraci\u00f3n gubernamental, y un a\u00f1o de retos para los oaxaque\u00f1os.<\/p>\n<p>Aqu\u00ed en El Oriente le daremos un repaso a algunos de los sucesos que marcaron a Oaxaca durante este 2017; como es natural, algunos quedar\u00e1n fuera de este recuento, por ello te invitamos a que nos compartas cu\u00e1l fue para ti el suceso m\u00e1s trascendente para el estado en este a\u00f1o que llega a su ocaso.<\/p>\n<p>El a\u00f1o iniciaba tormentoso con protestas derivadas de dos temas pol\u00e9micos: la <a href=\"http:\/\/www.eluniversal.com.mx\/articulo\/estados\/2017\/01\/22\/marchan-en-oaxaca-contra-reformas-estructurales-y-el-gasolinazo\" target=\"_blank\"><strong>reforma educativa y el aumento en el precio de la gasolina<\/strong><\/a>. \u00c9sta \u00faltima en particular provoc\u00f3 hechos vand\u00e1licos en diversas entidades, sin embargo en Oaxaca las protestas no escalaron a tal magnitud.<\/p>\n<p>Posteriormente el estado tendr\u00eda que lidiar con sus propios conflictos. Comenzando con el estallido de una huelga en la UABJO. Posteriormente surgieron problemas en el <a href=\"http:\/\/www.nvinoticias.com\/nota\/52165\/trabajadores-de-salud-en-oaxaca-anuncian-huelga\" target=\"_blank\">sector salud<\/a>, con la exigencia de mejores salarios por parte de los trabajadores, y con el descubrimiento de <a href=\"http:\/\/www.proceso.com.mx\/473606\/secretaria-salud-oaxaca-culpa-al-gobierno-cue-medicamentos-caducos\" target=\"_blank\"><strong>una bodega con medicamentos caducos<\/strong><\/a>.<\/p>\n<p><span class=\"embed-youtube\" style=\"text-align:center; display: block;\"><iframe loading=\"lazy\" class=\"youtube-player\" width=\"640\" height=\"360\" src=\"https:\/\/www.youtube.com\/embed\/bX8HJaF5DzE?version=3&#038;rel=1&#038;showsearch=0&#038;showinfo=1&#038;iv_load_policy=1&#038;fs=1&#038;hl=es-ES&#038;autohide=2&#038;wmode=transparent\" allowfullscreen=\"true\" style=\"border:0;\" sandbox=\"allow-scripts allow-same-origin allow-popups allow-presentation allow-popups-to-escape-sandbox\"><\/iframe><\/span><\/p>\n<p>Por si eso fuera poco, las sequ\u00edas en diversas regiones del estado se intensificaban y las lluvias no llegaban.<\/p>\n<p><script src=\"\/\/pagead2.googlesyndication.com\/pagead\/js\/adsbygoogle.js\" async=\"\"><\/script><br \/>\n <ins class=\"adsbygoogle\" style=\"display: block; text-align: center;\" data-ad-layout=\"in-article\" data-ad-format=\"fluid\" data-ad-client=\"ca-pub-1136171134853753\" data-ad-slot=\"8578966557\"><\/ins><br \/>\n<script>\/\/ <![CDATA[\n(adsbygoogle = window.adsbygoogle || []).push({});\n\/\/ ]]><\/script><\/p>\n<p><span class=\"embed-youtube\" style=\"text-align:center; display: block;\"><iframe loading=\"lazy\" class=\"youtube-player\" width=\"640\" height=\"360\" src=\"https:\/\/www.youtube.com\/embed\/Q12ZYxi_OOs?version=3&#038;rel=1&#038;showsearch=0&#038;showinfo=1&#038;iv_load_policy=1&#038;fs=1&#038;hl=es-ES&#038;autohide=2&#038;wmode=transparent\" allowfullscreen=\"true\" style=\"border:0;\" sandbox=\"allow-scripts allow-same-origin allow-popups allow-presentation allow-popups-to-escape-sandbox\"><\/iframe><\/span><\/p>\n<p>En los meses posteriores se presentaron <a href=\"http:\/\/www.nvinoticias.com\/nota\/53468\/normalistas-se-plantan-en-el-zocalo-de-oaxaca-para-exigir-plaza-automatica\" target=\"_blank\"><strong>movilizaciones por parte de normalistas<\/strong><\/a> que exig\u00edan plazas autom\u00e1ticas. Mientras el magisterio intentaba evitar la evaluaci\u00f3n docente en el estado.<\/p>\n<p><span class=\"embed-youtube\" style=\"text-align:center; display: block;\"><iframe loading=\"lazy\" class=\"youtube-player\" width=\"640\" height=\"360\" src=\"https:\/\/www.youtube.com\/embed\/jpUFk9J5y5c?version=3&#038;rel=1&#038;showsearch=0&#038;showinfo=1&#038;iv_load_policy=1&#038;fs=1&#038;hl=es-ES&#038;autohide=2&#038;wmode=transparent\" allowfullscreen=\"true\" style=\"border:0;\" sandbox=\"allow-scripts allow-same-origin allow-popups allow-presentation allow-popups-to-escape-sandbox\"><\/iframe><\/span><\/p>\n<p>Por su parte la administraci\u00f3n de Alejandro Murat realizaba cambios en su gabinete, entre los m\u00e1s relevantes resaltaba la renuncia de Alejandro Avil\u00e9s.<\/p>\n<p><span class=\"embed-youtube\" style=\"text-align:center; display: block;\"><iframe loading=\"lazy\" class=\"youtube-player\" width=\"640\" height=\"360\" src=\"https:\/\/www.youtube.com\/embed\/uf34V3IJZr8?version=3&#038;rel=1&#038;showsearch=0&#038;showinfo=1&#038;iv_load_policy=1&#038;fs=1&#038;hl=es-ES&#038;autohide=2&#038;wmode=transparent\" allowfullscreen=\"true\" style=\"border:0;\" sandbox=\"allow-scripts allow-same-origin allow-popups allow-presentation allow-popups-to-escape-sandbox\"><\/iframe><\/span><\/p>\n<p>Mientras tanto, el Partido Acci\u00f3n Nacional en Oaxaca renovaba su dirigencia.<\/p>\n<p>A mitad de a\u00f1o Oaxaca sufr\u00eda los estragos de la tormenta Beatriz. En otras \u00e1reas,\u00a0se anunciaba <a href=\"http:\/\/www.eluniversal.com.mx\/articulo\/estados\/2017\/06\/9\/detienen-seis-en-oaxaca-por-caso-ex-titular-de-salud\" target=\"_blank\"><strong>la detenci\u00f3n de funcionarios Salud pertenecientes a la administraci\u00f3n de Gabino Cu\u00e9<\/strong><\/a>.<\/p>\n<p><span class=\"embed-youtube\" style=\"text-align:center; display: block;\"><iframe loading=\"lazy\" class=\"youtube-player\" width=\"640\" height=\"360\" src=\"https:\/\/www.youtube.com\/embed\/VAwQC2bS_dc?version=3&#038;rel=1&#038;showsearch=0&#038;showinfo=1&#038;iv_load_policy=1&#038;fs=1&#038;hl=es-ES&#038;autohide=2&#038;wmode=transparent\" allowfullscreen=\"true\" style=\"border:0;\" sandbox=\"allow-scripts allow-same-origin allow-popups allow-presentation allow-popups-to-escape-sandbox\"><\/iframe><\/span><\/p>\n<p>Ya en el mes de julio llegaba el momento de la fiesta de todos los oaxaque\u00f1os: la Guelaguetza, la cual present\u00f3 nuevos n\u00fameros para el turismo.<\/p>\n<p><span class=\"embed-youtube\" style=\"text-align:center; display: block;\"><iframe loading=\"lazy\" class=\"youtube-player\" width=\"640\" height=\"360\" src=\"https:\/\/www.youtube.com\/embed\/ZRPNK1utyYU?version=3&#038;rel=1&#038;showsearch=0&#038;showinfo=1&#038;iv_load_policy=1&#038;fs=1&#038;hl=es-ES&#038;autohide=2&#038;wmode=transparent\" allowfullscreen=\"true\" style=\"border:0;\" sandbox=\"allow-scripts allow-same-origin allow-popups allow-presentation allow-popups-to-escape-sandbox\"><\/iframe><\/span><\/p>\n<p>Semanas m\u00e1s tarde un eclipse que todo mundo esperaba no pasa por Oaxaca y nuevamente la entidad es <a href=\"http:\/\/imparcialoaxaca.mx\/oaxaca\/50722\/tormenta-tropical-lidia-intensifica-temporal-de-lluvias-en-oaxaca\/\" target=\"_blank\"><strong>azotada por fuertes lluvias<\/strong><\/a>.<\/p>\n<p>Septiembre marco un punto y a parte Oaxaca, el 7 Enrique Pe\u00f1a Nieto visitaba el estado para la inauguraci\u00f3n del Centro Cultural y de Convenciones. Aquello fue una jornada agotadora para los habitantes aleda\u00f1as al CCCO pues la batalla se extendi\u00f3 por horas.<\/p>\n<p><span class=\"embed-youtube\" style=\"text-align:center; display: block;\"><iframe loading=\"lazy\" class=\"youtube-player\" width=\"640\" height=\"360\" src=\"https:\/\/www.youtube.com\/embed\/wQWgMznIVFA?version=3&#038;rel=1&#038;showsearch=0&#038;showinfo=1&#038;iv_load_policy=1&#038;fs=1&#038;hl=es-ES&#038;autohide=2&#038;wmode=transparent\" allowfullscreen=\"true\" style=\"border:0;\" sandbox=\"allow-scripts allow-same-origin allow-popups allow-presentation allow-popups-to-escape-sandbox\"><\/iframe><\/span><\/p>\n<p>Antes de finalizar el d\u00eda, un fuerte terremoto de 8.2 grados en la escala de Richter que genera da\u00f1os en Oaxaca, principalmente en Juchit\u00e1n.<\/p>\n<p><span class=\"embed-youtube\" style=\"text-align:center; display: block;\"><iframe loading=\"lazy\" class=\"youtube-player\" width=\"640\" height=\"360\" src=\"https:\/\/www.youtube.com\/embed\/TRYdr4edPpE?version=3&#038;rel=1&#038;showsearch=0&#038;showinfo=1&#038;iv_load_policy=1&#038;fs=1&#038;hl=es-ES&#038;autohide=2&#038;wmode=transparent\" allowfullscreen=\"true\" style=\"border:0;\" sandbox=\"allow-scripts allow-same-origin allow-popups allow-presentation allow-popups-to-escape-sandbox\"><\/iframe><\/span><\/p>\n<p>D\u00edas m\u00e1s tarde un nuevo sismo, ahora con epicentro en los l\u00edmites entre Morelos y Puebla que afect\u00f3 mayormente a la CDMX, pero que tambi\u00e9n tuvo sus serias consecuencias en Oaxaca.<\/p>\n<p><span class=\"embed-youtube\" style=\"text-align:center; display: block;\"><iframe loading=\"lazy\" class=\"youtube-player\" width=\"640\" height=\"360\" src=\"https:\/\/www.youtube.com\/embed\/syByje3gFZY?version=3&#038;rel=1&#038;showsearch=0&#038;showinfo=1&#038;iv_load_policy=1&#038;fs=1&#038;hl=es-ES&#038;autohide=2&#038;wmode=transparent\" allowfullscreen=\"true\" style=\"border:0;\" sandbox=\"allow-scripts allow-same-origin allow-popups allow-presentation allow-popups-to-escape-sandbox\"><\/iframe><\/span><\/p>\n<p>Noviembre iniciaba con un par de temblores en Oaxaca que reavivan el temor de la ciudadan\u00eda y que adem\u00e1s da\u00f1aba fuertemente estructuras ya debilitadas.<\/p>\n<p><span class=\"embed-youtube\" style=\"text-align:center; display: block;\"><iframe loading=\"lazy\" class=\"youtube-player\" width=\"640\" height=\"360\" src=\"https:\/\/www.youtube.com\/embed\/_JjuuSZJhvs?version=3&#038;rel=1&#038;showsearch=0&#038;showinfo=1&#038;iv_load_policy=1&#038;fs=1&#038;hl=es-ES&#038;autohide=2&#038;wmode=transparent\" allowfullscreen=\"true\" style=\"border:0;\" sandbox=\"allow-scripts allow-same-origin allow-popups allow-presentation allow-popups-to-escape-sandbox\"><\/iframe><\/span><\/p>\n<p>A mediados de mes el gobernador presentaba su primer informe de gobierno ante el Congreso de Oaxaca. A finales de mes se vislumbraba una peque\u00f1a felicidad para la entidad: Alebrijes de Oaxaca hab\u00eda accedido a la final de la Liga de Acenso MX y ganaba el partido de idea celebrado en Oaxaca.<\/p>\n<p>A inicios de diciembre Alebrijes lograba el campeonato en un partido lleno de emociones y volteretas que llegaba hasta la instancia de los penaltis.<\/p>\n<p><span class=\"embed-youtube\" style=\"text-align:center; display: block;\"><iframe loading=\"lazy\" class=\"youtube-player\" width=\"640\" height=\"360\" src=\"https:\/\/www.youtube.com\/embed\/4hgy0j_d-6Q?version=3&#038;rel=1&#038;showsearch=0&#038;showinfo=1&#038;iv_load_policy=1&#038;fs=1&#038;hl=es-ES&#038;autohide=2&#038;wmode=transparent\" allowfullscreen=\"true\" style=\"border:0;\" sandbox=\"allow-scripts allow-same-origin allow-popups allow-presentation allow-popups-to-escape-sandbox\"><\/iframe><\/span><\/p>\n<p><a href=\"http:\/\/www.eloriente.net\/home\/wp-content\/uploads\/2017\/10\/sismos-oaxaca-2017.jpeg\" rel=\"attachment wp-att-50927\"><img loading=\"lazy\" decoding=\"async\" class=\"alignnone wp-image-50927\" src=\"http:\/\/www.eloriente.net\/home\/wp-content\/uploads\/2017\/10\/sismos-oaxaca-2017-1024x679.jpeg\" alt=\"sismos-oaxaca-2017\" width=\"603\" height=\"400\" srcset=\"http:\/\/www.eloriente.net\/home\/wp-content\/uploads\/2017\/10\/sismos-oaxaca-2017-1024x679.jpeg 1024w, http:\/\/www.eloriente.net\/home\/wp-content\/uploads\/2017\/10\/sismos-oaxaca-2017-300x199.jpeg 300w, http:\/\/www.eloriente.net\/home\/wp-content\/uploads\/2017\/10\/sismos-oaxaca-2017-768x509.jpeg 768w, http:\/\/www.eloriente.net\/home\/wp-content\/uploads\/2017\/10\/sismos-oaxaca-2017.jpeg 1366w\" sizes=\"(max-width: 603px) 100vw, 603px\" \/><\/a><\/p>\n<p><script src=\"\/\/pagead2.googlesyndication.com\/pagead\/js\/adsbygoogle.js\" async=\"\"><\/script><br \/>\n <ins class=\"adsbygoogle\" style=\"display: block;\" data-ad-format=\"autorelaxed\" data-ad-client=\"ca-pub-1136171134853753\" data-ad-slot=\"4595267748\"><\/ins><br \/>\n<script>\/\/ <![CDATA[\n(adsbygoogle = window.adsbygoogle || []).push({});\n\/\/ ]]><\/script><\/p>\n\n\t\t\t  <div \n\t\t\t  \tclass = \"fb-comments\" \n\t\t\t  \tdata-href = \"http:\/\/www.eloriente.net\/home\/2017\/12\/18\/lo-sucedio-oaxaca-2017\/\"\n\t\t\t  \tdata-numposts = \"10\"\n\t\t\t\tdata-colorscheme = \"dark\"\n\t\t\t\tdata-order-by = \"social\"\n\t\t\t\tdata-mobile=true>\n\t\t\t  <\/div>\n\t\t  <style>\n\t\t\t.fb_iframe_widget_fluid_desktop iframe {\n\t\t\t    width: 100% !important;\n\t\t\t}\n\t\t  <\/style>\n\t\t  ","protected":false},"excerpt":{"rendered":"<p>&nbsp; 18 de diciembre de 2017 Por: Valery L\u00f3pez En escasos 20 d\u00edas estaremos despidiendo el 2017. un a\u00f1o en el que sucedieron muchas cosas en Oaxaca. El primero de una nueva administraci\u00f3n gubernamental, y un a\u00f1o de retos para los oaxaque\u00f1os. Aqu\u00ed en El Oriente le daremos un repaso a algunos de los sucesos [&hellip;]<\/p>\n","protected":false},"author":44,"featured_media":50667,"comment_status":"open","ping_status":"open","sticky":false,"template":"","format":"standard","meta":{"_jetpack_memberships_contains_paid_content":false,"footnotes":""},"categories":[32,13,63,23,464],"tags":[6990,184,821,7316,73,3124,6269,2566,8856,8349],"class_list":["post-51855","post","type-post","status-publish","format-standard","has-post-thumbnail","hentry","category-entradas","category-especiales","category-estados","category-municipios","category-oaxaca-estados","tag-6990","tag-educacion","tag-juchitan","tag-noticias","tag-oaxaca","tag-protestas","tag-resumen","tag-septiembre","tag-sequias","tag-sismo"],"jetpack_featured_media_url":"http:\/\/www.eloriente.net\/home\/wp-content\/uploads\/2017\/10\/sismo-mexico-2017-temblor-septiembre-terremoto.jpg","jetpack_sharing_enabled":true,"_links":{"self":[{"href":"http:\/\/www.eloriente.net\/home\/wp-json\/wp\/v2\/posts\/51855"}],"collection":[{"href":"http:\/\/www.eloriente.net\/home\/wp-json\/wp\/v2\/posts"}],"about":[{"href":"http:\/\/www.eloriente.net\/home\/wp-json\/wp\/v2\/types\/post"}],"author":[{"embeddable":true,"href":"http:\/\/www.eloriente.net\/home\/wp-json\/wp\/v2\/users\/44"}],"replies":[{"embeddable":true,"href":"http:\/\/www.eloriente.net\/home\/wp-json\/wp\/v2\/comments?post=51855"}],"version-history":[{"count":4,"href":"http:\/\/www.eloriente.net\/home\/wp-json\/wp\/v2\/posts\/51855\/revisions"}],"predecessor-version":[{"id":51859,"href":"http:\/\/www.eloriente.net\/home\/wp-json\/wp\/v2\/posts\/51855\/revisions\/51859"}],"wp:featuredmedia":[{"embeddable":true,"href":"http:\/\/www.eloriente.net\/home\/wp-json\/wp\/v2\/media\/50667"}],"wp:attachment":[{"href":"http:\/\/www.eloriente.net\/home\/wp-json\/wp\/v2\/media?parent=51855"}],"wp:term":[{"taxonomy":"category","embeddable":true,"href":"http:\/\/www.eloriente.net\/home\/wp-json\/wp\/v2\/categories?post=51855"},{"taxonomy":"post_tag","embeddable":true,"href":"http:\/\/www.eloriente.net\/home\/wp-json\/wp\/v2\/tags?post=51855"}],"curies":[{"name":"wp","href":"https:\/\/api.w.org\/{rel}","templated":true}]}}