{"id":51901,"date":"2017-12-21T11:02:17","date_gmt":"2017-12-21T17:02:17","guid":{"rendered":"http:\/\/www.eloriente.net\/home\/?p=51901"},"modified":"2017-12-21T11:05:23","modified_gmt":"2017-12-21T17:05:23","slug":"no-puedes-dejar-ir-del-21-al-27-diciembre","status":"publish","type":"post","link":"http:\/\/www.eloriente.net\/home\/2017\/12\/21\/no-puedes-dejar-ir-del-21-al-27-diciembre\/","title":{"rendered":"\u00a1No puedes dejar de ir!; del 21 al 27 de diciembre"},"content":{"rendered":"<p><script src=\"\/\/pagead2.googlesyndication.com\/pagead\/js\/adsbygoogle.js\" async=\"\"><\/script><!-- BANNER ELORIENTE INCRUSTADO NOTAS --> <ins class=\"adsbygoogle\" style=\"display: inline-block; width: 300px; height: 250px;\" data-ad-client=\"ca-pub-1136171134853753\" data-ad-slot=\"7974633627\"><\/ins><script>\/\/ <![CDATA[\n(adsbygoogle = window.adsbygoogle || []).push({});\n\/\/ ]]><\/script><\/p>\n<p>Agenda Cultural Oaxaca<\/p>\n<p>(www.eloriente.net, M\u00e9xico, a 21 de diciembre de 2017. Por: Jessica Lamadrid).- Se acerca una de las festividades m\u00e1s importantes del mes y con ella actividades culturales t\u00edpicas de la fecha, es por eso que en esta ocasi\u00f3n en nuestra selecci\u00f3n de 5 actividades culturales encontrar\u00e1s: pastorelas, posadas y paseos familiares, no obstante, tambi\u00e9n hay otro tipo de recomendaciones.<\/p>\n<p>As\u00ed la agenda cultural del 21 al 27 de diciembre;<\/p>\n<h2>1.- Pastorela Guelaguetza<\/h2>\n<p>Contin\u00faan el Festival Decembrino en la ciudad, el cual organizado por la Secretar\u00eda de las Culturas y Artes de Oaxaca; en esta ocasi\u00f3n de las actividades programadas para el d\u00eda 21 de diciembre te recomendamos asistas a la \u00abPastorela Guelaguetza\u00bb.<\/p>\n<p>Este evento iniciar\u00e1 a las 19 horas en la Biblioteca P\u00fablica Central (BPC) ubicada en la calle Macedonio Alcal\u00e1 n\u00famero 200 de la Colonia Centro. La entrada es libre.<\/p>\n<p><a href=\"http:\/\/www.eloriente.net\/home\/wp-content\/uploads\/2017\/12\/25446328_1933565456672346_6719727252514849144_n.jpg\" rel=\"attachment wp-att-51902\"><img loading=\"lazy\" decoding=\"async\" class=\" wp-image-51902 aligncenter\" src=\"http:\/\/www.eloriente.net\/home\/wp-content\/uploads\/2017\/12\/25446328_1933565456672346_6719727252514849144_n.jpg\" alt=\"25446328_1933565456672346_6719727252514849144_n\" width=\"460\" height=\"460\" srcset=\"http:\/\/www.eloriente.net\/home\/wp-content\/uploads\/2017\/12\/25446328_1933565456672346_6719727252514849144_n.jpg 960w, http:\/\/www.eloriente.net\/home\/wp-content\/uploads\/2017\/12\/25446328_1933565456672346_6719727252514849144_n-150x150.jpg 150w, http:\/\/www.eloriente.net\/home\/wp-content\/uploads\/2017\/12\/25446328_1933565456672346_6719727252514849144_n-300x300.jpg 300w, http:\/\/www.eloriente.net\/home\/wp-content\/uploads\/2017\/12\/25446328_1933565456672346_6719727252514849144_n-768x768.jpg 768w, http:\/\/www.eloriente.net\/home\/wp-content\/uploads\/2017\/12\/25446328_1933565456672346_6719727252514849144_n-50x50.jpg 50w, http:\/\/www.eloriente.net\/home\/wp-content\/uploads\/2017\/12\/25446328_1933565456672346_6719727252514849144_n-144x144.jpg 144w\" sizes=\"(max-width: 460px) 100vw, 460px\" \/><\/a><\/p>\n<p>Para que conozcas que otras actividades hay programadas para este d\u00eda te compartimos el programa del festival para este jueves.<\/p>\n<p><a href=\"http:\/\/www.eloriente.net\/home\/wp-content\/uploads\/2017\/12\/ac.jpg\" rel=\"attachment wp-att-51906\"><img loading=\"lazy\" decoding=\"async\" class=\" wp-image-51906 aligncenter\" src=\"http:\/\/www.eloriente.net\/home\/wp-content\/uploads\/2017\/12\/ac.jpg\" alt=\"ac\" width=\"448\" height=\"467\" srcset=\"http:\/\/www.eloriente.net\/home\/wp-content\/uploads\/2017\/12\/ac.jpg 920w, http:\/\/www.eloriente.net\/home\/wp-content\/uploads\/2017\/12\/ac-288x300.jpg 288w, http:\/\/www.eloriente.net\/home\/wp-content\/uploads\/2017\/12\/ac-768x801.jpg 768w\" sizes=\"(max-width: 448px) 100vw, 448px\" \/><\/a><\/p>\n<p>&nbsp;<\/p>\n<h2>2.- 2do Festival de las Aves Oaxaca<\/h2>\n<p>El Museo Infantil de Oaxaca (MIO) ser\u00e1 el organizador del 2do Festival de las Aves Oaxaca durante los d\u00edas 22 y 23 de diciembre, estas actividades son planeadas para la participaci\u00f3n de toda la familia, por lo que, son una buena opci\u00f3n para asistir estas vacaciones.<\/p>\n<p>Del programa de actividades que te compartimos, nuestra recomendaci\u00f3n es la Celebraci\u00f3n de la Aves Urbanas en donde se realizar\u00e1n talleres y actividades recreativas sobre la importancia de las aves en las ciudades, este evento iniciar\u00e1 a las 10 de la ma\u00f1ana en el MIO, ubicado en\u00a0 la\u00a0<a href=\"http:\/\/share.here.com\/r\/mylocation\/e-eyJuYW1lIjoiTXVzZW8gSW5mYW50aWwgZGUgT2F4YWNhLCBNSU8iLCJhZGRyZXNzIjoiQW50aWd1YSBFc3RhY2lcdTAwZjNuIGRlbCBGZXJyb2NhcnJpbCwgQ2FsemFkYSBNYWRlcm8gNTExLCBPYXhhY2EgZGUgSnVcdTAwZTFyZXoiLCJsYXRpdHVkZSI6MTcuMDY4MDI1ODU5MjIyLCJsb25naXR1ZGUiOi05Ni43MzY2NTc2MTk0NzYsInByb3ZpZGVyTmFtZSI6ImZhY2Vib29rIiwicHJvdmlkZXJJZCI6MjQ0MjIyMTAyNjg1NTc3fQ==?link=addresses&amp;fb_locale=es_LA&amp;ref=facebook\" target=\"_blank\" rel=\"noopener nofollow\" data-lynx-mode=\"asynclazy\" data-lynx-uri=\"https:\/\/l.facebook.com\/l.php?u=http%3A%2F%2Fshare.here.com%2Fr%2Fmylocation%2Fe-eyJuYW1lIjoiTXVzZW8gSW5mYW50aWwgZGUgT2F4YWNhLCBNSU8iLCJhZGRyZXNzIjoiQW50aWd1YSBFc3RhY2lcdTAwZjNuIGRlbCBGZXJyb2NhcnJpbCwgQ2FsemFkYSBNYWRlcm8gNTExLCBPYXhhY2EgZGUgSnVcdTAwZTFyZXoiLCJsYXRpdHVkZSI6MTcuMDY4MDI1ODU5MjIyLCJsb25naXR1ZGUiOi05Ni43MzY2NTc2MTk0NzYsInByb3ZpZGVyTmFtZSI6ImZhY2Vib29rIiwicHJvdmlkZXJJZCI6MjQ0MjIyMTAyNjg1NTc3fQ%3D%3D%3Flink%3Daddresses%26fb_locale%3Des_LA%26ref%3Dfacebook&amp;h=ATOF1M4wX6dvJoCKsvC2RxDk4PWvzxOpN2YYTmn9yaQdPrq0fMAtz-8QXPu1oFHri6ZSP4lX-haHVv8ZzeC6rT3z9-RoBYiqqVqWHDX7aWUO7h8UYasXbFrBlZtom5pUXMz9QZbCAEPCYg\">Antigua Estaci\u00f3n del Ferrocarril, Calzada Madero n\u00famero 511<\/a>.<\/p>\n<p>Las actividades son gratuitas.<\/p>\n<p><a href=\"http:\/\/www.eloriente.net\/home\/wp-content\/uploads\/2017\/12\/Actividad-2.jpg\" rel=\"attachment wp-att-51907\"><img loading=\"lazy\" decoding=\"async\" class=\" wp-image-51907 aligncenter\" src=\"http:\/\/www.eloriente.net\/home\/wp-content\/uploads\/2017\/12\/Actividad-2.jpg\" alt=\"Actividad 2\" width=\"453\" height=\"701\" srcset=\"http:\/\/www.eloriente.net\/home\/wp-content\/uploads\/2017\/12\/Actividad-2.jpg 621w, http:\/\/www.eloriente.net\/home\/wp-content\/uploads\/2017\/12\/Actividad-2-194x300.jpg 194w\" sizes=\"(max-width: 453px) 100vw, 453px\" \/><\/a><\/p>\n<p>&nbsp;<\/p>\n<h2>3.- Manzanas a la Vuelta<\/h2>\n<p>La Galer\u00eda C\u00f3digo Tonal inaugurar\u00e1 la \u00faltima exposici\u00f3n del a\u00f1o el d\u00eda s\u00e1bado 23 de diciembre, bajo el nombre \u00abManzanas a la Vuelta\u00bb en donde se mostrar\u00e1s el trabajo de los artistas: Amador Quero y Orlando Araujo.\u00a0En esta ocasi\u00f3n el objetivo principal es finiquitar varios procesos de ensayo, en formato pict\u00f3rico, gr\u00e1fico, sonoro, escult\u00f3rico y vivencial que ambos han llevado paralelamente durante el a\u00f1o.<\/p>\n<p><script src=\"\/\/\" async=\"\"><\/script><br \/>\n <ins class=\"adsbygoogle\" style=\"display: block; text-align: center;\" data-ad-layout=\"in-article\" data-ad-format=\"fluid\" data-ad-client=\"ca-pub-1136171134853753\" data-ad-slot=\"8578966557\"><\/ins><\/p>\n<p>Dichos artistas utilizaron la idea de manzanas a la vuelta debido a la necesidad de ambos de escuchar diario el disco hom\u00f3nimo del grupo Doble Porci\u00f3n. La inauguraci\u00f3n es a las 19 horas.<\/p>\n<p>Te recordamos que la Galer\u00eda se encuentra en Avenida Benito Ju\u00e1rez n\u00famero 107 de la Colonia Centro.<\/p>\n<p><a href=\"http:\/\/www.eloriente.net\/home\/wp-content\/uploads\/2017\/12\/actividad-3-e1513873387726.jpg\" rel=\"attachment wp-att-51908\"><img loading=\"lazy\" decoding=\"async\" class=\" wp-image-51908 aligncenter\" src=\"http:\/\/www.eloriente.net\/home\/wp-content\/uploads\/2017\/12\/actividad-3-e1513873387726.jpg\" alt=\"actividad 3\" width=\"465\" height=\"235\" srcset=\"http:\/\/www.eloriente.net\/home\/wp-content\/uploads\/2017\/12\/actividad-3-e1513873387726.jpg 864w, http:\/\/www.eloriente.net\/home\/wp-content\/uploads\/2017\/12\/actividad-3-e1513873387726-300x151.jpg 300w, http:\/\/www.eloriente.net\/home\/wp-content\/uploads\/2017\/12\/actividad-3-e1513873387726-768x388.jpg 768w\" sizes=\"(max-width: 465px) 100vw, 465px\" \/><\/a><\/p>\n<p>&nbsp;<\/p>\n<h2>4.- V\u00eda Recreativa Oaxaca<\/h2>\n<p>La Casa de la Ciudad contin\u00faa con su proyecto V\u00eda Recreativa Oaxaca, por lo que, para el d\u00eda 24 de diciembre se tiene programada la actividad de recorrer la Calzada Porfirio D\u00edaz al Parque el Llano en transportes alternativos a los autos como lo son: bicicletas, patines, patinetas o bien caminando.<\/p>\n<p>Esta actividad forma parte de nuestras recomendaciones al ser un evento ideal para pasar un rato agradable con los seres queridos, para quienes deseen pasear en bicicleta se ofrece el servicio de pr\u00e9stamo o la renta de patines. Esta actividad se realizar\u00e1 de las 8 de las ma\u00f1ana a las 2 de la tarde, siendo libre al p\u00fablico.<\/p>\n<p><a href=\"http:\/\/www.eloriente.net\/home\/wp-content\/uploads\/2017\/12\/actividad4.jpg\" rel=\"attachment wp-att-51910\"><img loading=\"lazy\" decoding=\"async\" class=\" wp-image-51910 aligncenter\" src=\"http:\/\/www.eloriente.net\/home\/wp-content\/uploads\/2017\/12\/actividad4.jpg\" alt=\"actividad4\" width=\"469\" height=\"726\" srcset=\"http:\/\/www.eloriente.net\/home\/wp-content\/uploads\/2017\/12\/actividad4.jpg 620w, http:\/\/www.eloriente.net\/home\/wp-content\/uploads\/2017\/12\/actividad4-194x300.jpg 194w\" sizes=\"(max-width: 469px) 100vw, 469px\" \/><\/a><\/p>\n<p>&nbsp;<\/p>\n<h2>5.-La Ciudad de los ni\u00f1os perdidos<\/h2>\n<p>El Centro Fotogr\u00e1fico Manuel Alvarez Bravo (CFMAB) terminar\u00e1 con su ciclo de cine \u00abEn la Mirada de Baldomero Robles\u00bb el mi\u00e9rcoles 27 de diciembre con la proyecci\u00f3n del film \u00abLa Ciudad de los Ni\u00f1os Perdidos\u00bb el cual fue dirigido por cineasta Jean-Pierre Jeunet en el a\u00f1o de 1995.<\/p>\n<p>La proyecci\u00f3n del film iniciar\u00e1 a las 19 horas en el Centro Fotogr\u00e1fico ubicado en la calle Manuel Bravo n\u00famero 116 de la Colonia Centro. La entrada es libre.<\/p>\n<p><a href=\"http:\/\/www.eloriente.net\/home\/wp-content\/uploads\/2017\/12\/actividad5.jpg\" rel=\"attachment wp-att-51909\"><img loading=\"lazy\" decoding=\"async\" class=\"wp-image-51909 aligncenter\" src=\"http:\/\/www.eloriente.net\/home\/wp-content\/uploads\/2017\/12\/actividad5.jpg\" alt=\"actividad5\" width=\"438\" height=\"677\" srcset=\"http:\/\/www.eloriente.net\/home\/wp-content\/uploads\/2017\/12\/actividad5.jpg 621w, http:\/\/www.eloriente.net\/home\/wp-content\/uploads\/2017\/12\/actividad5-194x300.jpg 194w\" sizes=\"(max-width: 438px) 100vw, 438px\" \/><\/a><\/p>\n<p>Para que conozcas m\u00e1s sobre esta pel\u00edcula y te animes a ir a la proyecci\u00f3n te compartimos el trailer.<\/p>\n<p><span class=\"embed-youtube\" style=\"text-align:center; display: block;\"><iframe loading=\"lazy\" class=\"youtube-player\" width=\"640\" height=\"360\" src=\"https:\/\/www.youtube.com\/embed\/kapqJOcLUY8?version=3&#038;rel=1&#038;showsearch=0&#038;showinfo=1&#038;iv_load_policy=1&#038;fs=1&#038;hl=es-ES&#038;autohide=2&#038;wmode=transparent\" allowfullscreen=\"true\" style=\"border:0;\" sandbox=\"allow-scripts allow-same-origin allow-popups allow-presentation allow-popups-to-escape-sandbox\"><\/iframe><\/span><\/p>\n<p>&nbsp;<\/p>\n<p><script src=\"\/\/\" async=\"\"><\/script><br \/>\n<ins class=\"adsbygoogle\" style=\"display: block;\" data-ad-format=\"autorelaxed\" data-ad-client=\"ca-pub-1136171134853753\" data-ad-slot=\"4595267748\"><\/ins><br \/>\n<script>\/\/ <![CDATA[\n(adsbygoogle = window.adsbygoogle || []).push({});\n\/\/ ]]><\/script><\/p>\n\n\t\t\t  <div \n\t\t\t  \tclass = \"fb-comments\" \n\t\t\t  \tdata-href = \"http:\/\/www.eloriente.net\/home\/2017\/12\/21\/no-puedes-dejar-ir-del-21-al-27-diciembre\/\"\n\t\t\t  \tdata-numposts = \"10\"\n\t\t\t\tdata-colorscheme = \"dark\"\n\t\t\t\tdata-order-by = \"social\"\n\t\t\t\tdata-mobile=true>\n\t\t\t  <\/div>\n\t\t  <style>\n\t\t\t.fb_iframe_widget_fluid_desktop iframe {\n\t\t\t    width: 100% !important;\n\t\t\t}\n\t\t  <\/style>\n\t\t  ","protected":false},"excerpt":{"rendered":"<p>Agenda Cultural Oaxaca (www.eloriente.net, M\u00e9xico, a 21 de diciembre de 2017. Por: Jessica Lamadrid).- Se acerca una de las festividades m\u00e1s importantes del mes y con ella actividades culturales t\u00edpicas de la fecha, es por eso que en esta ocasi\u00f3n en nuestra selecci\u00f3n de 5 actividades culturales encontrar\u00e1s: pastorelas, posadas y paseos familiares, no obstante, [&hellip;]<\/p>\n","protected":false},"author":45,"featured_media":51903,"comment_status":"open","ping_status":"open","sticky":false,"template":"","format":"standard","meta":{"_jetpack_memberships_contains_paid_content":false,"footnotes":""},"categories":[8,56,18,32,10,464,31],"tags":[8231,8191,8849,8877,8369],"class_list":["post-51901","post","type-post","status-publish","format-standard","has-post-thumbnail","hentry","category-agenda","category-cine","category-educacion-y-cultura","category-entradas","category-lo-mas-reciente","category-oaxaca-estados","category-principal","tag-no-puedes-dejar-de-ir-en-oaxaca","tag-que-hacer-en-oaxaca-de-juarez","tag-5-recomendaciones-culturales","tag-actividades-del-mes-de-diciembre","tag-agenda-cultural-de-el-oriente"],"jetpack_featured_media_url":"http:\/\/www.eloriente.net\/home\/wp-content\/uploads\/2017\/12\/8304268251_8cc7800fbc_k-e1513875835689.jpg","jetpack_sharing_enabled":true,"_links":{"self":[{"href":"http:\/\/www.eloriente.net\/home\/wp-json\/wp\/v2\/posts\/51901"}],"collection":[{"href":"http:\/\/www.eloriente.net\/home\/wp-json\/wp\/v2\/posts"}],"about":[{"href":"http:\/\/www.eloriente.net\/home\/wp-json\/wp\/v2\/types\/post"}],"author":[{"embeddable":true,"href":"http:\/\/www.eloriente.net\/home\/wp-json\/wp\/v2\/users\/45"}],"replies":[{"embeddable":true,"href":"http:\/\/www.eloriente.net\/home\/wp-json\/wp\/v2\/comments?post=51901"}],"version-history":[{"count":4,"href":"http:\/\/www.eloriente.net\/home\/wp-json\/wp\/v2\/posts\/51901\/revisions"}],"predecessor-version":[{"id":51913,"href":"http:\/\/www.eloriente.net\/home\/wp-json\/wp\/v2\/posts\/51901\/revisions\/51913"}],"wp:featuredmedia":[{"embeddable":true,"href":"http:\/\/www.eloriente.net\/home\/wp-json\/wp\/v2\/media\/51903"}],"wp:attachment":[{"href":"http:\/\/www.eloriente.net\/home\/wp-json\/wp\/v2\/media?parent=51901"}],"wp:term":[{"taxonomy":"category","embeddable":true,"href":"http:\/\/www.eloriente.net\/home\/wp-json\/wp\/v2\/categories?post=51901"},{"taxonomy":"post_tag","embeddable":true,"href":"http:\/\/www.eloriente.net\/home\/wp-json\/wp\/v2\/tags?post=51901"}],"curies":[{"name":"wp","href":"https:\/\/api.w.org\/{rel}","templated":true}]}}