{"id":51915,"date":"2017-12-21T13:11:55","date_gmt":"2017-12-21T19:11:55","guid":{"rendered":"http:\/\/www.eloriente.net\/home\/?p=51915"},"modified":"2017-12-21T13:12:24","modified_gmt":"2017-12-21T19:12:24","slug":"necesario-cambiar-la-politica-paola-gutierrez","status":"publish","type":"post","link":"http:\/\/www.eloriente.net\/home\/2017\/12\/21\/necesario-cambiar-la-politica-paola-gutierrez\/","title":{"rendered":"Es necesario cambiar la pol\u00edtica: Paola Guti\u00e9rrez"},"content":{"rendered":"<p><script src=\"\/\/pagead2.googlesyndication.com\/pagead\/js\/adsbygoogle.js\" async=\"\"><\/script><!-- BANNER ELORIENTE INCRUSTADO NOTAS --> <ins class=\"adsbygoogle\" style=\"display: inline-block; width: 300px; height: 250px;\" data-ad-client=\"ca-pub-1136171134853753\" data-ad-slot=\"7974633627\"><\/ins><script>\/\/ <![CDATA[\n(adsbygoogle = window.adsbygoogle || []).push({});\n\/\/ ]]><\/script><\/p>\n<p class=\"gmail-MsoNormal\" style=\"text-align: left;\" align=\"center\"><b>Los diputados no s\u00f3lo sabemos legislar, tambi\u00e9n sabemos hacer gesti\u00f3n social: Paola Guti\u00e9rrez Galindo<\/b><\/p>\n<p class=\"gmail-MsoNormal\">Por:\u00a0<b>Carina Garc\u00eda*<\/b><\/p>\n<p class=\"gmail-MsoNormal\">La diputada por la LXIII <a href=\"http:\/\/www.eloriente.net\/home\/category\/politica-y-gobierno\/congreso-y-justicia\/\" target=\"_blank\">Legislatura Local <\/a>Paola Guti\u00e9rrez Galindo fue contundente al se\u00f1alar que su trabajo realizado este a\u00f1o no s\u00f3lo se redujo en participaciones en tribuna, por el contrario, su labor social ha dejado importantes obras sociales en diversas comunidades de la entidad.<\/p>\n<p class=\"gmail-MsoNormal\">Al rendir su Primer Informe de Actividades Legislativas, la ahora integrante de la bancada por el Movimiento de Regeneraci\u00f3n Nacional (MORENA), destac\u00f3 una serie de acciones en favor de la regi\u00f3n de la Mixteca.<\/p>\n<p class=\"gmail-MsoNormal\">\u00abLos diputados tambi\u00e9n sabemos hacer gesti\u00f3n social\u00bb, dijo al ser ovacionada no s\u00f3lo por sus invitados especiales sino tambi\u00e9n por pobladores de las ocho regiones de la entidad.<\/p>\n<p><script src=\"\/\/pagead2.googlesyndication.com\/pagead\/js\/adsbygoogle.js\" async=\"\"><\/script><br \/>\n <ins class=\"adsbygoogle\" style=\"display: block; text-align: center;\" data-ad-layout=\"in-article\" data-ad-format=\"fluid\" data-ad-client=\"ca-pub-1136171134853753\" data-ad-slot=\"8578966557\"><\/ins><br \/>\n<script>\/\/ <![CDATA[\n(adsbygoogle = window.adsbygoogle || []).push({});\n\/\/ ]]><\/script><\/p>\n<p class=\"gmail-MsoNormal\">Antes, agradeci\u00f3 a sus familiares y amigos quienes estuvieron presentes en este evento a quienes se\u00f1al\u00f3 que los sue\u00f1os se pueden lograr y que quienes provienen de cuna humilde pueden llegar muy lejos.<\/p>\n<p class=\"gmail-MsoNormal\">Con la voz entrecortada expuso que su trabajo se refleja en su natal Mixteca y gran parte de la entidad \u00abesto es lo que sabemos hacer en la regi\u00f3n Mixteca y en Oaxaca\u00bb, recalc\u00f3 la mujer quien orgullosa port\u00f3 su parte de su indumentaria tradicional.<\/p>\n<p class=\"gmail-MsoNormal\">Ante, el coordinador de la bancada morenista, Irineo Molina, as\u00ed como Julio C\u00e9sar Alonso representante del gobernador del Estado Alejandro Murat y l\u00edderes sociales agradeci\u00f3 el apoyo recibido en este primer a\u00f1o de ejercicio comprendido del 13 de noviembre del 2016 al 12 de noviembre del 2017.<\/p>\n<p class=\"gmail-MsoNormal\">\u00abSi los 42 diputados se pusieran la camiseta, si el gobierno tambi\u00e9n lo hiciera Oaxaca fuera diferente. Es necesario cambiar la pol\u00edtica, que hagamos bien el trabajo\u00bb, conmin\u00f3.<\/p>\n<p class=\"gmail-MsoNormal\">Ahora es cuando el buen vivir se puede hacer presente, expuso al agradecer el acompa\u00f1amiento de todas y todos los oaxaque\u00f1os.<\/p>\n<p class=\"gmail-MsoNormal\">Ante las notas de la m\u00fasica de banda que entonaban la canci\u00f3n Mixteca y el Dios Nunca Muere la legisladora se comprometi\u00f3 a continuar con su labor.<\/p>\n<h2 class=\"gmail-MsoNormal\">Coordinador de Morena sobre Paola Guti\u00e9rrez<\/h2>\n<p class=\"gmail-MsoNormal\">Por su parte, el coordinador de la bancada de MORENA, Irineo Molina record\u00f3 a Paola Guti\u00e9rrez la conoci\u00f3 hace un a\u00f1o pero que aplaude su gran labor \u00abquiero que llegues lejos y estoy seguro que vas a llegar lejos\u00bb, dijo.<\/p>\n<p class=\"gmail-MsoNormal\"><em>*Cortes\u00eda<\/em><\/p>\n<p><script src=\"\/\/pagead2.googlesyndication.com\/pagead\/js\/adsbygoogle.js\" async=\"\"><\/script><br \/>\n <ins class=\"adsbygoogle\" style=\"display: block;\" data-ad-format=\"autorelaxed\" data-ad-client=\"ca-pub-1136171134853753\" data-ad-slot=\"4595267748\"><\/ins><br \/>\n<script>\/\/ <![CDATA[\n(adsbygoogle = window.adsbygoogle || []).push({});\n\/\/ ]]><\/script><\/p>\n\n\t\t\t  <div \n\t\t\t  \tclass = \"fb-comments\" \n\t\t\t  \tdata-href = \"http:\/\/www.eloriente.net\/home\/2017\/12\/21\/necesario-cambiar-la-politica-paola-gutierrez\/\"\n\t\t\t  \tdata-numposts = \"10\"\n\t\t\t\tdata-colorscheme = \"dark\"\n\t\t\t\tdata-order-by = \"social\"\n\t\t\t\tdata-mobile=true>\n\t\t\t  <\/div>\n\t\t  <style>\n\t\t\t.fb_iframe_widget_fluid_desktop iframe {\n\t\t\t    width: 100% !important;\n\t\t\t}\n\t\t  <\/style>\n\t\t  ","protected":false},"excerpt":{"rendered":"<p>Los diputados no s\u00f3lo sabemos legislar, tambi\u00e9n sabemos hacer gesti\u00f3n social: Paola Guti\u00e9rrez Galindo Por:\u00a0Carina Garc\u00eda* La diputada por la LXIII Legislatura Local Paola Guti\u00e9rrez Galindo fue contundente al se\u00f1alar que su trabajo realizado este a\u00f1o no s\u00f3lo se redujo en participaciones en tribuna, por el contrario, su labor social ha dejado importantes obras sociales [&hellip;]<\/p>\n","protected":false},"author":1,"featured_media":51916,"comment_status":"open","ping_status":"open","sticky":false,"template":"","format":"standard","meta":{"_jetpack_memberships_contains_paid_content":false,"footnotes":""},"categories":[91,22,32,63,464,21],"tags":[1677,4419,8879,2537,8878],"class_list":["post-51915","post","type-post","status-publish","format-standard","has-post-thumbnail","hentry","category-congreso-y-justicia","category-derechos-humanos","category-entradas","category-estados","category-oaxaca-estados","category-politica-y-gobierno","tag-congreso-de-oaxaca","tag-diputados-oaxaca","tag-gestion-social-oaxaca","tag-informe-de-actividades","tag-paola-gutierrez"],"jetpack_featured_media_url":"http:\/\/www.eloriente.net\/home\/wp-content\/uploads\/2017\/12\/paola-gutierrez.jpeg","jetpack_sharing_enabled":true,"_links":{"self":[{"href":"http:\/\/www.eloriente.net\/home\/wp-json\/wp\/v2\/posts\/51915"}],"collection":[{"href":"http:\/\/www.eloriente.net\/home\/wp-json\/wp\/v2\/posts"}],"about":[{"href":"http:\/\/www.eloriente.net\/home\/wp-json\/wp\/v2\/types\/post"}],"author":[{"embeddable":true,"href":"http:\/\/www.eloriente.net\/home\/wp-json\/wp\/v2\/users\/1"}],"replies":[{"embeddable":true,"href":"http:\/\/www.eloriente.net\/home\/wp-json\/wp\/v2\/comments?post=51915"}],"version-history":[{"count":2,"href":"http:\/\/www.eloriente.net\/home\/wp-json\/wp\/v2\/posts\/51915\/revisions"}],"predecessor-version":[{"id":51918,"href":"http:\/\/www.eloriente.net\/home\/wp-json\/wp\/v2\/posts\/51915\/revisions\/51918"}],"wp:featuredmedia":[{"embeddable":true,"href":"http:\/\/www.eloriente.net\/home\/wp-json\/wp\/v2\/media\/51916"}],"wp:attachment":[{"href":"http:\/\/www.eloriente.net\/home\/wp-json\/wp\/v2\/media?parent=51915"}],"wp:term":[{"taxonomy":"category","embeddable":true,"href":"http:\/\/www.eloriente.net\/home\/wp-json\/wp\/v2\/categories?post=51915"},{"taxonomy":"post_tag","embeddable":true,"href":"http:\/\/www.eloriente.net\/home\/wp-json\/wp\/v2\/tags?post=51915"}],"curies":[{"name":"wp","href":"https:\/\/api.w.org\/{rel}","templated":true}]}}