{"id":51951,"date":"2017-12-26T16:46:22","date_gmt":"2017-12-26T22:46:22","guid":{"rendered":"http:\/\/www.eloriente.net\/home\/?p=51951"},"modified":"2017-12-30T12:51:01","modified_gmt":"2017-12-30T18:51:01","slug":"videocolumna-la-expansion-del-modelo-negocio-del-airbnb-juan-antonio-gomez","status":"publish","type":"post","link":"http:\/\/www.eloriente.net\/home\/2017\/12\/26\/videocolumna-la-expansion-del-modelo-negocio-del-airbnb-juan-antonio-gomez\/","title":{"rendered":"VIDEOCOLUMNA: La expansi\u00f3n del modelo de negocio del Airbnb. Por Juan Antonio G\u00f3mez"},"content":{"rendered":"<p><script src=\"\/\/pagead2.googlesyndication.com\/pagead\/js\/adsbygoogle.js\" async=\"\"><\/script><!-- BANNER ELORIENTE INCRUSTADO NOTAS --> <ins class=\"adsbygoogle\" style=\"display: inline-block; width: 300px; height: 250px;\" data-ad-client=\"ca-pub-1136171134853753\" data-ad-slot=\"7974633627\"><\/ins><script>\/\/ <![CDATA[\n(adsbygoogle = window.adsbygoogle || []).push({});\n\/\/ ]]><\/script><\/p>\n<p style=\"text-align: right;\">Airbnb<\/p>\n<p>eloriente.net<\/p>\n<p>26 de diciembre de 2017<\/p>\n<p>\u00abCambiar el concepto de comprar por el de compartir es una tendencia que se fortalece d\u00eda a d\u00eda sumando miles de adeptos alrededor del mundo.<\/p>\n<p>Esto no es algo novedoso ya en la CDMX hay quienes comparten su veh\u00edculo particular con el programa implementado del \u201cHoy no circula\u201d, algunas escuelas comparten un sistema para intercambiar el desayuno de los alumnos con sus compa\u00f1eros de aula, hay consultores que comparten oficinas, rentas, equipo, tel\u00e9fonos abatiendo los costos, en\u00a0<span class=\"text_exposed_show\">comedores comunitarios se comparte las mesas y los alimentos y podr\u00edamos profundizar a\u00fan m\u00e1s en Oaxaca con nuestra milenaria tradici\u00f3n del tequio que nos ense\u00f1a a compartir nuestro esfuerzo colaborativo por un bien com\u00fan.\u00bb<\/span><\/p>\n<p>Esta semana\u00a0<a class=\"profileLink\" href=\"https:\/\/www.facebook.com\/JuanAntonioGomezCardenas?fref=mentions\" data-hovercard=\"\/ajax\/hovercard\/user.php?id=1178523739&amp;extragetparams=%7B%22fref%22%3A%22mentions%22%7D\" data-hovercard-prefer-more-content-show=\"1\">Juan Antonio G\u00f3mez C\u00e1rdenas<\/a>\u00a0nos habla sobre el modelo de negocio del Airbnb y c\u00f3mo y por qu\u00e9 se ha ido expandiendo en nuestros d\u00edas:<\/p>\n<h2>Airbnb:<\/h2>\n<p><iframe loading=\"lazy\" style=\"border: none; overflow: hidden;\" src=\"https:\/\/www.facebook.com\/plugins\/video.php?href=https%3A%2F%2Fwww.facebook.com%2F443535572345554%2Fvideos%2F1784128154952949%2F&amp;show_text=0&amp;width=560\" width=\"560\" height=\"315\" frameborder=\"0\" scrolling=\"no\" allowfullscreen=\"allowfullscreen\"><\/iframe><\/p>\n<p><script src=\"\/\/\" async=\"\"><\/script><br \/>\n <ins class=\"adsbygoogle\" style=\"display: block; text-align: center;\" data-ad-layout=\"in-article\" data-ad-format=\"fluid\" data-ad-client=\"ca-pub-1136171134853753\" data-ad-slot=\"8578966557\"><\/ins><br \/>\n<script>\/\/ <![CDATA[\n(adsbygoogle = window.adsbygoogle || []).push({});\n\/\/ ]]><\/script><\/p>\n<p>Juan Antonio G\u00f3mez C\u00e1rdenas es Licenciado en Turismo por la Universidad de Guadalajara. Cuenta tambi\u00e9n con una Maestr\u00eda en Educaci\u00f3n por el Instituto Tecnol\u00f3gico de Estudios Superiores de Monterrey.<\/p>\n<p>Fue Jefe del Departamento de Capacitaci\u00f3n y Desarrollo Tur\u00edstico de la Secretaria de Turismo del H. Ayuntamiento de Oaxaca de Ju\u00e1rez. Actualmente es Presidente de la Asociaci\u00f3n Mexicana de Profesionistas y T\u00e9cnicos en Turismo A.C. Oaxaca.<\/p>\n<p><a href=\"http:\/\/www.eloriente.net\/home\/wp-content\/uploads\/2017\/12\/JUAN-ANTONIO-GO\u0301MEZ-24-DE-DICIEMBRE-2017.jpg\" rel=\"attachment wp-att-51952\"><img loading=\"lazy\" decoding=\"async\" class=\"alignnone wp-image-51952\" src=\"http:\/\/www.eloriente.net\/home\/wp-content\/uploads\/2017\/12\/JUAN-ANTONIO-GO\u0301MEZ-24-DE-DICIEMBRE-2017-1024x576.jpg\" alt=\"JUAN ANTONIO GO\u0301MEZ 24 DE DICIEMBRE 2017\" width=\"606\" height=\"341\" srcset=\"http:\/\/www.eloriente.net\/home\/wp-content\/uploads\/2017\/12\/JUAN-ANTONIO-GO\u0301MEZ-24-DE-DICIEMBRE-2017-1024x576.jpg 1024w, http:\/\/www.eloriente.net\/home\/wp-content\/uploads\/2017\/12\/JUAN-ANTONIO-GO\u0301MEZ-24-DE-DICIEMBRE-2017-300x169.jpg 300w, http:\/\/www.eloriente.net\/home\/wp-content\/uploads\/2017\/12\/JUAN-ANTONIO-GO\u0301MEZ-24-DE-DICIEMBRE-2017-768x432.jpg 768w, http:\/\/www.eloriente.net\/home\/wp-content\/uploads\/2017\/12\/JUAN-ANTONIO-GO\u0301MEZ-24-DE-DICIEMBRE-2017.jpg 1920w\" sizes=\"(max-width: 606px) 100vw, 606px\" \/><\/a><\/p>\n<p>M\u00c1S VIDEOCOLUMNAS DE JUAN ANTONIO G\u00d3MEZ:<\/p>\n<div id=\"post-51851\" class=\"entry loop-default border_bottom_30 post-51851 post type-post status-publish format-standard has-post-thumbnail hentry category-educacion-y-cultura category-entradas category-estados category-historia category-juan-antonio-gomez category-oaxaca-estados category-principal category-turismo-y-negocios category-videoblogs tag-el-oriente tag-historia tag-juan-antonio-gomez tag-noche-de-rabanos tag-opinion tag-turismo tag-videocolumna\">\n<h2 class=\"entry_title\"><a title=\"Enlace Permanente a VIDEOCOLUMNA: La Noche de R\u00e1banos en Oaxaca 120 a\u00f1os de tradici\u00f3n. Por Juan Antonio G\u00f3mez\" href=\"http:\/\/www.eloriente.net\/home\/2017\/12\/17\/51851\/\" rel=\"bookmark\">VIDEOCOLUMNA: La Noche de R\u00e1banos en Oaxaca 120 a\u00f1os de tradici\u00f3n. Por Juan Antonio G\u00f3mez<\/a><\/h2>\n<p><a href=\"http:\/\/www.eloriente.net\/home\/2017\/12\/17\/51851\/\" rel=\"bookmark\"><img decoding=\"async\" class=\"alignleft\" title=\"VIDEOCOLUMNA: La Noche de R\u00e1banos en Oaxaca 120 a\u00f1os de tradici\u00f3n. Por Juan Antonio G\u00f3mez\" src=\"http:\/\/www.eloriente.net\/home\/wp-content\/themes\/city-desk\/timthumb.php?src=http%3A%2F%2Fwww.eloriente.net%2Fhome%2Fwp-content%2Fuploads%2F2017%2F12%2FJUAN-ANTONIO-GO%CC%81MEZ-17-DE-DICIEMBRE-2017-1-e1513619756852.jpg&amp;q=90&amp;w=160&amp;h=106&amp;zc=1\" alt=\"VIDEOCOLUMNA: La Noche de R\u00e1banos en Oaxaca 120 a\u00f1os de tradici\u00f3n. Por Juan Antonio G\u00f3mez\" \/><\/a>\u00a0 eloriente.net 17 de diciembre de 2017 \u201cEl 23 de diciembre de 1897 Don Francisco Vasconcelos, entonces presidente municipal de la ciudad de Oaxaca, inici\u00f3 a manera de concurso, una de las tradiciones y costumbres m\u00e1s representativas del siglo XIX, XX y de nuestra actualidad: La Noche de R\u00e1banos. La implant\u00f3 como una ceremonia con [\u2026]<\/p>\n<div class=\"toolbar-social\">\n<div class=\"social-widget\">\n<div id=\"sharing-widget\"><a class=\"button icon-share\">Compartir<\/a><\/div>\n<\/div>\n<\/div>\n<p class=\"postmeta\"><span class=\"meta_date\">diciembre 17, 2017<\/span><\/p>\n<\/div>\n<div id=\"post-51767\" class=\"entry loop-default border_bottom_30 post-51767 post type-post status-publish format-standard has-post-thumbnail hentry category-educacion-y-cultura category-entradas category-estados category-juan-antonio-gomez category-oaxaca-estados category-turismo-y-negocios category-videoblogs tag-educacion tag-el-oriente tag-juan-antonio-gomez tag-migracion tag-migracion-desmenuzada tag-turismo tag-videocolumna\">\n<h2 class=\"entry_title\"><a title=\"Enlace Permanente a VIDEOCOLUMNA:  La migraci\u00f3n desmenuzada. Por Juan Antonio G\u00f3mez\" href=\"http:\/\/www.eloriente.net\/home\/2017\/12\/10\/videocolumna-la-migracion-desmenuzada-juan-antonio-gomez\/\" rel=\"bookmark\">VIDEOCOLUMNA: La migraci\u00f3n desmenuzada. Por Juan Antonio G\u00f3mez<\/a><\/h2>\n<p><a href=\"http:\/\/www.eloriente.net\/home\/2017\/12\/10\/videocolumna-la-migracion-desmenuzada-juan-antonio-gomez\/\" rel=\"bookmark\"><img decoding=\"async\" class=\"alignleft\" title=\"VIDEOCOLUMNA:  La migraci\u00f3n desmenuzada. Por Juan Antonio G\u00f3mez\" src=\"http:\/\/www.eloriente.net\/home\/wp-content\/themes\/city-desk\/timthumb.php?src=http%3A%2F%2Fwww.eloriente.net%2Fhome%2Fwp-content%2Fuploads%2F2017%2F12%2FJUAN-ANTONIO-GO%CC%81MEZ-8-DE-DICIEMBRE-2017.jpg&amp;q=90&amp;w=160&amp;h=106&amp;zc=1\" alt=\"VIDEOCOLUMNA:  La migraci\u00f3n desmenuzada. Por Juan Antonio G\u00f3mez\" \/><\/a>\u00a0 eloriente.net 10 de diciembre de 2017 \u201cHace algunas semanas tuve la oportunidad de estar presente en una conferencia de la escritora Valeria Luiselli, como parte de las actividades de la Feria Internacional del Libro de Oaxaca 2017. Al conversar sobre su \u00faltimo libro \u201cLos ni\u00f1os perdidos\u201d, me llamaron mucho la atenci\u00f3n las cifras que [\u2026]<\/p>\n<div class=\"toolbar-social\">\n<div class=\"social-widget\">\n<div id=\"sharing-widget\"><a class=\"button icon-share\">Compartir<\/a><\/div>\n<\/div>\n<\/div>\n<p class=\"postmeta\"><span class=\"meta_date\">diciembre 10, 2017<\/span><\/p>\n<\/div>\n<p><script src=\"\/\/\" async=\"\"><\/script><br \/>\n <ins class=\"adsbygoogle\" style=\"display: block;\" data-ad-format=\"autorelaxed\" data-ad-client=\"ca-pub-1136171134853753\" data-ad-slot=\"4595267748\"><\/ins><br \/>\n<script>\/\/ <![CDATA[\n(adsbygoogle = window.adsbygoogle || []).push({});\n\/\/ ]]><\/script><\/p>\n\n\t\t\t  <div \n\t\t\t  \tclass = \"fb-comments\" \n\t\t\t  \tdata-href = \"http:\/\/www.eloriente.net\/home\/2017\/12\/26\/videocolumna-la-expansion-del-modelo-negocio-del-airbnb-juan-antonio-gomez\/\"\n\t\t\t  \tdata-numposts = \"10\"\n\t\t\t\tdata-colorscheme = \"dark\"\n\t\t\t\tdata-order-by = \"social\"\n\t\t\t\tdata-mobile=true>\n\t\t\t  <\/div>\n\t\t  <style>\n\t\t\t.fb_iframe_widget_fluid_desktop iframe {\n\t\t\t    width: 100% !important;\n\t\t\t}\n\t\t  <\/style>\n\t\t  ","protected":false},"excerpt":{"rendered":"<p>Airbnb eloriente.net 26 de diciembre de 2017 \u00abCambiar el concepto de comprar por el de compartir es una tendencia que se fortalece d\u00eda a d\u00eda sumando miles de adeptos alrededor del mundo. Esto no es algo novedoso ya en la CDMX hay quienes comparten su veh\u00edculo particular con el programa implementado del \u201cHoy no circula\u201d, [&hellip;]<\/p>\n","protected":false},"author":44,"featured_media":51952,"comment_status":"open","ping_status":"open","sticky":false,"template":"","format":"standard","meta":{"_jetpack_memberships_contains_paid_content":false,"footnotes":""},"categories":[2435,49,64,18,32,63,5297,7858,10,24,19,98],"tags":[8905,8545,7859,8892,197],"class_list":["post-51951","post","type-post","status-publish","format-standard","has-post-thumbnail","hentry","category-miercolesdeeconomia","category-destacadas","category-distrito-federal","category-educacion-y-cultura","category-entradas","category-estados","category-historia","category-juan-antonio-gomez","category-lo-mas-reciente","category-mexico-y-el-mundo","category-turismo-y-negocios","category-videoblogs","tag-airbnb","tag-compartir","tag-juan-antonio-gomez","tag-nuevo-modelo","tag-opinion"],"jetpack_featured_media_url":"http:\/\/www.eloriente.net\/home\/wp-content\/uploads\/2017\/12\/JUAN-ANTONIO-GO\u0301MEZ-24-DE-DICIEMBRE-2017.jpg","jetpack_sharing_enabled":true,"_links":{"self":[{"href":"http:\/\/www.eloriente.net\/home\/wp-json\/wp\/v2\/posts\/51951"}],"collection":[{"href":"http:\/\/www.eloriente.net\/home\/wp-json\/wp\/v2\/posts"}],"about":[{"href":"http:\/\/www.eloriente.net\/home\/wp-json\/wp\/v2\/types\/post"}],"author":[{"embeddable":true,"href":"http:\/\/www.eloriente.net\/home\/wp-json\/wp\/v2\/users\/44"}],"replies":[{"embeddable":true,"href":"http:\/\/www.eloriente.net\/home\/wp-json\/wp\/v2\/comments?post=51951"}],"version-history":[{"count":2,"href":"http:\/\/www.eloriente.net\/home\/wp-json\/wp\/v2\/posts\/51951\/revisions"}],"predecessor-version":[{"id":51990,"href":"http:\/\/www.eloriente.net\/home\/wp-json\/wp\/v2\/posts\/51951\/revisions\/51990"}],"wp:featuredmedia":[{"embeddable":true,"href":"http:\/\/www.eloriente.net\/home\/wp-json\/wp\/v2\/media\/51952"}],"wp:attachment":[{"href":"http:\/\/www.eloriente.net\/home\/wp-json\/wp\/v2\/media?parent=51951"}],"wp:term":[{"taxonomy":"category","embeddable":true,"href":"http:\/\/www.eloriente.net\/home\/wp-json\/wp\/v2\/categories?post=51951"},{"taxonomy":"post_tag","embeddable":true,"href":"http:\/\/www.eloriente.net\/home\/wp-json\/wp\/v2\/tags?post=51951"}],"curies":[{"name":"wp","href":"https:\/\/api.w.org\/{rel}","templated":true}]}}