{"id":51966,"date":"2017-12-28T17:50:41","date_gmt":"2017-12-28T23:50:41","guid":{"rendered":"http:\/\/www.eloriente.net\/home\/?p=51966"},"modified":"2017-12-30T13:09:24","modified_gmt":"2017-12-30T19:09:24","slug":"videocolumna-la-ley-seguridad-acto-previo-criminalidad-rodolfo-moreno","status":"publish","type":"post","link":"http:\/\/www.eloriente.net\/home\/2017\/12\/28\/videocolumna-la-ley-seguridad-acto-previo-criminalidad-rodolfo-moreno\/","title":{"rendered":"VIDEOCOLUMNA: Ley de Seguridad Interior como acto previo de criminalidad. Por Rodolfo Moreno"},"content":{"rendered":"<p><script src=\"\/\/pagead2.googlesyndication.com\/pagead\/js\/adsbygoogle.js\" async=\"\"><\/script><!-- BANNER ELORIENTE INCRUSTADO NOTAS --> <ins class=\"adsbygoogle\" style=\"display: inline-block; width: 300px; height: 250px;\" data-ad-client=\"ca-pub-1136171134853753\" data-ad-slot=\"7974633627\"><\/ins><script>\/\/ <![CDATA[\n(adsbygoogle = window.adsbygoogle || []).push({});\n\/\/ ]]><\/script><\/p>\n<p style=\"text-align: right;\"><em>Ley de Seguridad<\/em><\/p>\n<p>eloriente.net<\/p>\n<p>28 de diciembre de 2017<\/p>\n<p>\u00abA pesar de los reclamos, se aprob\u00f3 y hasta se public\u00f3 la Ley de Seguridad Interior. No fueron suficientes las observaciones de car\u00e1cter internacional y voces ciudadanas de oposici\u00f3n. La propia Comisi\u00f3n Nacional de Derechos Humanos ha anunciado que espera su publicaci\u00f3n para promover las acciones legales correspondientes en contra de la misma.<\/p>\n<p>Resulta inaudito que una ley de este tipo haya sido publicada. En primer lugar, porque destacan sus deficiencias t\u00e9cnicas, en segundo lugar por la violaci\u00f3n latente que hay en contra de los derechos humanos y finalmente por su falta de legitimidad.\u00bb<\/p>\n<p>Esta semana el doctor Rodolfo Moreno\u200b nos habla, desde la perspectiva de los derechos humanos, sobre la<\/p>\n<h2>Ley de Seguridad Interior:<\/h2>\n<p><span class=\"embed-youtube\" style=\"text-align:center; display: block;\"><iframe loading=\"lazy\" class=\"youtube-player\" width=\"640\" height=\"360\" src=\"https:\/\/www.youtube.com\/embed\/sC9XZhPBj1Q?version=3&#038;rel=1&#038;showsearch=0&#038;showinfo=1&#038;iv_load_policy=1&#038;fs=1&#038;hl=es-ES&#038;autohide=2&#038;wmode=transparent\" allowfullscreen=\"true\" style=\"border:0;\" sandbox=\"allow-scripts allow-same-origin allow-popups allow-presentation allow-popups-to-escape-sandbox\"><\/iframe><\/span><\/p>\n<p><script src=\"\/\/\" async=\"\"><\/script><br \/>\n <ins class=\"adsbygoogle\" style=\"display: block; text-align: center;\" data-ad-layout=\"in-article\" data-ad-format=\"fluid\" data-ad-client=\"ca-pub-1136171134853753\" data-ad-slot=\"8578966557\"><\/ins><br \/>\n<script>\/\/ <![CDATA[\n(adsbygoogle = window.adsbygoogle || []).push({});\n\/\/ ]]><\/script><\/p>\n<p>Rodolfo Moreno Cruz es profesor en la Universidad Aut\u00f3noma Benito Ju\u00e1rez de Oaxaca y cuenta con estudios de posgrado en Estado de Derecho y Derechos Humanos por la Universidad Alcal\u00e1 de Henares y en Metodolog\u00eda y herramientas para la investigaci\u00f3n por la Universidad Complutense de Madrid; as\u00ed como un doctorado en derechos fundamentales por la Universidad Carlos III de Madrid.<\/p>\n<p><a href=\"http:\/\/www.eloriente.net\/home\/wp-content\/uploads\/2017\/12\/RODOLFO-MORENO-27-DE-DICIEMBRE-2017.jpg\" rel=\"attachment wp-att-51968\"><img loading=\"lazy\" decoding=\"async\" class=\"alignnone wp-image-51968\" src=\"http:\/\/www.eloriente.net\/home\/wp-content\/uploads\/2017\/12\/RODOLFO-MORENO-27-DE-DICIEMBRE-2017-1024x576.jpg\" alt=\"RODOLFO MORENO 27 DE DICIEMBRE 2017\" width=\"604\" height=\"340\" srcset=\"http:\/\/www.eloriente.net\/home\/wp-content\/uploads\/2017\/12\/RODOLFO-MORENO-27-DE-DICIEMBRE-2017-1024x576.jpg 1024w, http:\/\/www.eloriente.net\/home\/wp-content\/uploads\/2017\/12\/RODOLFO-MORENO-27-DE-DICIEMBRE-2017-300x169.jpg 300w, http:\/\/www.eloriente.net\/home\/wp-content\/uploads\/2017\/12\/RODOLFO-MORENO-27-DE-DICIEMBRE-2017-768x432.jpg 768w, http:\/\/www.eloriente.net\/home\/wp-content\/uploads\/2017\/12\/RODOLFO-MORENO-27-DE-DICIEMBRE-2017.jpg 1920w\" sizes=\"(max-width: 604px) 100vw, 604px\" \/><\/a><\/p>\n<p>OTRAS ENTRADAS:<\/p>\n<div class=\"featuredpost\">\n<div class=\"flow_hide\">\n<h2 class=\"posttitle bigposttitle\"><a title=\"Enlace Permanente a VIDEOCOLUMNA: Qu\u00edmica Medicinal: Nuevas alternativas terap\u00e9uticas. Por Adriana Moreno\" href=\"http:\/\/www.eloriente.net\/home\/2017\/12\/26\/videocolumna-quimica-medicinal-nuecas-alternativas-terapeuticas-adriana-moreno\/\" rel=\"bookmark\">VIDEOCOLUMNA: Qu\u00edmica Medicinal: Nuevas alternativas terap\u00e9uticas. Por Adriana Moreno<\/a><\/h2>\n<\/div>\n<p>Qu\u00edmica Medicinal eloriente.net 26 de diciembre de 2017 \u201cLa Qu\u00edmica Medicinal tiene como objetivos la identificaci\u00f3n, s\u00edntesis y el desarrollo de nuevos compuestos qu\u00edmicos que sean adecuados para\u2026<\/p>\n<p class=\"postmeta\"><span class=\"meta_date\">diciembre 26, 2017<\/span><\/p>\n<div class=\"toolbar-social\">\n<div class=\"social-widget\">\n<div id=\"sharing-widget\"><a class=\"button icon-share\">Compartir<\/a><\/div>\n<\/div>\n<\/div>\n<\/div>\n<div class=\"featuredpost\">\n<div class=\"flow_hide\"><a href=\"http:\/\/www.eloriente.net\/home\/2017\/12\/21\/necesario-cambiar-la-politica-paola-gutierrez\/\" rel=\"bookmark\"><img decoding=\"async\" class=\"alignleft\" title=\"Es necesario cambiar la pol\u00edtica: Paola Guti\u00e9rrez\" src=\"http:\/\/www.eloriente.net\/home\/wp-content\/themes\/city-desk\/timthumb.php?src=http%3A%2F%2Fwww.eloriente.net%2Fhome%2Fwp-content%2Fuploads%2F2017%2F12%2Fpaola-gutierrez.jpeg&amp;q=90&amp;w=70&amp;h=45&amp;zc=1\" alt=\"Es necesario cambiar la pol\u00edtica: Paola Guti\u00e9rrez\" \/><\/a><\/p>\n<h2 class=\"posttitle \"><a title=\"Enlace Permanente a Es necesario cambiar la pol\u00edtica: Paola Guti\u00e9rrez\" href=\"http:\/\/www.eloriente.net\/home\/2017\/12\/21\/necesario-cambiar-la-politica-paola-gutierrez\/\" rel=\"bookmark\">Es necesario cambiar la pol\u00edtica: Paola Guti\u00e9rrez<\/a><\/h2>\n<\/div>\n<p>Los diputados no s\u00f3lo sabemos legislar, tambi\u00e9n sabemos hacer gesti\u00f3n social: Paola Guti\u00e9rrez Galindo Por:\u00a0Carina Garc\u00eda* La diputada por la LXIII Legislatura Local Paola Guti\u00e9rrez Galindo fue contundente\u2026<\/p>\n<p class=\"postmeta\"><span class=\"meta_date\">diciembre 21, 2017<\/span><\/p>\n<\/div>\n<p><script src=\"\/\/\" async=\"\"><\/script><\/p>\n<div class=\"flow_hide\">\n<h2 class=\"posttitle \"><a title=\"Enlace Permanente a \u00a1No puedes dejar de ir!; del 21 al 27 de diciembre\" href=\"http:\/\/www.eloriente.net\/home\/2017\/12\/21\/no-puedes-dejar-ir-del-21-al-27-diciembre\/\" rel=\"bookmark\">\u00a1No puedes dejar de ir!; del 21 al 27 de diciembre<\/a><\/h2>\n<\/div>\n<p>Agenda Cultural Oaxaca (www.eloriente.net, M\u00e9xico, a 21 de diciembre de 2017. Por: Jessica Lamadrid).- Se acerca una de las festividades m\u00e1s importantes del mes y con ella actividades\u2026<\/p>\n<p><span class=\"meta_date\">diciembre 21, 2017<\/span><\/p>\n<div class=\"toolbar-social\"><\/div>\n<p> <ins class=\"adsbygoogle\" style=\"display: block;\" data-ad-format=\"autorelaxed\" data-ad-client=\"ca-pub-1136171134853753\" data-ad-slot=\"4595267748\"><\/ins><br \/>\n<script>\/\/ <![CDATA[\n(adsbygoogle = window.adsbygoogle || []).push({});\n\/\/ ]]><\/script><\/p>\n\n\t\t\t  <div \n\t\t\t  \tclass = \"fb-comments\" \n\t\t\t  \tdata-href = \"http:\/\/www.eloriente.net\/home\/2017\/12\/28\/videocolumna-la-ley-seguridad-acto-previo-criminalidad-rodolfo-moreno\/\"\n\t\t\t  \tdata-numposts = \"10\"\n\t\t\t\tdata-colorscheme = \"dark\"\n\t\t\t\tdata-order-by = \"social\"\n\t\t\t\tdata-mobile=true>\n\t\t\t  <\/div>\n\t\t  <style>\n\t\t\t.fb_iframe_widget_fluid_desktop iframe {\n\t\t\t    width: 100% !important;\n\t\t\t}\n\t\t  <\/style>\n\t\t  ","protected":false},"excerpt":{"rendered":"<p>Ley de Seguridad eloriente.net 28 de diciembre de 2017 \u00abA pesar de los reclamos, se aprob\u00f3 y hasta se public\u00f3 la Ley de Seguridad Interior. No fueron suficientes las observaciones de car\u00e1cter internacional y voces ciudadanas de oposici\u00f3n. La propia Comisi\u00f3n Nacional de Derechos Humanos ha anunciado que espera su publicaci\u00f3n para promover las acciones [&hellip;]<\/p>\n","protected":false},"author":44,"featured_media":51968,"comment_status":"open","ping_status":"open","sticky":false,"template":"","format":"standard","meta":{"_jetpack_memberships_contains_paid_content":false,"footnotes":""},"categories":[91,22,32,13,10,21,6256,98],"tags":[4870,217,8818,6380,6224],"class_list":["post-51966","post","type-post","status-publish","format-standard","has-post-thumbnail","hentry","category-congreso-y-justicia","category-derechos-humanos","category-entradas","category-especiales","category-lo-mas-reciente","category-politica-y-gobierno","category-rodolfo-moreno","category-videoblogs","tag-comision-nacional-de-derechos-humanos","tag-derechos-humanos-2","tag-ley-de-seguridad-interior","tag-rodolfo-moreno","tag-videocolumna"],"jetpack_featured_media_url":"http:\/\/www.eloriente.net\/home\/wp-content\/uploads\/2017\/12\/RODOLFO-MORENO-27-DE-DICIEMBRE-2017.jpg","jetpack_sharing_enabled":true,"_links":{"self":[{"href":"http:\/\/www.eloriente.net\/home\/wp-json\/wp\/v2\/posts\/51966"}],"collection":[{"href":"http:\/\/www.eloriente.net\/home\/wp-json\/wp\/v2\/posts"}],"about":[{"href":"http:\/\/www.eloriente.net\/home\/wp-json\/wp\/v2\/types\/post"}],"author":[{"embeddable":true,"href":"http:\/\/www.eloriente.net\/home\/wp-json\/wp\/v2\/users\/44"}],"replies":[{"embeddable":true,"href":"http:\/\/www.eloriente.net\/home\/wp-json\/wp\/v2\/comments?post=51966"}],"version-history":[{"count":2,"href":"http:\/\/www.eloriente.net\/home\/wp-json\/wp\/v2\/posts\/51966\/revisions"}],"predecessor-version":[{"id":51991,"href":"http:\/\/www.eloriente.net\/home\/wp-json\/wp\/v2\/posts\/51966\/revisions\/51991"}],"wp:featuredmedia":[{"embeddable":true,"href":"http:\/\/www.eloriente.net\/home\/wp-json\/wp\/v2\/media\/51968"}],"wp:attachment":[{"href":"http:\/\/www.eloriente.net\/home\/wp-json\/wp\/v2\/media?parent=51966"}],"wp:term":[{"taxonomy":"category","embeddable":true,"href":"http:\/\/www.eloriente.net\/home\/wp-json\/wp\/v2\/categories?post=51966"},{"taxonomy":"post_tag","embeddable":true,"href":"http:\/\/www.eloriente.net\/home\/wp-json\/wp\/v2\/tags?post=51966"}],"curies":[{"name":"wp","href":"https:\/\/api.w.org\/{rel}","templated":true}]}}