{"id":51993,"date":"2017-12-31T09:09:51","date_gmt":"2017-12-31T15:09:51","guid":{"rendered":"http:\/\/www.eloriente.net\/home\/?p=51993"},"modified":"2018-01-03T12:14:26","modified_gmt":"2018-01-03T18:14:26","slug":"lo-mas-visto-en-2017","status":"publish","type":"post","link":"http:\/\/www.eloriente.net\/home\/2017\/12\/31\/lo-mas-visto-en-2017\/","title":{"rendered":"Lo m\u00e1s visto en 2017 en EL ORIENTE"},"content":{"rendered":"<p><script src=\"\/\/pagead2.googlesyndication.com\/pagead\/js\/adsbygoogle.js\" async=\"\"><\/script><!-- BANNER ELORIENTE INCRUSTADO NOTAS --> <ins class=\"adsbygoogle\" style=\"display: inline-block; width: 300px; height: 250px;\" data-ad-client=\"ca-pub-1136171134853753\" data-ad-slot=\"7974633627\"><\/ins><script>\/\/ <![CDATA[\n(adsbygoogle = window.adsbygoogle || []).push({});\n\/\/ ]]><\/script><\/p>\n<p style=\"text-align: right;\"><em>Lo m\u00e1s visto en 2017<\/em><\/p>\n<p>(eloriente.net, M\u00e9xico, a 31 de diciembre de 2017, por: Fernando Garc\u00eda Osorio).- El 2017 estuvo lleno de reflexiones y sucesos de gran intensidad. Fue como si todo se hubiera dispuesto para que los mejores y los peores momentos se reunieran en solo 365 d\u00edas. Desde los momentos delicados de los <a href=\"http:\/\/www.eloriente.net\/home\/2017\/09\/11\/la-cultura-7-septiembre-juan-pablo-vasconcelos\/\" target=\"_blank\">terremotos de septiembre<\/a>, hasta los excelsos pasajes de la cultura y el <a href=\"http:\/\/www.eloriente.net\/home\/2017\/10\/23\/la-cultura-festivales-culturales-mexico-cerrar-2017-juan-pablo-vasconcelos\/\" target=\"_blank\">arte de festivales en M\u00e9xico<\/a> y el mundo.<\/p>\n<p>En ELORIENTE.NET como cada a\u00f1o, nos mantenemos alegres y satisfechos por la calidad de nuestros lectores, que en 2017 remarcaron su gusto por la cultura, la educaci\u00f3n, el <a href=\"http:\/\/www.eloriente.net\/home\/2017\/11\/23\/5-peliculas-cuidado-del-medio-ambiente\/\" target=\"_blank\">medio ambiente <\/a>y el <a href=\"http:\/\/www.eloriente.net\/home\/2017\/12\/04\/videocolumna-consejo-consultivo-turismo-las-reglas-del-juego-juan-antonio-gomez\/\" target=\"_blank\">turismo<\/a> como sus gustos principales.<\/p>\n<p>Es decir, lectores inteligentes, afectos a <a href=\"http:\/\/www.eloriente.net\/home\/2017\/12\/12\/videocolumna-nuevas-terapias-cancer-veronica-vasquez-garzon\/\" target=\"_blank\">la investigaci\u00f3n<\/a>, los hallazgos, la experiencia y las revelaciones de la vida.<\/p>\n<p>Por ello, te dejamos aqu\u00ed la lista de sus 10 entradas favoritas en este a\u00f1o, para que puedas incluso hacer un repaso de d\u00f3nde estuvo el \u00e9nfasis este \u00faltimo ciclo. Adem\u00e1s, te comentamos que son \u00fanicamente las m\u00e1s vistas en la p\u00e1gina, pero en nuestras redes sociales (en facebook por ejemplo) la situaci\u00f3n cambi\u00f3, por lo cual te recomendamos revisar tambi\u00e9n ese otro ranking.<\/p>\n<h2>Lo m\u00e1s visto en 2017 en EL ORIENTE<\/h2>\n<p><a href=\"http:\/\/www.eloriente.net\/home\/?x=0&amp;y=0&amp;s=5+pasos\" target=\"_blank\">10. 5 Pasos para llegar a Yosond\u00faa<\/a><\/p>\n<p>Si lo que deseas es conocer, pasear o experimentar Oaxaca, en EL ORIENTE encontrar\u00e1s la direcci\u00f3n correcta. Este a\u00f1o, reforzamos el contenido de destinos y recomendaciones, sabiendo que son de tus favoritos. La serie 5 pasos de <a href=\"http:\/\/www.eloriente.net\/home\/2017\/12\/06\/tres-lugares-cambiar-aires-practicamente-seguir-la-ciudad\/\" target=\"_blank\">Senderos Oaxaca<\/a>, producida por <a href=\"http:\/\/www.eloriente.net\/home\/2016\/03\/11\/turismo-oaxaca-un-continente-de-donde-vienen-los-turistas-nacionales-que-nos-visitan-por-angel-osorio\/\" target=\"_blank\">\u00c1ngel Osorio<\/a>, se consolid\u00f3 ya con renovados recorridos y rutas. Te recomendamos revisitarlos en 2018. No te arrepentir\u00e1s de conocer tu tierra y \u00a0lugares como: <a href=\"http:\/\/www.eloriente.net\/home\/2016\/09\/30\/oaxaca-5-pasos-para-llegar-a-ixtepeji\/\" target=\"_blank\">Ixtepeji<\/a>, <a href=\"http:\/\/www.eloriente.net\/home\/2016\/07\/01\/oaxaca-5-pasos-para-llegar-a-piedra-de-agua\/\" target=\"_blank\">Piedra de Agua<\/a> o <a href=\"http:\/\/www.eloriente.net\/home\/2016\/11\/10\/oaxaca-5-pasos-para-llegar-a-quiotepec\/\" target=\"_blank\">Quiotepec<\/a>.<\/p>\n<p>&nbsp;<\/p>\n<blockquote class=\"twitter-tweet\" data-lang=\"es\">\n<p dir=\"ltr\" lang=\"es\">OAXACA: 5 Pasos para llegar a Yosond\u00faa <a href=\"https:\/\/t.co\/DUiIGCgCEk\">https:\/\/t.co\/DUiIGCgCEk<\/a> <a href=\"https:\/\/twitter.com\/hashtag\/Turismo?src=hash&amp;ref_src=twsrc%5Etfw\">#Turismo<\/a><\/p>\n<p>\u2014 El Oriente (@El_Oriente) <a href=\"https:\/\/twitter.com\/El_Oriente\/status\/945449099096096768?ref_src=twsrc%5Etfw\">26 de diciembre de 2017<\/a><\/p><\/blockquote>\n<p>&nbsp;<\/p>\n<p><script src=\"https:\/\/platform.twitter.com\/widgets.js\" async=\"\" charset=\"utf-8\"><\/script><\/p>\n<p><a href=\"http:\/\/www.eloriente.net\/home\/category\/colaboradores\/diego-gonzalez-algara\/\" target=\"_blank\">9. ENSE\u00d1ANZA Y APRENDIZAJE DEL INGL\u00c9S<\/a><\/p>\n<p>El talentoso <a href=\"http:\/\/www.eloriente.net\/home\/category\/colaboradores\/diego-gonzalez-algara\/\" target=\"_blank\">Diego Gonz\u00e1lez Algara<\/a> durante varias semanas nos ha encaminado por un oriente de enorme utilidad en nuestros d\u00edas: el estudio del idioma. Por ello, nuestros lectores le han premiado con estupendos n\u00fameros de consultas. Aunque no son los \u00fanicos temas que aborda, son tus preferidos.<\/p>\n<p>Aqu\u00ed un ejemplo, aunque puedes dar click en el t\u00edtulo para ver m\u00e1s entradas:<\/p>\n<h2 class=\"entry_title\"><a title=\"Enlace Permanente a EDUCACI\u00d3N: \u00bfCu\u00e1ntas horas, meses, a\u00f1os para aprender ingl\u00e9s u otro idioma? Por Diego Gonz\u00e1lez Algara\" href=\"http:\/\/www.eloriente.net\/home\/2017\/02\/20\/educacion-cuantas-horas-meses-anos-aprender-ingles-u-idioma-diego-gonzalez-algara\/\" rel=\"bookmark\">EDUCACI\u00d3N: \u00bfCu\u00e1ntas horas, meses, a\u00f1os para aprender ingl\u00e9s u otro idioma? Por Diego Gonz\u00e1lez Algara<\/a><\/h2>\n<p><a href=\"http:\/\/www.eloriente.net\/home\/2017\/02\/20\/educacion-cuantas-horas-meses-anos-aprender-ingles-u-idioma-diego-gonzalez-algara\/\" rel=\"bookmark\"><img decoding=\"async\" class=\"alignleft\" title=\"EDUCACI\u00d3N: \u00bfCu\u00e1ntas horas, meses, a\u00f1os para aprender ingl\u00e9s u otro idioma? Por Diego Gonz\u00e1lez Algara\" src=\"http:\/\/www.eloriente.net\/home\/wp-content\/themes\/city-desk\/timthumb.php?src=http%3A%2F%2Fwww.eloriente.net%2Fhome%2Fwp-content%2Fuploads%2F2017%2F02%2F7658268052_20211013cb_k.jpg&amp;q=90&amp;w=160&amp;h=106&amp;zc=1\" alt=\"EDUCACI\u00d3N: \u00bfCu\u00e1ntas horas, meses, a\u00f1os para aprender ingl\u00e9s u otro idioma? Por Diego Gonz\u00e1lez Algara\" \/><\/a><\/p>\n<p>(www.eloriente.net, M\u00e9xico, a 20 de febrero de 2017, por Diego Gonz\u00e1lez Algara).- Con orden y tiempo se encuentra el secreto de hacerlo todo, y de hacerlo bien Pit\u00e1goras En este breve art\u00edculo buscamos dar respuesta a esta complicada pregunta. \u00bfCu\u00e1ntas horas, meses, a\u00f1os para aprender ingl\u00e9s u otro idioma?. Ya que adem\u00e1s de un [\u2026]<\/p>\n<div class=\"toolbar-social\">\n<div class=\"social-widget\">\n<div id=\"sharing-widget\"><a class=\"button icon-share\">Compartir<\/a><\/div>\n<\/div>\n<\/div>\n<div><\/div>\n<div><a href=\"http:\/\/www.eloriente.net\/home\/2012\/07\/16\/mexico-uno-de-los-5-paises-megadiversos-del-mundo-y-oaxaca-el-estado-mas-biodiverso-del-pais-2\/\" target=\"_blank\">8. BIODIVERSIDAD EN OAXACA, LA MAYOR DE M\u00c9XICO<\/a><\/div>\n<div><\/div>\n<div>Otro de los intereses centrales de nuestros lectores son los temas relacionados con el medio ambiente y el activismo que le rodea. Tanto M\u00e9xico como Oaxaca en particular cuentan con una biodiversidad envidiable, as\u00ed que nuestro material es inagotable.<\/div>\n<div><\/div>\n<div>De hecho, estamos reforzando estos temas con las colaboraciones de expertos y personas dedicadas a esas tareas. Hemos publicado por ejemplo textos en alianza con <a href=\"http:\/\/www.eloriente.net\/home\/2012\/07\/16\/mexico-uno-de-los-5-paises-megadiversos-del-mundo-y-oaxaca-el-estado-mas-biodiverso-del-pais-2\/\" target=\"_blank\">WWF M\u00e9xico<\/a>, as\u00ed como la participaci\u00f3n de Jessica Lamadrid, <a href=\"http:\/\/www.eloriente.net\/home\/category\/colaboradores\/jarumy-esmeralda-mendez-reyes\/\" target=\"_blank\">Jarumy M\u00e9ndez<\/a> y Guillermo Ortega, entre otros.<\/div>\n<div><\/div>\n<div><a href=\"http:\/\/www.eloriente.net\/home\/2015\/03\/23\/que-paso-el-24-de-marzo-de-1976-en-argentina-la-dictadura\/\" target=\"_blank\">7.\u00a0\u00bfQU\u00c9 PAS\u00d3 EL 24 DE MARZO DE 1976 EN ARGENTINA? LA DICTADURA<\/a><\/div>\n<div>Este 2017, nos visitaron en ELORIENTE.NET lectores de 144 pa\u00edses. Siempre estaremos agradecidos por ello:<\/div>\n<div><\/div>\n<div><a href=\"http:\/\/www.eloriente.net\/home\/wp-content\/uploads\/2017\/12\/Captura-de-pantalla-2017-12-31-a-las-08.27.11.png\" rel=\"attachment wp-att-51994\"><img loading=\"lazy\" decoding=\"async\" class=\"alignnone size-full wp-image-51994\" src=\"http:\/\/www.eloriente.net\/home\/wp-content\/uploads\/2017\/12\/Captura-de-pantalla-2017-12-31-a-las-08.27.11.png\" alt=\"Lo m\u00e1s visto en 2017 Listado de Paises visitantes eloriente.net\" width=\"201\" height=\"572\" srcset=\"http:\/\/www.eloriente.net\/home\/wp-content\/uploads\/2017\/12\/Captura-de-pantalla-2017-12-31-a-las-08.27.11.png 201w, http:\/\/www.eloriente.net\/home\/wp-content\/uploads\/2017\/12\/Captura-de-pantalla-2017-12-31-a-las-08.27.11-105x300.png 105w\" sizes=\"(max-width: 201px) 100vw, 201px\" \/><\/a><\/div>\n<div><\/div>\n<div>Sin embargo, doblemente agradecidos con nuestros hermanos de Iberoam\u00e9rica, que todos los d\u00edas vienen a nuestro contenido para enlazarnos a trav\u00e9s de la cultura y el conocimiento. En este caso, nuestros hermanos argentinos siempre est\u00e1n \u00e1vidos de entender a su propio pa\u00eds y al continente.<\/div>\n<div><\/div>\n<div><a href=\"http:\/\/www.eloriente.net\/home\/?x=0&amp;y=0&amp;s=festivales\" target=\"_blank\">6. LOS FESTIVALES CULTURALES M\u00c1S IMPORTANTES<\/a><\/div>\n<div><\/div>\n<div>Todos los a\u00f1os, en EL ORIENTE hacemos un repaso a las expresiones y festivales culturales del mundo m\u00e1s importantes, sabedores del gusto de nuestros lectores por estas expresiones. Para 2017, fue <a href=\"http:\/\/www.eloriente.net\/home\/2017\/10\/30\/la-cultura-festivales-culturales-cerrar-2017-2-juan-pablo-vasconcelos\/\" target=\"_blank\">Juan Pablo Vasconcelos <\/a>quien nos adentr\u00f3 en recomendaciones sobre todo para cerrar el a\u00f1o.<\/div>\n<div><\/div>\n<div>Pero las listas las efectuamos desde a\u00f1os atr\u00e1s. Te recomendamos revisarlas para que vayas tambi\u00e9n realizando tu agenda para el a\u00f1o que comienza.<\/div>\n<div><\/div>\n<p><script src=\"\/\/pagead2.googlesyndication.com\/pagead\/js\/adsbygoogle.js\" async=\"\"><\/script><br \/>\n<ins class=\"adsbygoogle\" style=\"display: block; text-align: center;\" data-ad-layout=\"in-article\" data-ad-format=\"fluid\" data-ad-client=\"ca-pub-1136171134853753\" data-ad-slot=\"8578966557\"><\/ins><br \/>\n<script>\/\/ <![CDATA[\n(adsbygoogle\u00a0=\u00a0window.adsbygoogle\u00a0||\u00a0[]).push({});\n\/\/ ]]><\/script><\/p>\n<div><\/div>\n<h2><a href=\"http:\/\/www.eloriente.net\/home\/2016\/02\/06\/cultura-10-artistas-oaxaquenos-que-debes-conocer\/\" target=\"_blank\">5. 10 ARTISTAS OAXAQUE\u00d1OS QUE DEBES CONOCER<\/a><\/h2>\n<div><\/div>\n<div>Una selecci\u00f3n de Valery L\u00f3pez se convirti\u00f3 en el n\u00famero 5 de nuestra lista anual. Es equilibrada y tiene hallazgos muy interesantes. No deja de ser por cierto, como todas las listas, una ventana al gran panorama musical de Oaxaca, que resulta de primera l\u00ednea.<\/div>\n<div><\/div>\n<div>Aqu\u00ed, podr\u00e1s encontrar (como muestra) a: <a href=\"http:\/\/www.eloriente.net\/home\/2015\/05\/03\/tenor-oaxaqueno-luis-adrian-cruz-y-la-jueza-arisbe-bolanos-en-todo-oaxaca-radio-27abr15\/\">Luis Adri\u00e1n<\/a>, Jean Venegas, Bajo mis manos y Rodrigo Petate.<\/div>\n<div><\/div>\n<div><\/div>\n<p><iframe loading=\"lazy\" src=\"https:\/\/www.youtube.com\/embed\/2ck3eft4yPE\" width=\"560\" height=\"315\" frameborder=\"0\" allowfullscreen=\"allowfullscreen\"><\/iframe><\/p>\n<div><\/div>\n<div>De estos y otros artistas, te acercamos luego sus redes sociales y modos de contacto, para que tengas v\u00ednculo directo con cada uno de ellos. Para acceder a sus redes, <a href=\"http:\/\/www.eloriente.net\/home\/2016\/01\/18\/oaxaca-20-cuentas-de-musicos-oaxaquenos-imperdibles\/\" target=\"_blank\">da click AQU\u00cd<\/a>.<\/div>\n<div><\/div>\n<div><a href=\"http:\/\/www.eloriente.net\/home\/2013\/07\/06\/15-consejos-para-cuidar-el-medio-ambiente-desde-el-hogar\/\" target=\"_blank\">4. 15 CONSEJOS PARA CUIDAR EL MEDIO AMBIENTE<\/a><\/div>\n<div><\/div>\n<div>\u00abEn la naturaleza no hay recompensas y castigos, solo consecuencias\u00bb, dec\u00eda Robert Green, por ello, nuestros lectores \u00e1vidos de c\u00f3mo podemos ayudar a los dem\u00e1s (que es uno de los principios fundadores de ELORIENTE.NET), pusieron entre sus principales consultas a esta entrada pr\u00e1ctica y \u00fatil para todos.<\/div>\n<div><\/div>\n<div><a href=\"http:\/\/www.eloriente.net\/home\/2017\/09\/08\/elecciones-inicia-formalmente-proceso-electoral-federal-2017-2018\/\" target=\"_blank\">3. LOS NUEVOS DISTRITOS ELECTORALES<\/a><\/div>\n<div><\/div>\n<div>Toda la cobertura de elecciones y comicios, no solo en M\u00e9xico sino en todo el planeta siempre est\u00e1 presente en nuestros intereses y en nuestros lectores.<\/div>\n<div>De hecho, esa ha sido la raz\u00f3n por la cual abrimos una cuenta especial en twitter: @EleccionesOax, donde puedes seguir comentarios y posiciones en tiempo real sobre este importante tema de la vida nacional, m\u00e1s a\u00fan en 2018.<\/div>\n<div><\/div>\n<div><\/div>\n<blockquote class=\"twitter-tweet\" data-lang=\"es\">\n<p dir=\"ltr\" lang=\"es\">Con nombres y apellidos los legisladores que completaron el qu\u00f3rum para votar <a href=\"https:\/\/twitter.com\/hashtag\/LeyDeSeguridadInterior?src=hash&amp;ref_src=twsrc%5Etfw\">#LeyDeSeguridadInterior<\/a> <a href=\"https:\/\/t.co\/xpb7gCx4UT\">https:\/\/t.co\/xpb7gCx4UT<\/a><\/p>\n<p>\u2014 Elecciones Oaxaca (@EleccionesOax) <a href=\"https:\/\/twitter.com\/EleccionesOax\/status\/942069179800326145?ref_src=twsrc%5Etfw\">16 de diciembre de 2017<\/a><\/p><\/blockquote>\n<p><script src=\"https:\/\/platform.twitter.com\/widgets.js\" async=\"\" charset=\"utf-8\"><\/script><\/p>\n<div><\/div>\n<p><a href=\"http:\/\/www.eloriente.net\/home\/2016\/02\/03\/medio-ambiente-ocho-son-las-areas-naturales-protegidas-en-oaxaca\/\" target=\"_blank\">2. OCHO SON LAS \u00c1REAS NATURALES PROTEGIDAS EN OAXACA<\/a><\/p>\n<p>Uno a veces cree que conoce Oaxaca. Pero en muchas ocasiones, salvo contadas excepciones, estamos muy lejos de conocer y apreciar las riquezas y tesoros de nuestra tierra, como los tesoros naturales principalmente.<\/p>\n<p>Por ello, en su momento nos dimos a la tarea de registrar y hacerte saber detalles de las \u00e1reas naturales que est\u00e1n en resguardo y que guardan en su seno verdaderos hallazgos del medio ambiente. Disfr\u00fatalos, vis\u00edtalos, con\u00f3celos.<\/p>\n<p>&nbsp;<\/p>\n<p><iframe loading=\"lazy\" src=\"https:\/\/www.youtube.com\/embed\/u8srP7g7kis\" width=\"560\" height=\"315\" frameborder=\"0\" allowfullscreen=\"allowfullscreen\"><\/iframe><\/p>\n<h2><a href=\"http:\/\/www.eloriente.net\/home\/?x=0&amp;y=0&amp;s=la+historia+detr%C3%A1s\" target=\"_blank\">1.- SERIE HISTORIA DETR\u00c1S DE LA CANCI\u00d3N<\/a><\/h2>\n<p>Es un privilegio que esta serie siga contando con el mayor n\u00famero de visitas por parte de nuestros lectores. Ha sido una gran revelaci\u00f3n y un gran compromiso, pues todos los r\u00e9cords se han visto abatidos por esta serie desde ya algunos a\u00f1os.<\/p>\n<p>Principalmente dedicada a la m\u00fasica popular, las entradas relacionadas con Jos\u00e9 Luis Perales, <a href=\"http:\/\/www.eloriente.net\/home\/2014\/08\/08\/la-historia-detras-de-la-cancion-jueves-de-la-oreja-de-van-gogh\/\" target=\"_blank\">La Oreja de Van Gogh<\/a>, Ra\u00fal Di Blasio, contin\u00faan siendo las m\u00e1s visitadas. Aunque justo en estos \u00faltimos d\u00edas del a\u00f1o, en recuerdo a Armando Manzanero, revelamos la historia de otro cl\u00e1sico: Por debajo de la mesa.<\/p>\n<h2>La m\u00e1s reciente:<\/h2>\n<h2 class=\"entry_title\"><a title=\"Enlace Permanente a La historia detr\u00e1s de la canci\u00f3n: Por debajo de la mesa, de Armando Manzanero\" href=\"http:\/\/www.eloriente.net\/home\/2017\/12\/07\/la-historia-detras-debajo-la-mesa\/\" rel=\"bookmark\">La historia detr\u00e1s de la canci\u00f3n: Por debajo de la mesa, de Armando Manzanero<\/a><\/h2>\n<p><a href=\"http:\/\/www.eloriente.net\/home\/2017\/12\/07\/la-historia-detras-debajo-la-mesa\/\" rel=\"bookmark\"><img decoding=\"async\" class=\"alignleft\" title=\"La historia detr\u00e1s de la canci\u00f3n: Por debajo de la mesa, de Armando Manzanero\" src=\"http:\/\/www.eloriente.net\/home\/wp-content\/themes\/city-desk\/timthumb.php?src=http%3A%2F%2Fwww.eloriente.net%2Fhome%2Fwp-content%2Fuploads%2F2017%2F12%2F4971804255_8c84a770e0_o-1-e1512688246459.jpg&amp;q=90&amp;w=160&amp;h=106&amp;zc=1\" alt=\"La historia detr\u00e1s de la canci\u00f3n: Por debajo de la mesa, de Armando Manzanero\" \/><\/a><\/p>\n<p>eloriente.net 7 de diciembre de 2017 Armando Manzanero es uno de los cantautores m\u00e1s conocidos y exitosos de M\u00e9xico. Todos hemos escuchado alguna de sus canciones, ya sea en su voz o en la de alguien m\u00e1s. Y es que sus letras y melod\u00edas han llegado a sonar en las voces de artistas como [\u2026]<\/p>\n<p><span class=\"meta_date\">diciembre 7, 2017<\/span><\/p>\n<p><script src=\"\/\/pagead2.googlesyndication.com\/pagead\/js\/adsbygoogle.js\" async=\"\"><\/script><br \/>\n<ins class=\"adsbygoogle\" style=\"display: block;\" data-ad-format=\"autorelaxed\" data-ad-client=\"ca-pub-1136171134853753\" data-ad-slot=\"4595267748\"><\/ins><br \/>\n<script>\/\/ <![CDATA[\n(adsbygoogle\u00a0=\u00a0window.adsbygoogle\u00a0||\u00a0[]).push({});\n\/\/ ]]><\/script><\/p>\n\n\t\t\t  <div \n\t\t\t  \tclass = \"fb-comments\" \n\t\t\t  \tdata-href = \"http:\/\/www.eloriente.net\/home\/2017\/12\/31\/lo-mas-visto-en-2017\/\"\n\t\t\t  \tdata-numposts = \"10\"\n\t\t\t\tdata-colorscheme = \"dark\"\n\t\t\t\tdata-order-by = \"social\"\n\t\t\t\tdata-mobile=true>\n\t\t\t  <\/div>\n\t\t  <style>\n\t\t\t.fb_iframe_widget_fluid_desktop iframe {\n\t\t\t    width: 100% !important;\n\t\t\t}\n\t\t  <\/style>\n\t\t  ","protected":false},"excerpt":{"rendered":"<p>Lo m\u00e1s visto en 2017 (eloriente.net, M\u00e9xico, a 31 de diciembre de 2017, por: Fernando Garc\u00eda Osorio).- El 2017 estuvo lleno de reflexiones y sucesos de gran intensidad. Fue como si todo se hubiera dispuesto para que los mejores y los peores momentos se reunieran en solo 365 d\u00edas. Desde los momentos delicados de los [&hellip;]<\/p>\n","protected":false},"author":1,"featured_media":51995,"comment_status":"open","ping_status":"open","sticky":false,"template":"","format":"standard","meta":{"_jetpack_memberships_contains_paid_content":false,"footnotes":""},"categories":[49,9,32,63,10,464,31,12],"tags":[8907,8906,477,3308,956],"class_list":["post-51993","post","type-post","status-publish","format-standard","has-post-thumbnail","hentry","category-destacadas","category-editorial","category-entradas","category-estados","category-lo-mas-reciente","category-oaxaca-estados","category-principal","category-todo-oaxaca-radio","tag-artistas-de-oaxaca","tag-cultura-en-mexico","tag-el-oriente","tag-lo-mas-visto","tag-medio-ambiente-2"],"jetpack_featured_media_url":"http:\/\/www.eloriente.net\/home\/wp-content\/uploads\/2017\/12\/Gracias-2017.png","jetpack_sharing_enabled":true,"_links":{"self":[{"href":"http:\/\/www.eloriente.net\/home\/wp-json\/wp\/v2\/posts\/51993"}],"collection":[{"href":"http:\/\/www.eloriente.net\/home\/wp-json\/wp\/v2\/posts"}],"about":[{"href":"http:\/\/www.eloriente.net\/home\/wp-json\/wp\/v2\/types\/post"}],"author":[{"embeddable":true,"href":"http:\/\/www.eloriente.net\/home\/wp-json\/wp\/v2\/users\/1"}],"replies":[{"embeddable":true,"href":"http:\/\/www.eloriente.net\/home\/wp-json\/wp\/v2\/comments?post=51993"}],"version-history":[{"count":3,"href":"http:\/\/www.eloriente.net\/home\/wp-json\/wp\/v2\/posts\/51993\/revisions"}],"predecessor-version":[{"id":51998,"href":"http:\/\/www.eloriente.net\/home\/wp-json\/wp\/v2\/posts\/51993\/revisions\/51998"}],"wp:featuredmedia":[{"embeddable":true,"href":"http:\/\/www.eloriente.net\/home\/wp-json\/wp\/v2\/media\/51995"}],"wp:attachment":[{"href":"http:\/\/www.eloriente.net\/home\/wp-json\/wp\/v2\/media?parent=51993"}],"wp:term":[{"taxonomy":"category","embeddable":true,"href":"http:\/\/www.eloriente.net\/home\/wp-json\/wp\/v2\/categories?post=51993"},{"taxonomy":"post_tag","embeddable":true,"href":"http:\/\/www.eloriente.net\/home\/wp-json\/wp\/v2\/tags?post=51993"}],"curies":[{"name":"wp","href":"https:\/\/api.w.org\/{rel}","templated":true}]}}