{"id":52020,"date":"2018-01-02T18:35:31","date_gmt":"2018-01-03T00:35:31","guid":{"rendered":"http:\/\/www.eloriente.net\/home\/?p=52020"},"modified":"2018-01-03T12:00:32","modified_gmt":"2018-01-03T18:00:32","slug":"videocolmuna-propaganda-agresiva-tiempos-electorales-karina-baron","status":"publish","type":"post","link":"http:\/\/www.eloriente.net\/home\/2018\/01\/02\/videocolmuna-propaganda-agresiva-tiempos-electorales-karina-baron\/","title":{"rendered":"VIDEOCOLUMNA: Propaganda agresiva en tiempos electorales. Por Karina Bar\u00f3n"},"content":{"rendered":"<p><script src=\"\/\/pagead2.googlesyndication.com\/pagead\/js\/adsbygoogle.js\" async=\"\"><\/script><!-- BANNER ELORIENTE INCRUSTADO NOTAS --> <ins class=\"adsbygoogle\" style=\"display: inline-block; width: 300px; height: 250px;\" data-ad-client=\"ca-pub-1136171134853753\" data-ad-slot=\"7974633627\"><\/ins><script>\/\/ <![CDATA[\n(adsbygoogle = window.adsbygoogle || []).push({});\n\/\/ ]]><\/script><\/p>\n<p style=\"text-align: right;\"><em>Karina Bar\u00f3n<\/em><\/p>\n<p>eloriente.net<\/p>\n<p>2 de enero de 2017<\/p>\n<p>\u00abHace 11 a\u00f1os, nos dijeron que \u00e9l era un peligro para M\u00e9xico. En 2012, le inventaron miles de injurias para no dejar que ganara la presidencia. Ahora, est\u00e1n intentando hacer lo mismo. Env\u00edan mensajes, inventan spots, recuerdan las mentiras de siempre, para que t\u00fa creas que son verdades. Otra vez, quieren que sientas miedo. Miedo a confiar. Miedo al cambio. Al cambio verdadero.\u00bb<\/p>\n<p>Esta semana Karina Bar\u00f3n\u200b nos da su opini\u00f3n sobre la propagandas que se realizan en tiempos electorales en contra de ciertos actores pol\u00edticos.<\/p>\n<p><iframe loading=\"lazy\" style=\"border: none; overflow: hidden;\" src=\"https:\/\/www.facebook.com\/plugins\/video.php?href=https%3A%2F%2Fwww.facebook.com%2F443535572345554%2Fvideos%2F1795555643810200%2F&amp;show_text=0&amp;width=560\" width=\"560\" height=\"315\" frameborder=\"0\" scrolling=\"no\" allowfullscreen=\"allowfullscreen\"><\/iframe><\/p>\n<p><script src=\"\/\/\" async=\"\"><\/script><br \/>\n <ins class=\"adsbygoogle\" style=\"display: block; text-align: center;\" data-ad-layout=\"in-article\" data-ad-format=\"fluid\" data-ad-client=\"ca-pub-1136171134853753\" data-ad-slot=\"8578966557\"><\/ins><br \/>\n<script>\/\/ <![CDATA[\n(adsbygoogle = window.adsbygoogle || []).push({});\n\/\/ ]]><\/script><\/p>\n<p>Karina Bar\u00f3n es Licenciada en Derecho por la Universidad Aut\u00f3noma Benito Ju\u00e1rez de Oaxaca, la universidad p\u00fablica del estado de Oaxaca y fue dirigente nacional de la Uni\u00f3n General Obrero, Campesina y Popular A.C. (UGOCP).<\/p>\n<p>Actualmente es Diputada Federal integrante de la Comisi\u00f3n de Agricultura y Sistemas de Riego, Secretaria de las comisiones de Desarrollo Social y Asuntos Frontera Sur-Sureste, y Presidenta de la Comisi\u00f3n de seguimiento al Programa Especial Concurrente Anexo 11.1\u00a0en la C\u00e1mara de Diputados.<\/p>\n<p><a href=\"http:\/\/www.eloriente.net\/home\/wp-content\/uploads\/2018\/01\/KARINA-BARO\u0301N-2-DE-ENERO-DE-2018.jpg\" rel=\"attachment wp-att-52021\"><img loading=\"lazy\" decoding=\"async\" class=\"alignnone wp-image-52021\" src=\"http:\/\/www.eloriente.net\/home\/wp-content\/uploads\/2018\/01\/KARINA-BARO\u0301N-2-DE-ENERO-DE-2018-1024x576.jpg\" alt=\"KARINA BARO\u0301N 2 DE ENERO DE 2018\" width=\"603\" height=\"339\" srcset=\"http:\/\/www.eloriente.net\/home\/wp-content\/uploads\/2018\/01\/KARINA-BARO\u0301N-2-DE-ENERO-DE-2018-1024x576.jpg 1024w, http:\/\/www.eloriente.net\/home\/wp-content\/uploads\/2018\/01\/KARINA-BARO\u0301N-2-DE-ENERO-DE-2018-300x169.jpg 300w, http:\/\/www.eloriente.net\/home\/wp-content\/uploads\/2018\/01\/KARINA-BARO\u0301N-2-DE-ENERO-DE-2018-768x432.jpg 768w, http:\/\/www.eloriente.net\/home\/wp-content\/uploads\/2018\/01\/KARINA-BARO\u0301N-2-DE-ENERO-DE-2018.jpg 1920w\" sizes=\"(max-width: 603px) 100vw, 603px\" \/><\/a><\/p>\n<p><strong>OTRAS VIDEOCOLUMNAS:<\/strong><\/p>\n<div id=\"post-51955\" class=\"entry loop-default border_bottom_30 post-51955 post type-post status-publish format-standard has-post-thumbnail hentry category-lunesdepolitica category-entradas category-karina-baron category-lo-mas-reciente category-mexico-y-el-mundo category-politica-y-gobierno category-videoblogs tag-5255 tag-el-oriente tag-esperanza tag-karina-baron tag-opinion tag-pan tag-politica tag-pri tag-videcolumna\">\n<h2 class=\"entry_title\"><a title=\"Enlace Permanente a VIDEOCOLUMNA: Esperanza para M\u00e9xico en 2018. Por Karina Bar\u00f3n\" href=\"http:\/\/www.eloriente.net\/home\/2017\/12\/26\/videocolumna-esperanza-mexico-2018-karina-baron\/\" rel=\"bookmark\">VIDEOCOLUMNA: Esperanza para M\u00e9xico en 2018.<\/a><\/h2>\n<p><a href=\"http:\/\/www.eloriente.net\/home\/2017\/12\/26\/videocolumna-esperanza-mexico-2018-karina-baron\/\" rel=\"bookmark\"><img decoding=\"async\" class=\"alignleft\" title=\"VIDEOCOLUMNA: Esperanza para M\u00e9xico en 2018. Por Karina Bar\u00f3n\" src=\"http:\/\/www.eloriente.net\/home\/wp-content\/themes\/city-desk\/timthumb.php?src=http%3A%2F%2Fwww.eloriente.net%2Fhome%2Fwp-content%2Fuploads%2F2017%2F12%2FKARINA-BARO%CC%81N-26-DE-DICIEMBRE-2017.jpg&amp;q=90&amp;w=160&amp;h=106&amp;zc=1\" alt=\"VIDEOCOLUMNA: Esperanza para M\u00e9xico en 2018. Por Karina Bar\u00f3n\" \/><\/a>eloriente.net 26 de diciembre de 2017 \u201cEste 2018 ser\u00e1 crucial para el pa\u00eds. Se nos presenta una nueva oportunidad, quiz\u00e1 la m\u00e1s importante en nuestras vidas, para decidir entre dos formas muy distintas de entender el pa\u00eds. Dos formas de pensar muy diferentes entre las cuales se debate nuestro futuro y tambi\u00e9n el de nuestros hijos [\u2026]<\/p>\n<div class=\"toolbar-social\">\n<div class=\"social-widget\">\n<div id=\"sharing-widget\"><a class=\"button icon-share\">Compartir<\/a><\/div>\n<\/div>\n<\/div>\n<p class=\"postmeta\"><span class=\"meta_date\">diciembre 26, 2017<\/span><\/p>\n<\/div>\n<div id=\"post-51869\" class=\"entry loop-default border_bottom_30 post-51869 post type-post status-publish format-standard has-post-thumbnail hentry category-lunesdepolitica category-comunicados-y-boletines category-congreso-y-justicia category-entradas category-estados category-karina-baron category-oaxaca-estados category-politica-y-gobierno category-videoblogs tag-contracorriente tag-el-oriente tag-karina-baron tag-legislatura tag-opinion tag-trabajo tag-videocolumna\">\n<h2 class=\"entry_title\"><a title=\"Enlace Permanente a VIDEOCOLUMNA: Trabajo a contracorriente. Por Karina Bar\u00f3n\" href=\"http:\/\/www.eloriente.net\/home\/2017\/12\/18\/videocolumna-trabajo-contracorriente-karina-baron\/\" rel=\"bookmark\">VIDEOCOLUMNA: Trabajo a contracorriente.<\/a><\/h2>\n<p><a href=\"http:\/\/www.eloriente.net\/home\/2017\/12\/18\/videocolumna-trabajo-contracorriente-karina-baron\/\" rel=\"bookmark\"><img decoding=\"async\" class=\"alignleft\" title=\"VIDEOCOLUMNA: Trabajo a contracorriente. Por Karina Bar\u00f3n\" src=\"http:\/\/www.eloriente.net\/home\/wp-content\/themes\/city-desk\/timthumb.php?src=http%3A%2F%2Fwww.eloriente.net%2Fhome%2Fwp-content%2Fuploads%2F2017%2F12%2FKARINA-BARO%CC%81N-18-DE-DICIEMBRE-DE-2017.jpg&amp;q=90&amp;w=160&amp;h=106&amp;zc=1\" alt=\"VIDEOCOLUMNA: Trabajo a contracorriente. Por Karina Bar\u00f3n\" \/><\/a>\u00a0 eloriente.net 18 de diciembre de 2017 \u201cVaya golpe que el PRI y sus aliados asestaron contra M\u00e9xico este \u00faltimo mes del a\u00f1o. Un aut\u00e9ntico \u201cterror de diciembre\u201d, pues basta con leer art\u00edculo por art\u00edculo la Ley de Seguridad Interior, para darse cuenta que hoy las fuerzas armadas, en los hechos, gobiernan el pa\u00eds.\u201d Esta [\u2026]<\/p>\n<div class=\"toolbar-social\">\n<div class=\"social-widget\">\n<div id=\"sharing-widget\"><a class=\"button icon-share\">Compartir<\/a><\/div>\n<\/div>\n<\/div>\n<\/div>\n<p>diciembre 18 del a\u00f1o 2017.<\/p>\n<p><script src=\"\/\/\" async=\"\"><\/script><br \/>\n <ins class=\"adsbygoogle\" style=\"display: block;\" data-ad-format=\"autorelaxed\" data-ad-client=\"ca-pub-1136171134853753\" data-ad-slot=\"4595267748\"><\/ins><br \/>\n<script>\/\/ <![CDATA[\n(adsbygoogle = window.adsbygoogle || []).push({});\n\/\/ ]]><\/script><\/p>\n\n\t\t\t  <div \n\t\t\t  \tclass = \"fb-comments\" \n\t\t\t  \tdata-href = \"http:\/\/www.eloriente.net\/home\/2018\/01\/02\/videocolmuna-propaganda-agresiva-tiempos-electorales-karina-baron\/\"\n\t\t\t  \tdata-numposts = \"10\"\n\t\t\t\tdata-colorscheme = \"dark\"\n\t\t\t\tdata-order-by = \"social\"\n\t\t\t\tdata-mobile=true>\n\t\t\t  <\/div>\n\t\t  <style>\n\t\t\t.fb_iframe_widget_fluid_desktop iframe {\n\t\t\t    width: 100% !important;\n\t\t\t}\n\t\t  <\/style>\n\t\t  ","protected":false},"excerpt":{"rendered":"<p>Karina Bar\u00f3n eloriente.net 2 de enero de 2017 \u00abHace 11 a\u00f1os, nos dijeron que \u00e9l era un peligro para M\u00e9xico. En 2012, le inventaron miles de injurias para no dejar que ganara la presidencia. Ahora, est\u00e1n intentando hacer lo mismo. Env\u00edan mensajes, inventan spots, recuerdan las mentiras de siempre, para que t\u00fa creas que son [&hellip;]<\/p>\n","protected":false},"author":44,"featured_media":52021,"comment_status":"open","ping_status":"open","sticky":false,"template":"","format":"standard","meta":{"_jetpack_memberships_contains_paid_content":false,"footnotes":""},"categories":[2434,1588,71,32,6324,10,21,98],"tags":[5255,369,4418,197,231,8919,6224],"class_list":["post-52020","post","type-post","status-publish","format-standard","has-post-thumbnail","hentry","category-lunesdepolitica","category-comunicados-y-boletines","category-elecciones","category-entradas","category-karina-baron","category-lo-mas-reciente","category-politica-y-gobierno","category-videoblogs","tag-5255","tag-elecciones-2","tag-karina-baron","tag-opinion","tag-politica","tag-propaganda","tag-videocolumna"],"jetpack_featured_media_url":"http:\/\/www.eloriente.net\/home\/wp-content\/uploads\/2018\/01\/KARINA-BARO\u0301N-2-DE-ENERO-DE-2018.jpg","jetpack_sharing_enabled":true,"_links":{"self":[{"href":"http:\/\/www.eloriente.net\/home\/wp-json\/wp\/v2\/posts\/52020"}],"collection":[{"href":"http:\/\/www.eloriente.net\/home\/wp-json\/wp\/v2\/posts"}],"about":[{"href":"http:\/\/www.eloriente.net\/home\/wp-json\/wp\/v2\/types\/post"}],"author":[{"embeddable":true,"href":"http:\/\/www.eloriente.net\/home\/wp-json\/wp\/v2\/users\/44"}],"replies":[{"embeddable":true,"href":"http:\/\/www.eloriente.net\/home\/wp-json\/wp\/v2\/comments?post=52020"}],"version-history":[{"count":4,"href":"http:\/\/www.eloriente.net\/home\/wp-json\/wp\/v2\/posts\/52020\/revisions"}],"predecessor-version":[{"id":52030,"href":"http:\/\/www.eloriente.net\/home\/wp-json\/wp\/v2\/posts\/52020\/revisions\/52030"}],"wp:featuredmedia":[{"embeddable":true,"href":"http:\/\/www.eloriente.net\/home\/wp-json\/wp\/v2\/media\/52021"}],"wp:attachment":[{"href":"http:\/\/www.eloriente.net\/home\/wp-json\/wp\/v2\/media?parent=52020"}],"wp:term":[{"taxonomy":"category","embeddable":true,"href":"http:\/\/www.eloriente.net\/home\/wp-json\/wp\/v2\/categories?post=52020"},{"taxonomy":"post_tag","embeddable":true,"href":"http:\/\/www.eloriente.net\/home\/wp-json\/wp\/v2\/tags?post=52020"}],"curies":[{"name":"wp","href":"https:\/\/api.w.org\/{rel}","templated":true}]}}