{"id":52023,"date":"2018-01-03T11:30:00","date_gmt":"2018-01-03T17:30:00","guid":{"rendered":"http:\/\/www.eloriente.net\/home\/?p=52023"},"modified":"2018-01-03T11:45:24","modified_gmt":"2018-01-03T17:45:24","slug":"52023","status":"publish","type":"post","link":"http:\/\/www.eloriente.net\/home\/2018\/01\/03\/52023\/","title":{"rendered":"MUNICIPIOS: Operativo en Tlacolula ordena conflicto de 22 meses"},"content":{"rendered":"<p style=\"text-align: right;\"><script src=\"\/\/pagead2.googlesyndication.com\/pagead\/js\/adsbygoogle.js\" async=\"\"><\/script><!-- BANNER ELORIENTE INCRUSTADO NOTAS --> <ins class=\"adsbygoogle\" style=\"display: inline-block; width: 300px; height: 250px;\" data-ad-client=\"ca-pub-1136171134853753\" data-ad-slot=\"7974633627\"><\/ins><script>\/\/ <![CDATA[\n(adsbygoogle = window.adsbygoogle || []).push({});\n\/\/ ]]><\/script><br \/>\n<em>Tlacolula<\/em><\/p>\n<p>(www.eloriente.net, M\u00e9xico, a 3 de enero de 2017, por: Fernando Garc\u00eda Osorio).- Despu\u00e9s de 12 meses \u00abno se logr\u00f3 llegar a un consenso que nos permitiera de manera tranquila, pac\u00edfica, ingresar a las personas\u00bb, se\u00f1al\u00f3 este d\u00eda el presidente municipal de <a href=\"http:\/\/www.eloriente.net\/home\/?x=0&amp;y=0&amp;s=tlacolula\" target=\"_blank\">Tlacolula de Matamoros<\/a>, Fausto D\u00edaz Montes.<\/p>\n<p>Lo anterior, luego de ordenar un operativo con\u00a0el af\u00e1n de reinstalar en el interior del mercado Mart\u00edn Gonz\u00e1lez de esa localidad, a vendedores\u00a0que fueron desalojados desde marzo del a\u00f1o 2016 y que exped\u00edan por tanto sus productos fuera de esa sede comercial.<\/p>\n<p>D\u00edaz Montes dijo que esta acci\u00f3n se efectu\u00f3 escuchando la petici\u00f3n de ciudadanos del pueblo que le solicitaron actuar con prontitud. Anunci\u00f3 asimismo una reuni\u00f3n con miembros de la Uni\u00f3n de Tianguistas para llegar a un consenso definitivo que permita la soluci\u00f3n del conflicto, como ha sucedido \u2014afirma\u2014 con otros grupos organizados.<\/p>\n<p><script async src=\"\/\/pagead2.googlesyndication.com\/pagead\/js\/adsbygoogle.js\"><\/script><br \/>\n<ins class=\"adsbygoogle\"\n     style=\"display:block\"\n     data-ad-format=\"autorelaxed\"\n     data-ad-client=\"ca-pub-1136171134853753\"\n     data-ad-slot=\"4595267748\"><\/ins><br \/>\n<script>\n     (adsbygoogle = window.adsbygoogle || []).push({});\n<\/script><\/p>\n<p>Llam\u00f3 a los vendedores del mercado a dialogar y a trabajar en conjunto con la autoridad municipal, de tal manera que este emblem\u00e1tico lugar se consolide como un destino tur\u00edstico de primera importancia, \u00aby tengamos un mercado del cual nos sintamos orgullosos\u00bb.<\/p>\n<p>Cabe recordar que fueron cerca de 22 meses los que este conflicto estuvo sin soluci\u00f3n alguna y es hasta esta ma\u00f1ana en que el gobierno municipal, acompa\u00f1ado de miembros de las instancias defensoras de derechos humanos, cuerpos de seguridad y medios de comunicaci\u00f3n, realizan esta acci\u00f3n de orden.<\/p>\n<p>&nbsp;<br \/>\n<iframe loading=\"lazy\" src=\"https:\/\/www.facebook.com\/plugins\/video.php?href=https%3A%2F%2Fwww.facebook.com%2F443535572345554%2Fvideos%2F1796312627067835%2F&#038;show_text=0&#038;width=560\" width=\"560\" height=\"315\" style=\"border:none;overflow:hidden\" scrolling=\"no\" frameborder=\"0\" allowTransparency=\"true\" allowFullScreen=\"true\"><\/iframe><br \/>\n&nbsp;<\/p>\n<p><strong>OTRAS ENTRADAS:<\/strong><\/p>\n<blockquote class=\"twitter-tweet\" data-lang=\"es\">\n<p lang=\"es\" dir=\"ltr\">Locatarios del mercado municipal Mart\u00edn Gonz\u00e1lez de <a href=\"https:\/\/twitter.com\/hashtag\/Tlacolula?src=hash&amp;ref_src=twsrc%5Etfw\">#Tlacolula<\/a> de Matamoros se organizan para impedir la reinstalaci\u00f3n de 11 comerciantes <a href=\"https:\/\/twitter.com\/hashtag\/Oaxaca?src=hash&amp;ref_src=twsrc%5Etfw\">#Oaxaca<\/a> <a href=\"https:\/\/t.co\/mFNEHA8APa\">pic.twitter.com\/mFNEHA8APa<\/a><\/p>\n<p>&mdash; Rafa Ventura (@Rafaventura91) <a href=\"https:\/\/twitter.com\/Rafaventura91\/status\/948578526784991232?ref_src=twsrc%5Etfw\">3 de enero de 2018<\/a><\/p><\/blockquote>\n<p><script async src=\"https:\/\/platform.twitter.com\/widgets.js\" charset=\"utf-8\"><\/script><\/p>\n<h2 class=\"entry_title\"><a title=\"Enlace Permanente a Concluyen reclusorio en Tlacolula y cierran cuatro\" href=\"http:\/\/www.eloriente.net\/home\/2015\/07\/15\/concluyen-reclusorio-en-tlacolula-y-cierran-cuatro\/\" rel=\"bookmark\">Concluyen reclusorio en Tlacolula y cierran cuatro<\/a><\/h2>\n<p><a href=\"http:\/\/www.eloriente.net\/home\/2015\/07\/15\/concluyen-reclusorio-en-tlacolula-y-cierran-cuatro\/\" rel=\"bookmark\"><img decoding=\"async\" class=\"alignleft\" title=\"Concluyen reclusorio en Tlacolula y cierran cuatro\" src=\"http:\/\/www.eloriente.net\/home\/wp-content\/themes\/city-desk\/timthumb.php?src=http%3A%2F%2Fwww.eloriente.net%2Fhome%2Fwp-content%2Fuploads%2F2015%2F07%2FTuxtepec.png&amp;q=90&amp;w=160&amp;h=106&amp;zc=1\" alt=\"Concluyen reclusorio en Tlacolula y cierran cuatro\" \/><\/a><\/p>\n<p>(www.eloriente.net, M\u00e9xico, 15 de Julio de 2015. Por Tania Luna Hern\u00e1ndez);\u00a0Ayer\u00a0el jefe de la oficina de la gubernatura en Oaxaca, Alberto Esteva Salinas, anunci\u00f3 la conclusi\u00f3n del nuevo penal de Tlacolula de Matamoros, que tendr\u00e1 capacidad para\u00a0albergar a 1600 internos. Asimismo adelant\u00f3 \u00a0el cierre de cuatro penales en el estado, cuyos internos ser\u00e1n trasladados al [\u2026]<\/p>\n<p class=\"postmeta\"><span class=\"meta_date\">julio 15, 2015<\/span><\/p>\n<p><script src=\"\/\/pagead2.googlesyndication.com\/pagead\/js\/adsbygoogle.js\" async=\"\"><\/script><br \/>\n <ins class=\"adsbygoogle\" style=\"display: block;\" data-ad-format=\"autorelaxed\" data-ad-client=\"ca-pub-1136171134853753\" data-ad-slot=\"4595267748\"><\/ins><br \/>\n<script>\/\/ <![CDATA[\n(adsbygoogle = window.adsbygoogle || []).push({});\n\/\/ ]]><\/script><\/p>\n\n\t\t\t  <div \n\t\t\t  \tclass = \"fb-comments\" \n\t\t\t  \tdata-href = \"http:\/\/www.eloriente.net\/home\/2018\/01\/03\/52023\/\"\n\t\t\t  \tdata-numposts = \"10\"\n\t\t\t\tdata-colorscheme = \"dark\"\n\t\t\t\tdata-order-by = \"social\"\n\t\t\t\tdata-mobile=true>\n\t\t\t  <\/div>\n\t\t  <style>\n\t\t\t.fb_iframe_widget_fluid_desktop iframe {\n\t\t\t    width: 100% !important;\n\t\t\t}\n\t\t  <\/style>\n\t\t  ","protected":false},"excerpt":{"rendered":"<p>Tlacolula (www.eloriente.net, M\u00e9xico, a 3 de enero de 2017, por: Fernando Garc\u00eda Osorio).- Despu\u00e9s de 12 meses \u00abno se logr\u00f3 llegar a un consenso que nos permitiera de manera tranquila, pac\u00edfica, ingresar a las personas\u00bb, se\u00f1al\u00f3 este d\u00eda el presidente municipal de Tlacolula de Matamoros, Fausto D\u00edaz Montes. Lo anterior, luego de ordenar un operativo [&hellip;]<\/p>\n","protected":false},"author":1,"featured_media":52025,"comment_status":"open","ping_status":"open","sticky":false,"template":"","format":"standard","meta":{"_jetpack_memberships_contains_paid_content":false,"footnotes":""},"categories":[6,32,63,23,464],"tags":[8920,8921,8923,8922,7245,3374],"class_list":["post-52023","post","type-post","status-publish","format-standard","has-post-thumbnail","hentry","category-canal-4-especiales","category-entradas","category-estados","category-municipios","category-oaxaca-estados","tag-comercio-informal","tag-fausto-diaz-montes","tag-gobiernos-municipales","tag-mercados-de-oaxaca","tag-tlacolula-de-matamoros","tag-valles-centrales"],"jetpack_featured_media_url":"http:\/\/www.eloriente.net\/home\/wp-content\/uploads\/2018\/01\/Fausto-Di\u0301az-Montes-captura-3ene17.png","jetpack_sharing_enabled":true,"_links":{"self":[{"href":"http:\/\/www.eloriente.net\/home\/wp-json\/wp\/v2\/posts\/52023"}],"collection":[{"href":"http:\/\/www.eloriente.net\/home\/wp-json\/wp\/v2\/posts"}],"about":[{"href":"http:\/\/www.eloriente.net\/home\/wp-json\/wp\/v2\/types\/post"}],"author":[{"embeddable":true,"href":"http:\/\/www.eloriente.net\/home\/wp-json\/wp\/v2\/users\/1"}],"replies":[{"embeddable":true,"href":"http:\/\/www.eloriente.net\/home\/wp-json\/wp\/v2\/comments?post=52023"}],"version-history":[{"count":2,"href":"http:\/\/www.eloriente.net\/home\/wp-json\/wp\/v2\/posts\/52023\/revisions"}],"predecessor-version":[{"id":52027,"href":"http:\/\/www.eloriente.net\/home\/wp-json\/wp\/v2\/posts\/52023\/revisions\/52027"}],"wp:featuredmedia":[{"embeddable":true,"href":"http:\/\/www.eloriente.net\/home\/wp-json\/wp\/v2\/media\/52025"}],"wp:attachment":[{"href":"http:\/\/www.eloriente.net\/home\/wp-json\/wp\/v2\/media?parent=52023"}],"wp:term":[{"taxonomy":"category","embeddable":true,"href":"http:\/\/www.eloriente.net\/home\/wp-json\/wp\/v2\/categories?post=52023"},{"taxonomy":"post_tag","embeddable":true,"href":"http:\/\/www.eloriente.net\/home\/wp-json\/wp\/v2\/tags?post=52023"}],"curies":[{"name":"wp","href":"https:\/\/api.w.org\/{rel}","templated":true}]}}